{"id":3868,"date":"2023-08-08T13:02:17","date_gmt":"2023-08-08T16:02:17","guid":{"rendered":"http:\/\/nativainfo.com\/?p=3868"},"modified":"2023-08-08T13:02:19","modified_gmt":"2023-08-08T16:02:19","slug":"la-seleccion-argentina-llegara-esta-noche-a-santiago-del-estero-para-el-preclasificatorio","status":"publish","type":"post","link":"https:\/\/nativainfo.com\/?p=3868","title":{"rendered":"La Selecci\u00f3n Argentina llegar\u00e1 esta noche a Santiago del Estero para el Preclasificatorio"},"content":{"rendered":"\n<p>Tras un d\u00eda libre, el plantel se entrenar\u00e1 y viajar\u00e1 a la Madre de Ciudades de cara al torneo que se disputar\u00e1 en los estadios de Quimsa y Ol\u00edmpico.<\/p>\n\n\n\n<figure class=\"wp-block-image size-large\"><img fetchpriority=\"high\" decoding=\"async\" width=\"1010\" height=\"567\" src=\"http:\/\/nativainfo.com\/wp-content\/uploads\/2023\/08\/imagen_2023-08-08_130209253.png\" alt=\"\" class=\"wp-image-3870\" srcset=\"https:\/\/nativainfo.com\/wp-content\/uploads\/2023\/08\/imagen_2023-08-08_130209253.png 1010w, https:\/\/nativainfo.com\/wp-content\/uploads\/2023\/08\/imagen_2023-08-08_130209253-300x168.png 300w, https:\/\/nativainfo.com\/wp-content\/uploads\/2023\/08\/imagen_2023-08-08_130209253-768x431.png 768w, https:\/\/nativainfo.com\/wp-content\/uploads\/2023\/08\/imagen_2023-08-08_130209253-623x350.png 623w, https:\/\/nativainfo.com\/wp-content\/uploads\/2023\/08\/imagen_2023-08-08_130209253-150x84.png 150w\" sizes=\"(max-width: 1010px) 100vw, 1010px\" \/><\/figure>\n\n\n\n<p>La&nbsp;<strong>Selecci\u00f3n Argentina<\/strong>&nbsp;de b\u00e1squet arribar\u00e1 esta noche a&nbsp;<strong>Santiago del Estero<\/strong>&nbsp;para afrontar la \u00faltima semana de preparaci\u00f3n para el&nbsp;<strong>Preclasificatorio Ol\u00edmpico<\/strong>&nbsp;continental, que se jugar\u00e1 del lunes 14 al domingo 20 en los estadios&nbsp;<strong>Ciudad&nbsp;<\/strong>y&nbsp;<strong>Vicente Rosales<\/strong>&nbsp;de&nbsp;<strong>Quimsa&nbsp;<\/strong>y&nbsp;<strong>Ol\u00edmpico<\/strong>, respectivamente.<\/p>\n\n\n\n<p>El plantel dirigido por el DT cordob\u00e9s&nbsp;<strong>Pablo Prigioni&nbsp;<\/strong>regres\u00f3 este lunes al pa\u00eds luego de una gira de tres semanas en Europa en donde sum\u00f3 cuatro partidos amistosos gan\u00e1ndole a un combinado de&nbsp;<strong>Catalunya<\/strong>, a&nbsp;<strong>Venezuela&nbsp;<\/strong>y&nbsp;<strong>Rep\u00fablica Checa<\/strong>&nbsp;y cayendo ante&nbsp;<strong>B\u00e9lgica<\/strong>.<\/p>\n\n\n\n<p>Los basquetbolistas practicar\u00e1n este martes en el estadio de Obras Sanitarias, a puertas cerradas, y en horario vespertino se dirigir\u00e1n al aeropuerto en donde emprender\u00e1n el viaje rumbo a Santiago del Estero para continuar la aclimataci\u00f3n.<\/p>\n\n\n\n<p>El equipo albiceleste sumar\u00e1 nuevos minutos de rodaje en dos ex\u00e1menes amistosos: el jueves 10 ante Uruguay y el s\u00e1bado 12 frente a un combinado argentino Sub-22, que se entren\u00f3 durante la \u00faltima semana en Bah\u00eda Blanca y es dirigido por el binomio Mart\u00edn Villagr\u00e1n-Federico Fern\u00e1ndez.<\/p>\n","protected":false},"excerpt":{"rendered":"<p>Tras un d\u00eda libre, el plantel se entrenar\u00e1 y viajar\u00e1 a la Madre de Ciudades de cara al torneo que&#8230; <a class=\"continue-reading-link\" href=\"https:\/\/nativainfo.com\/?p=3868\">Continue reading<\/a><\/p>\n","protected":false},"author":1,"featured_media":0,"comment_status":"open","ping_status":"open","sticky":false,"template":"","format":"standard","meta":{"rop_custom_images_group":[],"rop_custom_messages_group":[],"rop_publish_now":"initial","rop_publish_now_accounts":[],"rop_publish_now_history":[],"rop_publish_now_status":"pending","footnotes":"","jetpack_publicize_message":"","jetpack_publicize_feature_enabled":true,"jetpack_social_post_already_shared":false,"jetpack_social_options":{"image_generator_settings":{"template":"highway","default_image_id":0,"font":"","enabled":false},"version":2}},"categories":[45],"tags":[],"class_list":["post-3868","post","type-post","status-publish","format-standard","hentry","category-basquet-2"],"yoast_head":"<!-- This site is optimized with the Yoast SEO plugin v25.6 - https:\/\/yoast.com\/wordpress\/plugins\/seo\/ -->\n<title>La Selecci\u00f3n Argentina llegar\u00e1 esta noche a Santiago del Estero para el Preclasificatorio - Nativa Info<\/title>\n<meta name=\"robots\" content=\"index, follow, max-snippet:-1, max-image-preview:large, max-video-preview:-1\" \/>\n<link rel=\"canonical\" href=\"https:\/\/nativainfo.com\/?p=3868\" \/>\n<meta property=\"og:locale\" content=\"es_ES\" \/>\n<meta property=\"og:type\" content=\"article\" \/>\n<meta property=\"og:title\" content=\"La Selecci\u00f3n Argentina llegar\u00e1 esta noche a Santiago del Estero para el Preclasificatorio - Nativa Info\" \/>\n<meta property=\"og:description\" content=\"Tras un d\u00eda libre, el plantel se entrenar\u00e1 y viajar\u00e1 a la Madre de Ciudades de cara al torneo que... Continue reading\" \/>\n<meta property=\"og:url\" content=\"https:\/\/nativainfo.com\/?p=3868\" \/>\n<meta property=\"og:site_name\" content=\"Nativa Info\" \/>\n<meta property=\"article:publisher\" content=\"https:\/\/www.facebook.com\/profile.php?id=61578881597564\" \/>\n<meta property=\"article:published_time\" content=\"2023-08-08T16:02:17+00:00\" \/>\n<meta property=\"article:modified_time\" content=\"2023-08-08T16:02:19+00:00\" \/>\n<meta property=\"og:image\" content=\"http:\/\/nativainfo.com\/wp-content\/uploads\/2023\/08\/imagen_2023-08-08_130209253.png\" \/>\n<meta name=\"author\" content=\"Nativa Info\" \/>\n<meta name=\"twitter:card\" content=\"summary_large_image\" \/>\n<meta name=\"twitter:label1\" content=\"Escrito por\" \/>\n\t<meta name=\"twitter:data1\" content=\"Nativa Info\" \/>\n\t<meta name=\"twitter:label2\" content=\"Tiempo de lectura\" \/>\n\t<meta name=\"twitter:data2\" content=\"1 minuto\" \/>\n<script type=\"application\/ld+json\" class=\"yoast-schema-graph\">{\"@context\":\"https:\/\/schema.org\",\"@graph\":[{\"@type\":\"Article\",\"@id\":\"https:\/\/nativainfo.com\/?p=3868#article\",\"isPartOf\":{\"@id\":\"https:\/\/nativainfo.com\/?p=3868\"},\"author\":{\"name\":\"Nativa Info\",\"@id\":\"https:\/\/nativainfo.com\/#\/schema\/person\/24893b64a9cd564ddb5d102d36eb4b5c\"},\"headline\":\"La Selecci\u00f3n Argentina llegar\u00e1 esta noche a Santiago del Estero para el Preclasificatorio\",\"datePublished\":\"2023-08-08T16:02:17+00:00\",\"dateModified\":\"2023-08-08T16:02:19+00:00\",\"mainEntityOfPage\":{\"@id\":\"https:\/\/nativainfo.com\/?p=3868\"},\"wordCount\":253,\"commentCount\":0,\"publisher\":{\"@id\":\"https:\/\/nativainfo.com\/#organization\"},\"image\":{\"@id\":\"https:\/\/nativainfo.com\/?p=3868#primaryimage\"},\"thumbnailUrl\":\"http:\/\/nativainfo.com\/wp-content\/uploads\/2023\/08\/imagen_2023-08-08_130209253.png\",\"articleSection\":[\"B\u00e1squet\"],\"inLanguage\":\"es-AR\",\"potentialAction\":[{\"@type\":\"CommentAction\",\"name\":\"Comment\",\"target\":[\"https:\/\/nativainfo.com\/?p=3868#respond\"]}]},{\"@type\":\"WebPage\",\"@id\":\"https:\/\/nativainfo.com\/?p=3868\",\"url\":\"https:\/\/nativainfo.com\/?p=3868\",\"name\":\"La Selecci\u00f3n Argentina llegar\u00e1 esta noche a Santiago del Estero para el Preclasificatorio - Nativa Info\",\"isPartOf\":{\"@id\":\"https:\/\/nativainfo.com\/#website\"},\"primaryImageOfPage\":{\"@id\":\"https:\/\/nativainfo.com\/?p=3868#primaryimage\"},\"image\":{\"@id\":\"https:\/\/nativainfo.com\/?p=3868#primaryimage\"},\"thumbnailUrl\":\"http:\/\/nativainfo.com\/wp-content\/uploads\/2023\/08\/imagen_2023-08-08_130209253.png\",\"datePublished\":\"2023-08-08T16:02:17+00:00\",\"dateModified\":\"2023-08-08T16:02:19+00:00\",\"breadcrumb\":{\"@id\":\"https:\/\/nativainfo.com\/?p=3868#breadcrumb\"},\"inLanguage\":\"es-AR\",\"potentialAction\":[{\"@type\":\"ReadAction\",\"target\":[\"https:\/\/nativainfo.com\/?p=3868\"]}]},{\"@type\":\"ImageObject\",\"inLanguage\":\"es-AR\",\"@id\":\"https:\/\/nativainfo.com\/?p=3868#primaryimage\",\"url\":\"https:\/\/nativainfo.com\/wp-content\/uploads\/2023\/08\/imagen_2023-08-08_130209253.png\",\"contentUrl\":\"https:\/\/nativainfo.com\/wp-content\/uploads\/2023\/08\/imagen_2023-08-08_130209253.png\",\"width\":1010,\"height\":567},{\"@type\":\"BreadcrumbList\",\"@id\":\"https:\/\/nativainfo.com\/?p=3868#breadcrumb\",\"itemListElement\":[{\"@type\":\"ListItem\",\"position\":1,\"name\":\"Inicio\",\"item\":\"https:\/\/nativainfo.com\/\"},{\"@type\":\"ListItem\",\"position\":2,\"name\":\"La Selecci\u00f3n Argentina llegar\u00e1 esta noche a Santiago del Estero para el Preclasificatorio\"}]},{\"@type\":\"WebSite\",\"@id\":\"https:\/\/nativainfo.com\/#website\",\"url\":\"https:\/\/nativainfo.com\/\",\"name\":\"Nativa Info\",\"description\":\"Diario Digital\",\"publisher\":{\"@id\":\"https:\/\/nativainfo.com\/#organization\"},\"potentialAction\":[{\"@type\":\"SearchAction\",\"target\":{\"@type\":\"EntryPoint\",\"urlTemplate\":\"https:\/\/nativainfo.com\/?s={search_term_string}\"},\"query-input\":{\"@type\":\"PropertyValueSpecification\",\"valueRequired\":true,\"valueName\":\"search_term_string\"}}],\"inLanguage\":\"es-AR\"},{\"@type\":\"Organization\",\"@id\":\"https:\/\/nativainfo.com\/#organization\",\"name\":\"Nativa Info\",\"url\":\"https:\/\/nativainfo.com\/\",\"logo\":{\"@type\":\"ImageObject\",\"inLanguage\":\"es-AR\",\"@id\":\"https:\/\/nativainfo.com\/#\/schema\/logo\/image\/\",\"url\":\"https:\/\/nativainfo.com\/wp-content\/uploads\/2025\/08\/LOGO-NATIVA-FACE.jpg\",\"contentUrl\":\"https:\/\/nativainfo.com\/wp-content\/uploads\/2025\/08\/LOGO-NATIVA-FACE.jpg\",\"width\":400,\"height\":400,\"caption\":\"Nativa Info\"},\"image\":{\"@id\":\"https:\/\/nativainfo.com\/#\/schema\/logo\/image\/\"},\"sameAs\":[\"https:\/\/www.facebook.com\/profile.php?id=61578881597564\"]},{\"@type\":\"Person\",\"@id\":\"https:\/\/nativainfo.com\/#\/schema\/person\/24893b64a9cd564ddb5d102d36eb4b5c\",\"name\":\"Nativa Info\",\"image\":{\"@type\":\"ImageObject\",\"inLanguage\":\"es-AR\",\"@id\":\"https:\/\/nativainfo.com\/#\/schema\/person\/image\/\",\"url\":\"https:\/\/secure.gravatar.com\/avatar\/016fa1cf068d85136d938e1507b9b619cb766e2565cbb1faa1e571762460c785?s=96&d=mm&r=g\",\"contentUrl\":\"https:\/\/secure.gravatar.com\/avatar\/016fa1cf068d85136d938e1507b9b619cb766e2565cbb1faa1e571762460c785?s=96&d=mm&r=g\",\"caption\":\"Nativa Info\"},\"sameAs\":[\"http:\/\/nativainfo.com\"],\"url\":\"https:\/\/nativainfo.com\/?author=1\"}]}<\/script>\n<!-- \/ Yoast SEO plugin. -->","yoast_head_json":{"title":"La Selecci\u00f3n Argentina llegar\u00e1 esta noche a Santiago del Estero para el Preclasificatorio - Nativa Info","robots":{"index":"index","follow":"follow","max-snippet":"max-snippet:-1","max-image-preview":"max-image-preview:large","max-video-preview":"max-video-preview:-1"},"canonical":"https:\/\/nativainfo.com\/?p=3868","og_locale":"es_ES","og_type":"article","og_title":"La Selecci\u00f3n Argentina llegar\u00e1 esta noche a Santiago del Estero para el Preclasificatorio - Nativa Info","og_description":"Tras un d\u00eda libre, el plantel se entrenar\u00e1 y viajar\u00e1 a la Madre de Ciudades de cara al torneo que... Continue reading","og_url":"https:\/\/nativainfo.com\/?p=3868","og_site_name":"Nativa Info","article_publisher":"https:\/\/www.facebook.com\/profile.php?id=61578881597564","article_published_time":"2023-08-08T16:02:17+00:00","article_modified_time":"2023-08-08T16:02:19+00:00","og_image":[{"url":"http:\/\/nativainfo.com\/wp-content\/uploads\/2023\/08\/imagen_2023-08-08_130209253.png","type":"","width":"","height":""}],"author":"Nativa Info","twitter_card":"summary_large_image","twitter_misc":{"Escrito por":"Nativa Info","Tiempo de lectura":"1 minuto"},"schema":{"@context":"https:\/\/schema.org","@graph":[{"@type":"Article","@id":"https:\/\/nativainfo.com\/?p=3868#article","isPartOf":{"@id":"https:\/\/nativainfo.com\/?p=3868"},"author":{"name":"Nativa Info","@id":"https:\/\/nativainfo.com\/#\/schema\/person\/24893b64a9cd564ddb5d102d36eb4b5c"},"headline":"La Selecci\u00f3n Argentina llegar\u00e1 esta noche a Santiago del Estero para el Preclasificatorio","datePublished":"2023-08-08T16:02:17+00:00","dateModified":"2023-08-08T16:02:19+00:00","mainEntityOfPage":{"@id":"https:\/\/nativainfo.com\/?p=3868"},"wordCount":253,"commentCount":0,"publisher":{"@id":"https:\/\/nativainfo.com\/#organization"},"image":{"@id":"https:\/\/nativainfo.com\/?p=3868#primaryimage"},"thumbnailUrl":"http:\/\/nativainfo.com\/wp-content\/uploads\/2023\/08\/imagen_2023-08-08_130209253.png","articleSection":["B\u00e1squet"],"inLanguage":"es-AR","potentialAction":[{"@type":"CommentAction","name":"Comment","target":["https:\/\/nativainfo.com\/?p=3868#respond"]}]},{"@type":"WebPage","@id":"https:\/\/nativainfo.com\/?p=3868","url":"https:\/\/nativainfo.com\/?p=3868","name":"La Selecci\u00f3n Argentina llegar\u00e1 esta noche a Santiago del Estero para el Preclasificatorio - Nativa Info","isPartOf":{"@id":"https:\/\/nativainfo.com\/#website"},"primaryImageOfPage":{"@id":"https:\/\/nativainfo.com\/?p=3868#primaryimage"},"image":{"@id":"https:\/\/nativainfo.com\/?p=3868#primaryimage"},"thumbnailUrl":"http:\/\/nativainfo.com\/wp-content\/uploads\/2023\/08\/imagen_2023-08-08_130209253.png","datePublished":"2023-08-08T16:02:17+00:00","dateModified":"2023-08-08T16:02:19+00:00","breadcrumb":{"@id":"https:\/\/nativainfo.com\/?p=3868#breadcrumb"},"inLanguage":"es-AR","potentialAction":[{"@type":"ReadAction","target":["https:\/\/nativainfo.com\/?p=3868"]}]},{"@type":"ImageObject","inLanguage":"es-AR","@id":"https:\/\/nativainfo.com\/?p=3868#primaryimage","url":"https:\/\/nativainfo.com\/wp-content\/uploads\/2023\/08\/imagen_2023-08-08_130209253.png","contentUrl":"https:\/\/nativainfo.com\/wp-content\/uploads\/2023\/08\/imagen_2023-08-08_130209253.png","width":1010,"height":567},{"@type":"BreadcrumbList","@id":"https:\/\/nativainfo.com\/?p=3868#breadcrumb","itemListElement":[{"@type":"ListItem","position":1,"name":"Inicio","item":"https:\/\/nativainfo.com\/"},{"@type":"ListItem","position":2,"name":"La Selecci\u00f3n Argentina llegar\u00e1 esta noche a Santiago del Estero para el Preclasificatorio"}]},{"@type":"WebSite","@id":"https:\/\/nativainfo.com\/#website","url":"https:\/\/nativainfo.com\/","name":"Nativa Info","description":"Diario Digital","publisher":{"@id":"https:\/\/nativainfo.com\/#organization"},"potentialAction":[{"@type":"SearchAction","target":{"@type":"EntryPoint","urlTemplate":"https:\/\/nativainfo.com\/?s={search_term_string}"},"query-input":{"@type":"PropertyValueSpecification","valueRequired":true,"valueName":"search_term_string"}}],"inLanguage":"es-AR"},{"@type":"Organization","@id":"https:\/\/nativainfo.com\/#organization","name":"Nativa Info","url":"https:\/\/nativainfo.com\/","logo":{"@type":"ImageObject","inLanguage":"es-AR","@id":"https:\/\/nativainfo.com\/#\/schema\/logo\/image\/","url":"https:\/\/nativainfo.com\/wp-content\/uploads\/2025\/08\/LOGO-NATIVA-FACE.jpg","contentUrl":"https:\/\/nativainfo.com\/wp-content\/uploads\/2025\/08\/LOGO-NATIVA-FACE.jpg","width":400,"height":400,"caption":"Nativa Info"},"image":{"@id":"https:\/\/nativainfo.com\/#\/schema\/logo\/image\/"},"sameAs":["https:\/\/www.facebook.com\/profile.php?id=61578881597564"]},{"@type":"Person","@id":"https:\/\/nativainfo.com\/#\/schema\/person\/24893b64a9cd564ddb5d102d36eb4b5c","name":"Nativa Info","image":{"@type":"ImageObject","inLanguage":"es-AR","@id":"https:\/\/nativainfo.com\/#\/schema\/person\/image\/","url":"https:\/\/secure.gravatar.com\/avatar\/016fa1cf068d85136d938e1507b9b619cb766e2565cbb1faa1e571762460c785?s=96&d=mm&r=g","contentUrl":"https:\/\/secure.gravatar.com\/avatar\/016fa1cf068d85136d938e1507b9b619cb766e2565cbb1faa1e571762460c785?s=96&d=mm&r=g","caption":"Nativa Info"},"sameAs":["http:\/\/nativainfo.com"],"url":"https:\/\/nativainfo.com\/?author=1"}]}},"jetpack_publicize_connections":[],"_links":{"self":[{"href":"https:\/\/nativainfo.com\/index.php?rest_route=\/wp\/v2\/posts\/3868","targetHints":{"allow":["GET"]}}],"collection":[{"href":"https:\/\/nativainfo.com\/index.php?rest_route=\/wp\/v2\/posts"}],"about":[{"href":"https:\/\/nativainfo.com\/index.php?rest_route=\/wp\/v2\/types\/post"}],"author":[{"embeddable":true,"href":"https:\/\/nativainfo.com\/index.php?rest_route=\/wp\/v2\/users\/1"}],"replies":[{"embeddable":true,"href":"https:\/\/nativainfo.com\/index.php?rest_route=%2Fwp%2Fv2%2Fcomments&post=3868"}],"version-history":[{"count":1,"href":"https:\/\/nativainfo.com\/index.php?rest_route=\/wp\/v2\/posts\/3868\/revisions"}],"predecessor-version":[{"id":3871,"href":"https:\/\/nativainfo.com\/index.php?rest_route=\/wp\/v2\/posts\/3868\/revisions\/3871"}],"wp:attachment":[{"href":"https:\/\/nativainfo.com\/index.php?rest_route=%2Fwp%2Fv2%2Fmedia&parent=3868"}],"wp:term":[{"taxonomy":"category","embeddable":true,"href":"https:\/\/nativainfo.com\/index.php?rest_route=%2Fwp%2Fv2%2Fcategories&post=3868"},{"taxonomy":"post_tag","embeddable":true,"href":"https:\/\/nativainfo.com\/index.php?rest_route=%2Fwp%2Fv2%2Ftags&post=3868"}],"curies":[{"name":"wp","href":"https:\/\/api.w.org\/{rel}","templated":true}]}}