{"id":3823,"date":"2023-06-30T01:04:32","date_gmt":"2023-06-30T04:04:32","guid":{"rendered":"http:\/\/nativainfo.com\/?p=3823"},"modified":"2023-06-30T01:04:36","modified_gmt":"2023-06-30T04:04:36","slug":"fernandez-estuvo-presente-en-el-iv-encuentro-de-destinos-emergentes-region-norte","status":"publish","type":"post","link":"https:\/\/nativainfo.com\/?p=3823","title":{"rendered":"Fern\u00e1ndez estuvo presente en el IV Encuentro de Destinos Emergentes &#8211; Regi\u00f3n Norte"},"content":{"rendered":"\n<p>Se desarroll\u00f3 en San Miguel de Tucum\u00e1n entre el martes 27 y mi\u00e9rcoles 28 de junio.<\/p>\n\n\n\n<figure class=\"wp-block-image size-large\"><img fetchpriority=\"high\" decoding=\"async\" width=\"1024\" height=\"576\" src=\"http:\/\/nativainfo.com\/wp-content\/uploads\/2023\/06\/imagen_2023-06-30_010604239-1024x576.png\" alt=\"\" class=\"wp-image-3826\" srcset=\"https:\/\/nativainfo.com\/wp-content\/uploads\/2023\/06\/imagen_2023-06-30_010604239-1024x576.png 1024w, https:\/\/nativainfo.com\/wp-content\/uploads\/2023\/06\/imagen_2023-06-30_010604239-300x169.png 300w, https:\/\/nativainfo.com\/wp-content\/uploads\/2023\/06\/imagen_2023-06-30_010604239-768x432.png 768w, https:\/\/nativainfo.com\/wp-content\/uploads\/2023\/06\/imagen_2023-06-30_010604239-622x350.png 622w, https:\/\/nativainfo.com\/wp-content\/uploads\/2023\/06\/imagen_2023-06-30_010604239-150x84.png 150w, https:\/\/nativainfo.com\/wp-content\/uploads\/2023\/06\/imagen_2023-06-30_010604239.png 1200w\" sizes=\"(max-width: 1024px) 100vw, 1024px\" \/><\/figure>\n\n\n\n<p>Este martes 27 y mi\u00e9rcoles 28 de junio se realiz\u00f3 el IV Encuentro Regional de Destinos Emergentes en la ciudad de San Miguel de Tucum\u00e1n, evento que estuvo organizado por el Ministerio de Turismo y Deportes de la Naci\u00f3n en forma conjunta con el Consejo Federal de Turismo y la Provincia de Tucum\u00e1n. El mismo se enmarc\u00f3 dentro de los lineamientos estrat\u00e9gicos que sostiene la Direcci\u00f3n Nacional de Planificaci\u00f3n y Desarrollo Tur\u00edstico (DNPYDT), para darle impulso y apoyo a los #DestinosEmergentes.<\/p>\n\n\n\n<h2 class=\"wp-block-heading\">Fern\u00e1ndez<\/h2>\n\n\n\n<p>El municipio de nuestra ciudad fue convocado a participar teniendo en cuenta que re\u00fane las caracter\u00edsticas de ser un Potencial Destino tur\u00edstico en la Regi\u00f3nNorte y estuvo representado por la Secretaria de Cultura y Educaci\u00f3n Prof. Marcela Gerez y la Concejal CPN Yanina Iturre.<\/p>\n\n\n\n<p>La iniciativa estuvo destinada a generar espacios de propuestas y trabajo a trav\u00e9s de diferentes modos participativos y exposiciones que se vuelvan instrumentos pr\u00e1cticos de aplicaci\u00f3n concreta, que generen beneficios directos. El resultado perseguido fue lograr que los gestores p\u00fablicos y privados se lleven herramientas que mejoren la calidad de vida de las poblaciones locales y el disfrute de los turistas, incrementen y aprovechen el patrimonio tur\u00edstico local, generen arraigo y todo se concrete en un entorno de sustentabilidad.<\/p>\n","protected":false},"excerpt":{"rendered":"<p>Se desarroll\u00f3 en San Miguel de Tucum\u00e1n entre el martes 27 y mi\u00e9rcoles 28 de junio. Este martes 27 y&#8230; <a class=\"continue-reading-link\" href=\"https:\/\/nativainfo.com\/?p=3823\">Continue reading<\/a><\/p>\n","protected":false},"author":1,"featured_media":0,"comment_status":"open","ping_status":"open","sticky":false,"template":"","format":"standard","meta":{"rop_custom_images_group":[],"rop_custom_messages_group":[],"rop_publish_now":"initial","rop_publish_now_accounts":[],"rop_publish_now_history":[],"rop_publish_now_status":"pending","footnotes":"","jetpack_publicize_message":"","jetpack_publicize_feature_enabled":true,"jetpack_social_post_already_shared":false,"jetpack_social_options":{"image_generator_settings":{"template":"highway","default_image_id":0,"font":"","enabled":false},"version":2}},"categories":[13,8],"tags":[],"class_list":["post-3823","post","type-post","status-publish","format-standard","hentry","category-fernandez","category-noticias"],"yoast_head":"<!-- This site is optimized with the Yoast SEO plugin v25.6 - https:\/\/yoast.com\/wordpress\/plugins\/seo\/ -->\n<title>Fern\u00e1ndez estuvo presente en el IV Encuentro de Destinos Emergentes - Regi\u00f3n Norte - Nativa Info<\/title>\n<meta name=\"robots\" content=\"index, follow, max-snippet:-1, max-image-preview:large, max-video-preview:-1\" \/>\n<link rel=\"canonical\" href=\"https:\/\/nativainfo.com\/?p=3823\" \/>\n<meta property=\"og:locale\" content=\"es_ES\" \/>\n<meta property=\"og:type\" content=\"article\" \/>\n<meta property=\"og:title\" content=\"Fern\u00e1ndez estuvo presente en el IV Encuentro de Destinos Emergentes - Regi\u00f3n Norte - Nativa Info\" \/>\n<meta property=\"og:description\" content=\"Se desarroll\u00f3 en San Miguel de Tucum\u00e1n entre el martes 27 y mi\u00e9rcoles 28 de junio. Este martes 27 y... Continue reading\" \/>\n<meta property=\"og:url\" content=\"https:\/\/nativainfo.com\/?p=3823\" \/>\n<meta property=\"og:site_name\" content=\"Nativa Info\" \/>\n<meta property=\"article:publisher\" content=\"https:\/\/www.facebook.com\/profile.php?id=61578881597564\" \/>\n<meta property=\"article:published_time\" content=\"2023-06-30T04:04:32+00:00\" \/>\n<meta property=\"article:modified_time\" content=\"2023-06-30T04:04:36+00:00\" \/>\n<meta property=\"og:image\" content=\"http:\/\/nativainfo.com\/wp-content\/uploads\/2023\/06\/imagen_2023-06-30_010604239-1024x576.png\" \/>\n<meta name=\"author\" content=\"Nativa Info\" \/>\n<meta name=\"twitter:card\" content=\"summary_large_image\" \/>\n<meta name=\"twitter:label1\" content=\"Escrito por\" \/>\n\t<meta name=\"twitter:data1\" content=\"Nativa Info\" \/>\n\t<meta name=\"twitter:label2\" content=\"Tiempo de lectura\" \/>\n\t<meta name=\"twitter:data2\" content=\"1 minuto\" \/>\n<script type=\"application\/ld+json\" class=\"yoast-schema-graph\">{\"@context\":\"https:\/\/schema.org\",\"@graph\":[{\"@type\":\"Article\",\"@id\":\"https:\/\/nativainfo.com\/?p=3823#article\",\"isPartOf\":{\"@id\":\"https:\/\/nativainfo.com\/?p=3823\"},\"author\":{\"name\":\"Nativa Info\",\"@id\":\"https:\/\/nativainfo.com\/#\/schema\/person\/24893b64a9cd564ddb5d102d36eb4b5c\"},\"headline\":\"Fern\u00e1ndez estuvo presente en el IV Encuentro de Destinos Emergentes &#8211; Regi\u00f3n Norte\",\"datePublished\":\"2023-06-30T04:04:32+00:00\",\"dateModified\":\"2023-06-30T04:04:36+00:00\",\"mainEntityOfPage\":{\"@id\":\"https:\/\/nativainfo.com\/?p=3823\"},\"wordCount\":253,\"commentCount\":0,\"publisher\":{\"@id\":\"https:\/\/nativainfo.com\/#organization\"},\"image\":{\"@id\":\"https:\/\/nativainfo.com\/?p=3823#primaryimage\"},\"thumbnailUrl\":\"http:\/\/nativainfo.com\/wp-content\/uploads\/2023\/06\/imagen_2023-06-30_010604239-1024x576.png\",\"articleSection\":[\"Fern\u00e1ndez\",\"Noticias\"],\"inLanguage\":\"es-AR\",\"potentialAction\":[{\"@type\":\"CommentAction\",\"name\":\"Comment\",\"target\":[\"https:\/\/nativainfo.com\/?p=3823#respond\"]}]},{\"@type\":\"WebPage\",\"@id\":\"https:\/\/nativainfo.com\/?p=3823\",\"url\":\"https:\/\/nativainfo.com\/?p=3823\",\"name\":\"Fern\u00e1ndez estuvo presente en el IV Encuentro de Destinos Emergentes - Regi\u00f3n Norte - Nativa Info\",\"isPartOf\":{\"@id\":\"https:\/\/nativainfo.com\/#website\"},\"primaryImageOfPage\":{\"@id\":\"https:\/\/nativainfo.com\/?p=3823#primaryimage\"},\"image\":{\"@id\":\"https:\/\/nativainfo.com\/?p=3823#primaryimage\"},\"thumbnailUrl\":\"http:\/\/nativainfo.com\/wp-content\/uploads\/2023\/06\/imagen_2023-06-30_010604239-1024x576.png\",\"datePublished\":\"2023-06-30T04:04:32+00:00\",\"dateModified\":\"2023-06-30T04:04:36+00:00\",\"breadcrumb\":{\"@id\":\"https:\/\/nativainfo.com\/?p=3823#breadcrumb\"},\"inLanguage\":\"es-AR\",\"potentialAction\":[{\"@type\":\"ReadAction\",\"target\":[\"https:\/\/nativainfo.com\/?p=3823\"]}]},{\"@type\":\"ImageObject\",\"inLanguage\":\"es-AR\",\"@id\":\"https:\/\/nativainfo.com\/?p=3823#primaryimage\",\"url\":\"https:\/\/nativainfo.com\/wp-content\/uploads\/2023\/06\/imagen_2023-06-30_010604239.png\",\"contentUrl\":\"https:\/\/nativainfo.com\/wp-content\/uploads\/2023\/06\/imagen_2023-06-30_010604239.png\",\"width\":1200,\"height\":675},{\"@type\":\"BreadcrumbList\",\"@id\":\"https:\/\/nativainfo.com\/?p=3823#breadcrumb\",\"itemListElement\":[{\"@type\":\"ListItem\",\"position\":1,\"name\":\"Inicio\",\"item\":\"https:\/\/nativainfo.com\/\"},{\"@type\":\"ListItem\",\"position\":2,\"name\":\"Fern\u00e1ndez estuvo presente en el IV Encuentro de Destinos Emergentes &#8211; Regi\u00f3n Norte\"}]},{\"@type\":\"WebSite\",\"@id\":\"https:\/\/nativainfo.com\/#website\",\"url\":\"https:\/\/nativainfo.com\/\",\"name\":\"Nativa Info\",\"description\":\"Diario Digital\",\"publisher\":{\"@id\":\"https:\/\/nativainfo.com\/#organization\"},\"potentialAction\":[{\"@type\":\"SearchAction\",\"target\":{\"@type\":\"EntryPoint\",\"urlTemplate\":\"https:\/\/nativainfo.com\/?s={search_term_string}\"},\"query-input\":{\"@type\":\"PropertyValueSpecification\",\"valueRequired\":true,\"valueName\":\"search_term_string\"}}],\"inLanguage\":\"es-AR\"},{\"@type\":\"Organization\",\"@id\":\"https:\/\/nativainfo.com\/#organization\",\"name\":\"Nativa Info\",\"url\":\"https:\/\/nativainfo.com\/\",\"logo\":{\"@type\":\"ImageObject\",\"inLanguage\":\"es-AR\",\"@id\":\"https:\/\/nativainfo.com\/#\/schema\/logo\/image\/\",\"url\":\"https:\/\/nativainfo.com\/wp-content\/uploads\/2025\/08\/LOGO-NATIVA-FACE.jpg\",\"contentUrl\":\"https:\/\/nativainfo.com\/wp-content\/uploads\/2025\/08\/LOGO-NATIVA-FACE.jpg\",\"width\":400,\"height\":400,\"caption\":\"Nativa Info\"},\"image\":{\"@id\":\"https:\/\/nativainfo.com\/#\/schema\/logo\/image\/\"},\"sameAs\":[\"https:\/\/www.facebook.com\/profile.php?id=61578881597564\"]},{\"@type\":\"Person\",\"@id\":\"https:\/\/nativainfo.com\/#\/schema\/person\/24893b64a9cd564ddb5d102d36eb4b5c\",\"name\":\"Nativa Info\",\"image\":{\"@type\":\"ImageObject\",\"inLanguage\":\"es-AR\",\"@id\":\"https:\/\/nativainfo.com\/#\/schema\/person\/image\/\",\"url\":\"https:\/\/secure.gravatar.com\/avatar\/016fa1cf068d85136d938e1507b9b619cb766e2565cbb1faa1e571762460c785?s=96&d=mm&r=g\",\"contentUrl\":\"https:\/\/secure.gravatar.com\/avatar\/016fa1cf068d85136d938e1507b9b619cb766e2565cbb1faa1e571762460c785?s=96&d=mm&r=g\",\"caption\":\"Nativa Info\"},\"sameAs\":[\"http:\/\/nativainfo.com\"],\"url\":\"https:\/\/nativainfo.com\/?author=1\"}]}<\/script>\n<!-- \/ Yoast SEO plugin. -->","yoast_head_json":{"title":"Fern\u00e1ndez estuvo presente en el IV Encuentro de Destinos Emergentes - Regi\u00f3n Norte - Nativa Info","robots":{"index":"index","follow":"follow","max-snippet":"max-snippet:-1","max-image-preview":"max-image-preview:large","max-video-preview":"max-video-preview:-1"},"canonical":"https:\/\/nativainfo.com\/?p=3823","og_locale":"es_ES","og_type":"article","og_title":"Fern\u00e1ndez estuvo presente en el IV Encuentro de Destinos Emergentes - Regi\u00f3n Norte - Nativa Info","og_description":"Se desarroll\u00f3 en San Miguel de Tucum\u00e1n entre el martes 27 y mi\u00e9rcoles 28 de junio. Este martes 27 y... Continue reading","og_url":"https:\/\/nativainfo.com\/?p=3823","og_site_name":"Nativa Info","article_publisher":"https:\/\/www.facebook.com\/profile.php?id=61578881597564","article_published_time":"2023-06-30T04:04:32+00:00","article_modified_time":"2023-06-30T04:04:36+00:00","og_image":[{"url":"http:\/\/nativainfo.com\/wp-content\/uploads\/2023\/06\/imagen_2023-06-30_010604239-1024x576.png","type":"","width":"","height":""}],"author":"Nativa Info","twitter_card":"summary_large_image","twitter_misc":{"Escrito por":"Nativa Info","Tiempo de lectura":"1 minuto"},"schema":{"@context":"https:\/\/schema.org","@graph":[{"@type":"Article","@id":"https:\/\/nativainfo.com\/?p=3823#article","isPartOf":{"@id":"https:\/\/nativainfo.com\/?p=3823"},"author":{"name":"Nativa Info","@id":"https:\/\/nativainfo.com\/#\/schema\/person\/24893b64a9cd564ddb5d102d36eb4b5c"},"headline":"Fern\u00e1ndez estuvo presente en el IV Encuentro de Destinos Emergentes &#8211; Regi\u00f3n Norte","datePublished":"2023-06-30T04:04:32+00:00","dateModified":"2023-06-30T04:04:36+00:00","mainEntityOfPage":{"@id":"https:\/\/nativainfo.com\/?p=3823"},"wordCount":253,"commentCount":0,"publisher":{"@id":"https:\/\/nativainfo.com\/#organization"},"image":{"@id":"https:\/\/nativainfo.com\/?p=3823#primaryimage"},"thumbnailUrl":"http:\/\/nativainfo.com\/wp-content\/uploads\/2023\/06\/imagen_2023-06-30_010604239-1024x576.png","articleSection":["Fern\u00e1ndez","Noticias"],"inLanguage":"es-AR","potentialAction":[{"@type":"CommentAction","name":"Comment","target":["https:\/\/nativainfo.com\/?p=3823#respond"]}]},{"@type":"WebPage","@id":"https:\/\/nativainfo.com\/?p=3823","url":"https:\/\/nativainfo.com\/?p=3823","name":"Fern\u00e1ndez estuvo presente en el IV Encuentro de Destinos Emergentes - Regi\u00f3n Norte - Nativa Info","isPartOf":{"@id":"https:\/\/nativainfo.com\/#website"},"primaryImageOfPage":{"@id":"https:\/\/nativainfo.com\/?p=3823#primaryimage"},"image":{"@id":"https:\/\/nativainfo.com\/?p=3823#primaryimage"},"thumbnailUrl":"http:\/\/nativainfo.com\/wp-content\/uploads\/2023\/06\/imagen_2023-06-30_010604239-1024x576.png","datePublished":"2023-06-30T04:04:32+00:00","dateModified":"2023-06-30T04:04:36+00:00","breadcrumb":{"@id":"https:\/\/nativainfo.com\/?p=3823#breadcrumb"},"inLanguage":"es-AR","potentialAction":[{"@type":"ReadAction","target":["https:\/\/nativainfo.com\/?p=3823"]}]},{"@type":"ImageObject","inLanguage":"es-AR","@id":"https:\/\/nativainfo.com\/?p=3823#primaryimage","url":"https:\/\/nativainfo.com\/wp-content\/uploads\/2023\/06\/imagen_2023-06-30_010604239.png","contentUrl":"https:\/\/nativainfo.com\/wp-content\/uploads\/2023\/06\/imagen_2023-06-30_010604239.png","width":1200,"height":675},{"@type":"BreadcrumbList","@id":"https:\/\/nativainfo.com\/?p=3823#breadcrumb","itemListElement":[{"@type":"ListItem","position":1,"name":"Inicio","item":"https:\/\/nativainfo.com\/"},{"@type":"ListItem","position":2,"name":"Fern\u00e1ndez estuvo presente en el IV Encuentro de Destinos Emergentes &#8211; Regi\u00f3n Norte"}]},{"@type":"WebSite","@id":"https:\/\/nativainfo.com\/#website","url":"https:\/\/nativainfo.com\/","name":"Nativa Info","description":"Diario Digital","publisher":{"@id":"https:\/\/nativainfo.com\/#organization"},"potentialAction":[{"@type":"SearchAction","target":{"@type":"EntryPoint","urlTemplate":"https:\/\/nativainfo.com\/?s={search_term_string}"},"query-input":{"@type":"PropertyValueSpecification","valueRequired":true,"valueName":"search_term_string"}}],"inLanguage":"es-AR"},{"@type":"Organization","@id":"https:\/\/nativainfo.com\/#organization","name":"Nativa Info","url":"https:\/\/nativainfo.com\/","logo":{"@type":"ImageObject","inLanguage":"es-AR","@id":"https:\/\/nativainfo.com\/#\/schema\/logo\/image\/","url":"https:\/\/nativainfo.com\/wp-content\/uploads\/2025\/08\/LOGO-NATIVA-FACE.jpg","contentUrl":"https:\/\/nativainfo.com\/wp-content\/uploads\/2025\/08\/LOGO-NATIVA-FACE.jpg","width":400,"height":400,"caption":"Nativa Info"},"image":{"@id":"https:\/\/nativainfo.com\/#\/schema\/logo\/image\/"},"sameAs":["https:\/\/www.facebook.com\/profile.php?id=61578881597564"]},{"@type":"Person","@id":"https:\/\/nativainfo.com\/#\/schema\/person\/24893b64a9cd564ddb5d102d36eb4b5c","name":"Nativa Info","image":{"@type":"ImageObject","inLanguage":"es-AR","@id":"https:\/\/nativainfo.com\/#\/schema\/person\/image\/","url":"https:\/\/secure.gravatar.com\/avatar\/016fa1cf068d85136d938e1507b9b619cb766e2565cbb1faa1e571762460c785?s=96&d=mm&r=g","contentUrl":"https:\/\/secure.gravatar.com\/avatar\/016fa1cf068d85136d938e1507b9b619cb766e2565cbb1faa1e571762460c785?s=96&d=mm&r=g","caption":"Nativa Info"},"sameAs":["http:\/\/nativainfo.com"],"url":"https:\/\/nativainfo.com\/?author=1"}]}},"jetpack_publicize_connections":[],"_links":{"self":[{"href":"https:\/\/nativainfo.com\/index.php?rest_route=\/wp\/v2\/posts\/3823","targetHints":{"allow":["GET"]}}],"collection":[{"href":"https:\/\/nativainfo.com\/index.php?rest_route=\/wp\/v2\/posts"}],"about":[{"href":"https:\/\/nativainfo.com\/index.php?rest_route=\/wp\/v2\/types\/post"}],"author":[{"embeddable":true,"href":"https:\/\/nativainfo.com\/index.php?rest_route=\/wp\/v2\/users\/1"}],"replies":[{"embeddable":true,"href":"https:\/\/nativainfo.com\/index.php?rest_route=%2Fwp%2Fv2%2Fcomments&post=3823"}],"version-history":[{"count":1,"href":"https:\/\/nativainfo.com\/index.php?rest_route=\/wp\/v2\/posts\/3823\/revisions"}],"predecessor-version":[{"id":3827,"href":"https:\/\/nativainfo.com\/index.php?rest_route=\/wp\/v2\/posts\/3823\/revisions\/3827"}],"wp:attachment":[{"href":"https:\/\/nativainfo.com\/index.php?rest_route=%2Fwp%2Fv2%2Fmedia&parent=3823"}],"wp:term":[{"taxonomy":"category","embeddable":true,"href":"https:\/\/nativainfo.com\/index.php?rest_route=%2Fwp%2Fv2%2Fcategories&post=3823"},{"taxonomy":"post_tag","embeddable":true,"href":"https:\/\/nativainfo.com\/index.php?rest_route=%2Fwp%2Fv2%2Ftags&post=3823"}],"curies":[{"name":"wp","href":"https:\/\/api.w.org\/{rel}","templated":true}]}}