{"id":3811,"date":"2023-06-16T12:28:26","date_gmt":"2023-06-16T15:28:26","guid":{"rendered":"http:\/\/nativainfo.com\/?p=3811"},"modified":"2023-06-16T12:28:29","modified_gmt":"2023-06-16T15:28:29","slug":"confirmaron-que-santiago-del-estero-sera-sede-nuevamente-del-smart-city-expo-en-2024","status":"publish","type":"post","link":"https:\/\/nativainfo.com\/?p=3811","title":{"rendered":"Confirmaron que Santiago del Estero ser\u00e1 sede nuevamente del Smart City Expo en 2024"},"content":{"rendered":"\n<p>El CEO de Fira Barcelona Internacional, anunci\u00f3 la tercera edici\u00f3n de la expo para el 26, 27 y 28 de junio de 2024.<\/p>\n\n\n\n<figure class=\"wp-block-image size-large\"><img fetchpriority=\"high\" decoding=\"async\" width=\"1010\" height=\"567\" src=\"http:\/\/nativainfo.com\/wp-content\/uploads\/2023\/06\/imagen_2023-06-16_123017699.png\" alt=\"\" class=\"wp-image-3815\" srcset=\"https:\/\/nativainfo.com\/wp-content\/uploads\/2023\/06\/imagen_2023-06-16_123017699.png 1010w, https:\/\/nativainfo.com\/wp-content\/uploads\/2023\/06\/imagen_2023-06-16_123017699-300x168.png 300w, https:\/\/nativainfo.com\/wp-content\/uploads\/2023\/06\/imagen_2023-06-16_123017699-768x431.png 768w, https:\/\/nativainfo.com\/wp-content\/uploads\/2023\/06\/imagen_2023-06-16_123017699-623x350.png 623w, https:\/\/nativainfo.com\/wp-content\/uploads\/2023\/06\/imagen_2023-06-16_123017699-150x84.png 150w\" sizes=\"(max-width: 1010px) 100vw, 1010px\" \/><\/figure>\n\n\n\n<p><strong>Ricard Zapatero<\/strong>, CEO &nbsp;de&nbsp;<strong>Fira Barcelona Internacional<\/strong>, anunci\u00f3 la&nbsp;<strong>tercera edici\u00f3n del Smart City Expo Santiago del Estero<\/strong>&nbsp;para el&nbsp;<em>26, 27 y 28 de junio de 2024<\/em>.<\/p>\n\n\n\n<p>Lo hizo durante la ceremonia de clausura del congreso de profesionales de la muestra tecnol\u00f3gica internacional, ante una sala colmada y con la presencia del gobernador&nbsp;<strong>Gerardo Zamora<\/strong>, el vicegobernador&nbsp;<strong>Carlos Silva Neder<\/strong>; el &nbsp;jefe de Gabinete, El\u00edas Su\u00e1rez; el secretario de la Representaci\u00f3n Oficial de la Provincia en Buenos Aires,&nbsp;<strong>Bernardo Abruzzese<\/strong>; ministros, intendentes y representantes de distintos sectores de la sociedad santiague\u00f1a.<\/p>\n","protected":false},"excerpt":{"rendered":"<p>El CEO de Fira Barcelona Internacional, anunci\u00f3 la tercera edici\u00f3n de la expo para el 26, 27 y 28 de&#8230; <a class=\"continue-reading-link\" href=\"https:\/\/nativainfo.com\/?p=3811\">Continue reading<\/a><\/p>\n","protected":false},"author":1,"featured_media":0,"comment_status":"open","ping_status":"open","sticky":false,"template":"","format":"standard","meta":{"rop_custom_images_group":[],"rop_custom_messages_group":[],"rop_publish_now":"initial","rop_publish_now_accounts":[],"rop_publish_now_history":[],"rop_publish_now_status":"pending","footnotes":"","jetpack_publicize_message":"","jetpack_publicize_feature_enabled":true,"jetpack_social_post_already_shared":false,"jetpack_social_options":{"image_generator_settings":{"template":"highway","default_image_id":0,"font":"","enabled":false},"version":2}},"categories":[17,8],"tags":[],"class_list":["post-3811","post","type-post","status-publish","format-standard","hentry","category-innovacion","category-noticias"],"yoast_head":"<!-- This site is optimized with the Yoast SEO plugin v25.6 - https:\/\/yoast.com\/wordpress\/plugins\/seo\/ -->\n<title>Confirmaron que Santiago del Estero ser\u00e1 sede nuevamente del Smart City Expo en 2024 - Nativa Info<\/title>\n<meta name=\"robots\" content=\"index, follow, max-snippet:-1, max-image-preview:large, max-video-preview:-1\" \/>\n<link rel=\"canonical\" href=\"https:\/\/nativainfo.com\/?p=3811\" \/>\n<meta property=\"og:locale\" content=\"es_ES\" \/>\n<meta property=\"og:type\" content=\"article\" \/>\n<meta property=\"og:title\" content=\"Confirmaron que Santiago del Estero ser\u00e1 sede nuevamente del Smart City Expo en 2024 - Nativa Info\" \/>\n<meta property=\"og:description\" content=\"El CEO de Fira Barcelona Internacional, anunci\u00f3 la tercera edici\u00f3n de la expo para el 26, 27 y 28 de... Continue reading\" \/>\n<meta property=\"og:url\" content=\"https:\/\/nativainfo.com\/?p=3811\" \/>\n<meta property=\"og:site_name\" content=\"Nativa Info\" \/>\n<meta property=\"article:publisher\" content=\"https:\/\/www.facebook.com\/profile.php?id=61578881597564\" \/>\n<meta property=\"article:published_time\" content=\"2023-06-16T15:28:26+00:00\" \/>\n<meta property=\"article:modified_time\" content=\"2023-06-16T15:28:29+00:00\" \/>\n<meta property=\"og:image\" content=\"http:\/\/nativainfo.com\/wp-content\/uploads\/2023\/06\/imagen_2023-06-16_123017699.png\" \/>\n<meta name=\"author\" content=\"Nativa Info\" \/>\n<meta name=\"twitter:card\" content=\"summary_large_image\" \/>\n<meta name=\"twitter:label1\" content=\"Escrito por\" \/>\n\t<meta name=\"twitter:data1\" content=\"Nativa Info\" \/>\n\t<meta name=\"twitter:label2\" content=\"Tiempo de lectura\" \/>\n\t<meta name=\"twitter:data2\" content=\"1 minuto\" \/>\n<script type=\"application\/ld+json\" class=\"yoast-schema-graph\">{\"@context\":\"https:\/\/schema.org\",\"@graph\":[{\"@type\":\"Article\",\"@id\":\"https:\/\/nativainfo.com\/?p=3811#article\",\"isPartOf\":{\"@id\":\"https:\/\/nativainfo.com\/?p=3811\"},\"author\":{\"name\":\"Nativa Info\",\"@id\":\"https:\/\/nativainfo.com\/#\/schema\/person\/24893b64a9cd564ddb5d102d36eb4b5c\"},\"headline\":\"Confirmaron que Santiago del Estero ser\u00e1 sede nuevamente del Smart City Expo en 2024\",\"datePublished\":\"2023-06-16T15:28:26+00:00\",\"dateModified\":\"2023-06-16T15:28:29+00:00\",\"mainEntityOfPage\":{\"@id\":\"https:\/\/nativainfo.com\/?p=3811\"},\"wordCount\":136,\"commentCount\":0,\"publisher\":{\"@id\":\"https:\/\/nativainfo.com\/#organization\"},\"image\":{\"@id\":\"https:\/\/nativainfo.com\/?p=3811#primaryimage\"},\"thumbnailUrl\":\"http:\/\/nativainfo.com\/wp-content\/uploads\/2023\/06\/imagen_2023-06-16_123017699.png\",\"articleSection\":[\"Innovaci\u00f3n\",\"Noticias\"],\"inLanguage\":\"es-AR\",\"potentialAction\":[{\"@type\":\"CommentAction\",\"name\":\"Comment\",\"target\":[\"https:\/\/nativainfo.com\/?p=3811#respond\"]}]},{\"@type\":\"WebPage\",\"@id\":\"https:\/\/nativainfo.com\/?p=3811\",\"url\":\"https:\/\/nativainfo.com\/?p=3811\",\"name\":\"Confirmaron que Santiago del Estero ser\u00e1 sede nuevamente del Smart City Expo en 2024 - Nativa Info\",\"isPartOf\":{\"@id\":\"https:\/\/nativainfo.com\/#website\"},\"primaryImageOfPage\":{\"@id\":\"https:\/\/nativainfo.com\/?p=3811#primaryimage\"},\"image\":{\"@id\":\"https:\/\/nativainfo.com\/?p=3811#primaryimage\"},\"thumbnailUrl\":\"http:\/\/nativainfo.com\/wp-content\/uploads\/2023\/06\/imagen_2023-06-16_123017699.png\",\"datePublished\":\"2023-06-16T15:28:26+00:00\",\"dateModified\":\"2023-06-16T15:28:29+00:00\",\"breadcrumb\":{\"@id\":\"https:\/\/nativainfo.com\/?p=3811#breadcrumb\"},\"inLanguage\":\"es-AR\",\"potentialAction\":[{\"@type\":\"ReadAction\",\"target\":[\"https:\/\/nativainfo.com\/?p=3811\"]}]},{\"@type\":\"ImageObject\",\"inLanguage\":\"es-AR\",\"@id\":\"https:\/\/nativainfo.com\/?p=3811#primaryimage\",\"url\":\"https:\/\/nativainfo.com\/wp-content\/uploads\/2023\/06\/imagen_2023-06-16_123017699.png\",\"contentUrl\":\"https:\/\/nativainfo.com\/wp-content\/uploads\/2023\/06\/imagen_2023-06-16_123017699.png\",\"width\":1010,\"height\":567},{\"@type\":\"BreadcrumbList\",\"@id\":\"https:\/\/nativainfo.com\/?p=3811#breadcrumb\",\"itemListElement\":[{\"@type\":\"ListItem\",\"position\":1,\"name\":\"Inicio\",\"item\":\"https:\/\/nativainfo.com\/\"},{\"@type\":\"ListItem\",\"position\":2,\"name\":\"Confirmaron que Santiago del Estero ser\u00e1 sede nuevamente del Smart City Expo en 2024\"}]},{\"@type\":\"WebSite\",\"@id\":\"https:\/\/nativainfo.com\/#website\",\"url\":\"https:\/\/nativainfo.com\/\",\"name\":\"Nativa Info\",\"description\":\"Diario Digital\",\"publisher\":{\"@id\":\"https:\/\/nativainfo.com\/#organization\"},\"potentialAction\":[{\"@type\":\"SearchAction\",\"target\":{\"@type\":\"EntryPoint\",\"urlTemplate\":\"https:\/\/nativainfo.com\/?s={search_term_string}\"},\"query-input\":{\"@type\":\"PropertyValueSpecification\",\"valueRequired\":true,\"valueName\":\"search_term_string\"}}],\"inLanguage\":\"es-AR\"},{\"@type\":\"Organization\",\"@id\":\"https:\/\/nativainfo.com\/#organization\",\"name\":\"Nativa Info\",\"url\":\"https:\/\/nativainfo.com\/\",\"logo\":{\"@type\":\"ImageObject\",\"inLanguage\":\"es-AR\",\"@id\":\"https:\/\/nativainfo.com\/#\/schema\/logo\/image\/\",\"url\":\"https:\/\/nativainfo.com\/wp-content\/uploads\/2025\/08\/LOGO-NATIVA-FACE.jpg\",\"contentUrl\":\"https:\/\/nativainfo.com\/wp-content\/uploads\/2025\/08\/LOGO-NATIVA-FACE.jpg\",\"width\":400,\"height\":400,\"caption\":\"Nativa Info\"},\"image\":{\"@id\":\"https:\/\/nativainfo.com\/#\/schema\/logo\/image\/\"},\"sameAs\":[\"https:\/\/www.facebook.com\/profile.php?id=61578881597564\"]},{\"@type\":\"Person\",\"@id\":\"https:\/\/nativainfo.com\/#\/schema\/person\/24893b64a9cd564ddb5d102d36eb4b5c\",\"name\":\"Nativa Info\",\"image\":{\"@type\":\"ImageObject\",\"inLanguage\":\"es-AR\",\"@id\":\"https:\/\/nativainfo.com\/#\/schema\/person\/image\/\",\"url\":\"https:\/\/secure.gravatar.com\/avatar\/016fa1cf068d85136d938e1507b9b619cb766e2565cbb1faa1e571762460c785?s=96&d=mm&r=g\",\"contentUrl\":\"https:\/\/secure.gravatar.com\/avatar\/016fa1cf068d85136d938e1507b9b619cb766e2565cbb1faa1e571762460c785?s=96&d=mm&r=g\",\"caption\":\"Nativa Info\"},\"sameAs\":[\"http:\/\/nativainfo.com\"],\"url\":\"https:\/\/nativainfo.com\/?author=1\"}]}<\/script>\n<!-- \/ Yoast SEO plugin. -->","yoast_head_json":{"title":"Confirmaron que Santiago del Estero ser\u00e1 sede nuevamente del Smart City Expo en 2024 - Nativa Info","robots":{"index":"index","follow":"follow","max-snippet":"max-snippet:-1","max-image-preview":"max-image-preview:large","max-video-preview":"max-video-preview:-1"},"canonical":"https:\/\/nativainfo.com\/?p=3811","og_locale":"es_ES","og_type":"article","og_title":"Confirmaron que Santiago del Estero ser\u00e1 sede nuevamente del Smart City Expo en 2024 - Nativa Info","og_description":"El CEO de Fira Barcelona Internacional, anunci\u00f3 la tercera edici\u00f3n de la expo para el 26, 27 y 28 de... Continue reading","og_url":"https:\/\/nativainfo.com\/?p=3811","og_site_name":"Nativa Info","article_publisher":"https:\/\/www.facebook.com\/profile.php?id=61578881597564","article_published_time":"2023-06-16T15:28:26+00:00","article_modified_time":"2023-06-16T15:28:29+00:00","og_image":[{"url":"http:\/\/nativainfo.com\/wp-content\/uploads\/2023\/06\/imagen_2023-06-16_123017699.png","type":"","width":"","height":""}],"author":"Nativa Info","twitter_card":"summary_large_image","twitter_misc":{"Escrito por":"Nativa Info","Tiempo de lectura":"1 minuto"},"schema":{"@context":"https:\/\/schema.org","@graph":[{"@type":"Article","@id":"https:\/\/nativainfo.com\/?p=3811#article","isPartOf":{"@id":"https:\/\/nativainfo.com\/?p=3811"},"author":{"name":"Nativa Info","@id":"https:\/\/nativainfo.com\/#\/schema\/person\/24893b64a9cd564ddb5d102d36eb4b5c"},"headline":"Confirmaron que Santiago del Estero ser\u00e1 sede nuevamente del Smart City Expo en 2024","datePublished":"2023-06-16T15:28:26+00:00","dateModified":"2023-06-16T15:28:29+00:00","mainEntityOfPage":{"@id":"https:\/\/nativainfo.com\/?p=3811"},"wordCount":136,"commentCount":0,"publisher":{"@id":"https:\/\/nativainfo.com\/#organization"},"image":{"@id":"https:\/\/nativainfo.com\/?p=3811#primaryimage"},"thumbnailUrl":"http:\/\/nativainfo.com\/wp-content\/uploads\/2023\/06\/imagen_2023-06-16_123017699.png","articleSection":["Innovaci\u00f3n","Noticias"],"inLanguage":"es-AR","potentialAction":[{"@type":"CommentAction","name":"Comment","target":["https:\/\/nativainfo.com\/?p=3811#respond"]}]},{"@type":"WebPage","@id":"https:\/\/nativainfo.com\/?p=3811","url":"https:\/\/nativainfo.com\/?p=3811","name":"Confirmaron que Santiago del Estero ser\u00e1 sede nuevamente del Smart City Expo en 2024 - Nativa Info","isPartOf":{"@id":"https:\/\/nativainfo.com\/#website"},"primaryImageOfPage":{"@id":"https:\/\/nativainfo.com\/?p=3811#primaryimage"},"image":{"@id":"https:\/\/nativainfo.com\/?p=3811#primaryimage"},"thumbnailUrl":"http:\/\/nativainfo.com\/wp-content\/uploads\/2023\/06\/imagen_2023-06-16_123017699.png","datePublished":"2023-06-16T15:28:26+00:00","dateModified":"2023-06-16T15:28:29+00:00","breadcrumb":{"@id":"https:\/\/nativainfo.com\/?p=3811#breadcrumb"},"inLanguage":"es-AR","potentialAction":[{"@type":"ReadAction","target":["https:\/\/nativainfo.com\/?p=3811"]}]},{"@type":"ImageObject","inLanguage":"es-AR","@id":"https:\/\/nativainfo.com\/?p=3811#primaryimage","url":"https:\/\/nativainfo.com\/wp-content\/uploads\/2023\/06\/imagen_2023-06-16_123017699.png","contentUrl":"https:\/\/nativainfo.com\/wp-content\/uploads\/2023\/06\/imagen_2023-06-16_123017699.png","width":1010,"height":567},{"@type":"BreadcrumbList","@id":"https:\/\/nativainfo.com\/?p=3811#breadcrumb","itemListElement":[{"@type":"ListItem","position":1,"name":"Inicio","item":"https:\/\/nativainfo.com\/"},{"@type":"ListItem","position":2,"name":"Confirmaron que Santiago del Estero ser\u00e1 sede nuevamente del Smart City Expo en 2024"}]},{"@type":"WebSite","@id":"https:\/\/nativainfo.com\/#website","url":"https:\/\/nativainfo.com\/","name":"Nativa Info","description":"Diario Digital","publisher":{"@id":"https:\/\/nativainfo.com\/#organization"},"potentialAction":[{"@type":"SearchAction","target":{"@type":"EntryPoint","urlTemplate":"https:\/\/nativainfo.com\/?s={search_term_string}"},"query-input":{"@type":"PropertyValueSpecification","valueRequired":true,"valueName":"search_term_string"}}],"inLanguage":"es-AR"},{"@type":"Organization","@id":"https:\/\/nativainfo.com\/#organization","name":"Nativa Info","url":"https:\/\/nativainfo.com\/","logo":{"@type":"ImageObject","inLanguage":"es-AR","@id":"https:\/\/nativainfo.com\/#\/schema\/logo\/image\/","url":"https:\/\/nativainfo.com\/wp-content\/uploads\/2025\/08\/LOGO-NATIVA-FACE.jpg","contentUrl":"https:\/\/nativainfo.com\/wp-content\/uploads\/2025\/08\/LOGO-NATIVA-FACE.jpg","width":400,"height":400,"caption":"Nativa Info"},"image":{"@id":"https:\/\/nativainfo.com\/#\/schema\/logo\/image\/"},"sameAs":["https:\/\/www.facebook.com\/profile.php?id=61578881597564"]},{"@type":"Person","@id":"https:\/\/nativainfo.com\/#\/schema\/person\/24893b64a9cd564ddb5d102d36eb4b5c","name":"Nativa Info","image":{"@type":"ImageObject","inLanguage":"es-AR","@id":"https:\/\/nativainfo.com\/#\/schema\/person\/image\/","url":"https:\/\/secure.gravatar.com\/avatar\/016fa1cf068d85136d938e1507b9b619cb766e2565cbb1faa1e571762460c785?s=96&d=mm&r=g","contentUrl":"https:\/\/secure.gravatar.com\/avatar\/016fa1cf068d85136d938e1507b9b619cb766e2565cbb1faa1e571762460c785?s=96&d=mm&r=g","caption":"Nativa Info"},"sameAs":["http:\/\/nativainfo.com"],"url":"https:\/\/nativainfo.com\/?author=1"}]}},"jetpack_publicize_connections":[],"_links":{"self":[{"href":"https:\/\/nativainfo.com\/index.php?rest_route=\/wp\/v2\/posts\/3811","targetHints":{"allow":["GET"]}}],"collection":[{"href":"https:\/\/nativainfo.com\/index.php?rest_route=\/wp\/v2\/posts"}],"about":[{"href":"https:\/\/nativainfo.com\/index.php?rest_route=\/wp\/v2\/types\/post"}],"author":[{"embeddable":true,"href":"https:\/\/nativainfo.com\/index.php?rest_route=\/wp\/v2\/users\/1"}],"replies":[{"embeddable":true,"href":"https:\/\/nativainfo.com\/index.php?rest_route=%2Fwp%2Fv2%2Fcomments&post=3811"}],"version-history":[{"count":2,"href":"https:\/\/nativainfo.com\/index.php?rest_route=\/wp\/v2\/posts\/3811\/revisions"}],"predecessor-version":[{"id":3833,"href":"https:\/\/nativainfo.com\/index.php?rest_route=\/wp\/v2\/posts\/3811\/revisions\/3833"}],"wp:attachment":[{"href":"https:\/\/nativainfo.com\/index.php?rest_route=%2Fwp%2Fv2%2Fmedia&parent=3811"}],"wp:term":[{"taxonomy":"category","embeddable":true,"href":"https:\/\/nativainfo.com\/index.php?rest_route=%2Fwp%2Fv2%2Fcategories&post=3811"},{"taxonomy":"post_tag","embeddable":true,"href":"https:\/\/nativainfo.com\/index.php?rest_route=%2Fwp%2Fv2%2Ftags&post=3811"}],"curies":[{"name":"wp","href":"https:\/\/api.w.org\/{rel}","templated":true}]}}