{"id":3791,"date":"2023-06-02T00:43:45","date_gmt":"2023-06-02T03:43:45","guid":{"rendered":"http:\/\/nativainfo.com\/?p=3791"},"modified":"2023-06-02T00:43:48","modified_gmt":"2023-06-02T03:43:48","slug":"inicio-la-construccion-del-tunel-peatonal-que-conectara-el-parque-del-encuentro-con-el-parque-de-los-ninos","status":"publish","type":"post","link":"https:\/\/nativainfo.com\/?p=3791","title":{"rendered":"Inici\u00f3 la construcci\u00f3n del tunel peatonal que conectar\u00e1 el Parque del Encuentro con el Parque de los Ni\u00f1os"},"content":{"rendered":"\n<p>En zonas aleda\u00f1as se instalar\u00e1n nuevos asadores, nueva iluminaci\u00f3n y se realizar\u00e1 la puesta en valor del Museo Interactivo de Ciencias, entre otras obras.<\/p>\n\n\n\n<figure class=\"wp-block-image size-large\"><img fetchpriority=\"high\" decoding=\"async\" width=\"1010\" height=\"567\" src=\"http:\/\/nativainfo.com\/wp-content\/uploads\/2023\/06\/imagen_2023-06-02_004521288.png\" alt=\"\" class=\"wp-image-3797\" srcset=\"https:\/\/nativainfo.com\/wp-content\/uploads\/2023\/06\/imagen_2023-06-02_004521288.png 1010w, https:\/\/nativainfo.com\/wp-content\/uploads\/2023\/06\/imagen_2023-06-02_004521288-300x168.png 300w, https:\/\/nativainfo.com\/wp-content\/uploads\/2023\/06\/imagen_2023-06-02_004521288-768x431.png 768w, https:\/\/nativainfo.com\/wp-content\/uploads\/2023\/06\/imagen_2023-06-02_004521288-623x350.png 623w, https:\/\/nativainfo.com\/wp-content\/uploads\/2023\/06\/imagen_2023-06-02_004521288-150x84.png 150w\" sizes=\"(max-width: 1010px) 100vw, 1010px\" \/><\/figure>\n\n\n\n<p>La Capital inici\u00f3 las tareas de intervenci\u00f3n y recuperaci\u00f3n del&nbsp;<strong>Parque de los Ni\u00f1os<\/strong>&nbsp;y sus zonas aleda\u00f1as, buscando generar una vinculaci\u00f3n m\u00e1s directa entre ese espacio verde y el&nbsp;<strong>Parque del Encuentro<\/strong>, a los fines de facilitar y mejorar la circulaci\u00f3n del p\u00fablico entre los mismos.<\/p>\n\n\n\n<p>Ambos espacios cuentan con una alta concurrencia de personas y ello genera la necesidad de vincular \u00e1mbitos recreativos y culturales. Por ello, entre las obras proyectadas est\u00e1n la ejecuci\u00f3n de un&nbsp;<strong>t\u00fanel peatonal<\/strong>, que&nbsp;<em>cruzar\u00e1 la avenida N\u00fa\u00f1ez del Prado a la altura de la calle Prensa Argentina.<\/em><\/p>\n","protected":false},"excerpt":{"rendered":"<p>En zonas aleda\u00f1as se instalar\u00e1n nuevos asadores, nueva iluminaci\u00f3n y se realizar\u00e1 la puesta en valor del Museo Interactivo de&#8230; <a class=\"continue-reading-link\" href=\"https:\/\/nativainfo.com\/?p=3791\">Continue reading<\/a><\/p>\n","protected":false},"author":1,"featured_media":0,"comment_status":"open","ping_status":"open","sticky":false,"template":"","format":"standard","meta":{"rop_custom_images_group":[],"rop_custom_messages_group":[],"rop_publish_now":"initial","rop_publish_now_accounts":[],"rop_publish_now_history":[],"rop_publish_now_status":"pending","footnotes":"","jetpack_publicize_message":"","jetpack_publicize_feature_enabled":true,"jetpack_social_post_already_shared":false,"jetpack_social_options":{"image_generator_settings":{"template":"highway","default_image_id":0,"font":"","enabled":false},"version":2}},"categories":[48,8],"tags":[],"class_list":["post-3791","post","type-post","status-publish","format-standard","hentry","category-capital","category-noticias"],"yoast_head":"<!-- This site is optimized with the Yoast SEO plugin v25.6 - https:\/\/yoast.com\/wordpress\/plugins\/seo\/ -->\n<title>Inici\u00f3 la construcci\u00f3n del tunel peatonal que conectar\u00e1 el Parque del Encuentro con el Parque de los Ni\u00f1os - Nativa Info<\/title>\n<meta name=\"robots\" content=\"index, follow, max-snippet:-1, max-image-preview:large, max-video-preview:-1\" \/>\n<link rel=\"canonical\" href=\"https:\/\/nativainfo.com\/?p=3791\" \/>\n<meta property=\"og:locale\" content=\"es_ES\" \/>\n<meta property=\"og:type\" content=\"article\" \/>\n<meta property=\"og:title\" content=\"Inici\u00f3 la construcci\u00f3n del tunel peatonal que conectar\u00e1 el Parque del Encuentro con el Parque de los Ni\u00f1os - Nativa Info\" \/>\n<meta property=\"og:description\" content=\"En zonas aleda\u00f1as se instalar\u00e1n nuevos asadores, nueva iluminaci\u00f3n y se realizar\u00e1 la puesta en valor del Museo Interactivo de... Continue reading\" \/>\n<meta property=\"og:url\" content=\"https:\/\/nativainfo.com\/?p=3791\" \/>\n<meta property=\"og:site_name\" content=\"Nativa Info\" \/>\n<meta property=\"article:publisher\" content=\"https:\/\/www.facebook.com\/profile.php?id=61578881597564\" \/>\n<meta property=\"article:published_time\" content=\"2023-06-02T03:43:45+00:00\" \/>\n<meta property=\"article:modified_time\" content=\"2023-06-02T03:43:48+00:00\" \/>\n<meta property=\"og:image\" content=\"http:\/\/nativainfo.com\/wp-content\/uploads\/2023\/06\/imagen_2023-06-02_004521288.png\" \/>\n<meta name=\"author\" content=\"Nativa Info\" \/>\n<meta name=\"twitter:card\" content=\"summary_large_image\" \/>\n<meta name=\"twitter:label1\" content=\"Escrito por\" \/>\n\t<meta name=\"twitter:data1\" content=\"Nativa Info\" \/>\n\t<meta name=\"twitter:label2\" content=\"Tiempo de lectura\" \/>\n\t<meta name=\"twitter:data2\" content=\"1 minuto\" \/>\n<script type=\"application\/ld+json\" class=\"yoast-schema-graph\">{\"@context\":\"https:\/\/schema.org\",\"@graph\":[{\"@type\":\"Article\",\"@id\":\"https:\/\/nativainfo.com\/?p=3791#article\",\"isPartOf\":{\"@id\":\"https:\/\/nativainfo.com\/?p=3791\"},\"author\":{\"name\":\"Nativa Info\",\"@id\":\"https:\/\/nativainfo.com\/#\/schema\/person\/24893b64a9cd564ddb5d102d36eb4b5c\"},\"headline\":\"Inici\u00f3 la construcci\u00f3n del tunel peatonal que conectar\u00e1 el Parque del Encuentro con el Parque de los Ni\u00f1os\",\"datePublished\":\"2023-06-02T03:43:45+00:00\",\"dateModified\":\"2023-06-02T03:43:48+00:00\",\"mainEntityOfPage\":{\"@id\":\"https:\/\/nativainfo.com\/?p=3791\"},\"wordCount\":159,\"commentCount\":0,\"publisher\":{\"@id\":\"https:\/\/nativainfo.com\/#organization\"},\"image\":{\"@id\":\"https:\/\/nativainfo.com\/?p=3791#primaryimage\"},\"thumbnailUrl\":\"http:\/\/nativainfo.com\/wp-content\/uploads\/2023\/06\/imagen_2023-06-02_004521288.png\",\"articleSection\":[\"Capital\",\"Noticias\"],\"inLanguage\":\"es-AR\",\"potentialAction\":[{\"@type\":\"CommentAction\",\"name\":\"Comment\",\"target\":[\"https:\/\/nativainfo.com\/?p=3791#respond\"]}]},{\"@type\":\"WebPage\",\"@id\":\"https:\/\/nativainfo.com\/?p=3791\",\"url\":\"https:\/\/nativainfo.com\/?p=3791\",\"name\":\"Inici\u00f3 la construcci\u00f3n del tunel peatonal que conectar\u00e1 el Parque del Encuentro con el Parque de los Ni\u00f1os - Nativa Info\",\"isPartOf\":{\"@id\":\"https:\/\/nativainfo.com\/#website\"},\"primaryImageOfPage\":{\"@id\":\"https:\/\/nativainfo.com\/?p=3791#primaryimage\"},\"image\":{\"@id\":\"https:\/\/nativainfo.com\/?p=3791#primaryimage\"},\"thumbnailUrl\":\"http:\/\/nativainfo.com\/wp-content\/uploads\/2023\/06\/imagen_2023-06-02_004521288.png\",\"datePublished\":\"2023-06-02T03:43:45+00:00\",\"dateModified\":\"2023-06-02T03:43:48+00:00\",\"breadcrumb\":{\"@id\":\"https:\/\/nativainfo.com\/?p=3791#breadcrumb\"},\"inLanguage\":\"es-AR\",\"potentialAction\":[{\"@type\":\"ReadAction\",\"target\":[\"https:\/\/nativainfo.com\/?p=3791\"]}]},{\"@type\":\"ImageObject\",\"inLanguage\":\"es-AR\",\"@id\":\"https:\/\/nativainfo.com\/?p=3791#primaryimage\",\"url\":\"https:\/\/nativainfo.com\/wp-content\/uploads\/2023\/06\/imagen_2023-06-02_004521288.png\",\"contentUrl\":\"https:\/\/nativainfo.com\/wp-content\/uploads\/2023\/06\/imagen_2023-06-02_004521288.png\",\"width\":1010,\"height\":567},{\"@type\":\"BreadcrumbList\",\"@id\":\"https:\/\/nativainfo.com\/?p=3791#breadcrumb\",\"itemListElement\":[{\"@type\":\"ListItem\",\"position\":1,\"name\":\"Inicio\",\"item\":\"https:\/\/nativainfo.com\/\"},{\"@type\":\"ListItem\",\"position\":2,\"name\":\"Inici\u00f3 la construcci\u00f3n del tunel peatonal que conectar\u00e1 el Parque del Encuentro con el Parque de los Ni\u00f1os\"}]},{\"@type\":\"WebSite\",\"@id\":\"https:\/\/nativainfo.com\/#website\",\"url\":\"https:\/\/nativainfo.com\/\",\"name\":\"Nativa Info\",\"description\":\"Diario Digital\",\"publisher\":{\"@id\":\"https:\/\/nativainfo.com\/#organization\"},\"potentialAction\":[{\"@type\":\"SearchAction\",\"target\":{\"@type\":\"EntryPoint\",\"urlTemplate\":\"https:\/\/nativainfo.com\/?s={search_term_string}\"},\"query-input\":{\"@type\":\"PropertyValueSpecification\",\"valueRequired\":true,\"valueName\":\"search_term_string\"}}],\"inLanguage\":\"es-AR\"},{\"@type\":\"Organization\",\"@id\":\"https:\/\/nativainfo.com\/#organization\",\"name\":\"Nativa Info\",\"url\":\"https:\/\/nativainfo.com\/\",\"logo\":{\"@type\":\"ImageObject\",\"inLanguage\":\"es-AR\",\"@id\":\"https:\/\/nativainfo.com\/#\/schema\/logo\/image\/\",\"url\":\"https:\/\/nativainfo.com\/wp-content\/uploads\/2025\/08\/LOGO-NATIVA-FACE.jpg\",\"contentUrl\":\"https:\/\/nativainfo.com\/wp-content\/uploads\/2025\/08\/LOGO-NATIVA-FACE.jpg\",\"width\":400,\"height\":400,\"caption\":\"Nativa Info\"},\"image\":{\"@id\":\"https:\/\/nativainfo.com\/#\/schema\/logo\/image\/\"},\"sameAs\":[\"https:\/\/www.facebook.com\/profile.php?id=61578881597564\"]},{\"@type\":\"Person\",\"@id\":\"https:\/\/nativainfo.com\/#\/schema\/person\/24893b64a9cd564ddb5d102d36eb4b5c\",\"name\":\"Nativa Info\",\"image\":{\"@type\":\"ImageObject\",\"inLanguage\":\"es-AR\",\"@id\":\"https:\/\/nativainfo.com\/#\/schema\/person\/image\/\",\"url\":\"https:\/\/secure.gravatar.com\/avatar\/016fa1cf068d85136d938e1507b9b619cb766e2565cbb1faa1e571762460c785?s=96&d=mm&r=g\",\"contentUrl\":\"https:\/\/secure.gravatar.com\/avatar\/016fa1cf068d85136d938e1507b9b619cb766e2565cbb1faa1e571762460c785?s=96&d=mm&r=g\",\"caption\":\"Nativa Info\"},\"sameAs\":[\"http:\/\/nativainfo.com\"],\"url\":\"https:\/\/nativainfo.com\/?author=1\"}]}<\/script>\n<!-- \/ Yoast SEO plugin. -->","yoast_head_json":{"title":"Inici\u00f3 la construcci\u00f3n del tunel peatonal que conectar\u00e1 el Parque del Encuentro con el Parque de los Ni\u00f1os - Nativa Info","robots":{"index":"index","follow":"follow","max-snippet":"max-snippet:-1","max-image-preview":"max-image-preview:large","max-video-preview":"max-video-preview:-1"},"canonical":"https:\/\/nativainfo.com\/?p=3791","og_locale":"es_ES","og_type":"article","og_title":"Inici\u00f3 la construcci\u00f3n del tunel peatonal que conectar\u00e1 el Parque del Encuentro con el Parque de los Ni\u00f1os - Nativa Info","og_description":"En zonas aleda\u00f1as se instalar\u00e1n nuevos asadores, nueva iluminaci\u00f3n y se realizar\u00e1 la puesta en valor del Museo Interactivo de... Continue reading","og_url":"https:\/\/nativainfo.com\/?p=3791","og_site_name":"Nativa Info","article_publisher":"https:\/\/www.facebook.com\/profile.php?id=61578881597564","article_published_time":"2023-06-02T03:43:45+00:00","article_modified_time":"2023-06-02T03:43:48+00:00","og_image":[{"url":"http:\/\/nativainfo.com\/wp-content\/uploads\/2023\/06\/imagen_2023-06-02_004521288.png","type":"","width":"","height":""}],"author":"Nativa Info","twitter_card":"summary_large_image","twitter_misc":{"Escrito por":"Nativa Info","Tiempo de lectura":"1 minuto"},"schema":{"@context":"https:\/\/schema.org","@graph":[{"@type":"Article","@id":"https:\/\/nativainfo.com\/?p=3791#article","isPartOf":{"@id":"https:\/\/nativainfo.com\/?p=3791"},"author":{"name":"Nativa Info","@id":"https:\/\/nativainfo.com\/#\/schema\/person\/24893b64a9cd564ddb5d102d36eb4b5c"},"headline":"Inici\u00f3 la construcci\u00f3n del tunel peatonal que conectar\u00e1 el Parque del Encuentro con el Parque de los Ni\u00f1os","datePublished":"2023-06-02T03:43:45+00:00","dateModified":"2023-06-02T03:43:48+00:00","mainEntityOfPage":{"@id":"https:\/\/nativainfo.com\/?p=3791"},"wordCount":159,"commentCount":0,"publisher":{"@id":"https:\/\/nativainfo.com\/#organization"},"image":{"@id":"https:\/\/nativainfo.com\/?p=3791#primaryimage"},"thumbnailUrl":"http:\/\/nativainfo.com\/wp-content\/uploads\/2023\/06\/imagen_2023-06-02_004521288.png","articleSection":["Capital","Noticias"],"inLanguage":"es-AR","potentialAction":[{"@type":"CommentAction","name":"Comment","target":["https:\/\/nativainfo.com\/?p=3791#respond"]}]},{"@type":"WebPage","@id":"https:\/\/nativainfo.com\/?p=3791","url":"https:\/\/nativainfo.com\/?p=3791","name":"Inici\u00f3 la construcci\u00f3n del tunel peatonal que conectar\u00e1 el Parque del Encuentro con el Parque de los Ni\u00f1os - Nativa Info","isPartOf":{"@id":"https:\/\/nativainfo.com\/#website"},"primaryImageOfPage":{"@id":"https:\/\/nativainfo.com\/?p=3791#primaryimage"},"image":{"@id":"https:\/\/nativainfo.com\/?p=3791#primaryimage"},"thumbnailUrl":"http:\/\/nativainfo.com\/wp-content\/uploads\/2023\/06\/imagen_2023-06-02_004521288.png","datePublished":"2023-06-02T03:43:45+00:00","dateModified":"2023-06-02T03:43:48+00:00","breadcrumb":{"@id":"https:\/\/nativainfo.com\/?p=3791#breadcrumb"},"inLanguage":"es-AR","potentialAction":[{"@type":"ReadAction","target":["https:\/\/nativainfo.com\/?p=3791"]}]},{"@type":"ImageObject","inLanguage":"es-AR","@id":"https:\/\/nativainfo.com\/?p=3791#primaryimage","url":"https:\/\/nativainfo.com\/wp-content\/uploads\/2023\/06\/imagen_2023-06-02_004521288.png","contentUrl":"https:\/\/nativainfo.com\/wp-content\/uploads\/2023\/06\/imagen_2023-06-02_004521288.png","width":1010,"height":567},{"@type":"BreadcrumbList","@id":"https:\/\/nativainfo.com\/?p=3791#breadcrumb","itemListElement":[{"@type":"ListItem","position":1,"name":"Inicio","item":"https:\/\/nativainfo.com\/"},{"@type":"ListItem","position":2,"name":"Inici\u00f3 la construcci\u00f3n del tunel peatonal que conectar\u00e1 el Parque del Encuentro con el Parque de los Ni\u00f1os"}]},{"@type":"WebSite","@id":"https:\/\/nativainfo.com\/#website","url":"https:\/\/nativainfo.com\/","name":"Nativa Info","description":"Diario Digital","publisher":{"@id":"https:\/\/nativainfo.com\/#organization"},"potentialAction":[{"@type":"SearchAction","target":{"@type":"EntryPoint","urlTemplate":"https:\/\/nativainfo.com\/?s={search_term_string}"},"query-input":{"@type":"PropertyValueSpecification","valueRequired":true,"valueName":"search_term_string"}}],"inLanguage":"es-AR"},{"@type":"Organization","@id":"https:\/\/nativainfo.com\/#organization","name":"Nativa Info","url":"https:\/\/nativainfo.com\/","logo":{"@type":"ImageObject","inLanguage":"es-AR","@id":"https:\/\/nativainfo.com\/#\/schema\/logo\/image\/","url":"https:\/\/nativainfo.com\/wp-content\/uploads\/2025\/08\/LOGO-NATIVA-FACE.jpg","contentUrl":"https:\/\/nativainfo.com\/wp-content\/uploads\/2025\/08\/LOGO-NATIVA-FACE.jpg","width":400,"height":400,"caption":"Nativa Info"},"image":{"@id":"https:\/\/nativainfo.com\/#\/schema\/logo\/image\/"},"sameAs":["https:\/\/www.facebook.com\/profile.php?id=61578881597564"]},{"@type":"Person","@id":"https:\/\/nativainfo.com\/#\/schema\/person\/24893b64a9cd564ddb5d102d36eb4b5c","name":"Nativa Info","image":{"@type":"ImageObject","inLanguage":"es-AR","@id":"https:\/\/nativainfo.com\/#\/schema\/person\/image\/","url":"https:\/\/secure.gravatar.com\/avatar\/016fa1cf068d85136d938e1507b9b619cb766e2565cbb1faa1e571762460c785?s=96&d=mm&r=g","contentUrl":"https:\/\/secure.gravatar.com\/avatar\/016fa1cf068d85136d938e1507b9b619cb766e2565cbb1faa1e571762460c785?s=96&d=mm&r=g","caption":"Nativa Info"},"sameAs":["http:\/\/nativainfo.com"],"url":"https:\/\/nativainfo.com\/?author=1"}]}},"jetpack_publicize_connections":[],"_links":{"self":[{"href":"https:\/\/nativainfo.com\/index.php?rest_route=\/wp\/v2\/posts\/3791","targetHints":{"allow":["GET"]}}],"collection":[{"href":"https:\/\/nativainfo.com\/index.php?rest_route=\/wp\/v2\/posts"}],"about":[{"href":"https:\/\/nativainfo.com\/index.php?rest_route=\/wp\/v2\/types\/post"}],"author":[{"embeddable":true,"href":"https:\/\/nativainfo.com\/index.php?rest_route=\/wp\/v2\/users\/1"}],"replies":[{"embeddable":true,"href":"https:\/\/nativainfo.com\/index.php?rest_route=%2Fwp%2Fv2%2Fcomments&post=3791"}],"version-history":[{"count":1,"href":"https:\/\/nativainfo.com\/index.php?rest_route=\/wp\/v2\/posts\/3791\/revisions"}],"predecessor-version":[{"id":3798,"href":"https:\/\/nativainfo.com\/index.php?rest_route=\/wp\/v2\/posts\/3791\/revisions\/3798"}],"wp:attachment":[{"href":"https:\/\/nativainfo.com\/index.php?rest_route=%2Fwp%2Fv2%2Fmedia&parent=3791"}],"wp:term":[{"taxonomy":"category","embeddable":true,"href":"https:\/\/nativainfo.com\/index.php?rest_route=%2Fwp%2Fv2%2Fcategories&post=3791"},{"taxonomy":"post_tag","embeddable":true,"href":"https:\/\/nativainfo.com\/index.php?rest_route=%2Fwp%2Fv2%2Ftags&post=3791"}],"curies":[{"name":"wp","href":"https:\/\/api.w.org\/{rel}","templated":true}]}}