{"id":3670,"date":"2023-01-06T01:21:52","date_gmt":"2023-01-06T04:21:52","guid":{"rendered":"http:\/\/nativainfo.com\/?p=3670"},"modified":"2023-01-06T01:21:55","modified_gmt":"2023-01-06T04:21:55","slug":"alejandro-sanz-sumo-la-sexta-fecha-en-su-llegada-a-la-argentina","status":"publish","type":"post","link":"https:\/\/nativainfo.com\/?p=3670","title":{"rendered":"Alejandro Sanz sum\u00f3 la sexta fecha en su llegada a la Argentina"},"content":{"rendered":"\n<p>La funci\u00f3n ser\u00e1 el 12 de mayo en el Movistar Arena y las entradas estar\u00e1n a la venta hoy viernes 6 de enero a partir de las 12hs<\/p>\n\n\n\n<figure class=\"wp-block-image size-large\"><img fetchpriority=\"high\" decoding=\"async\" width=\"1024\" height=\"576\" src=\"http:\/\/nativainfo.com\/wp-content\/uploads\/2023\/01\/imagen_2023-01-06_012201637-1024x576.png\" alt=\"\" class=\"wp-image-3674\" srcset=\"https:\/\/nativainfo.com\/wp-content\/uploads\/2023\/01\/imagen_2023-01-06_012201637-1024x576.png 1024w, https:\/\/nativainfo.com\/wp-content\/uploads\/2023\/01\/imagen_2023-01-06_012201637-300x169.png 300w, https:\/\/nativainfo.com\/wp-content\/uploads\/2023\/01\/imagen_2023-01-06_012201637-768x432.png 768w, https:\/\/nativainfo.com\/wp-content\/uploads\/2023\/01\/imagen_2023-01-06_012201637-622x350.png 622w, https:\/\/nativainfo.com\/wp-content\/uploads\/2023\/01\/imagen_2023-01-06_012201637-150x84.png 150w, https:\/\/nativainfo.com\/wp-content\/uploads\/2023\/01\/imagen_2023-01-06_012201637.png 1200w\" sizes=\"(max-width: 1024px) 100vw, 1024px\" \/><\/figure>\n\n\n\n<p>Alejandro Sanz llegar\u00e1 a la Argentina el pr\u00f3ximo 5 y 6 de Marzo y 11 de mayo a Buenos Aires en el Movistar Arena con entradas ya agotadas, por lo que sum\u00f3 una cuarta fecha para el 12 de mayo, adem\u00e1s ya colg\u00f3 el cartel de sold out para sus shows en C\u00f3rdoba el 1 de mayo en Plaza de la M\u00fasica y en Rosario el 3 de mayo en el Metropolitano. Las entradas estar\u00e1n a la venta hoy viernes 6 de enero a partir de las 12hs a trav\u00e9s de\u00a0<a href=\"https:\/\/www.movistararena.com.ar\/\">MovistarArena.com.ar<\/a><\/p>\n\n\n\n<p>De esta manera, Argentina se incluye dentro del recorrido internacional de \u201cSanz en Vivo\u201d, que ya ha anunciado m\u00e1s de 30 fechas para 2023 en M\u00e9xico, Chile, Colombia, Per\u00fa, Ecuador y Espa\u00f1a. Un nuevo show con conciertos de m\u00e1s de dos horas de espect\u00e1culo, en los que Alejandro Sanz adem\u00e1s de repasar grandes \u00e9xitos de su carrera musical como \u201cCoraz\u00f3n Part\u00edo\u201d, \u201cAmiga m\u00eda\u201d o \u201cMi persona favorita\u201d, interpreta algunos de los temas incluidos en \u201cSANZ\u201d, su \u00faltimo trabajo de estudio, nominado en la categor\u00eda \u201c\u00c1lbum del a\u00f1o\u201d en los Latin Grammy 2022 y que adem\u00e1s es el disco m\u00e1s vendido en unidades f\u00edsicas del 2021 en Espa\u00f1a.<\/p>\n","protected":false},"excerpt":{"rendered":"<p>La funci\u00f3n ser\u00e1 el 12 de mayo en el Movistar Arena y las entradas estar\u00e1n a la venta hoy viernes&#8230; <a class=\"continue-reading-link\" href=\"https:\/\/nativainfo.com\/?p=3670\">Continue reading<\/a><\/p>\n","protected":false},"author":1,"featured_media":0,"comment_status":"open","ping_status":"open","sticky":false,"template":"","format":"standard","meta":{"rop_custom_images_group":[],"rop_custom_messages_group":[],"rop_publish_now":"initial","rop_publish_now_accounts":[],"rop_publish_now_history":[],"rop_publish_now_status":"pending","footnotes":"","jetpack_publicize_message":"","jetpack_publicize_feature_enabled":true,"jetpack_social_post_already_shared":false,"jetpack_social_options":{"image_generator_settings":{"template":"highway","default_image_id":0,"font":"","enabled":false},"version":2}},"categories":[7],"tags":[],"class_list":["post-3670","post","type-post","status-publish","format-standard","hentry","category-musica"],"yoast_head":"<!-- This site is optimized with the Yoast SEO plugin v25.6 - https:\/\/yoast.com\/wordpress\/plugins\/seo\/ -->\n<title>Alejandro Sanz sum\u00f3 la sexta fecha en su llegada a la Argentina - Nativa Info<\/title>\n<meta name=\"robots\" content=\"index, follow, max-snippet:-1, max-image-preview:large, max-video-preview:-1\" \/>\n<link rel=\"canonical\" href=\"https:\/\/nativainfo.com\/?p=3670\" \/>\n<meta property=\"og:locale\" content=\"es_ES\" \/>\n<meta property=\"og:type\" content=\"article\" \/>\n<meta property=\"og:title\" content=\"Alejandro Sanz sum\u00f3 la sexta fecha en su llegada a la Argentina - Nativa Info\" \/>\n<meta property=\"og:description\" content=\"La funci\u00f3n ser\u00e1 el 12 de mayo en el Movistar Arena y las entradas estar\u00e1n a la venta hoy viernes... Continue reading\" \/>\n<meta property=\"og:url\" content=\"https:\/\/nativainfo.com\/?p=3670\" \/>\n<meta property=\"og:site_name\" content=\"Nativa Info\" \/>\n<meta property=\"article:publisher\" content=\"https:\/\/www.facebook.com\/profile.php?id=61578881597564\" \/>\n<meta property=\"article:published_time\" content=\"2023-01-06T04:21:52+00:00\" \/>\n<meta property=\"article:modified_time\" content=\"2023-01-06T04:21:55+00:00\" \/>\n<meta property=\"og:image\" content=\"http:\/\/nativainfo.com\/wp-content\/uploads\/2023\/01\/imagen_2023-01-06_012201637-1024x576.png\" \/>\n<meta name=\"author\" content=\"Nativa Info\" \/>\n<meta name=\"twitter:card\" content=\"summary_large_image\" \/>\n<meta name=\"twitter:label1\" content=\"Escrito por\" \/>\n\t<meta name=\"twitter:data1\" content=\"Nativa Info\" \/>\n\t<meta name=\"twitter:label2\" content=\"Tiempo de lectura\" \/>\n\t<meta name=\"twitter:data2\" content=\"1 minuto\" \/>\n<script type=\"application\/ld+json\" class=\"yoast-schema-graph\">{\"@context\":\"https:\/\/schema.org\",\"@graph\":[{\"@type\":\"Article\",\"@id\":\"https:\/\/nativainfo.com\/?p=3670#article\",\"isPartOf\":{\"@id\":\"https:\/\/nativainfo.com\/?p=3670\"},\"author\":{\"name\":\"Nativa Info\",\"@id\":\"https:\/\/nativainfo.com\/#\/schema\/person\/24893b64a9cd564ddb5d102d36eb4b5c\"},\"headline\":\"Alejandro Sanz sum\u00f3 la sexta fecha en su llegada a la Argentina\",\"datePublished\":\"2023-01-06T04:21:52+00:00\",\"dateModified\":\"2023-01-06T04:21:55+00:00\",\"mainEntityOfPage\":{\"@id\":\"https:\/\/nativainfo.com\/?p=3670\"},\"wordCount\":251,\"commentCount\":0,\"publisher\":{\"@id\":\"https:\/\/nativainfo.com\/#organization\"},\"image\":{\"@id\":\"https:\/\/nativainfo.com\/?p=3670#primaryimage\"},\"thumbnailUrl\":\"http:\/\/nativainfo.com\/wp-content\/uploads\/2023\/01\/imagen_2023-01-06_012201637-1024x576.png\",\"articleSection\":[\"M\u00fasica\"],\"inLanguage\":\"es-AR\",\"potentialAction\":[{\"@type\":\"CommentAction\",\"name\":\"Comment\",\"target\":[\"https:\/\/nativainfo.com\/?p=3670#respond\"]}]},{\"@type\":\"WebPage\",\"@id\":\"https:\/\/nativainfo.com\/?p=3670\",\"url\":\"https:\/\/nativainfo.com\/?p=3670\",\"name\":\"Alejandro Sanz sum\u00f3 la sexta fecha en su llegada a la Argentina - Nativa Info\",\"isPartOf\":{\"@id\":\"https:\/\/nativainfo.com\/#website\"},\"primaryImageOfPage\":{\"@id\":\"https:\/\/nativainfo.com\/?p=3670#primaryimage\"},\"image\":{\"@id\":\"https:\/\/nativainfo.com\/?p=3670#primaryimage\"},\"thumbnailUrl\":\"http:\/\/nativainfo.com\/wp-content\/uploads\/2023\/01\/imagen_2023-01-06_012201637-1024x576.png\",\"datePublished\":\"2023-01-06T04:21:52+00:00\",\"dateModified\":\"2023-01-06T04:21:55+00:00\",\"breadcrumb\":{\"@id\":\"https:\/\/nativainfo.com\/?p=3670#breadcrumb\"},\"inLanguage\":\"es-AR\",\"potentialAction\":[{\"@type\":\"ReadAction\",\"target\":[\"https:\/\/nativainfo.com\/?p=3670\"]}]},{\"@type\":\"ImageObject\",\"inLanguage\":\"es-AR\",\"@id\":\"https:\/\/nativainfo.com\/?p=3670#primaryimage\",\"url\":\"https:\/\/nativainfo.com\/wp-content\/uploads\/2023\/01\/imagen_2023-01-06_012201637.png\",\"contentUrl\":\"https:\/\/nativainfo.com\/wp-content\/uploads\/2023\/01\/imagen_2023-01-06_012201637.png\",\"width\":1200,\"height\":675},{\"@type\":\"BreadcrumbList\",\"@id\":\"https:\/\/nativainfo.com\/?p=3670#breadcrumb\",\"itemListElement\":[{\"@type\":\"ListItem\",\"position\":1,\"name\":\"Inicio\",\"item\":\"https:\/\/nativainfo.com\/\"},{\"@type\":\"ListItem\",\"position\":2,\"name\":\"Alejandro Sanz sum\u00f3 la sexta fecha en su llegada a la Argentina\"}]},{\"@type\":\"WebSite\",\"@id\":\"https:\/\/nativainfo.com\/#website\",\"url\":\"https:\/\/nativainfo.com\/\",\"name\":\"Nativa Info\",\"description\":\"Diario Digital\",\"publisher\":{\"@id\":\"https:\/\/nativainfo.com\/#organization\"},\"potentialAction\":[{\"@type\":\"SearchAction\",\"target\":{\"@type\":\"EntryPoint\",\"urlTemplate\":\"https:\/\/nativainfo.com\/?s={search_term_string}\"},\"query-input\":{\"@type\":\"PropertyValueSpecification\",\"valueRequired\":true,\"valueName\":\"search_term_string\"}}],\"inLanguage\":\"es-AR\"},{\"@type\":\"Organization\",\"@id\":\"https:\/\/nativainfo.com\/#organization\",\"name\":\"Nativa Info\",\"url\":\"https:\/\/nativainfo.com\/\",\"logo\":{\"@type\":\"ImageObject\",\"inLanguage\":\"es-AR\",\"@id\":\"https:\/\/nativainfo.com\/#\/schema\/logo\/image\/\",\"url\":\"https:\/\/nativainfo.com\/wp-content\/uploads\/2025\/08\/LOGO-NATIVA-FACE.jpg\",\"contentUrl\":\"https:\/\/nativainfo.com\/wp-content\/uploads\/2025\/08\/LOGO-NATIVA-FACE.jpg\",\"width\":400,\"height\":400,\"caption\":\"Nativa Info\"},\"image\":{\"@id\":\"https:\/\/nativainfo.com\/#\/schema\/logo\/image\/\"},\"sameAs\":[\"https:\/\/www.facebook.com\/profile.php?id=61578881597564\"]},{\"@type\":\"Person\",\"@id\":\"https:\/\/nativainfo.com\/#\/schema\/person\/24893b64a9cd564ddb5d102d36eb4b5c\",\"name\":\"Nativa Info\",\"image\":{\"@type\":\"ImageObject\",\"inLanguage\":\"es-AR\",\"@id\":\"https:\/\/nativainfo.com\/#\/schema\/person\/image\/\",\"url\":\"https:\/\/secure.gravatar.com\/avatar\/016fa1cf068d85136d938e1507b9b619cb766e2565cbb1faa1e571762460c785?s=96&d=mm&r=g\",\"contentUrl\":\"https:\/\/secure.gravatar.com\/avatar\/016fa1cf068d85136d938e1507b9b619cb766e2565cbb1faa1e571762460c785?s=96&d=mm&r=g\",\"caption\":\"Nativa Info\"},\"sameAs\":[\"http:\/\/nativainfo.com\"],\"url\":\"https:\/\/nativainfo.com\/?author=1\"}]}<\/script>\n<!-- \/ Yoast SEO plugin. -->","yoast_head_json":{"title":"Alejandro Sanz sum\u00f3 la sexta fecha en su llegada a la Argentina - Nativa Info","robots":{"index":"index","follow":"follow","max-snippet":"max-snippet:-1","max-image-preview":"max-image-preview:large","max-video-preview":"max-video-preview:-1"},"canonical":"https:\/\/nativainfo.com\/?p=3670","og_locale":"es_ES","og_type":"article","og_title":"Alejandro Sanz sum\u00f3 la sexta fecha en su llegada a la Argentina - Nativa Info","og_description":"La funci\u00f3n ser\u00e1 el 12 de mayo en el Movistar Arena y las entradas estar\u00e1n a la venta hoy viernes... Continue reading","og_url":"https:\/\/nativainfo.com\/?p=3670","og_site_name":"Nativa Info","article_publisher":"https:\/\/www.facebook.com\/profile.php?id=61578881597564","article_published_time":"2023-01-06T04:21:52+00:00","article_modified_time":"2023-01-06T04:21:55+00:00","og_image":[{"url":"http:\/\/nativainfo.com\/wp-content\/uploads\/2023\/01\/imagen_2023-01-06_012201637-1024x576.png","type":"","width":"","height":""}],"author":"Nativa Info","twitter_card":"summary_large_image","twitter_misc":{"Escrito por":"Nativa Info","Tiempo de lectura":"1 minuto"},"schema":{"@context":"https:\/\/schema.org","@graph":[{"@type":"Article","@id":"https:\/\/nativainfo.com\/?p=3670#article","isPartOf":{"@id":"https:\/\/nativainfo.com\/?p=3670"},"author":{"name":"Nativa Info","@id":"https:\/\/nativainfo.com\/#\/schema\/person\/24893b64a9cd564ddb5d102d36eb4b5c"},"headline":"Alejandro Sanz sum\u00f3 la sexta fecha en su llegada a la Argentina","datePublished":"2023-01-06T04:21:52+00:00","dateModified":"2023-01-06T04:21:55+00:00","mainEntityOfPage":{"@id":"https:\/\/nativainfo.com\/?p=3670"},"wordCount":251,"commentCount":0,"publisher":{"@id":"https:\/\/nativainfo.com\/#organization"},"image":{"@id":"https:\/\/nativainfo.com\/?p=3670#primaryimage"},"thumbnailUrl":"http:\/\/nativainfo.com\/wp-content\/uploads\/2023\/01\/imagen_2023-01-06_012201637-1024x576.png","articleSection":["M\u00fasica"],"inLanguage":"es-AR","potentialAction":[{"@type":"CommentAction","name":"Comment","target":["https:\/\/nativainfo.com\/?p=3670#respond"]}]},{"@type":"WebPage","@id":"https:\/\/nativainfo.com\/?p=3670","url":"https:\/\/nativainfo.com\/?p=3670","name":"Alejandro Sanz sum\u00f3 la sexta fecha en su llegada a la Argentina - Nativa Info","isPartOf":{"@id":"https:\/\/nativainfo.com\/#website"},"primaryImageOfPage":{"@id":"https:\/\/nativainfo.com\/?p=3670#primaryimage"},"image":{"@id":"https:\/\/nativainfo.com\/?p=3670#primaryimage"},"thumbnailUrl":"http:\/\/nativainfo.com\/wp-content\/uploads\/2023\/01\/imagen_2023-01-06_012201637-1024x576.png","datePublished":"2023-01-06T04:21:52+00:00","dateModified":"2023-01-06T04:21:55+00:00","breadcrumb":{"@id":"https:\/\/nativainfo.com\/?p=3670#breadcrumb"},"inLanguage":"es-AR","potentialAction":[{"@type":"ReadAction","target":["https:\/\/nativainfo.com\/?p=3670"]}]},{"@type":"ImageObject","inLanguage":"es-AR","@id":"https:\/\/nativainfo.com\/?p=3670#primaryimage","url":"https:\/\/nativainfo.com\/wp-content\/uploads\/2023\/01\/imagen_2023-01-06_012201637.png","contentUrl":"https:\/\/nativainfo.com\/wp-content\/uploads\/2023\/01\/imagen_2023-01-06_012201637.png","width":1200,"height":675},{"@type":"BreadcrumbList","@id":"https:\/\/nativainfo.com\/?p=3670#breadcrumb","itemListElement":[{"@type":"ListItem","position":1,"name":"Inicio","item":"https:\/\/nativainfo.com\/"},{"@type":"ListItem","position":2,"name":"Alejandro Sanz sum\u00f3 la sexta fecha en su llegada a la Argentina"}]},{"@type":"WebSite","@id":"https:\/\/nativainfo.com\/#website","url":"https:\/\/nativainfo.com\/","name":"Nativa Info","description":"Diario Digital","publisher":{"@id":"https:\/\/nativainfo.com\/#organization"},"potentialAction":[{"@type":"SearchAction","target":{"@type":"EntryPoint","urlTemplate":"https:\/\/nativainfo.com\/?s={search_term_string}"},"query-input":{"@type":"PropertyValueSpecification","valueRequired":true,"valueName":"search_term_string"}}],"inLanguage":"es-AR"},{"@type":"Organization","@id":"https:\/\/nativainfo.com\/#organization","name":"Nativa Info","url":"https:\/\/nativainfo.com\/","logo":{"@type":"ImageObject","inLanguage":"es-AR","@id":"https:\/\/nativainfo.com\/#\/schema\/logo\/image\/","url":"https:\/\/nativainfo.com\/wp-content\/uploads\/2025\/08\/LOGO-NATIVA-FACE.jpg","contentUrl":"https:\/\/nativainfo.com\/wp-content\/uploads\/2025\/08\/LOGO-NATIVA-FACE.jpg","width":400,"height":400,"caption":"Nativa Info"},"image":{"@id":"https:\/\/nativainfo.com\/#\/schema\/logo\/image\/"},"sameAs":["https:\/\/www.facebook.com\/profile.php?id=61578881597564"]},{"@type":"Person","@id":"https:\/\/nativainfo.com\/#\/schema\/person\/24893b64a9cd564ddb5d102d36eb4b5c","name":"Nativa Info","image":{"@type":"ImageObject","inLanguage":"es-AR","@id":"https:\/\/nativainfo.com\/#\/schema\/person\/image\/","url":"https:\/\/secure.gravatar.com\/avatar\/016fa1cf068d85136d938e1507b9b619cb766e2565cbb1faa1e571762460c785?s=96&d=mm&r=g","contentUrl":"https:\/\/secure.gravatar.com\/avatar\/016fa1cf068d85136d938e1507b9b619cb766e2565cbb1faa1e571762460c785?s=96&d=mm&r=g","caption":"Nativa Info"},"sameAs":["http:\/\/nativainfo.com"],"url":"https:\/\/nativainfo.com\/?author=1"}]}},"jetpack_publicize_connections":[],"_links":{"self":[{"href":"https:\/\/nativainfo.com\/index.php?rest_route=\/wp\/v2\/posts\/3670","targetHints":{"allow":["GET"]}}],"collection":[{"href":"https:\/\/nativainfo.com\/index.php?rest_route=\/wp\/v2\/posts"}],"about":[{"href":"https:\/\/nativainfo.com\/index.php?rest_route=\/wp\/v2\/types\/post"}],"author":[{"embeddable":true,"href":"https:\/\/nativainfo.com\/index.php?rest_route=\/wp\/v2\/users\/1"}],"replies":[{"embeddable":true,"href":"https:\/\/nativainfo.com\/index.php?rest_route=%2Fwp%2Fv2%2Fcomments&post=3670"}],"version-history":[{"count":1,"href":"https:\/\/nativainfo.com\/index.php?rest_route=\/wp\/v2\/posts\/3670\/revisions"}],"predecessor-version":[{"id":3675,"href":"https:\/\/nativainfo.com\/index.php?rest_route=\/wp\/v2\/posts\/3670\/revisions\/3675"}],"wp:attachment":[{"href":"https:\/\/nativainfo.com\/index.php?rest_route=%2Fwp%2Fv2%2Fmedia&parent=3670"}],"wp:term":[{"taxonomy":"category","embeddable":true,"href":"https:\/\/nativainfo.com\/index.php?rest_route=%2Fwp%2Fv2%2Fcategories&post=3670"},{"taxonomy":"post_tag","embeddable":true,"href":"https:\/\/nativainfo.com\/index.php?rest_route=%2Fwp%2Fv2%2Ftags&post=3670"}],"curies":[{"name":"wp","href":"https:\/\/api.w.org\/{rel}","templated":true}]}}