{"id":364,"date":"2020-07-17T07:00:00","date_gmt":"2020-07-17T10:00:00","guid":{"rendered":"https:\/\/nativainfo.com\/?p=364"},"modified":"2020-07-16T22:06:24","modified_gmt":"2020-07-17T01:06:24","slug":"la-facultad-de-ciencias-medicas-se-prepara-para-la-continuidad-del-ciclo-lectivo-2020","status":"publish","type":"post","link":"https:\/\/nativainfo.com\/?p=364","title":{"rendered":"La Facultad de Ciencias M\u00e9dicas se prepara para la continuidad del ciclo lectivo 2020"},"content":{"rendered":"\n<figure class=\"wp-block-image size-large\"><img fetchpriority=\"high\" decoding=\"async\" width=\"1024\" height=\"620\" src=\"https:\/\/nativainfo.com\/wp-content\/uploads\/2020\/07\/img_6570.jpg\" alt=\"\" class=\"wp-image-363\" srcset=\"https:\/\/nativainfo.com\/wp-content\/uploads\/2020\/07\/img_6570.jpg 1024w, https:\/\/nativainfo.com\/wp-content\/uploads\/2020\/07\/img_6570-300x182.jpg 300w, https:\/\/nativainfo.com\/wp-content\/uploads\/2020\/07\/img_6570-768x465.jpg 768w, https:\/\/nativainfo.com\/wp-content\/uploads\/2020\/07\/img_6570-578x350.jpg 578w, https:\/\/nativainfo.com\/wp-content\/uploads\/2020\/07\/img_6570-150x91.jpg 150w\" sizes=\"(max-width: 1024px) 100vw, 1024px\" \/><\/figure>\n\n\n\n<p>El Rector de Universidad Nacional de Santiago del Estero, Ing. H\u00e9ctor Paz, conjuntamente con el Decano Normalizador de la Facultad de Ciencias M\u00e9dicas (FCM) Med. Esp. Eduardo Allub, se reunieron con el Jefe de Gabinete de Ministros de la Provincia de Santiago del Estero, Sr. El\u00edas Su\u00e1rez a los fines de poner en su conocimiento el Protocolo para las evaluaciones recuperatorias y finalizaci\u00f3n del curso de ingreso 2020, que fuera interrumpido por el inicio del Aislamiento Social Preventivo y Obligatorio por la pandemia COVID-19 en la mencionada Facultad. <\/p>\n\n\n\n<p>Asimismo, cabe destacar que actualmente se encuentra en vigencia la Resoluci\u00f3n CS-UNSE N\u00ba 18, la cual pospone las actividades acad\u00e9micas que deb\u00edan iniciarse el 16 de marzo del a\u00f1o en curso. <\/p>\n\n\n\n<p>-Fuente: UNSE-<\/p>\n\n\n\n<p><\/p>\n","protected":false},"excerpt":{"rendered":"<p>El Rector de Universidad Nacional de Santiago del Estero, Ing. H\u00e9ctor Paz, conjuntamente con el Decano Normalizador de la Facultad&#8230; <a class=\"continue-reading-link\" href=\"https:\/\/nativainfo.com\/?p=364\">Continue reading<\/a><\/p>\n","protected":false},"author":1,"featured_media":0,"comment_status":"open","ping_status":"open","sticky":false,"template":"","format":"standard","meta":{"rop_custom_images_group":[],"rop_custom_messages_group":[],"rop_publish_now":"initial","rop_publish_now_accounts":[],"rop_publish_now_history":[],"rop_publish_now_status":"pending","footnotes":"","jetpack_publicize_message":"","jetpack_publicize_feature_enabled":true,"jetpack_social_post_already_shared":false,"jetpack_social_options":{"image_generator_settings":{"template":"highway","default_image_id":0,"font":"","enabled":false},"version":2}},"categories":[14,24,12],"tags":[],"class_list":["post-364","post","type-post","status-publish","format-standard","hentry","category-coronavirus","category-educacion","category-provincia"],"yoast_head":"<!-- This site is optimized with the Yoast SEO plugin v25.6 - https:\/\/yoast.com\/wordpress\/plugins\/seo\/ -->\n<title>La Facultad de Ciencias M\u00e9dicas se prepara para la continuidad del ciclo lectivo 2020 - Nativa Info<\/title>\n<meta name=\"robots\" content=\"index, follow, max-snippet:-1, max-image-preview:large, max-video-preview:-1\" \/>\n<link rel=\"canonical\" href=\"https:\/\/nativainfo.com\/?p=364\" \/>\n<meta property=\"og:locale\" content=\"es_ES\" \/>\n<meta property=\"og:type\" content=\"article\" \/>\n<meta property=\"og:title\" content=\"La Facultad de Ciencias M\u00e9dicas se prepara para la continuidad del ciclo lectivo 2020 - Nativa Info\" \/>\n<meta property=\"og:description\" content=\"El Rector de Universidad Nacional de Santiago del Estero, Ing. H\u00e9ctor Paz, conjuntamente con el Decano Normalizador de la Facultad... Continue reading\" \/>\n<meta property=\"og:url\" content=\"https:\/\/nativainfo.com\/?p=364\" \/>\n<meta property=\"og:site_name\" content=\"Nativa Info\" \/>\n<meta property=\"article:publisher\" content=\"https:\/\/www.facebook.com\/profile.php?id=61578881597564\" \/>\n<meta property=\"article:published_time\" content=\"2020-07-17T10:00:00+00:00\" \/>\n<meta property=\"og:image\" content=\"https:\/\/nativainfo.com\/wp-content\/uploads\/2020\/07\/img_6570.jpg\" \/>\n<meta name=\"author\" content=\"Nativa Info\" \/>\n<meta name=\"twitter:card\" content=\"summary_large_image\" \/>\n<meta name=\"twitter:label1\" content=\"Escrito por\" \/>\n\t<meta name=\"twitter:data1\" content=\"Nativa Info\" \/>\n\t<meta name=\"twitter:label2\" content=\"Tiempo de lectura\" \/>\n\t<meta name=\"twitter:data2\" content=\"1 minuto\" \/>\n<script type=\"application\/ld+json\" class=\"yoast-schema-graph\">{\"@context\":\"https:\/\/schema.org\",\"@graph\":[{\"@type\":\"Article\",\"@id\":\"https:\/\/nativainfo.com\/?p=364#article\",\"isPartOf\":{\"@id\":\"https:\/\/nativainfo.com\/?p=364\"},\"author\":{\"name\":\"Nativa Info\",\"@id\":\"https:\/\/nativainfo.com\/#\/schema\/person\/24893b64a9cd564ddb5d102d36eb4b5c\"},\"headline\":\"La Facultad de Ciencias M\u00e9dicas se prepara para la continuidad del ciclo lectivo 2020\",\"datePublished\":\"2020-07-17T10:00:00+00:00\",\"mainEntityOfPage\":{\"@id\":\"https:\/\/nativainfo.com\/?p=364\"},\"wordCount\":141,\"commentCount\":0,\"publisher\":{\"@id\":\"https:\/\/nativainfo.com\/#organization\"},\"image\":{\"@id\":\"https:\/\/nativainfo.com\/?p=364#primaryimage\"},\"thumbnailUrl\":\"https:\/\/nativainfo.com\/wp-content\/uploads\/2020\/07\/img_6570.jpg\",\"articleSection\":[\"Coronavirus\",\"Educaci\u00f3n\",\"Provincia\"],\"inLanguage\":\"es-AR\",\"potentialAction\":[{\"@type\":\"CommentAction\",\"name\":\"Comment\",\"target\":[\"https:\/\/nativainfo.com\/?p=364#respond\"]}]},{\"@type\":\"WebPage\",\"@id\":\"https:\/\/nativainfo.com\/?p=364\",\"url\":\"https:\/\/nativainfo.com\/?p=364\",\"name\":\"La Facultad de Ciencias M\u00e9dicas se prepara para la continuidad del ciclo lectivo 2020 - Nativa Info\",\"isPartOf\":{\"@id\":\"https:\/\/nativainfo.com\/#website\"},\"primaryImageOfPage\":{\"@id\":\"https:\/\/nativainfo.com\/?p=364#primaryimage\"},\"image\":{\"@id\":\"https:\/\/nativainfo.com\/?p=364#primaryimage\"},\"thumbnailUrl\":\"https:\/\/nativainfo.com\/wp-content\/uploads\/2020\/07\/img_6570.jpg\",\"datePublished\":\"2020-07-17T10:00:00+00:00\",\"breadcrumb\":{\"@id\":\"https:\/\/nativainfo.com\/?p=364#breadcrumb\"},\"inLanguage\":\"es-AR\",\"potentialAction\":[{\"@type\":\"ReadAction\",\"target\":[\"https:\/\/nativainfo.com\/?p=364\"]}]},{\"@type\":\"ImageObject\",\"inLanguage\":\"es-AR\",\"@id\":\"https:\/\/nativainfo.com\/?p=364#primaryimage\",\"url\":\"https:\/\/nativainfo.com\/wp-content\/uploads\/2020\/07\/img_6570.jpg\",\"contentUrl\":\"https:\/\/nativainfo.com\/wp-content\/uploads\/2020\/07\/img_6570.jpg\"},{\"@type\":\"BreadcrumbList\",\"@id\":\"https:\/\/nativainfo.com\/?p=364#breadcrumb\",\"itemListElement\":[{\"@type\":\"ListItem\",\"position\":1,\"name\":\"Inicio\",\"item\":\"https:\/\/nativainfo.com\/\"},{\"@type\":\"ListItem\",\"position\":2,\"name\":\"La Facultad de Ciencias M\u00e9dicas se prepara para la continuidad del ciclo lectivo 2020\"}]},{\"@type\":\"WebSite\",\"@id\":\"https:\/\/nativainfo.com\/#website\",\"url\":\"https:\/\/nativainfo.com\/\",\"name\":\"Nativa Info\",\"description\":\"Diario Digital\",\"publisher\":{\"@id\":\"https:\/\/nativainfo.com\/#organization\"},\"potentialAction\":[{\"@type\":\"SearchAction\",\"target\":{\"@type\":\"EntryPoint\",\"urlTemplate\":\"https:\/\/nativainfo.com\/?s={search_term_string}\"},\"query-input\":{\"@type\":\"PropertyValueSpecification\",\"valueRequired\":true,\"valueName\":\"search_term_string\"}}],\"inLanguage\":\"es-AR\"},{\"@type\":\"Organization\",\"@id\":\"https:\/\/nativainfo.com\/#organization\",\"name\":\"Nativa Info\",\"url\":\"https:\/\/nativainfo.com\/\",\"logo\":{\"@type\":\"ImageObject\",\"inLanguage\":\"es-AR\",\"@id\":\"https:\/\/nativainfo.com\/#\/schema\/logo\/image\/\",\"url\":\"https:\/\/nativainfo.com\/wp-content\/uploads\/2025\/08\/LOGO-NATIVA-FACE.jpg\",\"contentUrl\":\"https:\/\/nativainfo.com\/wp-content\/uploads\/2025\/08\/LOGO-NATIVA-FACE.jpg\",\"width\":400,\"height\":400,\"caption\":\"Nativa Info\"},\"image\":{\"@id\":\"https:\/\/nativainfo.com\/#\/schema\/logo\/image\/\"},\"sameAs\":[\"https:\/\/www.facebook.com\/profile.php?id=61578881597564\"]},{\"@type\":\"Person\",\"@id\":\"https:\/\/nativainfo.com\/#\/schema\/person\/24893b64a9cd564ddb5d102d36eb4b5c\",\"name\":\"Nativa Info\",\"image\":{\"@type\":\"ImageObject\",\"inLanguage\":\"es-AR\",\"@id\":\"https:\/\/nativainfo.com\/#\/schema\/person\/image\/\",\"url\":\"https:\/\/secure.gravatar.com\/avatar\/016fa1cf068d85136d938e1507b9b619cb766e2565cbb1faa1e571762460c785?s=96&d=mm&r=g\",\"contentUrl\":\"https:\/\/secure.gravatar.com\/avatar\/016fa1cf068d85136d938e1507b9b619cb766e2565cbb1faa1e571762460c785?s=96&d=mm&r=g\",\"caption\":\"Nativa Info\"},\"sameAs\":[\"http:\/\/nativainfo.com\"],\"url\":\"https:\/\/nativainfo.com\/?author=1\"}]}<\/script>\n<!-- \/ Yoast SEO plugin. -->","yoast_head_json":{"title":"La Facultad de Ciencias M\u00e9dicas se prepara para la continuidad del ciclo lectivo 2020 - Nativa Info","robots":{"index":"index","follow":"follow","max-snippet":"max-snippet:-1","max-image-preview":"max-image-preview:large","max-video-preview":"max-video-preview:-1"},"canonical":"https:\/\/nativainfo.com\/?p=364","og_locale":"es_ES","og_type":"article","og_title":"La Facultad de Ciencias M\u00e9dicas se prepara para la continuidad del ciclo lectivo 2020 - Nativa Info","og_description":"El Rector de Universidad Nacional de Santiago del Estero, Ing. H\u00e9ctor Paz, conjuntamente con el Decano Normalizador de la Facultad... Continue reading","og_url":"https:\/\/nativainfo.com\/?p=364","og_site_name":"Nativa Info","article_publisher":"https:\/\/www.facebook.com\/profile.php?id=61578881597564","article_published_time":"2020-07-17T10:00:00+00:00","og_image":[{"url":"https:\/\/nativainfo.com\/wp-content\/uploads\/2020\/07\/img_6570.jpg","type":"","width":"","height":""}],"author":"Nativa Info","twitter_card":"summary_large_image","twitter_misc":{"Escrito por":"Nativa Info","Tiempo de lectura":"1 minuto"},"schema":{"@context":"https:\/\/schema.org","@graph":[{"@type":"Article","@id":"https:\/\/nativainfo.com\/?p=364#article","isPartOf":{"@id":"https:\/\/nativainfo.com\/?p=364"},"author":{"name":"Nativa Info","@id":"https:\/\/nativainfo.com\/#\/schema\/person\/24893b64a9cd564ddb5d102d36eb4b5c"},"headline":"La Facultad de Ciencias M\u00e9dicas se prepara para la continuidad del ciclo lectivo 2020","datePublished":"2020-07-17T10:00:00+00:00","mainEntityOfPage":{"@id":"https:\/\/nativainfo.com\/?p=364"},"wordCount":141,"commentCount":0,"publisher":{"@id":"https:\/\/nativainfo.com\/#organization"},"image":{"@id":"https:\/\/nativainfo.com\/?p=364#primaryimage"},"thumbnailUrl":"https:\/\/nativainfo.com\/wp-content\/uploads\/2020\/07\/img_6570.jpg","articleSection":["Coronavirus","Educaci\u00f3n","Provincia"],"inLanguage":"es-AR","potentialAction":[{"@type":"CommentAction","name":"Comment","target":["https:\/\/nativainfo.com\/?p=364#respond"]}]},{"@type":"WebPage","@id":"https:\/\/nativainfo.com\/?p=364","url":"https:\/\/nativainfo.com\/?p=364","name":"La Facultad de Ciencias M\u00e9dicas se prepara para la continuidad del ciclo lectivo 2020 - Nativa Info","isPartOf":{"@id":"https:\/\/nativainfo.com\/#website"},"primaryImageOfPage":{"@id":"https:\/\/nativainfo.com\/?p=364#primaryimage"},"image":{"@id":"https:\/\/nativainfo.com\/?p=364#primaryimage"},"thumbnailUrl":"https:\/\/nativainfo.com\/wp-content\/uploads\/2020\/07\/img_6570.jpg","datePublished":"2020-07-17T10:00:00+00:00","breadcrumb":{"@id":"https:\/\/nativainfo.com\/?p=364#breadcrumb"},"inLanguage":"es-AR","potentialAction":[{"@type":"ReadAction","target":["https:\/\/nativainfo.com\/?p=364"]}]},{"@type":"ImageObject","inLanguage":"es-AR","@id":"https:\/\/nativainfo.com\/?p=364#primaryimage","url":"https:\/\/nativainfo.com\/wp-content\/uploads\/2020\/07\/img_6570.jpg","contentUrl":"https:\/\/nativainfo.com\/wp-content\/uploads\/2020\/07\/img_6570.jpg"},{"@type":"BreadcrumbList","@id":"https:\/\/nativainfo.com\/?p=364#breadcrumb","itemListElement":[{"@type":"ListItem","position":1,"name":"Inicio","item":"https:\/\/nativainfo.com\/"},{"@type":"ListItem","position":2,"name":"La Facultad de Ciencias M\u00e9dicas se prepara para la continuidad del ciclo lectivo 2020"}]},{"@type":"WebSite","@id":"https:\/\/nativainfo.com\/#website","url":"https:\/\/nativainfo.com\/","name":"Nativa Info","description":"Diario Digital","publisher":{"@id":"https:\/\/nativainfo.com\/#organization"},"potentialAction":[{"@type":"SearchAction","target":{"@type":"EntryPoint","urlTemplate":"https:\/\/nativainfo.com\/?s={search_term_string}"},"query-input":{"@type":"PropertyValueSpecification","valueRequired":true,"valueName":"search_term_string"}}],"inLanguage":"es-AR"},{"@type":"Organization","@id":"https:\/\/nativainfo.com\/#organization","name":"Nativa Info","url":"https:\/\/nativainfo.com\/","logo":{"@type":"ImageObject","inLanguage":"es-AR","@id":"https:\/\/nativainfo.com\/#\/schema\/logo\/image\/","url":"https:\/\/nativainfo.com\/wp-content\/uploads\/2025\/08\/LOGO-NATIVA-FACE.jpg","contentUrl":"https:\/\/nativainfo.com\/wp-content\/uploads\/2025\/08\/LOGO-NATIVA-FACE.jpg","width":400,"height":400,"caption":"Nativa Info"},"image":{"@id":"https:\/\/nativainfo.com\/#\/schema\/logo\/image\/"},"sameAs":["https:\/\/www.facebook.com\/profile.php?id=61578881597564"]},{"@type":"Person","@id":"https:\/\/nativainfo.com\/#\/schema\/person\/24893b64a9cd564ddb5d102d36eb4b5c","name":"Nativa Info","image":{"@type":"ImageObject","inLanguage":"es-AR","@id":"https:\/\/nativainfo.com\/#\/schema\/person\/image\/","url":"https:\/\/secure.gravatar.com\/avatar\/016fa1cf068d85136d938e1507b9b619cb766e2565cbb1faa1e571762460c785?s=96&d=mm&r=g","contentUrl":"https:\/\/secure.gravatar.com\/avatar\/016fa1cf068d85136d938e1507b9b619cb766e2565cbb1faa1e571762460c785?s=96&d=mm&r=g","caption":"Nativa Info"},"sameAs":["http:\/\/nativainfo.com"],"url":"https:\/\/nativainfo.com\/?author=1"}]}},"jetpack_publicize_connections":[],"_links":{"self":[{"href":"https:\/\/nativainfo.com\/index.php?rest_route=\/wp\/v2\/posts\/364","targetHints":{"allow":["GET"]}}],"collection":[{"href":"https:\/\/nativainfo.com\/index.php?rest_route=\/wp\/v2\/posts"}],"about":[{"href":"https:\/\/nativainfo.com\/index.php?rest_route=\/wp\/v2\/types\/post"}],"author":[{"embeddable":true,"href":"https:\/\/nativainfo.com\/index.php?rest_route=\/wp\/v2\/users\/1"}],"replies":[{"embeddable":true,"href":"https:\/\/nativainfo.com\/index.php?rest_route=%2Fwp%2Fv2%2Fcomments&post=364"}],"version-history":[{"count":2,"href":"https:\/\/nativainfo.com\/index.php?rest_route=\/wp\/v2\/posts\/364\/revisions"}],"predecessor-version":[{"id":366,"href":"https:\/\/nativainfo.com\/index.php?rest_route=\/wp\/v2\/posts\/364\/revisions\/366"}],"wp:attachment":[{"href":"https:\/\/nativainfo.com\/index.php?rest_route=%2Fwp%2Fv2%2Fmedia&parent=364"}],"wp:term":[{"taxonomy":"category","embeddable":true,"href":"https:\/\/nativainfo.com\/index.php?rest_route=%2Fwp%2Fv2%2Fcategories&post=364"},{"taxonomy":"post_tag","embeddable":true,"href":"https:\/\/nativainfo.com\/index.php?rest_route=%2Fwp%2Fv2%2Ftags&post=364"}],"curies":[{"name":"wp","href":"https:\/\/api.w.org\/{rel}","templated":true}]}}