{"id":3639,"date":"2022-12-17T01:16:31","date_gmt":"2022-12-17T04:16:31","guid":{"rendered":"http:\/\/nativainfo.com\/?p=3639"},"modified":"2022-12-17T01:16:35","modified_gmt":"2022-12-17T04:16:35","slug":"bombazo-de-river-en-el-mercado-de-pases-se-confirmo-el-regreso-de-nacho-fernandez","status":"publish","type":"post","link":"https:\/\/nativainfo.com\/?p=3639","title":{"rendered":"Bombazo de River en el mercado de pases: se confirm\u00f3 el regreso de Nacho Fern\u00e1ndez"},"content":{"rendered":"\n<p>El volante volver\u00e1 a ponerse la banda roja y Demichelis suma un refuerzo de lujo.<\/p>\n\n\n\n<figure class=\"wp-block-image size-large\"><img fetchpriority=\"high\" decoding=\"async\" width=\"1010\" height=\"567\" src=\"http:\/\/nativainfo.com\/wp-content\/uploads\/2022\/12\/imagen_2022-12-17_011637891.png\" alt=\"\" class=\"wp-image-3644\" srcset=\"https:\/\/nativainfo.com\/wp-content\/uploads\/2022\/12\/imagen_2022-12-17_011637891.png 1010w, https:\/\/nativainfo.com\/wp-content\/uploads\/2022\/12\/imagen_2022-12-17_011637891-300x168.png 300w, https:\/\/nativainfo.com\/wp-content\/uploads\/2022\/12\/imagen_2022-12-17_011637891-768x431.png 768w, https:\/\/nativainfo.com\/wp-content\/uploads\/2022\/12\/imagen_2022-12-17_011637891-623x350.png 623w, https:\/\/nativainfo.com\/wp-content\/uploads\/2022\/12\/imagen_2022-12-17_011637891-150x84.png 150w\" sizes=\"(max-width: 1010px) 100vw, 1010px\" \/><\/figure>\n\n\n\n<p>Pasaron dos a\u00f1os desde su partida, pero la esperanza de volver a verlo con la<strong>&nbsp;Banda Roja<\/strong>&nbsp;siempre estuvo latente en&nbsp;<strong>N\u00fa\u00f1ez<\/strong>, donde<strong>&nbsp;Ignacio Fern\u00e1ndez<\/strong>&nbsp;dej\u00f3 una marca indeleble en su primer ciclo. Tras un par temporadas en&nbsp;<strong>Atl\u00e9tico Mineiro,&nbsp;<\/strong>solo falta la firma para que el mediocampista vuelva a&nbsp;<strong>River<\/strong>.<\/p>\n\n\n\n<p>Mientras&nbsp;<strong>Mart\u00edn Demichelis<\/strong>&nbsp;trabaja con su plantel en&nbsp;<strong>San Luis,<\/strong>&nbsp;ya pudo sumar a&nbsp;<strong>Mat\u00edas Kranevitter<\/strong>&nbsp;y ahora otro campe\u00f3n de&nbsp;<strong>Am\u00e9rica&nbsp;<\/strong>con el&nbsp;<strong>Millonario&nbsp;<\/strong>se incorporar\u00e1 para reforzar al equipo en la faceta de la generaci\u00f3n de juego.<\/p>\n\n\n\n<p><strong>Nacho&nbsp;<\/strong>logr\u00f3 en su paso por el&nbsp;<strong>Galo&nbsp;<\/strong>un&nbsp;<strong>Brasileirao<\/strong>, una&nbsp;<strong>Copa de Brasil y dos Campeonatos Mineiros<\/strong>, adem\u00e1s de ser uno de los l\u00edderes futbol\u00edsticos del conjunto de&nbsp;<strong>Belo Horizonte.<\/strong><\/p>\n","protected":false},"excerpt":{"rendered":"<p>El volante volver\u00e1 a ponerse la banda roja y Demichelis suma un refuerzo de lujo. Pasaron dos a\u00f1os desde su&#8230; <a class=\"continue-reading-link\" href=\"https:\/\/nativainfo.com\/?p=3639\">Continue reading<\/a><\/p>\n","protected":false},"author":1,"featured_media":0,"comment_status":"open","ping_status":"open","sticky":false,"template":"","format":"standard","meta":{"rop_custom_images_group":[],"rop_custom_messages_group":[],"rop_publish_now":"initial","rop_publish_now_accounts":[],"rop_publish_now_history":[],"rop_publish_now_status":"pending","footnotes":"","jetpack_publicize_message":"","jetpack_publicize_feature_enabled":true,"jetpack_social_post_already_shared":false,"jetpack_social_options":{"image_generator_settings":{"template":"highway","default_image_id":0,"font":"","enabled":false},"version":2}},"categories":[41],"tags":[],"class_list":["post-3639","post","type-post","status-publish","format-standard","hentry","category-futbol"],"yoast_head":"<!-- This site is optimized with the Yoast SEO plugin v25.6 - https:\/\/yoast.com\/wordpress\/plugins\/seo\/ -->\n<title>Bombazo de River en el mercado de pases: se confirm\u00f3 el regreso de Nacho Fern\u00e1ndez - Nativa Info<\/title>\n<meta name=\"robots\" content=\"index, follow, max-snippet:-1, max-image-preview:large, max-video-preview:-1\" \/>\n<link rel=\"canonical\" href=\"https:\/\/nativainfo.com\/?p=3639\" \/>\n<meta property=\"og:locale\" content=\"es_ES\" \/>\n<meta property=\"og:type\" content=\"article\" \/>\n<meta property=\"og:title\" content=\"Bombazo de River en el mercado de pases: se confirm\u00f3 el regreso de Nacho Fern\u00e1ndez - Nativa Info\" \/>\n<meta property=\"og:description\" content=\"El volante volver\u00e1 a ponerse la banda roja y Demichelis suma un refuerzo de lujo. Pasaron dos a\u00f1os desde su... Continue reading\" \/>\n<meta property=\"og:url\" content=\"https:\/\/nativainfo.com\/?p=3639\" \/>\n<meta property=\"og:site_name\" content=\"Nativa Info\" \/>\n<meta property=\"article:publisher\" content=\"https:\/\/www.facebook.com\/profile.php?id=61578881597564\" \/>\n<meta property=\"article:published_time\" content=\"2022-12-17T04:16:31+00:00\" \/>\n<meta property=\"article:modified_time\" content=\"2022-12-17T04:16:35+00:00\" \/>\n<meta property=\"og:image\" content=\"http:\/\/nativainfo.com\/wp-content\/uploads\/2022\/12\/imagen_2022-12-17_011637891.png\" \/>\n<meta name=\"author\" content=\"Nativa Info\" \/>\n<meta name=\"twitter:card\" content=\"summary_large_image\" \/>\n<meta name=\"twitter:label1\" content=\"Escrito por\" \/>\n\t<meta name=\"twitter:data1\" content=\"Nativa Info\" \/>\n\t<meta name=\"twitter:label2\" content=\"Tiempo de lectura\" \/>\n\t<meta name=\"twitter:data2\" content=\"1 minuto\" \/>\n<script type=\"application\/ld+json\" class=\"yoast-schema-graph\">{\"@context\":\"https:\/\/schema.org\",\"@graph\":[{\"@type\":\"Article\",\"@id\":\"https:\/\/nativainfo.com\/?p=3639#article\",\"isPartOf\":{\"@id\":\"https:\/\/nativainfo.com\/?p=3639\"},\"author\":{\"name\":\"Nativa Info\",\"@id\":\"https:\/\/nativainfo.com\/#\/schema\/person\/24893b64a9cd564ddb5d102d36eb4b5c\"},\"headline\":\"Bombazo de River en el mercado de pases: se confirm\u00f3 el regreso de Nacho Fern\u00e1ndez\",\"datePublished\":\"2022-12-17T04:16:31+00:00\",\"dateModified\":\"2022-12-17T04:16:35+00:00\",\"mainEntityOfPage\":{\"@id\":\"https:\/\/nativainfo.com\/?p=3639\"},\"wordCount\":188,\"commentCount\":0,\"publisher\":{\"@id\":\"https:\/\/nativainfo.com\/#organization\"},\"image\":{\"@id\":\"https:\/\/nativainfo.com\/?p=3639#primaryimage\"},\"thumbnailUrl\":\"http:\/\/nativainfo.com\/wp-content\/uploads\/2022\/12\/imagen_2022-12-17_011637891.png\",\"articleSection\":[\"F\u00fatbol\"],\"inLanguage\":\"es-AR\",\"potentialAction\":[{\"@type\":\"CommentAction\",\"name\":\"Comment\",\"target\":[\"https:\/\/nativainfo.com\/?p=3639#respond\"]}]},{\"@type\":\"WebPage\",\"@id\":\"https:\/\/nativainfo.com\/?p=3639\",\"url\":\"https:\/\/nativainfo.com\/?p=3639\",\"name\":\"Bombazo de River en el mercado de pases: se confirm\u00f3 el regreso de Nacho Fern\u00e1ndez - Nativa Info\",\"isPartOf\":{\"@id\":\"https:\/\/nativainfo.com\/#website\"},\"primaryImageOfPage\":{\"@id\":\"https:\/\/nativainfo.com\/?p=3639#primaryimage\"},\"image\":{\"@id\":\"https:\/\/nativainfo.com\/?p=3639#primaryimage\"},\"thumbnailUrl\":\"http:\/\/nativainfo.com\/wp-content\/uploads\/2022\/12\/imagen_2022-12-17_011637891.png\",\"datePublished\":\"2022-12-17T04:16:31+00:00\",\"dateModified\":\"2022-12-17T04:16:35+00:00\",\"breadcrumb\":{\"@id\":\"https:\/\/nativainfo.com\/?p=3639#breadcrumb\"},\"inLanguage\":\"es-AR\",\"potentialAction\":[{\"@type\":\"ReadAction\",\"target\":[\"https:\/\/nativainfo.com\/?p=3639\"]}]},{\"@type\":\"ImageObject\",\"inLanguage\":\"es-AR\",\"@id\":\"https:\/\/nativainfo.com\/?p=3639#primaryimage\",\"url\":\"https:\/\/nativainfo.com\/wp-content\/uploads\/2022\/12\/imagen_2022-12-17_011637891.png\",\"contentUrl\":\"https:\/\/nativainfo.com\/wp-content\/uploads\/2022\/12\/imagen_2022-12-17_011637891.png\",\"width\":1010,\"height\":567},{\"@type\":\"BreadcrumbList\",\"@id\":\"https:\/\/nativainfo.com\/?p=3639#breadcrumb\",\"itemListElement\":[{\"@type\":\"ListItem\",\"position\":1,\"name\":\"Inicio\",\"item\":\"https:\/\/nativainfo.com\/\"},{\"@type\":\"ListItem\",\"position\":2,\"name\":\"Bombazo de River en el mercado de pases: se confirm\u00f3 el regreso de Nacho Fern\u00e1ndez\"}]},{\"@type\":\"WebSite\",\"@id\":\"https:\/\/nativainfo.com\/#website\",\"url\":\"https:\/\/nativainfo.com\/\",\"name\":\"Nativa Info\",\"description\":\"Diario Digital\",\"publisher\":{\"@id\":\"https:\/\/nativainfo.com\/#organization\"},\"potentialAction\":[{\"@type\":\"SearchAction\",\"target\":{\"@type\":\"EntryPoint\",\"urlTemplate\":\"https:\/\/nativainfo.com\/?s={search_term_string}\"},\"query-input\":{\"@type\":\"PropertyValueSpecification\",\"valueRequired\":true,\"valueName\":\"search_term_string\"}}],\"inLanguage\":\"es-AR\"},{\"@type\":\"Organization\",\"@id\":\"https:\/\/nativainfo.com\/#organization\",\"name\":\"Nativa Info\",\"url\":\"https:\/\/nativainfo.com\/\",\"logo\":{\"@type\":\"ImageObject\",\"inLanguage\":\"es-AR\",\"@id\":\"https:\/\/nativainfo.com\/#\/schema\/logo\/image\/\",\"url\":\"https:\/\/nativainfo.com\/wp-content\/uploads\/2025\/08\/LOGO-NATIVA-FACE.jpg\",\"contentUrl\":\"https:\/\/nativainfo.com\/wp-content\/uploads\/2025\/08\/LOGO-NATIVA-FACE.jpg\",\"width\":400,\"height\":400,\"caption\":\"Nativa Info\"},\"image\":{\"@id\":\"https:\/\/nativainfo.com\/#\/schema\/logo\/image\/\"},\"sameAs\":[\"https:\/\/www.facebook.com\/profile.php?id=61578881597564\"]},{\"@type\":\"Person\",\"@id\":\"https:\/\/nativainfo.com\/#\/schema\/person\/24893b64a9cd564ddb5d102d36eb4b5c\",\"name\":\"Nativa Info\",\"image\":{\"@type\":\"ImageObject\",\"inLanguage\":\"es-AR\",\"@id\":\"https:\/\/nativainfo.com\/#\/schema\/person\/image\/\",\"url\":\"https:\/\/secure.gravatar.com\/avatar\/016fa1cf068d85136d938e1507b9b619cb766e2565cbb1faa1e571762460c785?s=96&d=mm&r=g\",\"contentUrl\":\"https:\/\/secure.gravatar.com\/avatar\/016fa1cf068d85136d938e1507b9b619cb766e2565cbb1faa1e571762460c785?s=96&d=mm&r=g\",\"caption\":\"Nativa Info\"},\"sameAs\":[\"http:\/\/nativainfo.com\"],\"url\":\"https:\/\/nativainfo.com\/?author=1\"}]}<\/script>\n<!-- \/ Yoast SEO plugin. -->","yoast_head_json":{"title":"Bombazo de River en el mercado de pases: se confirm\u00f3 el regreso de Nacho Fern\u00e1ndez - Nativa Info","robots":{"index":"index","follow":"follow","max-snippet":"max-snippet:-1","max-image-preview":"max-image-preview:large","max-video-preview":"max-video-preview:-1"},"canonical":"https:\/\/nativainfo.com\/?p=3639","og_locale":"es_ES","og_type":"article","og_title":"Bombazo de River en el mercado de pases: se confirm\u00f3 el regreso de Nacho Fern\u00e1ndez - Nativa Info","og_description":"El volante volver\u00e1 a ponerse la banda roja y Demichelis suma un refuerzo de lujo. Pasaron dos a\u00f1os desde su... Continue reading","og_url":"https:\/\/nativainfo.com\/?p=3639","og_site_name":"Nativa Info","article_publisher":"https:\/\/www.facebook.com\/profile.php?id=61578881597564","article_published_time":"2022-12-17T04:16:31+00:00","article_modified_time":"2022-12-17T04:16:35+00:00","og_image":[{"url":"http:\/\/nativainfo.com\/wp-content\/uploads\/2022\/12\/imagen_2022-12-17_011637891.png","type":"","width":"","height":""}],"author":"Nativa Info","twitter_card":"summary_large_image","twitter_misc":{"Escrito por":"Nativa Info","Tiempo de lectura":"1 minuto"},"schema":{"@context":"https:\/\/schema.org","@graph":[{"@type":"Article","@id":"https:\/\/nativainfo.com\/?p=3639#article","isPartOf":{"@id":"https:\/\/nativainfo.com\/?p=3639"},"author":{"name":"Nativa Info","@id":"https:\/\/nativainfo.com\/#\/schema\/person\/24893b64a9cd564ddb5d102d36eb4b5c"},"headline":"Bombazo de River en el mercado de pases: se confirm\u00f3 el regreso de Nacho Fern\u00e1ndez","datePublished":"2022-12-17T04:16:31+00:00","dateModified":"2022-12-17T04:16:35+00:00","mainEntityOfPage":{"@id":"https:\/\/nativainfo.com\/?p=3639"},"wordCount":188,"commentCount":0,"publisher":{"@id":"https:\/\/nativainfo.com\/#organization"},"image":{"@id":"https:\/\/nativainfo.com\/?p=3639#primaryimage"},"thumbnailUrl":"http:\/\/nativainfo.com\/wp-content\/uploads\/2022\/12\/imagen_2022-12-17_011637891.png","articleSection":["F\u00fatbol"],"inLanguage":"es-AR","potentialAction":[{"@type":"CommentAction","name":"Comment","target":["https:\/\/nativainfo.com\/?p=3639#respond"]}]},{"@type":"WebPage","@id":"https:\/\/nativainfo.com\/?p=3639","url":"https:\/\/nativainfo.com\/?p=3639","name":"Bombazo de River en el mercado de pases: se confirm\u00f3 el regreso de Nacho Fern\u00e1ndez - Nativa Info","isPartOf":{"@id":"https:\/\/nativainfo.com\/#website"},"primaryImageOfPage":{"@id":"https:\/\/nativainfo.com\/?p=3639#primaryimage"},"image":{"@id":"https:\/\/nativainfo.com\/?p=3639#primaryimage"},"thumbnailUrl":"http:\/\/nativainfo.com\/wp-content\/uploads\/2022\/12\/imagen_2022-12-17_011637891.png","datePublished":"2022-12-17T04:16:31+00:00","dateModified":"2022-12-17T04:16:35+00:00","breadcrumb":{"@id":"https:\/\/nativainfo.com\/?p=3639#breadcrumb"},"inLanguage":"es-AR","potentialAction":[{"@type":"ReadAction","target":["https:\/\/nativainfo.com\/?p=3639"]}]},{"@type":"ImageObject","inLanguage":"es-AR","@id":"https:\/\/nativainfo.com\/?p=3639#primaryimage","url":"https:\/\/nativainfo.com\/wp-content\/uploads\/2022\/12\/imagen_2022-12-17_011637891.png","contentUrl":"https:\/\/nativainfo.com\/wp-content\/uploads\/2022\/12\/imagen_2022-12-17_011637891.png","width":1010,"height":567},{"@type":"BreadcrumbList","@id":"https:\/\/nativainfo.com\/?p=3639#breadcrumb","itemListElement":[{"@type":"ListItem","position":1,"name":"Inicio","item":"https:\/\/nativainfo.com\/"},{"@type":"ListItem","position":2,"name":"Bombazo de River en el mercado de pases: se confirm\u00f3 el regreso de Nacho Fern\u00e1ndez"}]},{"@type":"WebSite","@id":"https:\/\/nativainfo.com\/#website","url":"https:\/\/nativainfo.com\/","name":"Nativa Info","description":"Diario Digital","publisher":{"@id":"https:\/\/nativainfo.com\/#organization"},"potentialAction":[{"@type":"SearchAction","target":{"@type":"EntryPoint","urlTemplate":"https:\/\/nativainfo.com\/?s={search_term_string}"},"query-input":{"@type":"PropertyValueSpecification","valueRequired":true,"valueName":"search_term_string"}}],"inLanguage":"es-AR"},{"@type":"Organization","@id":"https:\/\/nativainfo.com\/#organization","name":"Nativa Info","url":"https:\/\/nativainfo.com\/","logo":{"@type":"ImageObject","inLanguage":"es-AR","@id":"https:\/\/nativainfo.com\/#\/schema\/logo\/image\/","url":"https:\/\/nativainfo.com\/wp-content\/uploads\/2025\/08\/LOGO-NATIVA-FACE.jpg","contentUrl":"https:\/\/nativainfo.com\/wp-content\/uploads\/2025\/08\/LOGO-NATIVA-FACE.jpg","width":400,"height":400,"caption":"Nativa Info"},"image":{"@id":"https:\/\/nativainfo.com\/#\/schema\/logo\/image\/"},"sameAs":["https:\/\/www.facebook.com\/profile.php?id=61578881597564"]},{"@type":"Person","@id":"https:\/\/nativainfo.com\/#\/schema\/person\/24893b64a9cd564ddb5d102d36eb4b5c","name":"Nativa Info","image":{"@type":"ImageObject","inLanguage":"es-AR","@id":"https:\/\/nativainfo.com\/#\/schema\/person\/image\/","url":"https:\/\/secure.gravatar.com\/avatar\/016fa1cf068d85136d938e1507b9b619cb766e2565cbb1faa1e571762460c785?s=96&d=mm&r=g","contentUrl":"https:\/\/secure.gravatar.com\/avatar\/016fa1cf068d85136d938e1507b9b619cb766e2565cbb1faa1e571762460c785?s=96&d=mm&r=g","caption":"Nativa Info"},"sameAs":["http:\/\/nativainfo.com"],"url":"https:\/\/nativainfo.com\/?author=1"}]}},"jetpack_publicize_connections":[],"_links":{"self":[{"href":"https:\/\/nativainfo.com\/index.php?rest_route=\/wp\/v2\/posts\/3639","targetHints":{"allow":["GET"]}}],"collection":[{"href":"https:\/\/nativainfo.com\/index.php?rest_route=\/wp\/v2\/posts"}],"about":[{"href":"https:\/\/nativainfo.com\/index.php?rest_route=\/wp\/v2\/types\/post"}],"author":[{"embeddable":true,"href":"https:\/\/nativainfo.com\/index.php?rest_route=\/wp\/v2\/users\/1"}],"replies":[{"embeddable":true,"href":"https:\/\/nativainfo.com\/index.php?rest_route=%2Fwp%2Fv2%2Fcomments&post=3639"}],"version-history":[{"count":1,"href":"https:\/\/nativainfo.com\/index.php?rest_route=\/wp\/v2\/posts\/3639\/revisions"}],"predecessor-version":[{"id":3645,"href":"https:\/\/nativainfo.com\/index.php?rest_route=\/wp\/v2\/posts\/3639\/revisions\/3645"}],"wp:attachment":[{"href":"https:\/\/nativainfo.com\/index.php?rest_route=%2Fwp%2Fv2%2Fmedia&parent=3639"}],"wp:term":[{"taxonomy":"category","embeddable":true,"href":"https:\/\/nativainfo.com\/index.php?rest_route=%2Fwp%2Fv2%2Fcategories&post=3639"},{"taxonomy":"post_tag","embeddable":true,"href":"https:\/\/nativainfo.com\/index.php?rest_route=%2Fwp%2Fv2%2Ftags&post=3639"}],"curies":[{"name":"wp","href":"https:\/\/api.w.org\/{rel}","templated":true}]}}