{"id":3542,"date":"2022-10-27T01:37:23","date_gmt":"2022-10-27T04:37:23","guid":{"rendered":"http:\/\/nativainfo.com\/?p=3542"},"modified":"2022-10-27T01:37:25","modified_gmt":"2022-10-27T04:37:25","slug":"la-exhibicion-de-la-indycar-en-termas-de-rio-hondo-sera-por-la-tarde","status":"publish","type":"post","link":"https:\/\/nativainfo.com\/?p=3542","title":{"rendered":"La exhibici\u00f3n de la IndyCar en Termas de R\u00edo Hondo ser\u00e1 por la tarde"},"content":{"rendered":"\n<p>En las \u00faltimas horas se avanzaron en detalles organizativos del test que se llevar\u00e1 a cabo el pr\u00f3ximo 9 de noviembre.<\/p>\n\n\n\n<figure class=\"wp-block-image size-large\"><img fetchpriority=\"high\" decoding=\"async\" width=\"1010\" height=\"567\" src=\"http:\/\/nativainfo.com\/wp-content\/uploads\/2022\/10\/imagen_2022-10-27_013712676.png\" alt=\"\" class=\"wp-image-3546\" srcset=\"https:\/\/nativainfo.com\/wp-content\/uploads\/2022\/10\/imagen_2022-10-27_013712676.png 1010w, https:\/\/nativainfo.com\/wp-content\/uploads\/2022\/10\/imagen_2022-10-27_013712676-300x168.png 300w, https:\/\/nativainfo.com\/wp-content\/uploads\/2022\/10\/imagen_2022-10-27_013712676-768x431.png 768w, https:\/\/nativainfo.com\/wp-content\/uploads\/2022\/10\/imagen_2022-10-27_013712676-623x350.png 623w, https:\/\/nativainfo.com\/wp-content\/uploads\/2022\/10\/imagen_2022-10-27_013712676-150x84.png 150w\" sizes=\"(max-width: 1010px) 100vw, 1010px\" \/><\/figure>\n\n\n\n<p>El Secretario Ejecutivo del Inprotur, Ricardo Sosa, se reuni\u00f3 en Buenos Aires con Ricardo Juncos, titular de Juncos Racing, el equipo al cual pertenece el auto de la IndyCar que estar\u00e1 realizando una exhibici\u00f3n test en el aut\u00f3dromo internacional de Termas de R\u00edo Hondo el pr\u00f3ximo 9 de noviembre para avanzar en algunos detalles organizativos del evento que lleva adelante el Gobierno de la Provincia de Santiago del Estero.<\/p>\n\n\n\n<p>&nbsp;En ese contexto, se estableci\u00f3 que el horario de las actividades ser\u00e1 vespertino, mientras que la actividad central de exhibici\u00f3n se concentrar\u00e1 alrededor de las 17, mientras que antes y despu\u00e9s habr\u00e1 diferentes actividades recreativas y tur\u00edsticas.<\/p>\n","protected":false},"excerpt":{"rendered":"<p>En las \u00faltimas horas se avanzaron en detalles organizativos del test que se llevar\u00e1 a cabo el pr\u00f3ximo 9 de&#8230; <a class=\"continue-reading-link\" href=\"https:\/\/nativainfo.com\/?p=3542\">Continue reading<\/a><\/p>\n","protected":false},"author":1,"featured_media":0,"comment_status":"open","ping_status":"open","sticky":false,"template":"","format":"standard","meta":{"rop_custom_images_group":[],"rop_custom_messages_group":[],"rop_publish_now":"initial","rop_publish_now_accounts":[],"rop_publish_now_history":[],"rop_publish_now_status":"pending","footnotes":"","jetpack_publicize_message":"","jetpack_publicize_feature_enabled":true,"jetpack_social_post_already_shared":false,"jetpack_social_options":{"image_generator_settings":{"template":"highway","default_image_id":0,"font":"","enabled":false},"version":2}},"categories":[8,19],"tags":[],"class_list":["post-3542","post","type-post","status-publish","format-standard","hentry","category-noticias","category-turismo"],"yoast_head":"<!-- This site is optimized with the Yoast SEO plugin v25.6 - https:\/\/yoast.com\/wordpress\/plugins\/seo\/ -->\n<title>La exhibici\u00f3n de la IndyCar en Termas de R\u00edo Hondo ser\u00e1 por la tarde - Nativa Info<\/title>\n<meta name=\"robots\" content=\"index, follow, max-snippet:-1, max-image-preview:large, max-video-preview:-1\" \/>\n<link rel=\"canonical\" href=\"https:\/\/nativainfo.com\/?p=3542\" \/>\n<meta property=\"og:locale\" content=\"es_ES\" \/>\n<meta property=\"og:type\" content=\"article\" \/>\n<meta property=\"og:title\" content=\"La exhibici\u00f3n de la IndyCar en Termas de R\u00edo Hondo ser\u00e1 por la tarde - Nativa Info\" \/>\n<meta property=\"og:description\" content=\"En las \u00faltimas horas se avanzaron en detalles organizativos del test que se llevar\u00e1 a cabo el pr\u00f3ximo 9 de... Continue reading\" \/>\n<meta property=\"og:url\" content=\"https:\/\/nativainfo.com\/?p=3542\" \/>\n<meta property=\"og:site_name\" content=\"Nativa Info\" \/>\n<meta property=\"article:publisher\" content=\"https:\/\/www.facebook.com\/profile.php?id=61578881597564\" \/>\n<meta property=\"article:published_time\" content=\"2022-10-27T04:37:23+00:00\" \/>\n<meta property=\"article:modified_time\" content=\"2022-10-27T04:37:25+00:00\" \/>\n<meta property=\"og:image\" content=\"http:\/\/nativainfo.com\/wp-content\/uploads\/2022\/10\/imagen_2022-10-27_013712676.png\" \/>\n<meta name=\"author\" content=\"Nativa Info\" \/>\n<meta name=\"twitter:card\" content=\"summary_large_image\" \/>\n<meta name=\"twitter:label1\" content=\"Escrito por\" \/>\n\t<meta name=\"twitter:data1\" content=\"Nativa Info\" \/>\n\t<meta name=\"twitter:label2\" content=\"Tiempo de lectura\" \/>\n\t<meta name=\"twitter:data2\" content=\"1 minuto\" \/>\n<script type=\"application\/ld+json\" class=\"yoast-schema-graph\">{\"@context\":\"https:\/\/schema.org\",\"@graph\":[{\"@type\":\"Article\",\"@id\":\"https:\/\/nativainfo.com\/?p=3542#article\",\"isPartOf\":{\"@id\":\"https:\/\/nativainfo.com\/?p=3542\"},\"author\":{\"name\":\"Nativa Info\",\"@id\":\"https:\/\/nativainfo.com\/#\/schema\/person\/24893b64a9cd564ddb5d102d36eb4b5c\"},\"headline\":\"La exhibici\u00f3n de la IndyCar en Termas de R\u00edo Hondo ser\u00e1 por la tarde\",\"datePublished\":\"2022-10-27T04:37:23+00:00\",\"dateModified\":\"2022-10-27T04:37:25+00:00\",\"mainEntityOfPage\":{\"@id\":\"https:\/\/nativainfo.com\/?p=3542\"},\"wordCount\":149,\"commentCount\":0,\"publisher\":{\"@id\":\"https:\/\/nativainfo.com\/#organization\"},\"image\":{\"@id\":\"https:\/\/nativainfo.com\/?p=3542#primaryimage\"},\"thumbnailUrl\":\"http:\/\/nativainfo.com\/wp-content\/uploads\/2022\/10\/imagen_2022-10-27_013712676.png\",\"articleSection\":[\"Noticias\",\"Turismo\"],\"inLanguage\":\"es-AR\",\"potentialAction\":[{\"@type\":\"CommentAction\",\"name\":\"Comment\",\"target\":[\"https:\/\/nativainfo.com\/?p=3542#respond\"]}]},{\"@type\":\"WebPage\",\"@id\":\"https:\/\/nativainfo.com\/?p=3542\",\"url\":\"https:\/\/nativainfo.com\/?p=3542\",\"name\":\"La exhibici\u00f3n de la IndyCar en Termas de R\u00edo Hondo ser\u00e1 por la tarde - Nativa Info\",\"isPartOf\":{\"@id\":\"https:\/\/nativainfo.com\/#website\"},\"primaryImageOfPage\":{\"@id\":\"https:\/\/nativainfo.com\/?p=3542#primaryimage\"},\"image\":{\"@id\":\"https:\/\/nativainfo.com\/?p=3542#primaryimage\"},\"thumbnailUrl\":\"http:\/\/nativainfo.com\/wp-content\/uploads\/2022\/10\/imagen_2022-10-27_013712676.png\",\"datePublished\":\"2022-10-27T04:37:23+00:00\",\"dateModified\":\"2022-10-27T04:37:25+00:00\",\"breadcrumb\":{\"@id\":\"https:\/\/nativainfo.com\/?p=3542#breadcrumb\"},\"inLanguage\":\"es-AR\",\"potentialAction\":[{\"@type\":\"ReadAction\",\"target\":[\"https:\/\/nativainfo.com\/?p=3542\"]}]},{\"@type\":\"ImageObject\",\"inLanguage\":\"es-AR\",\"@id\":\"https:\/\/nativainfo.com\/?p=3542#primaryimage\",\"url\":\"https:\/\/nativainfo.com\/wp-content\/uploads\/2022\/10\/imagen_2022-10-27_013712676.png\",\"contentUrl\":\"https:\/\/nativainfo.com\/wp-content\/uploads\/2022\/10\/imagen_2022-10-27_013712676.png\",\"width\":1010,\"height\":567},{\"@type\":\"BreadcrumbList\",\"@id\":\"https:\/\/nativainfo.com\/?p=3542#breadcrumb\",\"itemListElement\":[{\"@type\":\"ListItem\",\"position\":1,\"name\":\"Inicio\",\"item\":\"https:\/\/nativainfo.com\/\"},{\"@type\":\"ListItem\",\"position\":2,\"name\":\"La exhibici\u00f3n de la IndyCar en Termas de R\u00edo Hondo ser\u00e1 por la tarde\"}]},{\"@type\":\"WebSite\",\"@id\":\"https:\/\/nativainfo.com\/#website\",\"url\":\"https:\/\/nativainfo.com\/\",\"name\":\"Nativa Info\",\"description\":\"Diario Digital\",\"publisher\":{\"@id\":\"https:\/\/nativainfo.com\/#organization\"},\"potentialAction\":[{\"@type\":\"SearchAction\",\"target\":{\"@type\":\"EntryPoint\",\"urlTemplate\":\"https:\/\/nativainfo.com\/?s={search_term_string}\"},\"query-input\":{\"@type\":\"PropertyValueSpecification\",\"valueRequired\":true,\"valueName\":\"search_term_string\"}}],\"inLanguage\":\"es-AR\"},{\"@type\":\"Organization\",\"@id\":\"https:\/\/nativainfo.com\/#organization\",\"name\":\"Nativa Info\",\"url\":\"https:\/\/nativainfo.com\/\",\"logo\":{\"@type\":\"ImageObject\",\"inLanguage\":\"es-AR\",\"@id\":\"https:\/\/nativainfo.com\/#\/schema\/logo\/image\/\",\"url\":\"https:\/\/nativainfo.com\/wp-content\/uploads\/2025\/08\/LOGO-NATIVA-FACE.jpg\",\"contentUrl\":\"https:\/\/nativainfo.com\/wp-content\/uploads\/2025\/08\/LOGO-NATIVA-FACE.jpg\",\"width\":400,\"height\":400,\"caption\":\"Nativa Info\"},\"image\":{\"@id\":\"https:\/\/nativainfo.com\/#\/schema\/logo\/image\/\"},\"sameAs\":[\"https:\/\/www.facebook.com\/profile.php?id=61578881597564\"]},{\"@type\":\"Person\",\"@id\":\"https:\/\/nativainfo.com\/#\/schema\/person\/24893b64a9cd564ddb5d102d36eb4b5c\",\"name\":\"Nativa Info\",\"image\":{\"@type\":\"ImageObject\",\"inLanguage\":\"es-AR\",\"@id\":\"https:\/\/nativainfo.com\/#\/schema\/person\/image\/\",\"url\":\"https:\/\/secure.gravatar.com\/avatar\/016fa1cf068d85136d938e1507b9b619cb766e2565cbb1faa1e571762460c785?s=96&d=mm&r=g\",\"contentUrl\":\"https:\/\/secure.gravatar.com\/avatar\/016fa1cf068d85136d938e1507b9b619cb766e2565cbb1faa1e571762460c785?s=96&d=mm&r=g\",\"caption\":\"Nativa Info\"},\"sameAs\":[\"http:\/\/nativainfo.com\"],\"url\":\"https:\/\/nativainfo.com\/?author=1\"}]}<\/script>\n<!-- \/ Yoast SEO plugin. -->","yoast_head_json":{"title":"La exhibici\u00f3n de la IndyCar en Termas de R\u00edo Hondo ser\u00e1 por la tarde - Nativa Info","robots":{"index":"index","follow":"follow","max-snippet":"max-snippet:-1","max-image-preview":"max-image-preview:large","max-video-preview":"max-video-preview:-1"},"canonical":"https:\/\/nativainfo.com\/?p=3542","og_locale":"es_ES","og_type":"article","og_title":"La exhibici\u00f3n de la IndyCar en Termas de R\u00edo Hondo ser\u00e1 por la tarde - Nativa Info","og_description":"En las \u00faltimas horas se avanzaron en detalles organizativos del test que se llevar\u00e1 a cabo el pr\u00f3ximo 9 de... Continue reading","og_url":"https:\/\/nativainfo.com\/?p=3542","og_site_name":"Nativa Info","article_publisher":"https:\/\/www.facebook.com\/profile.php?id=61578881597564","article_published_time":"2022-10-27T04:37:23+00:00","article_modified_time":"2022-10-27T04:37:25+00:00","og_image":[{"url":"http:\/\/nativainfo.com\/wp-content\/uploads\/2022\/10\/imagen_2022-10-27_013712676.png","type":"","width":"","height":""}],"author":"Nativa Info","twitter_card":"summary_large_image","twitter_misc":{"Escrito por":"Nativa Info","Tiempo de lectura":"1 minuto"},"schema":{"@context":"https:\/\/schema.org","@graph":[{"@type":"Article","@id":"https:\/\/nativainfo.com\/?p=3542#article","isPartOf":{"@id":"https:\/\/nativainfo.com\/?p=3542"},"author":{"name":"Nativa Info","@id":"https:\/\/nativainfo.com\/#\/schema\/person\/24893b64a9cd564ddb5d102d36eb4b5c"},"headline":"La exhibici\u00f3n de la IndyCar en Termas de R\u00edo Hondo ser\u00e1 por la tarde","datePublished":"2022-10-27T04:37:23+00:00","dateModified":"2022-10-27T04:37:25+00:00","mainEntityOfPage":{"@id":"https:\/\/nativainfo.com\/?p=3542"},"wordCount":149,"commentCount":0,"publisher":{"@id":"https:\/\/nativainfo.com\/#organization"},"image":{"@id":"https:\/\/nativainfo.com\/?p=3542#primaryimage"},"thumbnailUrl":"http:\/\/nativainfo.com\/wp-content\/uploads\/2022\/10\/imagen_2022-10-27_013712676.png","articleSection":["Noticias","Turismo"],"inLanguage":"es-AR","potentialAction":[{"@type":"CommentAction","name":"Comment","target":["https:\/\/nativainfo.com\/?p=3542#respond"]}]},{"@type":"WebPage","@id":"https:\/\/nativainfo.com\/?p=3542","url":"https:\/\/nativainfo.com\/?p=3542","name":"La exhibici\u00f3n de la IndyCar en Termas de R\u00edo Hondo ser\u00e1 por la tarde - Nativa Info","isPartOf":{"@id":"https:\/\/nativainfo.com\/#website"},"primaryImageOfPage":{"@id":"https:\/\/nativainfo.com\/?p=3542#primaryimage"},"image":{"@id":"https:\/\/nativainfo.com\/?p=3542#primaryimage"},"thumbnailUrl":"http:\/\/nativainfo.com\/wp-content\/uploads\/2022\/10\/imagen_2022-10-27_013712676.png","datePublished":"2022-10-27T04:37:23+00:00","dateModified":"2022-10-27T04:37:25+00:00","breadcrumb":{"@id":"https:\/\/nativainfo.com\/?p=3542#breadcrumb"},"inLanguage":"es-AR","potentialAction":[{"@type":"ReadAction","target":["https:\/\/nativainfo.com\/?p=3542"]}]},{"@type":"ImageObject","inLanguage":"es-AR","@id":"https:\/\/nativainfo.com\/?p=3542#primaryimage","url":"https:\/\/nativainfo.com\/wp-content\/uploads\/2022\/10\/imagen_2022-10-27_013712676.png","contentUrl":"https:\/\/nativainfo.com\/wp-content\/uploads\/2022\/10\/imagen_2022-10-27_013712676.png","width":1010,"height":567},{"@type":"BreadcrumbList","@id":"https:\/\/nativainfo.com\/?p=3542#breadcrumb","itemListElement":[{"@type":"ListItem","position":1,"name":"Inicio","item":"https:\/\/nativainfo.com\/"},{"@type":"ListItem","position":2,"name":"La exhibici\u00f3n de la IndyCar en Termas de R\u00edo Hondo ser\u00e1 por la tarde"}]},{"@type":"WebSite","@id":"https:\/\/nativainfo.com\/#website","url":"https:\/\/nativainfo.com\/","name":"Nativa Info","description":"Diario Digital","publisher":{"@id":"https:\/\/nativainfo.com\/#organization"},"potentialAction":[{"@type":"SearchAction","target":{"@type":"EntryPoint","urlTemplate":"https:\/\/nativainfo.com\/?s={search_term_string}"},"query-input":{"@type":"PropertyValueSpecification","valueRequired":true,"valueName":"search_term_string"}}],"inLanguage":"es-AR"},{"@type":"Organization","@id":"https:\/\/nativainfo.com\/#organization","name":"Nativa Info","url":"https:\/\/nativainfo.com\/","logo":{"@type":"ImageObject","inLanguage":"es-AR","@id":"https:\/\/nativainfo.com\/#\/schema\/logo\/image\/","url":"https:\/\/nativainfo.com\/wp-content\/uploads\/2025\/08\/LOGO-NATIVA-FACE.jpg","contentUrl":"https:\/\/nativainfo.com\/wp-content\/uploads\/2025\/08\/LOGO-NATIVA-FACE.jpg","width":400,"height":400,"caption":"Nativa Info"},"image":{"@id":"https:\/\/nativainfo.com\/#\/schema\/logo\/image\/"},"sameAs":["https:\/\/www.facebook.com\/profile.php?id=61578881597564"]},{"@type":"Person","@id":"https:\/\/nativainfo.com\/#\/schema\/person\/24893b64a9cd564ddb5d102d36eb4b5c","name":"Nativa Info","image":{"@type":"ImageObject","inLanguage":"es-AR","@id":"https:\/\/nativainfo.com\/#\/schema\/person\/image\/","url":"https:\/\/secure.gravatar.com\/avatar\/016fa1cf068d85136d938e1507b9b619cb766e2565cbb1faa1e571762460c785?s=96&d=mm&r=g","contentUrl":"https:\/\/secure.gravatar.com\/avatar\/016fa1cf068d85136d938e1507b9b619cb766e2565cbb1faa1e571762460c785?s=96&d=mm&r=g","caption":"Nativa Info"},"sameAs":["http:\/\/nativainfo.com"],"url":"https:\/\/nativainfo.com\/?author=1"}]}},"jetpack_publicize_connections":[],"_links":{"self":[{"href":"https:\/\/nativainfo.com\/index.php?rest_route=\/wp\/v2\/posts\/3542","targetHints":{"allow":["GET"]}}],"collection":[{"href":"https:\/\/nativainfo.com\/index.php?rest_route=\/wp\/v2\/posts"}],"about":[{"href":"https:\/\/nativainfo.com\/index.php?rest_route=\/wp\/v2\/types\/post"}],"author":[{"embeddable":true,"href":"https:\/\/nativainfo.com\/index.php?rest_route=\/wp\/v2\/users\/1"}],"replies":[{"embeddable":true,"href":"https:\/\/nativainfo.com\/index.php?rest_route=%2Fwp%2Fv2%2Fcomments&post=3542"}],"version-history":[{"count":1,"href":"https:\/\/nativainfo.com\/index.php?rest_route=\/wp\/v2\/posts\/3542\/revisions"}],"predecessor-version":[{"id":3547,"href":"https:\/\/nativainfo.com\/index.php?rest_route=\/wp\/v2\/posts\/3542\/revisions\/3547"}],"wp:attachment":[{"href":"https:\/\/nativainfo.com\/index.php?rest_route=%2Fwp%2Fv2%2Fmedia&parent=3542"}],"wp:term":[{"taxonomy":"category","embeddable":true,"href":"https:\/\/nativainfo.com\/index.php?rest_route=%2Fwp%2Fv2%2Fcategories&post=3542"},{"taxonomy":"post_tag","embeddable":true,"href":"https:\/\/nativainfo.com\/index.php?rest_route=%2Fwp%2Fv2%2Ftags&post=3542"}],"curies":[{"name":"wp","href":"https:\/\/api.w.org\/{rel}","templated":true}]}}