{"id":3541,"date":"2022-10-27T01:36:43","date_gmt":"2022-10-27T04:36:43","guid":{"rendered":"http:\/\/nativainfo.com\/?p=3541"},"modified":"2022-10-27T01:36:45","modified_gmt":"2022-10-27T04:36:45","slug":"quimsa-debutara-en-la-basketball-champions-league-americas-ante-minas-tenis","status":"publish","type":"post","link":"https:\/\/nativainfo.com\/?p=3541","title":{"rendered":"Quimsa debutar\u00e1 en la Basketball Champions League Am\u00e9ricas ante Minas Tenis"},"content":{"rendered":"\n<p><strong>La Fusi\u00f3n ya conoce el calendario para afrontar la competencia internacional.<\/strong><\/p>\n\n\n\n<figure class=\"wp-block-image size-large\"><img fetchpriority=\"high\" decoding=\"async\" width=\"1010\" height=\"567\" src=\"http:\/\/nativainfo.com\/wp-content\/uploads\/2022\/10\/imagen_2022-10-27_013632550.png\" alt=\"\" class=\"wp-image-3544\" srcset=\"https:\/\/nativainfo.com\/wp-content\/uploads\/2022\/10\/imagen_2022-10-27_013632550.png 1010w, https:\/\/nativainfo.com\/wp-content\/uploads\/2022\/10\/imagen_2022-10-27_013632550-300x168.png 300w, https:\/\/nativainfo.com\/wp-content\/uploads\/2022\/10\/imagen_2022-10-27_013632550-768x431.png 768w, https:\/\/nativainfo.com\/wp-content\/uploads\/2022\/10\/imagen_2022-10-27_013632550-623x350.png 623w, https:\/\/nativainfo.com\/wp-content\/uploads\/2022\/10\/imagen_2022-10-27_013632550-150x84.png 150w\" sizes=\"(max-width: 1010px) 100vw, 1010px\" \/><\/figure>\n\n\n\n<p>La&nbsp;<strong>Basketball Champions League Am\u00e9ricas<\/strong>&nbsp;confirm\u00f3 su calendario para la pr\u00f3xima edici\u00f3n del certamen continental que tendr\u00e1 a&nbsp;<strong>Quimsa&nbsp;<\/strong>como uno de los representantes de nuestro pa\u00eds.<\/p>\n\n\n\n<p>En ese sentido<strong>, la Fusi\u00f3n tendr\u00e1 su debut el pr\u00f3ximo 13 de diciembre enfrentando a Minas Tenis de Brasil en Uruguay. Un d\u00eda despu\u00e9s se medir\u00e1 con el elenco local de Bigu\u00e1.<\/strong><\/p>\n\n\n\n<p>Luego la acci\u00f3n del&nbsp;<strong>Grupo B se trasladar\u00e1 a Belo Horizonte, donde Quimsa enfrentar\u00e1 a Minas Tenis el 16 de enero y a Bigu\u00e1 el 17.<\/strong><\/p>\n\n\n\n<p>El grupo se cerrar\u00e1 en<strong>&nbsp;Santiago del Estero, con Quimsa enfrentando a Bigu\u00e1 el 3 de febrero y a Minas Tenis el d\u00eda siguiente.<\/strong><\/p>\n","protected":false},"excerpt":{"rendered":"<p>La Fusi\u00f3n ya conoce el calendario para afrontar la competencia internacional. La&nbsp;Basketball Champions League Am\u00e9ricas&nbsp;confirm\u00f3 su calendario para la pr\u00f3xima&#8230; <a class=\"continue-reading-link\" href=\"https:\/\/nativainfo.com\/?p=3541\">Continue reading<\/a><\/p>\n","protected":false},"author":1,"featured_media":0,"comment_status":"open","ping_status":"open","sticky":false,"template":"","format":"standard","meta":{"rop_custom_images_group":[],"rop_custom_messages_group":[],"rop_publish_now":"initial","rop_publish_now_accounts":[],"rop_publish_now_history":[],"rop_publish_now_status":"pending","footnotes":"","jetpack_publicize_message":"","jetpack_publicize_feature_enabled":true,"jetpack_social_post_already_shared":false,"jetpack_social_options":{"image_generator_settings":{"template":"highway","default_image_id":0,"font":"","enabled":false},"version":2}},"categories":[45],"tags":[],"class_list":["post-3541","post","type-post","status-publish","format-standard","hentry","category-basquet-2"],"yoast_head":"<!-- This site is optimized with the Yoast SEO plugin v25.6 - https:\/\/yoast.com\/wordpress\/plugins\/seo\/ -->\n<title>Quimsa debutar\u00e1 en la Basketball Champions League Am\u00e9ricas ante Minas Tenis - Nativa Info<\/title>\n<meta name=\"robots\" content=\"index, follow, max-snippet:-1, max-image-preview:large, max-video-preview:-1\" \/>\n<link rel=\"canonical\" href=\"https:\/\/nativainfo.com\/?p=3541\" \/>\n<meta property=\"og:locale\" content=\"es_ES\" \/>\n<meta property=\"og:type\" content=\"article\" \/>\n<meta property=\"og:title\" content=\"Quimsa debutar\u00e1 en la Basketball Champions League Am\u00e9ricas ante Minas Tenis - Nativa Info\" \/>\n<meta property=\"og:description\" content=\"La Fusi\u00f3n ya conoce el calendario para afrontar la competencia internacional. La&nbsp;Basketball Champions League Am\u00e9ricas&nbsp;confirm\u00f3 su calendario para la pr\u00f3xima... Continue reading\" \/>\n<meta property=\"og:url\" content=\"https:\/\/nativainfo.com\/?p=3541\" \/>\n<meta property=\"og:site_name\" content=\"Nativa Info\" \/>\n<meta property=\"article:publisher\" content=\"https:\/\/www.facebook.com\/profile.php?id=61578881597564\" \/>\n<meta property=\"article:published_time\" content=\"2022-10-27T04:36:43+00:00\" \/>\n<meta property=\"article:modified_time\" content=\"2022-10-27T04:36:45+00:00\" \/>\n<meta property=\"og:image\" content=\"http:\/\/nativainfo.com\/wp-content\/uploads\/2022\/10\/imagen_2022-10-27_013632550.png\" \/>\n<meta name=\"author\" content=\"Nativa Info\" \/>\n<meta name=\"twitter:card\" content=\"summary_large_image\" \/>\n<meta name=\"twitter:label1\" content=\"Escrito por\" \/>\n\t<meta name=\"twitter:data1\" content=\"Nativa Info\" \/>\n\t<meta name=\"twitter:label2\" content=\"Tiempo de lectura\" \/>\n\t<meta name=\"twitter:data2\" content=\"1 minuto\" \/>\n<script type=\"application\/ld+json\" class=\"yoast-schema-graph\">{\"@context\":\"https:\/\/schema.org\",\"@graph\":[{\"@type\":\"Article\",\"@id\":\"https:\/\/nativainfo.com\/?p=3541#article\",\"isPartOf\":{\"@id\":\"https:\/\/nativainfo.com\/?p=3541\"},\"author\":{\"name\":\"Nativa Info\",\"@id\":\"https:\/\/nativainfo.com\/#\/schema\/person\/24893b64a9cd564ddb5d102d36eb4b5c\"},\"headline\":\"Quimsa debutar\u00e1 en la Basketball Champions League Am\u00e9ricas ante Minas Tenis\",\"datePublished\":\"2022-10-27T04:36:43+00:00\",\"dateModified\":\"2022-10-27T04:36:45+00:00\",\"mainEntityOfPage\":{\"@id\":\"https:\/\/nativainfo.com\/?p=3541\"},\"wordCount\":145,\"commentCount\":0,\"publisher\":{\"@id\":\"https:\/\/nativainfo.com\/#organization\"},\"image\":{\"@id\":\"https:\/\/nativainfo.com\/?p=3541#primaryimage\"},\"thumbnailUrl\":\"http:\/\/nativainfo.com\/wp-content\/uploads\/2022\/10\/imagen_2022-10-27_013632550.png\",\"articleSection\":[\"B\u00e1squet\"],\"inLanguage\":\"es-AR\",\"potentialAction\":[{\"@type\":\"CommentAction\",\"name\":\"Comment\",\"target\":[\"https:\/\/nativainfo.com\/?p=3541#respond\"]}]},{\"@type\":\"WebPage\",\"@id\":\"https:\/\/nativainfo.com\/?p=3541\",\"url\":\"https:\/\/nativainfo.com\/?p=3541\",\"name\":\"Quimsa debutar\u00e1 en la Basketball Champions League Am\u00e9ricas ante Minas Tenis - Nativa Info\",\"isPartOf\":{\"@id\":\"https:\/\/nativainfo.com\/#website\"},\"primaryImageOfPage\":{\"@id\":\"https:\/\/nativainfo.com\/?p=3541#primaryimage\"},\"image\":{\"@id\":\"https:\/\/nativainfo.com\/?p=3541#primaryimage\"},\"thumbnailUrl\":\"http:\/\/nativainfo.com\/wp-content\/uploads\/2022\/10\/imagen_2022-10-27_013632550.png\",\"datePublished\":\"2022-10-27T04:36:43+00:00\",\"dateModified\":\"2022-10-27T04:36:45+00:00\",\"breadcrumb\":{\"@id\":\"https:\/\/nativainfo.com\/?p=3541#breadcrumb\"},\"inLanguage\":\"es-AR\",\"potentialAction\":[{\"@type\":\"ReadAction\",\"target\":[\"https:\/\/nativainfo.com\/?p=3541\"]}]},{\"@type\":\"ImageObject\",\"inLanguage\":\"es-AR\",\"@id\":\"https:\/\/nativainfo.com\/?p=3541#primaryimage\",\"url\":\"https:\/\/nativainfo.com\/wp-content\/uploads\/2022\/10\/imagen_2022-10-27_013632550.png\",\"contentUrl\":\"https:\/\/nativainfo.com\/wp-content\/uploads\/2022\/10\/imagen_2022-10-27_013632550.png\",\"width\":1010,\"height\":567},{\"@type\":\"BreadcrumbList\",\"@id\":\"https:\/\/nativainfo.com\/?p=3541#breadcrumb\",\"itemListElement\":[{\"@type\":\"ListItem\",\"position\":1,\"name\":\"Inicio\",\"item\":\"https:\/\/nativainfo.com\/\"},{\"@type\":\"ListItem\",\"position\":2,\"name\":\"Quimsa debutar\u00e1 en la Basketball Champions League Am\u00e9ricas ante Minas Tenis\"}]},{\"@type\":\"WebSite\",\"@id\":\"https:\/\/nativainfo.com\/#website\",\"url\":\"https:\/\/nativainfo.com\/\",\"name\":\"Nativa Info\",\"description\":\"Diario Digital\",\"publisher\":{\"@id\":\"https:\/\/nativainfo.com\/#organization\"},\"potentialAction\":[{\"@type\":\"SearchAction\",\"target\":{\"@type\":\"EntryPoint\",\"urlTemplate\":\"https:\/\/nativainfo.com\/?s={search_term_string}\"},\"query-input\":{\"@type\":\"PropertyValueSpecification\",\"valueRequired\":true,\"valueName\":\"search_term_string\"}}],\"inLanguage\":\"es-AR\"},{\"@type\":\"Organization\",\"@id\":\"https:\/\/nativainfo.com\/#organization\",\"name\":\"Nativa Info\",\"url\":\"https:\/\/nativainfo.com\/\",\"logo\":{\"@type\":\"ImageObject\",\"inLanguage\":\"es-AR\",\"@id\":\"https:\/\/nativainfo.com\/#\/schema\/logo\/image\/\",\"url\":\"https:\/\/nativainfo.com\/wp-content\/uploads\/2025\/08\/LOGO-NATIVA-FACE.jpg\",\"contentUrl\":\"https:\/\/nativainfo.com\/wp-content\/uploads\/2025\/08\/LOGO-NATIVA-FACE.jpg\",\"width\":400,\"height\":400,\"caption\":\"Nativa Info\"},\"image\":{\"@id\":\"https:\/\/nativainfo.com\/#\/schema\/logo\/image\/\"},\"sameAs\":[\"https:\/\/www.facebook.com\/profile.php?id=61578881597564\"]},{\"@type\":\"Person\",\"@id\":\"https:\/\/nativainfo.com\/#\/schema\/person\/24893b64a9cd564ddb5d102d36eb4b5c\",\"name\":\"Nativa Info\",\"image\":{\"@type\":\"ImageObject\",\"inLanguage\":\"es-AR\",\"@id\":\"https:\/\/nativainfo.com\/#\/schema\/person\/image\/\",\"url\":\"https:\/\/secure.gravatar.com\/avatar\/016fa1cf068d85136d938e1507b9b619cb766e2565cbb1faa1e571762460c785?s=96&d=mm&r=g\",\"contentUrl\":\"https:\/\/secure.gravatar.com\/avatar\/016fa1cf068d85136d938e1507b9b619cb766e2565cbb1faa1e571762460c785?s=96&d=mm&r=g\",\"caption\":\"Nativa Info\"},\"sameAs\":[\"http:\/\/nativainfo.com\"],\"url\":\"https:\/\/nativainfo.com\/?author=1\"}]}<\/script>\n<!-- \/ Yoast SEO plugin. -->","yoast_head_json":{"title":"Quimsa debutar\u00e1 en la Basketball Champions League Am\u00e9ricas ante Minas Tenis - Nativa Info","robots":{"index":"index","follow":"follow","max-snippet":"max-snippet:-1","max-image-preview":"max-image-preview:large","max-video-preview":"max-video-preview:-1"},"canonical":"https:\/\/nativainfo.com\/?p=3541","og_locale":"es_ES","og_type":"article","og_title":"Quimsa debutar\u00e1 en la Basketball Champions League Am\u00e9ricas ante Minas Tenis - Nativa Info","og_description":"La Fusi\u00f3n ya conoce el calendario para afrontar la competencia internacional. La&nbsp;Basketball Champions League Am\u00e9ricas&nbsp;confirm\u00f3 su calendario para la pr\u00f3xima... Continue reading","og_url":"https:\/\/nativainfo.com\/?p=3541","og_site_name":"Nativa Info","article_publisher":"https:\/\/www.facebook.com\/profile.php?id=61578881597564","article_published_time":"2022-10-27T04:36:43+00:00","article_modified_time":"2022-10-27T04:36:45+00:00","og_image":[{"url":"http:\/\/nativainfo.com\/wp-content\/uploads\/2022\/10\/imagen_2022-10-27_013632550.png","type":"","width":"","height":""}],"author":"Nativa Info","twitter_card":"summary_large_image","twitter_misc":{"Escrito por":"Nativa Info","Tiempo de lectura":"1 minuto"},"schema":{"@context":"https:\/\/schema.org","@graph":[{"@type":"Article","@id":"https:\/\/nativainfo.com\/?p=3541#article","isPartOf":{"@id":"https:\/\/nativainfo.com\/?p=3541"},"author":{"name":"Nativa Info","@id":"https:\/\/nativainfo.com\/#\/schema\/person\/24893b64a9cd564ddb5d102d36eb4b5c"},"headline":"Quimsa debutar\u00e1 en la Basketball Champions League Am\u00e9ricas ante Minas Tenis","datePublished":"2022-10-27T04:36:43+00:00","dateModified":"2022-10-27T04:36:45+00:00","mainEntityOfPage":{"@id":"https:\/\/nativainfo.com\/?p=3541"},"wordCount":145,"commentCount":0,"publisher":{"@id":"https:\/\/nativainfo.com\/#organization"},"image":{"@id":"https:\/\/nativainfo.com\/?p=3541#primaryimage"},"thumbnailUrl":"http:\/\/nativainfo.com\/wp-content\/uploads\/2022\/10\/imagen_2022-10-27_013632550.png","articleSection":["B\u00e1squet"],"inLanguage":"es-AR","potentialAction":[{"@type":"CommentAction","name":"Comment","target":["https:\/\/nativainfo.com\/?p=3541#respond"]}]},{"@type":"WebPage","@id":"https:\/\/nativainfo.com\/?p=3541","url":"https:\/\/nativainfo.com\/?p=3541","name":"Quimsa debutar\u00e1 en la Basketball Champions League Am\u00e9ricas ante Minas Tenis - Nativa Info","isPartOf":{"@id":"https:\/\/nativainfo.com\/#website"},"primaryImageOfPage":{"@id":"https:\/\/nativainfo.com\/?p=3541#primaryimage"},"image":{"@id":"https:\/\/nativainfo.com\/?p=3541#primaryimage"},"thumbnailUrl":"http:\/\/nativainfo.com\/wp-content\/uploads\/2022\/10\/imagen_2022-10-27_013632550.png","datePublished":"2022-10-27T04:36:43+00:00","dateModified":"2022-10-27T04:36:45+00:00","breadcrumb":{"@id":"https:\/\/nativainfo.com\/?p=3541#breadcrumb"},"inLanguage":"es-AR","potentialAction":[{"@type":"ReadAction","target":["https:\/\/nativainfo.com\/?p=3541"]}]},{"@type":"ImageObject","inLanguage":"es-AR","@id":"https:\/\/nativainfo.com\/?p=3541#primaryimage","url":"https:\/\/nativainfo.com\/wp-content\/uploads\/2022\/10\/imagen_2022-10-27_013632550.png","contentUrl":"https:\/\/nativainfo.com\/wp-content\/uploads\/2022\/10\/imagen_2022-10-27_013632550.png","width":1010,"height":567},{"@type":"BreadcrumbList","@id":"https:\/\/nativainfo.com\/?p=3541#breadcrumb","itemListElement":[{"@type":"ListItem","position":1,"name":"Inicio","item":"https:\/\/nativainfo.com\/"},{"@type":"ListItem","position":2,"name":"Quimsa debutar\u00e1 en la Basketball Champions League Am\u00e9ricas ante Minas Tenis"}]},{"@type":"WebSite","@id":"https:\/\/nativainfo.com\/#website","url":"https:\/\/nativainfo.com\/","name":"Nativa Info","description":"Diario Digital","publisher":{"@id":"https:\/\/nativainfo.com\/#organization"},"potentialAction":[{"@type":"SearchAction","target":{"@type":"EntryPoint","urlTemplate":"https:\/\/nativainfo.com\/?s={search_term_string}"},"query-input":{"@type":"PropertyValueSpecification","valueRequired":true,"valueName":"search_term_string"}}],"inLanguage":"es-AR"},{"@type":"Organization","@id":"https:\/\/nativainfo.com\/#organization","name":"Nativa Info","url":"https:\/\/nativainfo.com\/","logo":{"@type":"ImageObject","inLanguage":"es-AR","@id":"https:\/\/nativainfo.com\/#\/schema\/logo\/image\/","url":"https:\/\/nativainfo.com\/wp-content\/uploads\/2025\/08\/LOGO-NATIVA-FACE.jpg","contentUrl":"https:\/\/nativainfo.com\/wp-content\/uploads\/2025\/08\/LOGO-NATIVA-FACE.jpg","width":400,"height":400,"caption":"Nativa Info"},"image":{"@id":"https:\/\/nativainfo.com\/#\/schema\/logo\/image\/"},"sameAs":["https:\/\/www.facebook.com\/profile.php?id=61578881597564"]},{"@type":"Person","@id":"https:\/\/nativainfo.com\/#\/schema\/person\/24893b64a9cd564ddb5d102d36eb4b5c","name":"Nativa Info","image":{"@type":"ImageObject","inLanguage":"es-AR","@id":"https:\/\/nativainfo.com\/#\/schema\/person\/image\/","url":"https:\/\/secure.gravatar.com\/avatar\/016fa1cf068d85136d938e1507b9b619cb766e2565cbb1faa1e571762460c785?s=96&d=mm&r=g","contentUrl":"https:\/\/secure.gravatar.com\/avatar\/016fa1cf068d85136d938e1507b9b619cb766e2565cbb1faa1e571762460c785?s=96&d=mm&r=g","caption":"Nativa Info"},"sameAs":["http:\/\/nativainfo.com"],"url":"https:\/\/nativainfo.com\/?author=1"}]}},"jetpack_publicize_connections":[],"_links":{"self":[{"href":"https:\/\/nativainfo.com\/index.php?rest_route=\/wp\/v2\/posts\/3541","targetHints":{"allow":["GET"]}}],"collection":[{"href":"https:\/\/nativainfo.com\/index.php?rest_route=\/wp\/v2\/posts"}],"about":[{"href":"https:\/\/nativainfo.com\/index.php?rest_route=\/wp\/v2\/types\/post"}],"author":[{"embeddable":true,"href":"https:\/\/nativainfo.com\/index.php?rest_route=\/wp\/v2\/users\/1"}],"replies":[{"embeddable":true,"href":"https:\/\/nativainfo.com\/index.php?rest_route=%2Fwp%2Fv2%2Fcomments&post=3541"}],"version-history":[{"count":1,"href":"https:\/\/nativainfo.com\/index.php?rest_route=\/wp\/v2\/posts\/3541\/revisions"}],"predecessor-version":[{"id":3545,"href":"https:\/\/nativainfo.com\/index.php?rest_route=\/wp\/v2\/posts\/3541\/revisions\/3545"}],"wp:attachment":[{"href":"https:\/\/nativainfo.com\/index.php?rest_route=%2Fwp%2Fv2%2Fmedia&parent=3541"}],"wp:term":[{"taxonomy":"category","embeddable":true,"href":"https:\/\/nativainfo.com\/index.php?rest_route=%2Fwp%2Fv2%2Fcategories&post=3541"},{"taxonomy":"post_tag","embeddable":true,"href":"https:\/\/nativainfo.com\/index.php?rest_route=%2Fwp%2Fv2%2Ftags&post=3541"}],"curies":[{"name":"wp","href":"https:\/\/api.w.org\/{rel}","templated":true}]}}