{"id":3525,"date":"2022-10-18T01:09:47","date_gmt":"2022-10-18T04:09:47","guid":{"rendered":"http:\/\/nativainfo.com\/?p=3525"},"modified":"2022-10-18T01:09:50","modified_gmt":"2022-10-18T04:09:50","slug":"karim-benzema-se-quedo-con-el-balon-de-oro-al-mejor-jugador-del-mundo","status":"publish","type":"post","link":"https:\/\/nativainfo.com\/?p=3525","title":{"rendered":"Karim Benzem\u00e1 se qued\u00f3 con el Bal\u00f3n de Oro al mejor jugador del mundo"},"content":{"rendered":"\n<p><strong>El delantero franc\u00e9s del Real Madrid fue premiado por la revista France Football como el m\u00e1s destacado de la temporada.<\/strong><\/p>\n\n\n\n<figure class=\"wp-block-image size-large\"><img fetchpriority=\"high\" decoding=\"async\" width=\"1010\" height=\"567\" src=\"http:\/\/nativainfo.com\/wp-content\/uploads\/2022\/10\/imagen_2022-10-18_010932395.png\" alt=\"\" class=\"wp-image-3527\" srcset=\"https:\/\/nativainfo.com\/wp-content\/uploads\/2022\/10\/imagen_2022-10-18_010932395.png 1010w, https:\/\/nativainfo.com\/wp-content\/uploads\/2022\/10\/imagen_2022-10-18_010932395-300x168.png 300w, https:\/\/nativainfo.com\/wp-content\/uploads\/2022\/10\/imagen_2022-10-18_010932395-768x431.png 768w, https:\/\/nativainfo.com\/wp-content\/uploads\/2022\/10\/imagen_2022-10-18_010932395-623x350.png 623w, https:\/\/nativainfo.com\/wp-content\/uploads\/2022\/10\/imagen_2022-10-18_010932395-150x84.png 150w\" sizes=\"(max-width: 1010px) 100vw, 1010px\" \/><\/figure>\n\n\n\n<p><strong>Karim Benzema<\/strong>&nbsp;se qued\u00f3 con el&nbsp;<strong>Bal\u00f3n de Oro 2022<\/strong>, el premio al mejor futbolista del a\u00f1o de la \u00faltima temporada. A los 34 a\u00f1os, el delantero del&nbsp;<strong>Real Madrid<\/strong>&nbsp;se alz\u00f3 con el galard\u00f3n por primera vez en su carrera en la ceremonia que se desarroll\u00f3 en el Teatro del Ch\u00e2telet de Par\u00eds, sitio al que acudieron las principales figuras de la disciplina.<\/p>\n\n\n\n<p>Benzema llegaba a la gala como el gran favorito despu\u00e9s de una temporada brillante en la que gan\u00f3 la Champions League, el campeonato de Espa\u00f1a y la Liga de Naciones con Francia, brillando por su rendimiento individual: 50 goles anotados entre todas las competiciones con el Real Madrid.<\/p>\n","protected":false},"excerpt":{"rendered":"<p>El delantero franc\u00e9s del Real Madrid fue premiado por la revista France Football como el m\u00e1s destacado de la temporada&#8230;. <a class=\"continue-reading-link\" href=\"https:\/\/nativainfo.com\/?p=3525\">Continue reading<\/a><\/p>\n","protected":false},"author":1,"featured_media":0,"comment_status":"open","ping_status":"open","sticky":false,"template":"","format":"standard","meta":{"rop_custom_images_group":[],"rop_custom_messages_group":[],"rop_publish_now":"initial","rop_publish_now_accounts":[],"rop_publish_now_history":[],"rop_publish_now_status":"pending","footnotes":"","jetpack_publicize_message":"","jetpack_publicize_feature_enabled":true,"jetpack_social_post_already_shared":false,"jetpack_social_options":{"image_generator_settings":{"template":"highway","default_image_id":0,"font":"","enabled":false},"version":2}},"categories":[41],"tags":[],"class_list":["post-3525","post","type-post","status-publish","format-standard","hentry","category-futbol"],"yoast_head":"<!-- This site is optimized with the Yoast SEO plugin v25.6 - https:\/\/yoast.com\/wordpress\/plugins\/seo\/ -->\n<title>Karim Benzem\u00e1 se qued\u00f3 con el Bal\u00f3n de Oro al mejor jugador del mundo - Nativa Info<\/title>\n<meta name=\"robots\" content=\"index, follow, max-snippet:-1, max-image-preview:large, max-video-preview:-1\" \/>\n<link rel=\"canonical\" href=\"https:\/\/nativainfo.com\/?p=3525\" \/>\n<meta property=\"og:locale\" content=\"es_ES\" \/>\n<meta property=\"og:type\" content=\"article\" \/>\n<meta property=\"og:title\" content=\"Karim Benzem\u00e1 se qued\u00f3 con el Bal\u00f3n de Oro al mejor jugador del mundo - Nativa Info\" \/>\n<meta property=\"og:description\" content=\"El delantero franc\u00e9s del Real Madrid fue premiado por la revista France Football como el m\u00e1s destacado de la temporada.... Continue reading\" \/>\n<meta property=\"og:url\" content=\"https:\/\/nativainfo.com\/?p=3525\" \/>\n<meta property=\"og:site_name\" content=\"Nativa Info\" \/>\n<meta property=\"article:publisher\" content=\"https:\/\/www.facebook.com\/profile.php?id=61578881597564\" \/>\n<meta property=\"article:published_time\" content=\"2022-10-18T04:09:47+00:00\" \/>\n<meta property=\"article:modified_time\" content=\"2022-10-18T04:09:50+00:00\" \/>\n<meta property=\"og:image\" content=\"http:\/\/nativainfo.com\/wp-content\/uploads\/2022\/10\/imagen_2022-10-18_010932395.png\" \/>\n<meta name=\"author\" content=\"Nativa Info\" \/>\n<meta name=\"twitter:card\" content=\"summary_large_image\" \/>\n<meta name=\"twitter:label1\" content=\"Escrito por\" \/>\n\t<meta name=\"twitter:data1\" content=\"Nativa Info\" \/>\n\t<meta name=\"twitter:label2\" content=\"Tiempo de lectura\" \/>\n\t<meta name=\"twitter:data2\" content=\"1 minuto\" \/>\n<script type=\"application\/ld+json\" class=\"yoast-schema-graph\">{\"@context\":\"https:\/\/schema.org\",\"@graph\":[{\"@type\":\"Article\",\"@id\":\"https:\/\/nativainfo.com\/?p=3525#article\",\"isPartOf\":{\"@id\":\"https:\/\/nativainfo.com\/?p=3525\"},\"author\":{\"name\":\"Nativa Info\",\"@id\":\"https:\/\/nativainfo.com\/#\/schema\/person\/24893b64a9cd564ddb5d102d36eb4b5c\"},\"headline\":\"Karim Benzem\u00e1 se qued\u00f3 con el Bal\u00f3n de Oro al mejor jugador del mundo\",\"datePublished\":\"2022-10-18T04:09:47+00:00\",\"dateModified\":\"2022-10-18T04:09:50+00:00\",\"mainEntityOfPage\":{\"@id\":\"https:\/\/nativainfo.com\/?p=3525\"},\"wordCount\":158,\"commentCount\":0,\"publisher\":{\"@id\":\"https:\/\/nativainfo.com\/#organization\"},\"image\":{\"@id\":\"https:\/\/nativainfo.com\/?p=3525#primaryimage\"},\"thumbnailUrl\":\"http:\/\/nativainfo.com\/wp-content\/uploads\/2022\/10\/imagen_2022-10-18_010932395.png\",\"articleSection\":[\"F\u00fatbol\"],\"inLanguage\":\"es-AR\",\"potentialAction\":[{\"@type\":\"CommentAction\",\"name\":\"Comment\",\"target\":[\"https:\/\/nativainfo.com\/?p=3525#respond\"]}]},{\"@type\":\"WebPage\",\"@id\":\"https:\/\/nativainfo.com\/?p=3525\",\"url\":\"https:\/\/nativainfo.com\/?p=3525\",\"name\":\"Karim Benzem\u00e1 se qued\u00f3 con el Bal\u00f3n de Oro al mejor jugador del mundo - Nativa Info\",\"isPartOf\":{\"@id\":\"https:\/\/nativainfo.com\/#website\"},\"primaryImageOfPage\":{\"@id\":\"https:\/\/nativainfo.com\/?p=3525#primaryimage\"},\"image\":{\"@id\":\"https:\/\/nativainfo.com\/?p=3525#primaryimage\"},\"thumbnailUrl\":\"http:\/\/nativainfo.com\/wp-content\/uploads\/2022\/10\/imagen_2022-10-18_010932395.png\",\"datePublished\":\"2022-10-18T04:09:47+00:00\",\"dateModified\":\"2022-10-18T04:09:50+00:00\",\"breadcrumb\":{\"@id\":\"https:\/\/nativainfo.com\/?p=3525#breadcrumb\"},\"inLanguage\":\"es-AR\",\"potentialAction\":[{\"@type\":\"ReadAction\",\"target\":[\"https:\/\/nativainfo.com\/?p=3525\"]}]},{\"@type\":\"ImageObject\",\"inLanguage\":\"es-AR\",\"@id\":\"https:\/\/nativainfo.com\/?p=3525#primaryimage\",\"url\":\"https:\/\/nativainfo.com\/wp-content\/uploads\/2022\/10\/imagen_2022-10-18_010932395.png\",\"contentUrl\":\"https:\/\/nativainfo.com\/wp-content\/uploads\/2022\/10\/imagen_2022-10-18_010932395.png\",\"width\":1010,\"height\":567},{\"@type\":\"BreadcrumbList\",\"@id\":\"https:\/\/nativainfo.com\/?p=3525#breadcrumb\",\"itemListElement\":[{\"@type\":\"ListItem\",\"position\":1,\"name\":\"Inicio\",\"item\":\"https:\/\/nativainfo.com\/\"},{\"@type\":\"ListItem\",\"position\":2,\"name\":\"Karim Benzem\u00e1 se qued\u00f3 con el Bal\u00f3n de Oro al mejor jugador del mundo\"}]},{\"@type\":\"WebSite\",\"@id\":\"https:\/\/nativainfo.com\/#website\",\"url\":\"https:\/\/nativainfo.com\/\",\"name\":\"Nativa Info\",\"description\":\"Diario Digital\",\"publisher\":{\"@id\":\"https:\/\/nativainfo.com\/#organization\"},\"potentialAction\":[{\"@type\":\"SearchAction\",\"target\":{\"@type\":\"EntryPoint\",\"urlTemplate\":\"https:\/\/nativainfo.com\/?s={search_term_string}\"},\"query-input\":{\"@type\":\"PropertyValueSpecification\",\"valueRequired\":true,\"valueName\":\"search_term_string\"}}],\"inLanguage\":\"es-AR\"},{\"@type\":\"Organization\",\"@id\":\"https:\/\/nativainfo.com\/#organization\",\"name\":\"Nativa Info\",\"url\":\"https:\/\/nativainfo.com\/\",\"logo\":{\"@type\":\"ImageObject\",\"inLanguage\":\"es-AR\",\"@id\":\"https:\/\/nativainfo.com\/#\/schema\/logo\/image\/\",\"url\":\"https:\/\/nativainfo.com\/wp-content\/uploads\/2025\/08\/LOGO-NATIVA-FACE.jpg\",\"contentUrl\":\"https:\/\/nativainfo.com\/wp-content\/uploads\/2025\/08\/LOGO-NATIVA-FACE.jpg\",\"width\":400,\"height\":400,\"caption\":\"Nativa Info\"},\"image\":{\"@id\":\"https:\/\/nativainfo.com\/#\/schema\/logo\/image\/\"},\"sameAs\":[\"https:\/\/www.facebook.com\/profile.php?id=61578881597564\"]},{\"@type\":\"Person\",\"@id\":\"https:\/\/nativainfo.com\/#\/schema\/person\/24893b64a9cd564ddb5d102d36eb4b5c\",\"name\":\"Nativa Info\",\"image\":{\"@type\":\"ImageObject\",\"inLanguage\":\"es-AR\",\"@id\":\"https:\/\/nativainfo.com\/#\/schema\/person\/image\/\",\"url\":\"https:\/\/secure.gravatar.com\/avatar\/016fa1cf068d85136d938e1507b9b619cb766e2565cbb1faa1e571762460c785?s=96&d=mm&r=g\",\"contentUrl\":\"https:\/\/secure.gravatar.com\/avatar\/016fa1cf068d85136d938e1507b9b619cb766e2565cbb1faa1e571762460c785?s=96&d=mm&r=g\",\"caption\":\"Nativa Info\"},\"sameAs\":[\"http:\/\/nativainfo.com\"],\"url\":\"https:\/\/nativainfo.com\/?author=1\"}]}<\/script>\n<!-- \/ Yoast SEO plugin. -->","yoast_head_json":{"title":"Karim Benzem\u00e1 se qued\u00f3 con el Bal\u00f3n de Oro al mejor jugador del mundo - Nativa Info","robots":{"index":"index","follow":"follow","max-snippet":"max-snippet:-1","max-image-preview":"max-image-preview:large","max-video-preview":"max-video-preview:-1"},"canonical":"https:\/\/nativainfo.com\/?p=3525","og_locale":"es_ES","og_type":"article","og_title":"Karim Benzem\u00e1 se qued\u00f3 con el Bal\u00f3n de Oro al mejor jugador del mundo - Nativa Info","og_description":"El delantero franc\u00e9s del Real Madrid fue premiado por la revista France Football como el m\u00e1s destacado de la temporada.... Continue reading","og_url":"https:\/\/nativainfo.com\/?p=3525","og_site_name":"Nativa Info","article_publisher":"https:\/\/www.facebook.com\/profile.php?id=61578881597564","article_published_time":"2022-10-18T04:09:47+00:00","article_modified_time":"2022-10-18T04:09:50+00:00","og_image":[{"url":"http:\/\/nativainfo.com\/wp-content\/uploads\/2022\/10\/imagen_2022-10-18_010932395.png","type":"","width":"","height":""}],"author":"Nativa Info","twitter_card":"summary_large_image","twitter_misc":{"Escrito por":"Nativa Info","Tiempo de lectura":"1 minuto"},"schema":{"@context":"https:\/\/schema.org","@graph":[{"@type":"Article","@id":"https:\/\/nativainfo.com\/?p=3525#article","isPartOf":{"@id":"https:\/\/nativainfo.com\/?p=3525"},"author":{"name":"Nativa Info","@id":"https:\/\/nativainfo.com\/#\/schema\/person\/24893b64a9cd564ddb5d102d36eb4b5c"},"headline":"Karim Benzem\u00e1 se qued\u00f3 con el Bal\u00f3n de Oro al mejor jugador del mundo","datePublished":"2022-10-18T04:09:47+00:00","dateModified":"2022-10-18T04:09:50+00:00","mainEntityOfPage":{"@id":"https:\/\/nativainfo.com\/?p=3525"},"wordCount":158,"commentCount":0,"publisher":{"@id":"https:\/\/nativainfo.com\/#organization"},"image":{"@id":"https:\/\/nativainfo.com\/?p=3525#primaryimage"},"thumbnailUrl":"http:\/\/nativainfo.com\/wp-content\/uploads\/2022\/10\/imagen_2022-10-18_010932395.png","articleSection":["F\u00fatbol"],"inLanguage":"es-AR","potentialAction":[{"@type":"CommentAction","name":"Comment","target":["https:\/\/nativainfo.com\/?p=3525#respond"]}]},{"@type":"WebPage","@id":"https:\/\/nativainfo.com\/?p=3525","url":"https:\/\/nativainfo.com\/?p=3525","name":"Karim Benzem\u00e1 se qued\u00f3 con el Bal\u00f3n de Oro al mejor jugador del mundo - Nativa Info","isPartOf":{"@id":"https:\/\/nativainfo.com\/#website"},"primaryImageOfPage":{"@id":"https:\/\/nativainfo.com\/?p=3525#primaryimage"},"image":{"@id":"https:\/\/nativainfo.com\/?p=3525#primaryimage"},"thumbnailUrl":"http:\/\/nativainfo.com\/wp-content\/uploads\/2022\/10\/imagen_2022-10-18_010932395.png","datePublished":"2022-10-18T04:09:47+00:00","dateModified":"2022-10-18T04:09:50+00:00","breadcrumb":{"@id":"https:\/\/nativainfo.com\/?p=3525#breadcrumb"},"inLanguage":"es-AR","potentialAction":[{"@type":"ReadAction","target":["https:\/\/nativainfo.com\/?p=3525"]}]},{"@type":"ImageObject","inLanguage":"es-AR","@id":"https:\/\/nativainfo.com\/?p=3525#primaryimage","url":"https:\/\/nativainfo.com\/wp-content\/uploads\/2022\/10\/imagen_2022-10-18_010932395.png","contentUrl":"https:\/\/nativainfo.com\/wp-content\/uploads\/2022\/10\/imagen_2022-10-18_010932395.png","width":1010,"height":567},{"@type":"BreadcrumbList","@id":"https:\/\/nativainfo.com\/?p=3525#breadcrumb","itemListElement":[{"@type":"ListItem","position":1,"name":"Inicio","item":"https:\/\/nativainfo.com\/"},{"@type":"ListItem","position":2,"name":"Karim Benzem\u00e1 se qued\u00f3 con el Bal\u00f3n de Oro al mejor jugador del mundo"}]},{"@type":"WebSite","@id":"https:\/\/nativainfo.com\/#website","url":"https:\/\/nativainfo.com\/","name":"Nativa Info","description":"Diario Digital","publisher":{"@id":"https:\/\/nativainfo.com\/#organization"},"potentialAction":[{"@type":"SearchAction","target":{"@type":"EntryPoint","urlTemplate":"https:\/\/nativainfo.com\/?s={search_term_string}"},"query-input":{"@type":"PropertyValueSpecification","valueRequired":true,"valueName":"search_term_string"}}],"inLanguage":"es-AR"},{"@type":"Organization","@id":"https:\/\/nativainfo.com\/#organization","name":"Nativa Info","url":"https:\/\/nativainfo.com\/","logo":{"@type":"ImageObject","inLanguage":"es-AR","@id":"https:\/\/nativainfo.com\/#\/schema\/logo\/image\/","url":"https:\/\/nativainfo.com\/wp-content\/uploads\/2025\/08\/LOGO-NATIVA-FACE.jpg","contentUrl":"https:\/\/nativainfo.com\/wp-content\/uploads\/2025\/08\/LOGO-NATIVA-FACE.jpg","width":400,"height":400,"caption":"Nativa Info"},"image":{"@id":"https:\/\/nativainfo.com\/#\/schema\/logo\/image\/"},"sameAs":["https:\/\/www.facebook.com\/profile.php?id=61578881597564"]},{"@type":"Person","@id":"https:\/\/nativainfo.com\/#\/schema\/person\/24893b64a9cd564ddb5d102d36eb4b5c","name":"Nativa Info","image":{"@type":"ImageObject","inLanguage":"es-AR","@id":"https:\/\/nativainfo.com\/#\/schema\/person\/image\/","url":"https:\/\/secure.gravatar.com\/avatar\/016fa1cf068d85136d938e1507b9b619cb766e2565cbb1faa1e571762460c785?s=96&d=mm&r=g","contentUrl":"https:\/\/secure.gravatar.com\/avatar\/016fa1cf068d85136d938e1507b9b619cb766e2565cbb1faa1e571762460c785?s=96&d=mm&r=g","caption":"Nativa Info"},"sameAs":["http:\/\/nativainfo.com"],"url":"https:\/\/nativainfo.com\/?author=1"}]}},"jetpack_publicize_connections":[],"_links":{"self":[{"href":"https:\/\/nativainfo.com\/index.php?rest_route=\/wp\/v2\/posts\/3525","targetHints":{"allow":["GET"]}}],"collection":[{"href":"https:\/\/nativainfo.com\/index.php?rest_route=\/wp\/v2\/posts"}],"about":[{"href":"https:\/\/nativainfo.com\/index.php?rest_route=\/wp\/v2\/types\/post"}],"author":[{"embeddable":true,"href":"https:\/\/nativainfo.com\/index.php?rest_route=\/wp\/v2\/users\/1"}],"replies":[{"embeddable":true,"href":"https:\/\/nativainfo.com\/index.php?rest_route=%2Fwp%2Fv2%2Fcomments&post=3525"}],"version-history":[{"count":1,"href":"https:\/\/nativainfo.com\/index.php?rest_route=\/wp\/v2\/posts\/3525\/revisions"}],"predecessor-version":[{"id":3528,"href":"https:\/\/nativainfo.com\/index.php?rest_route=\/wp\/v2\/posts\/3525\/revisions\/3528"}],"wp:attachment":[{"href":"https:\/\/nativainfo.com\/index.php?rest_route=%2Fwp%2Fv2%2Fmedia&parent=3525"}],"wp:term":[{"taxonomy":"category","embeddable":true,"href":"https:\/\/nativainfo.com\/index.php?rest_route=%2Fwp%2Fv2%2Fcategories&post=3525"},{"taxonomy":"post_tag","embeddable":true,"href":"https:\/\/nativainfo.com\/index.php?rest_route=%2Fwp%2Fv2%2Ftags&post=3525"}],"curies":[{"name":"wp","href":"https:\/\/api.w.org\/{rel}","templated":true}]}}