{"id":3515,"date":"2022-10-14T00:24:50","date_gmt":"2022-10-14T03:24:50","guid":{"rendered":"http:\/\/nativainfo.com\/?p=3515"},"modified":"2022-10-14T00:24:54","modified_gmt":"2022-10-14T03:24:54","slug":"gallardo-se-va-de-river-no-voy-a-seguir-es-la-decision-mas-dificil","status":"publish","type":"post","link":"https:\/\/nativainfo.com\/?p=3515","title":{"rendered":"Gallardo se va de River: \u201cNo voy a seguir, es la decisi\u00f3n m\u00e1s dif\u00edcil\u201d"},"content":{"rendered":"\n<p>El entrenador anunci\u00f3 su salida del club mediante conferencia de prensa.<\/p>\n\n\n\n<figure class=\"wp-block-image size-large\"><img fetchpriority=\"high\" decoding=\"async\" width=\"1010\" height=\"567\" src=\"http:\/\/nativainfo.com\/wp-content\/uploads\/2022\/10\/imagen_2022-10-14_002443787.png\" alt=\"\" class=\"wp-image-3521\" srcset=\"https:\/\/nativainfo.com\/wp-content\/uploads\/2022\/10\/imagen_2022-10-14_002443787.png 1010w, https:\/\/nativainfo.com\/wp-content\/uploads\/2022\/10\/imagen_2022-10-14_002443787-300x168.png 300w, https:\/\/nativainfo.com\/wp-content\/uploads\/2022\/10\/imagen_2022-10-14_002443787-768x431.png 768w, https:\/\/nativainfo.com\/wp-content\/uploads\/2022\/10\/imagen_2022-10-14_002443787-623x350.png 623w, https:\/\/nativainfo.com\/wp-content\/uploads\/2022\/10\/imagen_2022-10-14_002443787-150x84.png 150w\" sizes=\"(max-width: 1010px) 100vw, 1010px\" \/><\/figure>\n\n\n\n<p>El &#8220;Mu\u00f1eco&#8221;, de 46 a\u00f1os, quien asumi\u00f3 el cargo en junio de 2014, tendr\u00e1 su \u00faltimo partido en el Monumental cuando el equipo reciba a Rosario Central y el final de ciclo una semana despu\u00e9s ante Racing en Avellaneda, antes del vencimiento de su contrato el 31 de diciembre pr\u00f3ximo.<\/p>\n\n\n\n<p>&#8220;Es una de las decisiones m\u00e1s dif\u00edciles y sentidas. Todo tiene un final, es el momento de terminar de cerrar un ciclo muy valioso, muy hermoso. Quiero agradecerle al hincha por cada peque\u00f1o homenaje al ingresar a un campo de juego, que ser\u00e1 imborrable para m\u00ed. Ha sido una historia hermos\u00edsima&#8221;, confes\u00f3 con su voz semi quebrada.<\/p>\n","protected":false},"excerpt":{"rendered":"<p>El entrenador anunci\u00f3 su salida del club mediante conferencia de prensa. El &#8220;Mu\u00f1eco&#8221;, de 46 a\u00f1os, quien asumi\u00f3 el cargo&#8230; <a class=\"continue-reading-link\" href=\"https:\/\/nativainfo.com\/?p=3515\">Continue reading<\/a><\/p>\n","protected":false},"author":1,"featured_media":0,"comment_status":"open","ping_status":"open","sticky":false,"template":"","format":"standard","meta":{"rop_custom_images_group":[],"rop_custom_messages_group":[],"rop_publish_now":"initial","rop_publish_now_accounts":[],"rop_publish_now_history":[],"rop_publish_now_status":"pending","footnotes":"","jetpack_publicize_message":"","jetpack_publicize_feature_enabled":true,"jetpack_social_post_already_shared":false,"jetpack_social_options":{"image_generator_settings":{"template":"highway","default_image_id":0,"font":"","enabled":false},"version":2}},"categories":[41],"tags":[],"class_list":["post-3515","post","type-post","status-publish","format-standard","hentry","category-futbol"],"yoast_head":"<!-- This site is optimized with the Yoast SEO plugin v25.6 - https:\/\/yoast.com\/wordpress\/plugins\/seo\/ -->\n<title>Gallardo se va de River: \u201cNo voy a seguir, es la decisi\u00f3n m\u00e1s dif\u00edcil\u201d - Nativa Info<\/title>\n<meta name=\"robots\" content=\"index, follow, max-snippet:-1, max-image-preview:large, max-video-preview:-1\" \/>\n<link rel=\"canonical\" href=\"https:\/\/nativainfo.com\/?p=3515\" \/>\n<meta property=\"og:locale\" content=\"es_ES\" \/>\n<meta property=\"og:type\" content=\"article\" \/>\n<meta property=\"og:title\" content=\"Gallardo se va de River: \u201cNo voy a seguir, es la decisi\u00f3n m\u00e1s dif\u00edcil\u201d - Nativa Info\" \/>\n<meta property=\"og:description\" content=\"El entrenador anunci\u00f3 su salida del club mediante conferencia de prensa. El &#8220;Mu\u00f1eco&#8221;, de 46 a\u00f1os, quien asumi\u00f3 el cargo... Continue reading\" \/>\n<meta property=\"og:url\" content=\"https:\/\/nativainfo.com\/?p=3515\" \/>\n<meta property=\"og:site_name\" content=\"Nativa Info\" \/>\n<meta property=\"article:publisher\" content=\"https:\/\/www.facebook.com\/profile.php?id=61578881597564\" \/>\n<meta property=\"article:published_time\" content=\"2022-10-14T03:24:50+00:00\" \/>\n<meta property=\"article:modified_time\" content=\"2022-10-14T03:24:54+00:00\" \/>\n<meta property=\"og:image\" content=\"http:\/\/nativainfo.com\/wp-content\/uploads\/2022\/10\/imagen_2022-10-14_002443787.png\" \/>\n<meta name=\"author\" content=\"Nativa Info\" \/>\n<meta name=\"twitter:card\" content=\"summary_large_image\" \/>\n<meta name=\"twitter:label1\" content=\"Escrito por\" \/>\n\t<meta name=\"twitter:data1\" content=\"Nativa Info\" \/>\n\t<meta name=\"twitter:label2\" content=\"Tiempo de lectura\" \/>\n\t<meta name=\"twitter:data2\" content=\"1 minuto\" \/>\n<script type=\"application\/ld+json\" class=\"yoast-schema-graph\">{\"@context\":\"https:\/\/schema.org\",\"@graph\":[{\"@type\":\"Article\",\"@id\":\"https:\/\/nativainfo.com\/?p=3515#article\",\"isPartOf\":{\"@id\":\"https:\/\/nativainfo.com\/?p=3515\"},\"author\":{\"name\":\"Nativa Info\",\"@id\":\"https:\/\/nativainfo.com\/#\/schema\/person\/24893b64a9cd564ddb5d102d36eb4b5c\"},\"headline\":\"Gallardo se va de River: \u201cNo voy a seguir, es la decisi\u00f3n m\u00e1s dif\u00edcil\u201d\",\"datePublished\":\"2022-10-14T03:24:50+00:00\",\"dateModified\":\"2022-10-14T03:24:54+00:00\",\"mainEntityOfPage\":{\"@id\":\"https:\/\/nativainfo.com\/?p=3515\"},\"wordCount\":140,\"commentCount\":0,\"publisher\":{\"@id\":\"https:\/\/nativainfo.com\/#organization\"},\"image\":{\"@id\":\"https:\/\/nativainfo.com\/?p=3515#primaryimage\"},\"thumbnailUrl\":\"http:\/\/nativainfo.com\/wp-content\/uploads\/2022\/10\/imagen_2022-10-14_002443787.png\",\"articleSection\":[\"F\u00fatbol\"],\"inLanguage\":\"es-AR\",\"potentialAction\":[{\"@type\":\"CommentAction\",\"name\":\"Comment\",\"target\":[\"https:\/\/nativainfo.com\/?p=3515#respond\"]}]},{\"@type\":\"WebPage\",\"@id\":\"https:\/\/nativainfo.com\/?p=3515\",\"url\":\"https:\/\/nativainfo.com\/?p=3515\",\"name\":\"Gallardo se va de River: \u201cNo voy a seguir, es la decisi\u00f3n m\u00e1s dif\u00edcil\u201d - Nativa Info\",\"isPartOf\":{\"@id\":\"https:\/\/nativainfo.com\/#website\"},\"primaryImageOfPage\":{\"@id\":\"https:\/\/nativainfo.com\/?p=3515#primaryimage\"},\"image\":{\"@id\":\"https:\/\/nativainfo.com\/?p=3515#primaryimage\"},\"thumbnailUrl\":\"http:\/\/nativainfo.com\/wp-content\/uploads\/2022\/10\/imagen_2022-10-14_002443787.png\",\"datePublished\":\"2022-10-14T03:24:50+00:00\",\"dateModified\":\"2022-10-14T03:24:54+00:00\",\"breadcrumb\":{\"@id\":\"https:\/\/nativainfo.com\/?p=3515#breadcrumb\"},\"inLanguage\":\"es-AR\",\"potentialAction\":[{\"@type\":\"ReadAction\",\"target\":[\"https:\/\/nativainfo.com\/?p=3515\"]}]},{\"@type\":\"ImageObject\",\"inLanguage\":\"es-AR\",\"@id\":\"https:\/\/nativainfo.com\/?p=3515#primaryimage\",\"url\":\"https:\/\/nativainfo.com\/wp-content\/uploads\/2022\/10\/imagen_2022-10-14_002443787.png\",\"contentUrl\":\"https:\/\/nativainfo.com\/wp-content\/uploads\/2022\/10\/imagen_2022-10-14_002443787.png\",\"width\":1010,\"height\":567},{\"@type\":\"BreadcrumbList\",\"@id\":\"https:\/\/nativainfo.com\/?p=3515#breadcrumb\",\"itemListElement\":[{\"@type\":\"ListItem\",\"position\":1,\"name\":\"Inicio\",\"item\":\"https:\/\/nativainfo.com\/\"},{\"@type\":\"ListItem\",\"position\":2,\"name\":\"Gallardo se va de River: \u201cNo voy a seguir, es la decisi\u00f3n m\u00e1s dif\u00edcil\u201d\"}]},{\"@type\":\"WebSite\",\"@id\":\"https:\/\/nativainfo.com\/#website\",\"url\":\"https:\/\/nativainfo.com\/\",\"name\":\"Nativa Info\",\"description\":\"Diario Digital\",\"publisher\":{\"@id\":\"https:\/\/nativainfo.com\/#organization\"},\"potentialAction\":[{\"@type\":\"SearchAction\",\"target\":{\"@type\":\"EntryPoint\",\"urlTemplate\":\"https:\/\/nativainfo.com\/?s={search_term_string}\"},\"query-input\":{\"@type\":\"PropertyValueSpecification\",\"valueRequired\":true,\"valueName\":\"search_term_string\"}}],\"inLanguage\":\"es-AR\"},{\"@type\":\"Organization\",\"@id\":\"https:\/\/nativainfo.com\/#organization\",\"name\":\"Nativa Info\",\"url\":\"https:\/\/nativainfo.com\/\",\"logo\":{\"@type\":\"ImageObject\",\"inLanguage\":\"es-AR\",\"@id\":\"https:\/\/nativainfo.com\/#\/schema\/logo\/image\/\",\"url\":\"https:\/\/nativainfo.com\/wp-content\/uploads\/2025\/08\/LOGO-NATIVA-FACE.jpg\",\"contentUrl\":\"https:\/\/nativainfo.com\/wp-content\/uploads\/2025\/08\/LOGO-NATIVA-FACE.jpg\",\"width\":400,\"height\":400,\"caption\":\"Nativa Info\"},\"image\":{\"@id\":\"https:\/\/nativainfo.com\/#\/schema\/logo\/image\/\"},\"sameAs\":[\"https:\/\/www.facebook.com\/profile.php?id=61578881597564\"]},{\"@type\":\"Person\",\"@id\":\"https:\/\/nativainfo.com\/#\/schema\/person\/24893b64a9cd564ddb5d102d36eb4b5c\",\"name\":\"Nativa Info\",\"image\":{\"@type\":\"ImageObject\",\"inLanguage\":\"es-AR\",\"@id\":\"https:\/\/nativainfo.com\/#\/schema\/person\/image\/\",\"url\":\"https:\/\/secure.gravatar.com\/avatar\/016fa1cf068d85136d938e1507b9b619cb766e2565cbb1faa1e571762460c785?s=96&d=mm&r=g\",\"contentUrl\":\"https:\/\/secure.gravatar.com\/avatar\/016fa1cf068d85136d938e1507b9b619cb766e2565cbb1faa1e571762460c785?s=96&d=mm&r=g\",\"caption\":\"Nativa Info\"},\"sameAs\":[\"http:\/\/nativainfo.com\"],\"url\":\"https:\/\/nativainfo.com\/?author=1\"}]}<\/script>\n<!-- \/ Yoast SEO plugin. -->","yoast_head_json":{"title":"Gallardo se va de River: \u201cNo voy a seguir, es la decisi\u00f3n m\u00e1s dif\u00edcil\u201d - Nativa Info","robots":{"index":"index","follow":"follow","max-snippet":"max-snippet:-1","max-image-preview":"max-image-preview:large","max-video-preview":"max-video-preview:-1"},"canonical":"https:\/\/nativainfo.com\/?p=3515","og_locale":"es_ES","og_type":"article","og_title":"Gallardo se va de River: \u201cNo voy a seguir, es la decisi\u00f3n m\u00e1s dif\u00edcil\u201d - Nativa Info","og_description":"El entrenador anunci\u00f3 su salida del club mediante conferencia de prensa. El &#8220;Mu\u00f1eco&#8221;, de 46 a\u00f1os, quien asumi\u00f3 el cargo... Continue reading","og_url":"https:\/\/nativainfo.com\/?p=3515","og_site_name":"Nativa Info","article_publisher":"https:\/\/www.facebook.com\/profile.php?id=61578881597564","article_published_time":"2022-10-14T03:24:50+00:00","article_modified_time":"2022-10-14T03:24:54+00:00","og_image":[{"url":"http:\/\/nativainfo.com\/wp-content\/uploads\/2022\/10\/imagen_2022-10-14_002443787.png","type":"","width":"","height":""}],"author":"Nativa Info","twitter_card":"summary_large_image","twitter_misc":{"Escrito por":"Nativa Info","Tiempo de lectura":"1 minuto"},"schema":{"@context":"https:\/\/schema.org","@graph":[{"@type":"Article","@id":"https:\/\/nativainfo.com\/?p=3515#article","isPartOf":{"@id":"https:\/\/nativainfo.com\/?p=3515"},"author":{"name":"Nativa Info","@id":"https:\/\/nativainfo.com\/#\/schema\/person\/24893b64a9cd564ddb5d102d36eb4b5c"},"headline":"Gallardo se va de River: \u201cNo voy a seguir, es la decisi\u00f3n m\u00e1s dif\u00edcil\u201d","datePublished":"2022-10-14T03:24:50+00:00","dateModified":"2022-10-14T03:24:54+00:00","mainEntityOfPage":{"@id":"https:\/\/nativainfo.com\/?p=3515"},"wordCount":140,"commentCount":0,"publisher":{"@id":"https:\/\/nativainfo.com\/#organization"},"image":{"@id":"https:\/\/nativainfo.com\/?p=3515#primaryimage"},"thumbnailUrl":"http:\/\/nativainfo.com\/wp-content\/uploads\/2022\/10\/imagen_2022-10-14_002443787.png","articleSection":["F\u00fatbol"],"inLanguage":"es-AR","potentialAction":[{"@type":"CommentAction","name":"Comment","target":["https:\/\/nativainfo.com\/?p=3515#respond"]}]},{"@type":"WebPage","@id":"https:\/\/nativainfo.com\/?p=3515","url":"https:\/\/nativainfo.com\/?p=3515","name":"Gallardo se va de River: \u201cNo voy a seguir, es la decisi\u00f3n m\u00e1s dif\u00edcil\u201d - Nativa Info","isPartOf":{"@id":"https:\/\/nativainfo.com\/#website"},"primaryImageOfPage":{"@id":"https:\/\/nativainfo.com\/?p=3515#primaryimage"},"image":{"@id":"https:\/\/nativainfo.com\/?p=3515#primaryimage"},"thumbnailUrl":"http:\/\/nativainfo.com\/wp-content\/uploads\/2022\/10\/imagen_2022-10-14_002443787.png","datePublished":"2022-10-14T03:24:50+00:00","dateModified":"2022-10-14T03:24:54+00:00","breadcrumb":{"@id":"https:\/\/nativainfo.com\/?p=3515#breadcrumb"},"inLanguage":"es-AR","potentialAction":[{"@type":"ReadAction","target":["https:\/\/nativainfo.com\/?p=3515"]}]},{"@type":"ImageObject","inLanguage":"es-AR","@id":"https:\/\/nativainfo.com\/?p=3515#primaryimage","url":"https:\/\/nativainfo.com\/wp-content\/uploads\/2022\/10\/imagen_2022-10-14_002443787.png","contentUrl":"https:\/\/nativainfo.com\/wp-content\/uploads\/2022\/10\/imagen_2022-10-14_002443787.png","width":1010,"height":567},{"@type":"BreadcrumbList","@id":"https:\/\/nativainfo.com\/?p=3515#breadcrumb","itemListElement":[{"@type":"ListItem","position":1,"name":"Inicio","item":"https:\/\/nativainfo.com\/"},{"@type":"ListItem","position":2,"name":"Gallardo se va de River: \u201cNo voy a seguir, es la decisi\u00f3n m\u00e1s dif\u00edcil\u201d"}]},{"@type":"WebSite","@id":"https:\/\/nativainfo.com\/#website","url":"https:\/\/nativainfo.com\/","name":"Nativa Info","description":"Diario Digital","publisher":{"@id":"https:\/\/nativainfo.com\/#organization"},"potentialAction":[{"@type":"SearchAction","target":{"@type":"EntryPoint","urlTemplate":"https:\/\/nativainfo.com\/?s={search_term_string}"},"query-input":{"@type":"PropertyValueSpecification","valueRequired":true,"valueName":"search_term_string"}}],"inLanguage":"es-AR"},{"@type":"Organization","@id":"https:\/\/nativainfo.com\/#organization","name":"Nativa Info","url":"https:\/\/nativainfo.com\/","logo":{"@type":"ImageObject","inLanguage":"es-AR","@id":"https:\/\/nativainfo.com\/#\/schema\/logo\/image\/","url":"https:\/\/nativainfo.com\/wp-content\/uploads\/2025\/08\/LOGO-NATIVA-FACE.jpg","contentUrl":"https:\/\/nativainfo.com\/wp-content\/uploads\/2025\/08\/LOGO-NATIVA-FACE.jpg","width":400,"height":400,"caption":"Nativa Info"},"image":{"@id":"https:\/\/nativainfo.com\/#\/schema\/logo\/image\/"},"sameAs":["https:\/\/www.facebook.com\/profile.php?id=61578881597564"]},{"@type":"Person","@id":"https:\/\/nativainfo.com\/#\/schema\/person\/24893b64a9cd564ddb5d102d36eb4b5c","name":"Nativa Info","image":{"@type":"ImageObject","inLanguage":"es-AR","@id":"https:\/\/nativainfo.com\/#\/schema\/person\/image\/","url":"https:\/\/secure.gravatar.com\/avatar\/016fa1cf068d85136d938e1507b9b619cb766e2565cbb1faa1e571762460c785?s=96&d=mm&r=g","contentUrl":"https:\/\/secure.gravatar.com\/avatar\/016fa1cf068d85136d938e1507b9b619cb766e2565cbb1faa1e571762460c785?s=96&d=mm&r=g","caption":"Nativa Info"},"sameAs":["http:\/\/nativainfo.com"],"url":"https:\/\/nativainfo.com\/?author=1"}]}},"jetpack_publicize_connections":[],"_links":{"self":[{"href":"https:\/\/nativainfo.com\/index.php?rest_route=\/wp\/v2\/posts\/3515","targetHints":{"allow":["GET"]}}],"collection":[{"href":"https:\/\/nativainfo.com\/index.php?rest_route=\/wp\/v2\/posts"}],"about":[{"href":"https:\/\/nativainfo.com\/index.php?rest_route=\/wp\/v2\/types\/post"}],"author":[{"embeddable":true,"href":"https:\/\/nativainfo.com\/index.php?rest_route=\/wp\/v2\/users\/1"}],"replies":[{"embeddable":true,"href":"https:\/\/nativainfo.com\/index.php?rest_route=%2Fwp%2Fv2%2Fcomments&post=3515"}],"version-history":[{"count":1,"href":"https:\/\/nativainfo.com\/index.php?rest_route=\/wp\/v2\/posts\/3515\/revisions"}],"predecessor-version":[{"id":3522,"href":"https:\/\/nativainfo.com\/index.php?rest_route=\/wp\/v2\/posts\/3515\/revisions\/3522"}],"wp:attachment":[{"href":"https:\/\/nativainfo.com\/index.php?rest_route=%2Fwp%2Fv2%2Fmedia&parent=3515"}],"wp:term":[{"taxonomy":"category","embeddable":true,"href":"https:\/\/nativainfo.com\/index.php?rest_route=%2Fwp%2Fv2%2Fcategories&post=3515"},{"taxonomy":"post_tag","embeddable":true,"href":"https:\/\/nativainfo.com\/index.php?rest_route=%2Fwp%2Fv2%2Ftags&post=3515"}],"curies":[{"name":"wp","href":"https:\/\/api.w.org\/{rel}","templated":true}]}}