{"id":3459,"date":"2022-09-22T23:22:24","date_gmt":"2022-09-23T02:22:24","guid":{"rendered":"http:\/\/nativainfo.com\/?p=3459"},"modified":"2022-09-22T23:22:26","modified_gmt":"2022-09-23T02:22:26","slug":"santiago-dijo-presente-en-la-inauguracion-del-pabellon-argentino-en-expocruz","status":"publish","type":"post","link":"https:\/\/nativainfo.com\/?p=3459","title":{"rendered":"Santiago dijo presente en la inauguraci\u00f3n del Pabell\u00f3n Argentino en ExpoCruz"},"content":{"rendered":"\n<figure class=\"wp-block-image size-large\"><img fetchpriority=\"high\" decoding=\"async\" width=\"1010\" height=\"567\" src=\"http:\/\/nativainfo.com\/wp-content\/uploads\/2022\/09\/imagen_2022-09-22_232211816.png\" alt=\"\" class=\"wp-image-3463\" srcset=\"https:\/\/nativainfo.com\/wp-content\/uploads\/2022\/09\/imagen_2022-09-22_232211816.png 1010w, https:\/\/nativainfo.com\/wp-content\/uploads\/2022\/09\/imagen_2022-09-22_232211816-300x168.png 300w, https:\/\/nativainfo.com\/wp-content\/uploads\/2022\/09\/imagen_2022-09-22_232211816-768x431.png 768w, https:\/\/nativainfo.com\/wp-content\/uploads\/2022\/09\/imagen_2022-09-22_232211816-623x350.png 623w, https:\/\/nativainfo.com\/wp-content\/uploads\/2022\/09\/imagen_2022-09-22_232211816-150x84.png 150w\" sizes=\"(max-width: 1010px) 100vw, 1010px\" \/><\/figure>\n\n\n\n<p>Santiago el Estero particip\u00f3 ayer de la inauguraci\u00f3n del&nbsp;<strong>Pabell\u00f3n Argentino en ExpoCruz<\/strong>, la feria internacional m\u00e1s importante de Bolivia y una de las m\u00e1s grandes de Sudam\u00e9rica con una ronda de negocios que agrupa a m\u00e1s de 30 pa\u00edses.<\/p>\n\n\n\n<p>En representaci\u00f3n de nuestra Provincia se hizo presente&nbsp;<strong>Bernardo Abruzzese, Secretario de la Representaci\u00f3n Oficial en Buenos Aires y Relaciones Internacionales<\/strong>; tambi\u00e9n participaron el Embajador de la Rep\u00fablica Argentina en Bolivia, Ariel Basteiro, el titular de la Agencia Argentina de Inversiones y Comercio Internacional (AAIC), Juan Usandivaras, y el Presidente de Expo Cruz, Oscar Mario Justiniano Pinto.<\/p>\n\n\n\n<p>Como viene sucediendo desde 2006 la participaci\u00f3n argentina, y<strong>&nbsp;particularmente de Santiago del Estero<\/strong>, se hizo sentir con fuerza en este evento que se desarrolla en Santa Cruz de la Sierra hasta el 26 de septiembre. Dentro del pabell\u00f3n argentino, Santiago tiene un espacio de spa para fomentar el turismo termal y un sector institucional, adem\u00e1s del espacio instalado por Macamedia y Lignum, las dos empresas de software que integran la misi\u00f3n santiague\u00f1a.&nbsp;<\/p>\n\n\n\n<p>Dentro de la feria se desarrolla una ronda de negocios de 3 d\u00edas y all\u00ed las empresas comprovincianas pudieron tambi\u00e9n concurrir a las reuniones organizadas por el Consulado Argentino y su Centro de Promoci\u00f3n en Santa Cruz de la Sierra, a trav\u00e9s de la Secretar\u00eda de Relaciones Internacionales de Santiago del estero. En este contexto, ambas firmas tuvieron importante impacto y demandas concretas para el desarrollo de soluciones inform\u00e1ticas para distintos \u00e1mbitos productivos.<\/p>\n","protected":false},"excerpt":{"rendered":"<p>Santiago el Estero particip\u00f3 ayer de la inauguraci\u00f3n del&nbsp;Pabell\u00f3n Argentino en ExpoCruz, la feria internacional m\u00e1s importante de Bolivia y&#8230; <a class=\"continue-reading-link\" href=\"https:\/\/nativainfo.com\/?p=3459\">Continue reading<\/a><\/p>\n","protected":false},"author":1,"featured_media":0,"comment_status":"open","ping_status":"open","sticky":false,"template":"","format":"standard","meta":{"rop_custom_images_group":[],"rop_custom_messages_group":[],"rop_publish_now":"initial","rop_publish_now_accounts":[],"rop_publish_now_history":[],"rop_publish_now_status":"pending","footnotes":"","jetpack_publicize_message":"","jetpack_publicize_feature_enabled":true,"jetpack_social_post_already_shared":false,"jetpack_social_options":{"image_generator_settings":{"template":"highway","default_image_id":0,"font":"","enabled":false},"version":2}},"categories":[8],"tags":[],"class_list":["post-3459","post","type-post","status-publish","format-standard","hentry","category-noticias"],"yoast_head":"<!-- This site is optimized with the Yoast SEO plugin v25.6 - https:\/\/yoast.com\/wordpress\/plugins\/seo\/ -->\n<title>Santiago dijo presente en la inauguraci\u00f3n del Pabell\u00f3n Argentino en ExpoCruz - Nativa Info<\/title>\n<meta name=\"robots\" content=\"index, follow, max-snippet:-1, max-image-preview:large, max-video-preview:-1\" \/>\n<link rel=\"canonical\" href=\"https:\/\/nativainfo.com\/?p=3459\" \/>\n<meta property=\"og:locale\" content=\"es_ES\" \/>\n<meta property=\"og:type\" content=\"article\" \/>\n<meta property=\"og:title\" content=\"Santiago dijo presente en la inauguraci\u00f3n del Pabell\u00f3n Argentino en ExpoCruz - Nativa Info\" \/>\n<meta property=\"og:description\" content=\"Santiago el Estero particip\u00f3 ayer de la inauguraci\u00f3n del&nbsp;Pabell\u00f3n Argentino en ExpoCruz, la feria internacional m\u00e1s importante de Bolivia y... Continue reading\" \/>\n<meta property=\"og:url\" content=\"https:\/\/nativainfo.com\/?p=3459\" \/>\n<meta property=\"og:site_name\" content=\"Nativa Info\" \/>\n<meta property=\"article:publisher\" content=\"https:\/\/www.facebook.com\/profile.php?id=61578881597564\" \/>\n<meta property=\"article:published_time\" content=\"2022-09-23T02:22:24+00:00\" \/>\n<meta property=\"article:modified_time\" content=\"2022-09-23T02:22:26+00:00\" \/>\n<meta property=\"og:image\" content=\"http:\/\/nativainfo.com\/wp-content\/uploads\/2022\/09\/imagen_2022-09-22_232211816.png\" \/>\n<meta name=\"author\" content=\"Nativa Info\" \/>\n<meta name=\"twitter:card\" content=\"summary_large_image\" \/>\n<meta name=\"twitter:label1\" content=\"Escrito por\" \/>\n\t<meta name=\"twitter:data1\" content=\"Nativa Info\" \/>\n\t<meta name=\"twitter:label2\" content=\"Tiempo de lectura\" \/>\n\t<meta name=\"twitter:data2\" content=\"1 minuto\" \/>\n<script type=\"application\/ld+json\" class=\"yoast-schema-graph\">{\"@context\":\"https:\/\/schema.org\",\"@graph\":[{\"@type\":\"Article\",\"@id\":\"https:\/\/nativainfo.com\/?p=3459#article\",\"isPartOf\":{\"@id\":\"https:\/\/nativainfo.com\/?p=3459\"},\"author\":{\"name\":\"Nativa Info\",\"@id\":\"https:\/\/nativainfo.com\/#\/schema\/person\/24893b64a9cd564ddb5d102d36eb4b5c\"},\"headline\":\"Santiago dijo presente en la inauguraci\u00f3n del Pabell\u00f3n Argentino en ExpoCruz\",\"datePublished\":\"2022-09-23T02:22:24+00:00\",\"dateModified\":\"2022-09-23T02:22:26+00:00\",\"mainEntityOfPage\":{\"@id\":\"https:\/\/nativainfo.com\/?p=3459\"},\"wordCount\":278,\"commentCount\":0,\"publisher\":{\"@id\":\"https:\/\/nativainfo.com\/#organization\"},\"image\":{\"@id\":\"https:\/\/nativainfo.com\/?p=3459#primaryimage\"},\"thumbnailUrl\":\"http:\/\/nativainfo.com\/wp-content\/uploads\/2022\/09\/imagen_2022-09-22_232211816.png\",\"articleSection\":[\"Noticias\"],\"inLanguage\":\"es-AR\",\"potentialAction\":[{\"@type\":\"CommentAction\",\"name\":\"Comment\",\"target\":[\"https:\/\/nativainfo.com\/?p=3459#respond\"]}]},{\"@type\":\"WebPage\",\"@id\":\"https:\/\/nativainfo.com\/?p=3459\",\"url\":\"https:\/\/nativainfo.com\/?p=3459\",\"name\":\"Santiago dijo presente en la inauguraci\u00f3n del Pabell\u00f3n Argentino en ExpoCruz - Nativa Info\",\"isPartOf\":{\"@id\":\"https:\/\/nativainfo.com\/#website\"},\"primaryImageOfPage\":{\"@id\":\"https:\/\/nativainfo.com\/?p=3459#primaryimage\"},\"image\":{\"@id\":\"https:\/\/nativainfo.com\/?p=3459#primaryimage\"},\"thumbnailUrl\":\"http:\/\/nativainfo.com\/wp-content\/uploads\/2022\/09\/imagen_2022-09-22_232211816.png\",\"datePublished\":\"2022-09-23T02:22:24+00:00\",\"dateModified\":\"2022-09-23T02:22:26+00:00\",\"breadcrumb\":{\"@id\":\"https:\/\/nativainfo.com\/?p=3459#breadcrumb\"},\"inLanguage\":\"es-AR\",\"potentialAction\":[{\"@type\":\"ReadAction\",\"target\":[\"https:\/\/nativainfo.com\/?p=3459\"]}]},{\"@type\":\"ImageObject\",\"inLanguage\":\"es-AR\",\"@id\":\"https:\/\/nativainfo.com\/?p=3459#primaryimage\",\"url\":\"https:\/\/nativainfo.com\/wp-content\/uploads\/2022\/09\/imagen_2022-09-22_232211816.png\",\"contentUrl\":\"https:\/\/nativainfo.com\/wp-content\/uploads\/2022\/09\/imagen_2022-09-22_232211816.png\",\"width\":1010,\"height\":567},{\"@type\":\"BreadcrumbList\",\"@id\":\"https:\/\/nativainfo.com\/?p=3459#breadcrumb\",\"itemListElement\":[{\"@type\":\"ListItem\",\"position\":1,\"name\":\"Inicio\",\"item\":\"https:\/\/nativainfo.com\/\"},{\"@type\":\"ListItem\",\"position\":2,\"name\":\"Santiago dijo presente en la inauguraci\u00f3n del Pabell\u00f3n Argentino en ExpoCruz\"}]},{\"@type\":\"WebSite\",\"@id\":\"https:\/\/nativainfo.com\/#website\",\"url\":\"https:\/\/nativainfo.com\/\",\"name\":\"Nativa Info\",\"description\":\"Diario Digital\",\"publisher\":{\"@id\":\"https:\/\/nativainfo.com\/#organization\"},\"potentialAction\":[{\"@type\":\"SearchAction\",\"target\":{\"@type\":\"EntryPoint\",\"urlTemplate\":\"https:\/\/nativainfo.com\/?s={search_term_string}\"},\"query-input\":{\"@type\":\"PropertyValueSpecification\",\"valueRequired\":true,\"valueName\":\"search_term_string\"}}],\"inLanguage\":\"es-AR\"},{\"@type\":\"Organization\",\"@id\":\"https:\/\/nativainfo.com\/#organization\",\"name\":\"Nativa Info\",\"url\":\"https:\/\/nativainfo.com\/\",\"logo\":{\"@type\":\"ImageObject\",\"inLanguage\":\"es-AR\",\"@id\":\"https:\/\/nativainfo.com\/#\/schema\/logo\/image\/\",\"url\":\"https:\/\/nativainfo.com\/wp-content\/uploads\/2025\/08\/LOGO-NATIVA-FACE.jpg\",\"contentUrl\":\"https:\/\/nativainfo.com\/wp-content\/uploads\/2025\/08\/LOGO-NATIVA-FACE.jpg\",\"width\":400,\"height\":400,\"caption\":\"Nativa Info\"},\"image\":{\"@id\":\"https:\/\/nativainfo.com\/#\/schema\/logo\/image\/\"},\"sameAs\":[\"https:\/\/www.facebook.com\/profile.php?id=61578881597564\"]},{\"@type\":\"Person\",\"@id\":\"https:\/\/nativainfo.com\/#\/schema\/person\/24893b64a9cd564ddb5d102d36eb4b5c\",\"name\":\"Nativa Info\",\"image\":{\"@type\":\"ImageObject\",\"inLanguage\":\"es-AR\",\"@id\":\"https:\/\/nativainfo.com\/#\/schema\/person\/image\/\",\"url\":\"https:\/\/secure.gravatar.com\/avatar\/016fa1cf068d85136d938e1507b9b619cb766e2565cbb1faa1e571762460c785?s=96&d=mm&r=g\",\"contentUrl\":\"https:\/\/secure.gravatar.com\/avatar\/016fa1cf068d85136d938e1507b9b619cb766e2565cbb1faa1e571762460c785?s=96&d=mm&r=g\",\"caption\":\"Nativa Info\"},\"sameAs\":[\"http:\/\/nativainfo.com\"],\"url\":\"https:\/\/nativainfo.com\/?author=1\"}]}<\/script>\n<!-- \/ Yoast SEO plugin. -->","yoast_head_json":{"title":"Santiago dijo presente en la inauguraci\u00f3n del Pabell\u00f3n Argentino en ExpoCruz - Nativa Info","robots":{"index":"index","follow":"follow","max-snippet":"max-snippet:-1","max-image-preview":"max-image-preview:large","max-video-preview":"max-video-preview:-1"},"canonical":"https:\/\/nativainfo.com\/?p=3459","og_locale":"es_ES","og_type":"article","og_title":"Santiago dijo presente en la inauguraci\u00f3n del Pabell\u00f3n Argentino en ExpoCruz - Nativa Info","og_description":"Santiago el Estero particip\u00f3 ayer de la inauguraci\u00f3n del&nbsp;Pabell\u00f3n Argentino en ExpoCruz, la feria internacional m\u00e1s importante de Bolivia y... Continue reading","og_url":"https:\/\/nativainfo.com\/?p=3459","og_site_name":"Nativa Info","article_publisher":"https:\/\/www.facebook.com\/profile.php?id=61578881597564","article_published_time":"2022-09-23T02:22:24+00:00","article_modified_time":"2022-09-23T02:22:26+00:00","og_image":[{"url":"http:\/\/nativainfo.com\/wp-content\/uploads\/2022\/09\/imagen_2022-09-22_232211816.png","type":"","width":"","height":""}],"author":"Nativa Info","twitter_card":"summary_large_image","twitter_misc":{"Escrito por":"Nativa Info","Tiempo de lectura":"1 minuto"},"schema":{"@context":"https:\/\/schema.org","@graph":[{"@type":"Article","@id":"https:\/\/nativainfo.com\/?p=3459#article","isPartOf":{"@id":"https:\/\/nativainfo.com\/?p=3459"},"author":{"name":"Nativa Info","@id":"https:\/\/nativainfo.com\/#\/schema\/person\/24893b64a9cd564ddb5d102d36eb4b5c"},"headline":"Santiago dijo presente en la inauguraci\u00f3n del Pabell\u00f3n Argentino en ExpoCruz","datePublished":"2022-09-23T02:22:24+00:00","dateModified":"2022-09-23T02:22:26+00:00","mainEntityOfPage":{"@id":"https:\/\/nativainfo.com\/?p=3459"},"wordCount":278,"commentCount":0,"publisher":{"@id":"https:\/\/nativainfo.com\/#organization"},"image":{"@id":"https:\/\/nativainfo.com\/?p=3459#primaryimage"},"thumbnailUrl":"http:\/\/nativainfo.com\/wp-content\/uploads\/2022\/09\/imagen_2022-09-22_232211816.png","articleSection":["Noticias"],"inLanguage":"es-AR","potentialAction":[{"@type":"CommentAction","name":"Comment","target":["https:\/\/nativainfo.com\/?p=3459#respond"]}]},{"@type":"WebPage","@id":"https:\/\/nativainfo.com\/?p=3459","url":"https:\/\/nativainfo.com\/?p=3459","name":"Santiago dijo presente en la inauguraci\u00f3n del Pabell\u00f3n Argentino en ExpoCruz - Nativa Info","isPartOf":{"@id":"https:\/\/nativainfo.com\/#website"},"primaryImageOfPage":{"@id":"https:\/\/nativainfo.com\/?p=3459#primaryimage"},"image":{"@id":"https:\/\/nativainfo.com\/?p=3459#primaryimage"},"thumbnailUrl":"http:\/\/nativainfo.com\/wp-content\/uploads\/2022\/09\/imagen_2022-09-22_232211816.png","datePublished":"2022-09-23T02:22:24+00:00","dateModified":"2022-09-23T02:22:26+00:00","breadcrumb":{"@id":"https:\/\/nativainfo.com\/?p=3459#breadcrumb"},"inLanguage":"es-AR","potentialAction":[{"@type":"ReadAction","target":["https:\/\/nativainfo.com\/?p=3459"]}]},{"@type":"ImageObject","inLanguage":"es-AR","@id":"https:\/\/nativainfo.com\/?p=3459#primaryimage","url":"https:\/\/nativainfo.com\/wp-content\/uploads\/2022\/09\/imagen_2022-09-22_232211816.png","contentUrl":"https:\/\/nativainfo.com\/wp-content\/uploads\/2022\/09\/imagen_2022-09-22_232211816.png","width":1010,"height":567},{"@type":"BreadcrumbList","@id":"https:\/\/nativainfo.com\/?p=3459#breadcrumb","itemListElement":[{"@type":"ListItem","position":1,"name":"Inicio","item":"https:\/\/nativainfo.com\/"},{"@type":"ListItem","position":2,"name":"Santiago dijo presente en la inauguraci\u00f3n del Pabell\u00f3n Argentino en ExpoCruz"}]},{"@type":"WebSite","@id":"https:\/\/nativainfo.com\/#website","url":"https:\/\/nativainfo.com\/","name":"Nativa Info","description":"Diario Digital","publisher":{"@id":"https:\/\/nativainfo.com\/#organization"},"potentialAction":[{"@type":"SearchAction","target":{"@type":"EntryPoint","urlTemplate":"https:\/\/nativainfo.com\/?s={search_term_string}"},"query-input":{"@type":"PropertyValueSpecification","valueRequired":true,"valueName":"search_term_string"}}],"inLanguage":"es-AR"},{"@type":"Organization","@id":"https:\/\/nativainfo.com\/#organization","name":"Nativa Info","url":"https:\/\/nativainfo.com\/","logo":{"@type":"ImageObject","inLanguage":"es-AR","@id":"https:\/\/nativainfo.com\/#\/schema\/logo\/image\/","url":"https:\/\/nativainfo.com\/wp-content\/uploads\/2025\/08\/LOGO-NATIVA-FACE.jpg","contentUrl":"https:\/\/nativainfo.com\/wp-content\/uploads\/2025\/08\/LOGO-NATIVA-FACE.jpg","width":400,"height":400,"caption":"Nativa Info"},"image":{"@id":"https:\/\/nativainfo.com\/#\/schema\/logo\/image\/"},"sameAs":["https:\/\/www.facebook.com\/profile.php?id=61578881597564"]},{"@type":"Person","@id":"https:\/\/nativainfo.com\/#\/schema\/person\/24893b64a9cd564ddb5d102d36eb4b5c","name":"Nativa Info","image":{"@type":"ImageObject","inLanguage":"es-AR","@id":"https:\/\/nativainfo.com\/#\/schema\/person\/image\/","url":"https:\/\/secure.gravatar.com\/avatar\/016fa1cf068d85136d938e1507b9b619cb766e2565cbb1faa1e571762460c785?s=96&d=mm&r=g","contentUrl":"https:\/\/secure.gravatar.com\/avatar\/016fa1cf068d85136d938e1507b9b619cb766e2565cbb1faa1e571762460c785?s=96&d=mm&r=g","caption":"Nativa Info"},"sameAs":["http:\/\/nativainfo.com"],"url":"https:\/\/nativainfo.com\/?author=1"}]}},"jetpack_publicize_connections":[],"_links":{"self":[{"href":"https:\/\/nativainfo.com\/index.php?rest_route=\/wp\/v2\/posts\/3459","targetHints":{"allow":["GET"]}}],"collection":[{"href":"https:\/\/nativainfo.com\/index.php?rest_route=\/wp\/v2\/posts"}],"about":[{"href":"https:\/\/nativainfo.com\/index.php?rest_route=\/wp\/v2\/types\/post"}],"author":[{"embeddable":true,"href":"https:\/\/nativainfo.com\/index.php?rest_route=\/wp\/v2\/users\/1"}],"replies":[{"embeddable":true,"href":"https:\/\/nativainfo.com\/index.php?rest_route=%2Fwp%2Fv2%2Fcomments&post=3459"}],"version-history":[{"count":1,"href":"https:\/\/nativainfo.com\/index.php?rest_route=\/wp\/v2\/posts\/3459\/revisions"}],"predecessor-version":[{"id":3464,"href":"https:\/\/nativainfo.com\/index.php?rest_route=\/wp\/v2\/posts\/3459\/revisions\/3464"}],"wp:attachment":[{"href":"https:\/\/nativainfo.com\/index.php?rest_route=%2Fwp%2Fv2%2Fmedia&parent=3459"}],"wp:term":[{"taxonomy":"category","embeddable":true,"href":"https:\/\/nativainfo.com\/index.php?rest_route=%2Fwp%2Fv2%2Fcategories&post=3459"},{"taxonomy":"post_tag","embeddable":true,"href":"https:\/\/nativainfo.com\/index.php?rest_route=%2Fwp%2Fv2%2Ftags&post=3459"}],"curies":[{"name":"wp","href":"https:\/\/api.w.org\/{rel}","templated":true}]}}