{"id":3454,"date":"2022-09-16T00:35:01","date_gmt":"2022-09-16T03:35:01","guid":{"rendered":"http:\/\/nativainfo.com\/?p=3454"},"modified":"2022-09-16T00:35:03","modified_gmt":"2022-09-16T03:35:03","slug":"roger-federer-anuncio-que-se-retira-del-tenis-a-los-41-anos","status":"publish","type":"post","link":"https:\/\/nativainfo.com\/?p=3454","title":{"rendered":"Roger Federer anunci\u00f3 que se retira del tenis a los 41 a\u00f1os"},"content":{"rendered":"\n<figure class=\"wp-block-image size-large\"><img fetchpriority=\"high\" decoding=\"async\" width=\"732\" height=\"549\" src=\"http:\/\/nativainfo.com\/wp-content\/uploads\/2022\/09\/imagen_2022-09-16_003451400.png\" alt=\"\" class=\"wp-image-3455\" srcset=\"https:\/\/nativainfo.com\/wp-content\/uploads\/2022\/09\/imagen_2022-09-16_003451400.png 732w, https:\/\/nativainfo.com\/wp-content\/uploads\/2022\/09\/imagen_2022-09-16_003451400-300x225.png 300w, https:\/\/nativainfo.com\/wp-content\/uploads\/2022\/09\/imagen_2022-09-16_003451400-467x350.png 467w, https:\/\/nativainfo.com\/wp-content\/uploads\/2022\/09\/imagen_2022-09-16_003451400-150x113.png 150w\" sizes=\"(max-width: 732px) 100vw, 732px\" \/><\/figure>\n\n\n\n<p><strong>Roger Federer<\/strong>&nbsp;anunci\u00f3 que se retira del tenis profesional. El tenista, considerado uno de los mejores de todos los tiempos y ganador de 21 torneos de&nbsp;<strong>Grand Slam<\/strong>, confirm\u00f3 que dejar\u00e1 el deporte profesional despu\u00e9s de participar en la&nbsp;<strong>Laver Cup<\/strong>, que se realizar\u00e1 la pr\u00f3xima semana en la ciudad de&nbsp;<strong>Londres<\/strong>.<\/p>\n\n\n\n<p>\u201cLa<strong>&nbsp;Copa Laver<\/strong>&nbsp;de la pr\u00f3xima semana en&nbsp;<strong>Londres&nbsp;<\/strong>ser\u00e1 mi \u00faltimo evento&nbsp;<strong>ATP<\/strong>. Jugar\u00e9 m\u00e1s tenis en el futuro, por supuesto, pero no en&nbsp;<strong>Grand Slams<\/strong>&nbsp;ni en el circuito\u201d, dijo en una carta que public\u00f3 en sus redes sociales junto con un video.<\/p>\n\n\n\n<p>De esta manera,&nbsp;<strong>Federer&nbsp;<\/strong>le pondr\u00e1 punto final a una gloriosa carrera desde el pr\u00f3ximo 23 de septiembre en el reconocido estadio O2 Arena. Dentro de los atractivos que present\u00f3 el certamen ser\u00e1 volver a ver al hist\u00f3rico&nbsp;<strong>Big Four: Roger, Rafael Nadal, Novak Djokovic y Andy Murray<\/strong>&nbsp;compartiendo el mismo equipo que ser\u00e1 liderado por la leyenda&nbsp;<strong>Bj\u00f6rn Borg<\/strong>.<\/p>\n","protected":false},"excerpt":{"rendered":"<p>Roger Federer&nbsp;anunci\u00f3 que se retira del tenis profesional. El tenista, considerado uno de los mejores de todos los tiempos y&#8230; <a class=\"continue-reading-link\" href=\"https:\/\/nativainfo.com\/?p=3454\">Continue reading<\/a><\/p>\n","protected":false},"author":1,"featured_media":0,"comment_status":"open","ping_status":"open","sticky":false,"template":"","format":"standard","meta":{"rop_custom_images_group":[],"rop_custom_messages_group":[],"rop_publish_now":"initial","rop_publish_now_accounts":[],"rop_publish_now_history":[],"rop_publish_now_status":"pending","footnotes":"","jetpack_publicize_message":"","jetpack_publicize_feature_enabled":true,"jetpack_social_post_already_shared":false,"jetpack_social_options":{"image_generator_settings":{"template":"highway","default_image_id":0,"font":"","enabled":false},"version":2}},"categories":[39],"tags":[],"class_list":["post-3454","post","type-post","status-publish","format-standard","hentry","category-tenis"],"yoast_head":"<!-- This site is optimized with the Yoast SEO plugin v25.6 - https:\/\/yoast.com\/wordpress\/plugins\/seo\/ -->\n<title>Roger Federer anunci\u00f3 que se retira del tenis a los 41 a\u00f1os - Nativa Info<\/title>\n<meta name=\"robots\" content=\"index, follow, max-snippet:-1, max-image-preview:large, max-video-preview:-1\" \/>\n<link rel=\"canonical\" href=\"https:\/\/nativainfo.com\/?p=3454\" \/>\n<meta property=\"og:locale\" content=\"es_ES\" \/>\n<meta property=\"og:type\" content=\"article\" \/>\n<meta property=\"og:title\" content=\"Roger Federer anunci\u00f3 que se retira del tenis a los 41 a\u00f1os - Nativa Info\" \/>\n<meta property=\"og:description\" content=\"Roger Federer&nbsp;anunci\u00f3 que se retira del tenis profesional. El tenista, considerado uno de los mejores de todos los tiempos y... Continue reading\" \/>\n<meta property=\"og:url\" content=\"https:\/\/nativainfo.com\/?p=3454\" \/>\n<meta property=\"og:site_name\" content=\"Nativa Info\" \/>\n<meta property=\"article:publisher\" content=\"https:\/\/www.facebook.com\/profile.php?id=61578881597564\" \/>\n<meta property=\"article:published_time\" content=\"2022-09-16T03:35:01+00:00\" \/>\n<meta property=\"article:modified_time\" content=\"2022-09-16T03:35:03+00:00\" \/>\n<meta property=\"og:image\" content=\"http:\/\/nativainfo.com\/wp-content\/uploads\/2022\/09\/imagen_2022-09-16_003451400.png\" \/>\n<meta name=\"author\" content=\"Nativa Info\" \/>\n<meta name=\"twitter:card\" content=\"summary_large_image\" \/>\n<meta name=\"twitter:label1\" content=\"Escrito por\" \/>\n\t<meta name=\"twitter:data1\" content=\"Nativa Info\" \/>\n\t<meta name=\"twitter:label2\" content=\"Tiempo de lectura\" \/>\n\t<meta name=\"twitter:data2\" content=\"1 minuto\" \/>\n<script type=\"application\/ld+json\" class=\"yoast-schema-graph\">{\"@context\":\"https:\/\/schema.org\",\"@graph\":[{\"@type\":\"Article\",\"@id\":\"https:\/\/nativainfo.com\/?p=3454#article\",\"isPartOf\":{\"@id\":\"https:\/\/nativainfo.com\/?p=3454\"},\"author\":{\"name\":\"Nativa Info\",\"@id\":\"https:\/\/nativainfo.com\/#\/schema\/person\/24893b64a9cd564ddb5d102d36eb4b5c\"},\"headline\":\"Roger Federer anunci\u00f3 que se retira del tenis a los 41 a\u00f1os\",\"datePublished\":\"2022-09-16T03:35:01+00:00\",\"dateModified\":\"2022-09-16T03:35:03+00:00\",\"mainEntityOfPage\":{\"@id\":\"https:\/\/nativainfo.com\/?p=3454\"},\"wordCount\":190,\"commentCount\":0,\"publisher\":{\"@id\":\"https:\/\/nativainfo.com\/#organization\"},\"image\":{\"@id\":\"https:\/\/nativainfo.com\/?p=3454#primaryimage\"},\"thumbnailUrl\":\"http:\/\/nativainfo.com\/wp-content\/uploads\/2022\/09\/imagen_2022-09-16_003451400.png\",\"articleSection\":[\"Tenis\"],\"inLanguage\":\"es-AR\",\"potentialAction\":[{\"@type\":\"CommentAction\",\"name\":\"Comment\",\"target\":[\"https:\/\/nativainfo.com\/?p=3454#respond\"]}]},{\"@type\":\"WebPage\",\"@id\":\"https:\/\/nativainfo.com\/?p=3454\",\"url\":\"https:\/\/nativainfo.com\/?p=3454\",\"name\":\"Roger Federer anunci\u00f3 que se retira del tenis a los 41 a\u00f1os - Nativa Info\",\"isPartOf\":{\"@id\":\"https:\/\/nativainfo.com\/#website\"},\"primaryImageOfPage\":{\"@id\":\"https:\/\/nativainfo.com\/?p=3454#primaryimage\"},\"image\":{\"@id\":\"https:\/\/nativainfo.com\/?p=3454#primaryimage\"},\"thumbnailUrl\":\"http:\/\/nativainfo.com\/wp-content\/uploads\/2022\/09\/imagen_2022-09-16_003451400.png\",\"datePublished\":\"2022-09-16T03:35:01+00:00\",\"dateModified\":\"2022-09-16T03:35:03+00:00\",\"breadcrumb\":{\"@id\":\"https:\/\/nativainfo.com\/?p=3454#breadcrumb\"},\"inLanguage\":\"es-AR\",\"potentialAction\":[{\"@type\":\"ReadAction\",\"target\":[\"https:\/\/nativainfo.com\/?p=3454\"]}]},{\"@type\":\"ImageObject\",\"inLanguage\":\"es-AR\",\"@id\":\"https:\/\/nativainfo.com\/?p=3454#primaryimage\",\"url\":\"https:\/\/nativainfo.com\/wp-content\/uploads\/2022\/09\/imagen_2022-09-16_003451400.png\",\"contentUrl\":\"https:\/\/nativainfo.com\/wp-content\/uploads\/2022\/09\/imagen_2022-09-16_003451400.png\",\"width\":732,\"height\":549},{\"@type\":\"BreadcrumbList\",\"@id\":\"https:\/\/nativainfo.com\/?p=3454#breadcrumb\",\"itemListElement\":[{\"@type\":\"ListItem\",\"position\":1,\"name\":\"Inicio\",\"item\":\"https:\/\/nativainfo.com\/\"},{\"@type\":\"ListItem\",\"position\":2,\"name\":\"Roger Federer anunci\u00f3 que se retira del tenis a los 41 a\u00f1os\"}]},{\"@type\":\"WebSite\",\"@id\":\"https:\/\/nativainfo.com\/#website\",\"url\":\"https:\/\/nativainfo.com\/\",\"name\":\"Nativa Info\",\"description\":\"Diario Digital\",\"publisher\":{\"@id\":\"https:\/\/nativainfo.com\/#organization\"},\"potentialAction\":[{\"@type\":\"SearchAction\",\"target\":{\"@type\":\"EntryPoint\",\"urlTemplate\":\"https:\/\/nativainfo.com\/?s={search_term_string}\"},\"query-input\":{\"@type\":\"PropertyValueSpecification\",\"valueRequired\":true,\"valueName\":\"search_term_string\"}}],\"inLanguage\":\"es-AR\"},{\"@type\":\"Organization\",\"@id\":\"https:\/\/nativainfo.com\/#organization\",\"name\":\"Nativa Info\",\"url\":\"https:\/\/nativainfo.com\/\",\"logo\":{\"@type\":\"ImageObject\",\"inLanguage\":\"es-AR\",\"@id\":\"https:\/\/nativainfo.com\/#\/schema\/logo\/image\/\",\"url\":\"https:\/\/nativainfo.com\/wp-content\/uploads\/2025\/08\/LOGO-NATIVA-FACE.jpg\",\"contentUrl\":\"https:\/\/nativainfo.com\/wp-content\/uploads\/2025\/08\/LOGO-NATIVA-FACE.jpg\",\"width\":400,\"height\":400,\"caption\":\"Nativa Info\"},\"image\":{\"@id\":\"https:\/\/nativainfo.com\/#\/schema\/logo\/image\/\"},\"sameAs\":[\"https:\/\/www.facebook.com\/profile.php?id=61578881597564\"]},{\"@type\":\"Person\",\"@id\":\"https:\/\/nativainfo.com\/#\/schema\/person\/24893b64a9cd564ddb5d102d36eb4b5c\",\"name\":\"Nativa Info\",\"image\":{\"@type\":\"ImageObject\",\"inLanguage\":\"es-AR\",\"@id\":\"https:\/\/nativainfo.com\/#\/schema\/person\/image\/\",\"url\":\"https:\/\/secure.gravatar.com\/avatar\/016fa1cf068d85136d938e1507b9b619cb766e2565cbb1faa1e571762460c785?s=96&d=mm&r=g\",\"contentUrl\":\"https:\/\/secure.gravatar.com\/avatar\/016fa1cf068d85136d938e1507b9b619cb766e2565cbb1faa1e571762460c785?s=96&d=mm&r=g\",\"caption\":\"Nativa Info\"},\"sameAs\":[\"http:\/\/nativainfo.com\"],\"url\":\"https:\/\/nativainfo.com\/?author=1\"}]}<\/script>\n<!-- \/ Yoast SEO plugin. -->","yoast_head_json":{"title":"Roger Federer anunci\u00f3 que se retira del tenis a los 41 a\u00f1os - Nativa Info","robots":{"index":"index","follow":"follow","max-snippet":"max-snippet:-1","max-image-preview":"max-image-preview:large","max-video-preview":"max-video-preview:-1"},"canonical":"https:\/\/nativainfo.com\/?p=3454","og_locale":"es_ES","og_type":"article","og_title":"Roger Federer anunci\u00f3 que se retira del tenis a los 41 a\u00f1os - Nativa Info","og_description":"Roger Federer&nbsp;anunci\u00f3 que se retira del tenis profesional. El tenista, considerado uno de los mejores de todos los tiempos y... Continue reading","og_url":"https:\/\/nativainfo.com\/?p=3454","og_site_name":"Nativa Info","article_publisher":"https:\/\/www.facebook.com\/profile.php?id=61578881597564","article_published_time":"2022-09-16T03:35:01+00:00","article_modified_time":"2022-09-16T03:35:03+00:00","og_image":[{"url":"http:\/\/nativainfo.com\/wp-content\/uploads\/2022\/09\/imagen_2022-09-16_003451400.png","type":"","width":"","height":""}],"author":"Nativa Info","twitter_card":"summary_large_image","twitter_misc":{"Escrito por":"Nativa Info","Tiempo de lectura":"1 minuto"},"schema":{"@context":"https:\/\/schema.org","@graph":[{"@type":"Article","@id":"https:\/\/nativainfo.com\/?p=3454#article","isPartOf":{"@id":"https:\/\/nativainfo.com\/?p=3454"},"author":{"name":"Nativa Info","@id":"https:\/\/nativainfo.com\/#\/schema\/person\/24893b64a9cd564ddb5d102d36eb4b5c"},"headline":"Roger Federer anunci\u00f3 que se retira del tenis a los 41 a\u00f1os","datePublished":"2022-09-16T03:35:01+00:00","dateModified":"2022-09-16T03:35:03+00:00","mainEntityOfPage":{"@id":"https:\/\/nativainfo.com\/?p=3454"},"wordCount":190,"commentCount":0,"publisher":{"@id":"https:\/\/nativainfo.com\/#organization"},"image":{"@id":"https:\/\/nativainfo.com\/?p=3454#primaryimage"},"thumbnailUrl":"http:\/\/nativainfo.com\/wp-content\/uploads\/2022\/09\/imagen_2022-09-16_003451400.png","articleSection":["Tenis"],"inLanguage":"es-AR","potentialAction":[{"@type":"CommentAction","name":"Comment","target":["https:\/\/nativainfo.com\/?p=3454#respond"]}]},{"@type":"WebPage","@id":"https:\/\/nativainfo.com\/?p=3454","url":"https:\/\/nativainfo.com\/?p=3454","name":"Roger Federer anunci\u00f3 que se retira del tenis a los 41 a\u00f1os - Nativa Info","isPartOf":{"@id":"https:\/\/nativainfo.com\/#website"},"primaryImageOfPage":{"@id":"https:\/\/nativainfo.com\/?p=3454#primaryimage"},"image":{"@id":"https:\/\/nativainfo.com\/?p=3454#primaryimage"},"thumbnailUrl":"http:\/\/nativainfo.com\/wp-content\/uploads\/2022\/09\/imagen_2022-09-16_003451400.png","datePublished":"2022-09-16T03:35:01+00:00","dateModified":"2022-09-16T03:35:03+00:00","breadcrumb":{"@id":"https:\/\/nativainfo.com\/?p=3454#breadcrumb"},"inLanguage":"es-AR","potentialAction":[{"@type":"ReadAction","target":["https:\/\/nativainfo.com\/?p=3454"]}]},{"@type":"ImageObject","inLanguage":"es-AR","@id":"https:\/\/nativainfo.com\/?p=3454#primaryimage","url":"https:\/\/nativainfo.com\/wp-content\/uploads\/2022\/09\/imagen_2022-09-16_003451400.png","contentUrl":"https:\/\/nativainfo.com\/wp-content\/uploads\/2022\/09\/imagen_2022-09-16_003451400.png","width":732,"height":549},{"@type":"BreadcrumbList","@id":"https:\/\/nativainfo.com\/?p=3454#breadcrumb","itemListElement":[{"@type":"ListItem","position":1,"name":"Inicio","item":"https:\/\/nativainfo.com\/"},{"@type":"ListItem","position":2,"name":"Roger Federer anunci\u00f3 que se retira del tenis a los 41 a\u00f1os"}]},{"@type":"WebSite","@id":"https:\/\/nativainfo.com\/#website","url":"https:\/\/nativainfo.com\/","name":"Nativa Info","description":"Diario Digital","publisher":{"@id":"https:\/\/nativainfo.com\/#organization"},"potentialAction":[{"@type":"SearchAction","target":{"@type":"EntryPoint","urlTemplate":"https:\/\/nativainfo.com\/?s={search_term_string}"},"query-input":{"@type":"PropertyValueSpecification","valueRequired":true,"valueName":"search_term_string"}}],"inLanguage":"es-AR"},{"@type":"Organization","@id":"https:\/\/nativainfo.com\/#organization","name":"Nativa Info","url":"https:\/\/nativainfo.com\/","logo":{"@type":"ImageObject","inLanguage":"es-AR","@id":"https:\/\/nativainfo.com\/#\/schema\/logo\/image\/","url":"https:\/\/nativainfo.com\/wp-content\/uploads\/2025\/08\/LOGO-NATIVA-FACE.jpg","contentUrl":"https:\/\/nativainfo.com\/wp-content\/uploads\/2025\/08\/LOGO-NATIVA-FACE.jpg","width":400,"height":400,"caption":"Nativa Info"},"image":{"@id":"https:\/\/nativainfo.com\/#\/schema\/logo\/image\/"},"sameAs":["https:\/\/www.facebook.com\/profile.php?id=61578881597564"]},{"@type":"Person","@id":"https:\/\/nativainfo.com\/#\/schema\/person\/24893b64a9cd564ddb5d102d36eb4b5c","name":"Nativa Info","image":{"@type":"ImageObject","inLanguage":"es-AR","@id":"https:\/\/nativainfo.com\/#\/schema\/person\/image\/","url":"https:\/\/secure.gravatar.com\/avatar\/016fa1cf068d85136d938e1507b9b619cb766e2565cbb1faa1e571762460c785?s=96&d=mm&r=g","contentUrl":"https:\/\/secure.gravatar.com\/avatar\/016fa1cf068d85136d938e1507b9b619cb766e2565cbb1faa1e571762460c785?s=96&d=mm&r=g","caption":"Nativa Info"},"sameAs":["http:\/\/nativainfo.com"],"url":"https:\/\/nativainfo.com\/?author=1"}]}},"jetpack_publicize_connections":[],"_links":{"self":[{"href":"https:\/\/nativainfo.com\/index.php?rest_route=\/wp\/v2\/posts\/3454","targetHints":{"allow":["GET"]}}],"collection":[{"href":"https:\/\/nativainfo.com\/index.php?rest_route=\/wp\/v2\/posts"}],"about":[{"href":"https:\/\/nativainfo.com\/index.php?rest_route=\/wp\/v2\/types\/post"}],"author":[{"embeddable":true,"href":"https:\/\/nativainfo.com\/index.php?rest_route=\/wp\/v2\/users\/1"}],"replies":[{"embeddable":true,"href":"https:\/\/nativainfo.com\/index.php?rest_route=%2Fwp%2Fv2%2Fcomments&post=3454"}],"version-history":[{"count":1,"href":"https:\/\/nativainfo.com\/index.php?rest_route=\/wp\/v2\/posts\/3454\/revisions"}],"predecessor-version":[{"id":3456,"href":"https:\/\/nativainfo.com\/index.php?rest_route=\/wp\/v2\/posts\/3454\/revisions\/3456"}],"wp:attachment":[{"href":"https:\/\/nativainfo.com\/index.php?rest_route=%2Fwp%2Fv2%2Fmedia&parent=3454"}],"wp:term":[{"taxonomy":"category","embeddable":true,"href":"https:\/\/nativainfo.com\/index.php?rest_route=%2Fwp%2Fv2%2Fcategories&post=3454"},{"taxonomy":"post_tag","embeddable":true,"href":"https:\/\/nativainfo.com\/index.php?rest_route=%2Fwp%2Fv2%2Ftags&post=3454"}],"curies":[{"name":"wp","href":"https:\/\/api.w.org\/{rel}","templated":true}]}}