{"id":3450,"date":"2022-09-16T00:26:29","date_gmt":"2022-09-16T03:26:29","guid":{"rendered":"http:\/\/nativainfo.com\/?p=3450"},"modified":"2022-09-16T00:26:32","modified_gmt":"2022-09-16T03:26:32","slug":"zamora-y-los-gobernadores-del-norte-grande-se-reunieron-con-el-embajador-de-estados-unidos","status":"publish","type":"post","link":"https:\/\/nativainfo.com\/?p=3450","title":{"rendered":"Zamora y los gobernadores del Norte Grande, se reunieron con el embajador de Estados Unidos"},"content":{"rendered":"\n<p><strong>El mandatario santiague\u00f1o agradeci\u00f3 al embajador Marc Stanley por su predisposici\u00f3n y acompa\u00f1amiento.<\/strong><\/p>\n\n\n\n<figure class=\"wp-block-image size-large\"><img fetchpriority=\"high\" decoding=\"async\" width=\"1010\" height=\"567\" src=\"http:\/\/nativainfo.com\/wp-content\/uploads\/2022\/09\/imagen_2022-09-16_002619394.png\" alt=\"\" class=\"wp-image-3452\" srcset=\"https:\/\/nativainfo.com\/wp-content\/uploads\/2022\/09\/imagen_2022-09-16_002619394.png 1010w, https:\/\/nativainfo.com\/wp-content\/uploads\/2022\/09\/imagen_2022-09-16_002619394-300x168.png 300w, https:\/\/nativainfo.com\/wp-content\/uploads\/2022\/09\/imagen_2022-09-16_002619394-768x431.png 768w, https:\/\/nativainfo.com\/wp-content\/uploads\/2022\/09\/imagen_2022-09-16_002619394-623x350.png 623w, https:\/\/nativainfo.com\/wp-content\/uploads\/2022\/09\/imagen_2022-09-16_002619394-150x84.png 150w\" sizes=\"(max-width: 1010px) 100vw, 1010px\" \/><\/figure>\n\n\n\n<p>El gobernador Gerardo Zamora, junto al grupo de gobernadores del Norte Grande, se reunieron este mediod\u00eda del jueves con el embajador Marc Stanley, previa a la misi\u00f3n que llevar\u00e1n a cabo en los pr\u00f3ximos d\u00edas en Washington y Nueva York.<\/p>\n\n\n\n<p>Seg\u00fan lo indic\u00f3 el propio Zamora, fue una reuni\u00f3n muy positiva y agradeci\u00f3 a Stanley por su predisposici\u00f3n y acompa\u00f1amiento en esta iniciativa que est\u00e1n llevando adelante los gobernadores del Norte Grande.<\/p>\n\n\n\n<p><strong>Aqu\u00ed las palabras del gobernador Zamora:<\/strong><\/p>\n\n\n\n<p><em>\u201c#RegionNorteGrande \/ Este mediod\u00eda participe junto a colegas gobernadores de nuestra regi\u00f3n, de una importante reuni\u00f3n con el Embajador de EEUU en nuestro pa\u00eds, previa la misi\u00f3n que llevaremos adelante en los pr\u00f3ximos d\u00edas en las ciudades de Washington y Nueva York, con distintos \u00f3rganismos p\u00fablicos, privados y multilaterales, junto al ministerio del interior de nuestro pa\u00eds; adem\u00e1s de actividades espec\u00edficas que tenemos programadas cada una de las provincias con sectores empresariales.<\/em><\/p>\n\n\n\n<p><em>Un especial agradecimiento al Embajador Marc Stanley, por su predisposici\u00f3n y acompa\u00f1amiento en esta iniciativa que estamos llevando adelante los gobernadores del norte argentino.<\/em><\/p>\n\n\n\n<p><em>Y en nombre de la asamblea de Gobernadores de nuestra regi\u00f3n, el reconocimiento una vez m\u00e1s, al importante apoyo que venimos teniendo desde el primer momento de parte del Jefe de Gabinete Juan Manzur y del Ministro Wado de Pedro, que tambi\u00e9n participaron de este encuentro\u201d.<\/em><\/p>\n","protected":false},"excerpt":{"rendered":"<p>El mandatario santiague\u00f1o agradeci\u00f3 al embajador Marc Stanley por su predisposici\u00f3n y acompa\u00f1amiento. El gobernador Gerardo Zamora, junto al grupo&#8230; <a class=\"continue-reading-link\" href=\"https:\/\/nativainfo.com\/?p=3450\">Continue reading<\/a><\/p>\n","protected":false},"author":1,"featured_media":0,"comment_status":"open","ping_status":"open","sticky":false,"template":"","format":"standard","meta":{"rop_custom_images_group":[],"rop_custom_messages_group":[],"rop_publish_now":"initial","rop_publish_now_accounts":[],"rop_publish_now_history":[],"rop_publish_now_status":"pending","footnotes":"","jetpack_publicize_message":"","jetpack_publicize_feature_enabled":true,"jetpack_social_post_already_shared":false,"jetpack_social_options":{"image_generator_settings":{"template":"highway","default_image_id":0,"font":"","enabled":false},"version":2}},"categories":[8],"tags":[],"class_list":["post-3450","post","type-post","status-publish","format-standard","hentry","category-noticias"],"yoast_head":"<!-- This site is optimized with the Yoast SEO plugin v25.6 - https:\/\/yoast.com\/wordpress\/plugins\/seo\/ -->\n<title>Zamora y los gobernadores del Norte Grande, se reunieron con el embajador de Estados Unidos - Nativa Info<\/title>\n<meta name=\"robots\" content=\"index, follow, max-snippet:-1, max-image-preview:large, max-video-preview:-1\" \/>\n<link rel=\"canonical\" href=\"https:\/\/nativainfo.com\/?p=3450\" \/>\n<meta property=\"og:locale\" content=\"es_ES\" \/>\n<meta property=\"og:type\" content=\"article\" \/>\n<meta property=\"og:title\" content=\"Zamora y los gobernadores del Norte Grande, se reunieron con el embajador de Estados Unidos - Nativa Info\" \/>\n<meta property=\"og:description\" content=\"El mandatario santiague\u00f1o agradeci\u00f3 al embajador Marc Stanley por su predisposici\u00f3n y acompa\u00f1amiento. El gobernador Gerardo Zamora, junto al grupo... Continue reading\" \/>\n<meta property=\"og:url\" content=\"https:\/\/nativainfo.com\/?p=3450\" \/>\n<meta property=\"og:site_name\" content=\"Nativa Info\" \/>\n<meta property=\"article:publisher\" content=\"https:\/\/www.facebook.com\/profile.php?id=61578881597564\" \/>\n<meta property=\"article:published_time\" content=\"2022-09-16T03:26:29+00:00\" \/>\n<meta property=\"article:modified_time\" content=\"2022-09-16T03:26:32+00:00\" \/>\n<meta property=\"og:image\" content=\"http:\/\/nativainfo.com\/wp-content\/uploads\/2022\/09\/imagen_2022-09-16_002619394.png\" \/>\n<meta name=\"author\" content=\"Nativa Info\" \/>\n<meta name=\"twitter:card\" content=\"summary_large_image\" \/>\n<meta name=\"twitter:label1\" content=\"Escrito por\" \/>\n\t<meta name=\"twitter:data1\" content=\"Nativa Info\" \/>\n\t<meta name=\"twitter:label2\" content=\"Tiempo de lectura\" \/>\n\t<meta name=\"twitter:data2\" content=\"1 minuto\" \/>\n<script type=\"application\/ld+json\" class=\"yoast-schema-graph\">{\"@context\":\"https:\/\/schema.org\",\"@graph\":[{\"@type\":\"Article\",\"@id\":\"https:\/\/nativainfo.com\/?p=3450#article\",\"isPartOf\":{\"@id\":\"https:\/\/nativainfo.com\/?p=3450\"},\"author\":{\"name\":\"Nativa Info\",\"@id\":\"https:\/\/nativainfo.com\/#\/schema\/person\/24893b64a9cd564ddb5d102d36eb4b5c\"},\"headline\":\"Zamora y los gobernadores del Norte Grande, se reunieron con el embajador de Estados Unidos\",\"datePublished\":\"2022-09-16T03:26:29+00:00\",\"dateModified\":\"2022-09-16T03:26:32+00:00\",\"mainEntityOfPage\":{\"@id\":\"https:\/\/nativainfo.com\/?p=3450\"},\"wordCount\":276,\"commentCount\":0,\"publisher\":{\"@id\":\"https:\/\/nativainfo.com\/#organization\"},\"image\":{\"@id\":\"https:\/\/nativainfo.com\/?p=3450#primaryimage\"},\"thumbnailUrl\":\"http:\/\/nativainfo.com\/wp-content\/uploads\/2022\/09\/imagen_2022-09-16_002619394.png\",\"articleSection\":[\"Noticias\"],\"inLanguage\":\"es-AR\",\"potentialAction\":[{\"@type\":\"CommentAction\",\"name\":\"Comment\",\"target\":[\"https:\/\/nativainfo.com\/?p=3450#respond\"]}]},{\"@type\":\"WebPage\",\"@id\":\"https:\/\/nativainfo.com\/?p=3450\",\"url\":\"https:\/\/nativainfo.com\/?p=3450\",\"name\":\"Zamora y los gobernadores del Norte Grande, se reunieron con el embajador de Estados Unidos - Nativa Info\",\"isPartOf\":{\"@id\":\"https:\/\/nativainfo.com\/#website\"},\"primaryImageOfPage\":{\"@id\":\"https:\/\/nativainfo.com\/?p=3450#primaryimage\"},\"image\":{\"@id\":\"https:\/\/nativainfo.com\/?p=3450#primaryimage\"},\"thumbnailUrl\":\"http:\/\/nativainfo.com\/wp-content\/uploads\/2022\/09\/imagen_2022-09-16_002619394.png\",\"datePublished\":\"2022-09-16T03:26:29+00:00\",\"dateModified\":\"2022-09-16T03:26:32+00:00\",\"breadcrumb\":{\"@id\":\"https:\/\/nativainfo.com\/?p=3450#breadcrumb\"},\"inLanguage\":\"es-AR\",\"potentialAction\":[{\"@type\":\"ReadAction\",\"target\":[\"https:\/\/nativainfo.com\/?p=3450\"]}]},{\"@type\":\"ImageObject\",\"inLanguage\":\"es-AR\",\"@id\":\"https:\/\/nativainfo.com\/?p=3450#primaryimage\",\"url\":\"https:\/\/nativainfo.com\/wp-content\/uploads\/2022\/09\/imagen_2022-09-16_002619394.png\",\"contentUrl\":\"https:\/\/nativainfo.com\/wp-content\/uploads\/2022\/09\/imagen_2022-09-16_002619394.png\",\"width\":1010,\"height\":567},{\"@type\":\"BreadcrumbList\",\"@id\":\"https:\/\/nativainfo.com\/?p=3450#breadcrumb\",\"itemListElement\":[{\"@type\":\"ListItem\",\"position\":1,\"name\":\"Inicio\",\"item\":\"https:\/\/nativainfo.com\/\"},{\"@type\":\"ListItem\",\"position\":2,\"name\":\"Zamora y los gobernadores del Norte Grande, se reunieron con el embajador de Estados Unidos\"}]},{\"@type\":\"WebSite\",\"@id\":\"https:\/\/nativainfo.com\/#website\",\"url\":\"https:\/\/nativainfo.com\/\",\"name\":\"Nativa Info\",\"description\":\"Diario Digital\",\"publisher\":{\"@id\":\"https:\/\/nativainfo.com\/#organization\"},\"potentialAction\":[{\"@type\":\"SearchAction\",\"target\":{\"@type\":\"EntryPoint\",\"urlTemplate\":\"https:\/\/nativainfo.com\/?s={search_term_string}\"},\"query-input\":{\"@type\":\"PropertyValueSpecification\",\"valueRequired\":true,\"valueName\":\"search_term_string\"}}],\"inLanguage\":\"es-AR\"},{\"@type\":\"Organization\",\"@id\":\"https:\/\/nativainfo.com\/#organization\",\"name\":\"Nativa Info\",\"url\":\"https:\/\/nativainfo.com\/\",\"logo\":{\"@type\":\"ImageObject\",\"inLanguage\":\"es-AR\",\"@id\":\"https:\/\/nativainfo.com\/#\/schema\/logo\/image\/\",\"url\":\"https:\/\/nativainfo.com\/wp-content\/uploads\/2025\/08\/LOGO-NATIVA-FACE.jpg\",\"contentUrl\":\"https:\/\/nativainfo.com\/wp-content\/uploads\/2025\/08\/LOGO-NATIVA-FACE.jpg\",\"width\":400,\"height\":400,\"caption\":\"Nativa Info\"},\"image\":{\"@id\":\"https:\/\/nativainfo.com\/#\/schema\/logo\/image\/\"},\"sameAs\":[\"https:\/\/www.facebook.com\/profile.php?id=61578881597564\"]},{\"@type\":\"Person\",\"@id\":\"https:\/\/nativainfo.com\/#\/schema\/person\/24893b64a9cd564ddb5d102d36eb4b5c\",\"name\":\"Nativa Info\",\"image\":{\"@type\":\"ImageObject\",\"inLanguage\":\"es-AR\",\"@id\":\"https:\/\/nativainfo.com\/#\/schema\/person\/image\/\",\"url\":\"https:\/\/secure.gravatar.com\/avatar\/016fa1cf068d85136d938e1507b9b619cb766e2565cbb1faa1e571762460c785?s=96&d=mm&r=g\",\"contentUrl\":\"https:\/\/secure.gravatar.com\/avatar\/016fa1cf068d85136d938e1507b9b619cb766e2565cbb1faa1e571762460c785?s=96&d=mm&r=g\",\"caption\":\"Nativa Info\"},\"sameAs\":[\"http:\/\/nativainfo.com\"],\"url\":\"https:\/\/nativainfo.com\/?author=1\"}]}<\/script>\n<!-- \/ Yoast SEO plugin. -->","yoast_head_json":{"title":"Zamora y los gobernadores del Norte Grande, se reunieron con el embajador de Estados Unidos - Nativa Info","robots":{"index":"index","follow":"follow","max-snippet":"max-snippet:-1","max-image-preview":"max-image-preview:large","max-video-preview":"max-video-preview:-1"},"canonical":"https:\/\/nativainfo.com\/?p=3450","og_locale":"es_ES","og_type":"article","og_title":"Zamora y los gobernadores del Norte Grande, se reunieron con el embajador de Estados Unidos - Nativa Info","og_description":"El mandatario santiague\u00f1o agradeci\u00f3 al embajador Marc Stanley por su predisposici\u00f3n y acompa\u00f1amiento. El gobernador Gerardo Zamora, junto al grupo... Continue reading","og_url":"https:\/\/nativainfo.com\/?p=3450","og_site_name":"Nativa Info","article_publisher":"https:\/\/www.facebook.com\/profile.php?id=61578881597564","article_published_time":"2022-09-16T03:26:29+00:00","article_modified_time":"2022-09-16T03:26:32+00:00","og_image":[{"url":"http:\/\/nativainfo.com\/wp-content\/uploads\/2022\/09\/imagen_2022-09-16_002619394.png","type":"","width":"","height":""}],"author":"Nativa Info","twitter_card":"summary_large_image","twitter_misc":{"Escrito por":"Nativa Info","Tiempo de lectura":"1 minuto"},"schema":{"@context":"https:\/\/schema.org","@graph":[{"@type":"Article","@id":"https:\/\/nativainfo.com\/?p=3450#article","isPartOf":{"@id":"https:\/\/nativainfo.com\/?p=3450"},"author":{"name":"Nativa Info","@id":"https:\/\/nativainfo.com\/#\/schema\/person\/24893b64a9cd564ddb5d102d36eb4b5c"},"headline":"Zamora y los gobernadores del Norte Grande, se reunieron con el embajador de Estados Unidos","datePublished":"2022-09-16T03:26:29+00:00","dateModified":"2022-09-16T03:26:32+00:00","mainEntityOfPage":{"@id":"https:\/\/nativainfo.com\/?p=3450"},"wordCount":276,"commentCount":0,"publisher":{"@id":"https:\/\/nativainfo.com\/#organization"},"image":{"@id":"https:\/\/nativainfo.com\/?p=3450#primaryimage"},"thumbnailUrl":"http:\/\/nativainfo.com\/wp-content\/uploads\/2022\/09\/imagen_2022-09-16_002619394.png","articleSection":["Noticias"],"inLanguage":"es-AR","potentialAction":[{"@type":"CommentAction","name":"Comment","target":["https:\/\/nativainfo.com\/?p=3450#respond"]}]},{"@type":"WebPage","@id":"https:\/\/nativainfo.com\/?p=3450","url":"https:\/\/nativainfo.com\/?p=3450","name":"Zamora y los gobernadores del Norte Grande, se reunieron con el embajador de Estados Unidos - Nativa Info","isPartOf":{"@id":"https:\/\/nativainfo.com\/#website"},"primaryImageOfPage":{"@id":"https:\/\/nativainfo.com\/?p=3450#primaryimage"},"image":{"@id":"https:\/\/nativainfo.com\/?p=3450#primaryimage"},"thumbnailUrl":"http:\/\/nativainfo.com\/wp-content\/uploads\/2022\/09\/imagen_2022-09-16_002619394.png","datePublished":"2022-09-16T03:26:29+00:00","dateModified":"2022-09-16T03:26:32+00:00","breadcrumb":{"@id":"https:\/\/nativainfo.com\/?p=3450#breadcrumb"},"inLanguage":"es-AR","potentialAction":[{"@type":"ReadAction","target":["https:\/\/nativainfo.com\/?p=3450"]}]},{"@type":"ImageObject","inLanguage":"es-AR","@id":"https:\/\/nativainfo.com\/?p=3450#primaryimage","url":"https:\/\/nativainfo.com\/wp-content\/uploads\/2022\/09\/imagen_2022-09-16_002619394.png","contentUrl":"https:\/\/nativainfo.com\/wp-content\/uploads\/2022\/09\/imagen_2022-09-16_002619394.png","width":1010,"height":567},{"@type":"BreadcrumbList","@id":"https:\/\/nativainfo.com\/?p=3450#breadcrumb","itemListElement":[{"@type":"ListItem","position":1,"name":"Inicio","item":"https:\/\/nativainfo.com\/"},{"@type":"ListItem","position":2,"name":"Zamora y los gobernadores del Norte Grande, se reunieron con el embajador de Estados Unidos"}]},{"@type":"WebSite","@id":"https:\/\/nativainfo.com\/#website","url":"https:\/\/nativainfo.com\/","name":"Nativa Info","description":"Diario Digital","publisher":{"@id":"https:\/\/nativainfo.com\/#organization"},"potentialAction":[{"@type":"SearchAction","target":{"@type":"EntryPoint","urlTemplate":"https:\/\/nativainfo.com\/?s={search_term_string}"},"query-input":{"@type":"PropertyValueSpecification","valueRequired":true,"valueName":"search_term_string"}}],"inLanguage":"es-AR"},{"@type":"Organization","@id":"https:\/\/nativainfo.com\/#organization","name":"Nativa Info","url":"https:\/\/nativainfo.com\/","logo":{"@type":"ImageObject","inLanguage":"es-AR","@id":"https:\/\/nativainfo.com\/#\/schema\/logo\/image\/","url":"https:\/\/nativainfo.com\/wp-content\/uploads\/2025\/08\/LOGO-NATIVA-FACE.jpg","contentUrl":"https:\/\/nativainfo.com\/wp-content\/uploads\/2025\/08\/LOGO-NATIVA-FACE.jpg","width":400,"height":400,"caption":"Nativa Info"},"image":{"@id":"https:\/\/nativainfo.com\/#\/schema\/logo\/image\/"},"sameAs":["https:\/\/www.facebook.com\/profile.php?id=61578881597564"]},{"@type":"Person","@id":"https:\/\/nativainfo.com\/#\/schema\/person\/24893b64a9cd564ddb5d102d36eb4b5c","name":"Nativa Info","image":{"@type":"ImageObject","inLanguage":"es-AR","@id":"https:\/\/nativainfo.com\/#\/schema\/person\/image\/","url":"https:\/\/secure.gravatar.com\/avatar\/016fa1cf068d85136d938e1507b9b619cb766e2565cbb1faa1e571762460c785?s=96&d=mm&r=g","contentUrl":"https:\/\/secure.gravatar.com\/avatar\/016fa1cf068d85136d938e1507b9b619cb766e2565cbb1faa1e571762460c785?s=96&d=mm&r=g","caption":"Nativa Info"},"sameAs":["http:\/\/nativainfo.com"],"url":"https:\/\/nativainfo.com\/?author=1"}]}},"jetpack_publicize_connections":[],"_links":{"self":[{"href":"https:\/\/nativainfo.com\/index.php?rest_route=\/wp\/v2\/posts\/3450","targetHints":{"allow":["GET"]}}],"collection":[{"href":"https:\/\/nativainfo.com\/index.php?rest_route=\/wp\/v2\/posts"}],"about":[{"href":"https:\/\/nativainfo.com\/index.php?rest_route=\/wp\/v2\/types\/post"}],"author":[{"embeddable":true,"href":"https:\/\/nativainfo.com\/index.php?rest_route=\/wp\/v2\/users\/1"}],"replies":[{"embeddable":true,"href":"https:\/\/nativainfo.com\/index.php?rest_route=%2Fwp%2Fv2%2Fcomments&post=3450"}],"version-history":[{"count":1,"href":"https:\/\/nativainfo.com\/index.php?rest_route=\/wp\/v2\/posts\/3450\/revisions"}],"predecessor-version":[{"id":3453,"href":"https:\/\/nativainfo.com\/index.php?rest_route=\/wp\/v2\/posts\/3450\/revisions\/3453"}],"wp:attachment":[{"href":"https:\/\/nativainfo.com\/index.php?rest_route=%2Fwp%2Fv2%2Fmedia&parent=3450"}],"wp:term":[{"taxonomy":"category","embeddable":true,"href":"https:\/\/nativainfo.com\/index.php?rest_route=%2Fwp%2Fv2%2Fcategories&post=3450"},{"taxonomy":"post_tag","embeddable":true,"href":"https:\/\/nativainfo.com\/index.php?rest_route=%2Fwp%2Fv2%2Ftags&post=3450"}],"curies":[{"name":"wp","href":"https:\/\/api.w.org\/{rel}","templated":true}]}}