{"id":3445,"date":"2022-09-13T23:18:39","date_gmt":"2022-09-14T02:18:39","guid":{"rendered":"http:\/\/nativainfo.com\/?p=3445"},"modified":"2022-09-13T23:18:41","modified_gmt":"2022-09-14T02:18:41","slug":"cordoba-se-suma-a-santiago-del-estero-y-otras-provincias-que-daran-una-hora-mas-de-clase","status":"publish","type":"post","link":"https:\/\/nativainfo.com\/?p=3445","title":{"rendered":"C\u00f3rdoba se suma a Santiago del Estero y otras provincias que dar\u00e1n una hora m\u00e1s de clase"},"content":{"rendered":"\n<p>El convenio establece que C\u00f3rdoba se compromete a adoptar la modalidad de extensi\u00f3n horaria con un m\u00ednimo de 25 horas semanales.<\/p>\n\n\n\n<figure class=\"wp-block-image size-large\"><img fetchpriority=\"high\" decoding=\"async\" width=\"937\" height=\"553\" src=\"http:\/\/nativainfo.com\/wp-content\/uploads\/2022\/09\/imagen_2022-09-13_231802275.png\" alt=\"\" class=\"wp-image-3448\" srcset=\"https:\/\/nativainfo.com\/wp-content\/uploads\/2022\/09\/imagen_2022-09-13_231802275.png 937w, https:\/\/nativainfo.com\/wp-content\/uploads\/2022\/09\/imagen_2022-09-13_231802275-300x177.png 300w, https:\/\/nativainfo.com\/wp-content\/uploads\/2022\/09\/imagen_2022-09-13_231802275-768x453.png 768w, https:\/\/nativainfo.com\/wp-content\/uploads\/2022\/09\/imagen_2022-09-13_231802275-593x350.png 593w, https:\/\/nativainfo.com\/wp-content\/uploads\/2022\/09\/imagen_2022-09-13_231802275-150x89.png 150w\" sizes=\"(max-width: 937px) 100vw, 937px\" \/><\/figure>\n\n\n\n<p>La provincia de&nbsp;<strong>C\u00f3rdoba<\/strong>&nbsp;se sum\u00f3 hoy a otras 15 jurisdicciones que sumar\u00e1n una hora m\u00e1s de clases en la escuela primaria, tras la firma del acuerdo entre el ministro de Educaci\u00f3n, Jaime Perzcyk, y su par provincial, Walter Grahovac, inform\u00f3 la cartera educativa.<\/p>\n\n\n\n<p>El convenio establece que C\u00f3rdoba se compromete a adoptar la modalidad de extensi\u00f3n horaria con un m\u00ednimo de 25 horas semanales a todas las secciones de todas las escuelas primarias de gesti\u00f3n estatal.<\/p>\n\n\n\n<p>Las restantes provincias que ya sumaron una hora m\u00e1s de clase son Tucum\u00e1n, Santa Cruz, Chaco, Catamarca, Entre R\u00edos, Tierra del Fuego, Ant\u00e1rtida e Islas del Atl\u00e1ntico Sur, Salta, Santa Fe, Corrientes, R\u00edo Negro, Formosa, Jujuy,&nbsp;<strong>Santiago del Estero<\/strong>, San Juan y Mendoza.<\/p>\n\n\n\n<p>\u201cTodas las argentinas y todos los argentinos estamos de acuerdo con que las chicas y los chicos tienen que estar m\u00e1s tiempo en la escuela, tienen que aprender m\u00e1s lengua y m\u00e1s matem\u00e1tica\u201d, destac\u00f3 Perczyk.<\/p>\n\n\n\n<p>En este sentido, \u201csumar horas de clase es m\u00e1s conocimiento y mejor educaci\u00f3n\u201d.<\/p>\n","protected":false},"excerpt":{"rendered":"<p>El convenio establece que C\u00f3rdoba se compromete a adoptar la modalidad de extensi\u00f3n horaria con un m\u00ednimo de 25 horas&#8230; <a class=\"continue-reading-link\" href=\"https:\/\/nativainfo.com\/?p=3445\">Continue reading<\/a><\/p>\n","protected":false},"author":1,"featured_media":0,"comment_status":"open","ping_status":"open","sticky":false,"template":"","format":"standard","meta":{"rop_custom_images_group":[],"rop_custom_messages_group":[],"rop_publish_now":"initial","rop_publish_now_accounts":[],"rop_publish_now_history":[],"rop_publish_now_status":"pending","footnotes":"","jetpack_publicize_message":"","jetpack_publicize_feature_enabled":true,"jetpack_social_post_already_shared":false,"jetpack_social_options":{"image_generator_settings":{"template":"highway","default_image_id":0,"font":"","enabled":false},"version":2}},"categories":[24],"tags":[],"class_list":["post-3445","post","type-post","status-publish","format-standard","hentry","category-educacion"],"yoast_head":"<!-- This site is optimized with the Yoast SEO plugin v25.6 - https:\/\/yoast.com\/wordpress\/plugins\/seo\/ -->\n<title>C\u00f3rdoba se suma a Santiago del Estero y otras provincias que dar\u00e1n una hora m\u00e1s de clase - Nativa Info<\/title>\n<meta name=\"robots\" content=\"index, follow, max-snippet:-1, max-image-preview:large, max-video-preview:-1\" \/>\n<link rel=\"canonical\" href=\"https:\/\/nativainfo.com\/?p=3445\" \/>\n<meta property=\"og:locale\" content=\"es_ES\" \/>\n<meta property=\"og:type\" content=\"article\" \/>\n<meta property=\"og:title\" content=\"C\u00f3rdoba se suma a Santiago del Estero y otras provincias que dar\u00e1n una hora m\u00e1s de clase - Nativa Info\" \/>\n<meta property=\"og:description\" content=\"El convenio establece que C\u00f3rdoba se compromete a adoptar la modalidad de extensi\u00f3n horaria con un m\u00ednimo de 25 horas... Continue reading\" \/>\n<meta property=\"og:url\" content=\"https:\/\/nativainfo.com\/?p=3445\" \/>\n<meta property=\"og:site_name\" content=\"Nativa Info\" \/>\n<meta property=\"article:publisher\" content=\"https:\/\/www.facebook.com\/profile.php?id=61578881597564\" \/>\n<meta property=\"article:published_time\" content=\"2022-09-14T02:18:39+00:00\" \/>\n<meta property=\"article:modified_time\" content=\"2022-09-14T02:18:41+00:00\" \/>\n<meta property=\"og:image\" content=\"http:\/\/nativainfo.com\/wp-content\/uploads\/2022\/09\/imagen_2022-09-13_231802275.png\" \/>\n<meta name=\"author\" content=\"Nativa Info\" \/>\n<meta name=\"twitter:card\" content=\"summary_large_image\" \/>\n<meta name=\"twitter:label1\" content=\"Escrito por\" \/>\n\t<meta name=\"twitter:data1\" content=\"Nativa Info\" \/>\n\t<meta name=\"twitter:label2\" content=\"Tiempo de lectura\" \/>\n\t<meta name=\"twitter:data2\" content=\"1 minuto\" \/>\n<script type=\"application\/ld+json\" class=\"yoast-schema-graph\">{\"@context\":\"https:\/\/schema.org\",\"@graph\":[{\"@type\":\"Article\",\"@id\":\"https:\/\/nativainfo.com\/?p=3445#article\",\"isPartOf\":{\"@id\":\"https:\/\/nativainfo.com\/?p=3445\"},\"author\":{\"name\":\"Nativa Info\",\"@id\":\"https:\/\/nativainfo.com\/#\/schema\/person\/24893b64a9cd564ddb5d102d36eb4b5c\"},\"headline\":\"C\u00f3rdoba se suma a Santiago del Estero y otras provincias que dar\u00e1n una hora m\u00e1s de clase\",\"datePublished\":\"2022-09-14T02:18:39+00:00\",\"dateModified\":\"2022-09-14T02:18:41+00:00\",\"mainEntityOfPage\":{\"@id\":\"https:\/\/nativainfo.com\/?p=3445\"},\"wordCount\":232,\"commentCount\":0,\"publisher\":{\"@id\":\"https:\/\/nativainfo.com\/#organization\"},\"image\":{\"@id\":\"https:\/\/nativainfo.com\/?p=3445#primaryimage\"},\"thumbnailUrl\":\"http:\/\/nativainfo.com\/wp-content\/uploads\/2022\/09\/imagen_2022-09-13_231802275.png\",\"articleSection\":[\"Educaci\u00f3n\"],\"inLanguage\":\"es-AR\",\"potentialAction\":[{\"@type\":\"CommentAction\",\"name\":\"Comment\",\"target\":[\"https:\/\/nativainfo.com\/?p=3445#respond\"]}]},{\"@type\":\"WebPage\",\"@id\":\"https:\/\/nativainfo.com\/?p=3445\",\"url\":\"https:\/\/nativainfo.com\/?p=3445\",\"name\":\"C\u00f3rdoba se suma a Santiago del Estero y otras provincias que dar\u00e1n una hora m\u00e1s de clase - Nativa Info\",\"isPartOf\":{\"@id\":\"https:\/\/nativainfo.com\/#website\"},\"primaryImageOfPage\":{\"@id\":\"https:\/\/nativainfo.com\/?p=3445#primaryimage\"},\"image\":{\"@id\":\"https:\/\/nativainfo.com\/?p=3445#primaryimage\"},\"thumbnailUrl\":\"http:\/\/nativainfo.com\/wp-content\/uploads\/2022\/09\/imagen_2022-09-13_231802275.png\",\"datePublished\":\"2022-09-14T02:18:39+00:00\",\"dateModified\":\"2022-09-14T02:18:41+00:00\",\"breadcrumb\":{\"@id\":\"https:\/\/nativainfo.com\/?p=3445#breadcrumb\"},\"inLanguage\":\"es-AR\",\"potentialAction\":[{\"@type\":\"ReadAction\",\"target\":[\"https:\/\/nativainfo.com\/?p=3445\"]}]},{\"@type\":\"ImageObject\",\"inLanguage\":\"es-AR\",\"@id\":\"https:\/\/nativainfo.com\/?p=3445#primaryimage\",\"url\":\"https:\/\/nativainfo.com\/wp-content\/uploads\/2022\/09\/imagen_2022-09-13_231802275.png\",\"contentUrl\":\"https:\/\/nativainfo.com\/wp-content\/uploads\/2022\/09\/imagen_2022-09-13_231802275.png\",\"width\":937,\"height\":553},{\"@type\":\"BreadcrumbList\",\"@id\":\"https:\/\/nativainfo.com\/?p=3445#breadcrumb\",\"itemListElement\":[{\"@type\":\"ListItem\",\"position\":1,\"name\":\"Inicio\",\"item\":\"https:\/\/nativainfo.com\/\"},{\"@type\":\"ListItem\",\"position\":2,\"name\":\"C\u00f3rdoba se suma a Santiago del Estero y otras provincias que dar\u00e1n una hora m\u00e1s de clase\"}]},{\"@type\":\"WebSite\",\"@id\":\"https:\/\/nativainfo.com\/#website\",\"url\":\"https:\/\/nativainfo.com\/\",\"name\":\"Nativa Info\",\"description\":\"Diario Digital\",\"publisher\":{\"@id\":\"https:\/\/nativainfo.com\/#organization\"},\"potentialAction\":[{\"@type\":\"SearchAction\",\"target\":{\"@type\":\"EntryPoint\",\"urlTemplate\":\"https:\/\/nativainfo.com\/?s={search_term_string}\"},\"query-input\":{\"@type\":\"PropertyValueSpecification\",\"valueRequired\":true,\"valueName\":\"search_term_string\"}}],\"inLanguage\":\"es-AR\"},{\"@type\":\"Organization\",\"@id\":\"https:\/\/nativainfo.com\/#organization\",\"name\":\"Nativa Info\",\"url\":\"https:\/\/nativainfo.com\/\",\"logo\":{\"@type\":\"ImageObject\",\"inLanguage\":\"es-AR\",\"@id\":\"https:\/\/nativainfo.com\/#\/schema\/logo\/image\/\",\"url\":\"https:\/\/nativainfo.com\/wp-content\/uploads\/2025\/08\/LOGO-NATIVA-FACE.jpg\",\"contentUrl\":\"https:\/\/nativainfo.com\/wp-content\/uploads\/2025\/08\/LOGO-NATIVA-FACE.jpg\",\"width\":400,\"height\":400,\"caption\":\"Nativa Info\"},\"image\":{\"@id\":\"https:\/\/nativainfo.com\/#\/schema\/logo\/image\/\"},\"sameAs\":[\"https:\/\/www.facebook.com\/profile.php?id=61578881597564\"]},{\"@type\":\"Person\",\"@id\":\"https:\/\/nativainfo.com\/#\/schema\/person\/24893b64a9cd564ddb5d102d36eb4b5c\",\"name\":\"Nativa Info\",\"image\":{\"@type\":\"ImageObject\",\"inLanguage\":\"es-AR\",\"@id\":\"https:\/\/nativainfo.com\/#\/schema\/person\/image\/\",\"url\":\"https:\/\/secure.gravatar.com\/avatar\/016fa1cf068d85136d938e1507b9b619cb766e2565cbb1faa1e571762460c785?s=96&d=mm&r=g\",\"contentUrl\":\"https:\/\/secure.gravatar.com\/avatar\/016fa1cf068d85136d938e1507b9b619cb766e2565cbb1faa1e571762460c785?s=96&d=mm&r=g\",\"caption\":\"Nativa Info\"},\"sameAs\":[\"http:\/\/nativainfo.com\"],\"url\":\"https:\/\/nativainfo.com\/?author=1\"}]}<\/script>\n<!-- \/ Yoast SEO plugin. -->","yoast_head_json":{"title":"C\u00f3rdoba se suma a Santiago del Estero y otras provincias que dar\u00e1n una hora m\u00e1s de clase - Nativa Info","robots":{"index":"index","follow":"follow","max-snippet":"max-snippet:-1","max-image-preview":"max-image-preview:large","max-video-preview":"max-video-preview:-1"},"canonical":"https:\/\/nativainfo.com\/?p=3445","og_locale":"es_ES","og_type":"article","og_title":"C\u00f3rdoba se suma a Santiago del Estero y otras provincias que dar\u00e1n una hora m\u00e1s de clase - Nativa Info","og_description":"El convenio establece que C\u00f3rdoba se compromete a adoptar la modalidad de extensi\u00f3n horaria con un m\u00ednimo de 25 horas... Continue reading","og_url":"https:\/\/nativainfo.com\/?p=3445","og_site_name":"Nativa Info","article_publisher":"https:\/\/www.facebook.com\/profile.php?id=61578881597564","article_published_time":"2022-09-14T02:18:39+00:00","article_modified_time":"2022-09-14T02:18:41+00:00","og_image":[{"url":"http:\/\/nativainfo.com\/wp-content\/uploads\/2022\/09\/imagen_2022-09-13_231802275.png","type":"","width":"","height":""}],"author":"Nativa Info","twitter_card":"summary_large_image","twitter_misc":{"Escrito por":"Nativa Info","Tiempo de lectura":"1 minuto"},"schema":{"@context":"https:\/\/schema.org","@graph":[{"@type":"Article","@id":"https:\/\/nativainfo.com\/?p=3445#article","isPartOf":{"@id":"https:\/\/nativainfo.com\/?p=3445"},"author":{"name":"Nativa Info","@id":"https:\/\/nativainfo.com\/#\/schema\/person\/24893b64a9cd564ddb5d102d36eb4b5c"},"headline":"C\u00f3rdoba se suma a Santiago del Estero y otras provincias que dar\u00e1n una hora m\u00e1s de clase","datePublished":"2022-09-14T02:18:39+00:00","dateModified":"2022-09-14T02:18:41+00:00","mainEntityOfPage":{"@id":"https:\/\/nativainfo.com\/?p=3445"},"wordCount":232,"commentCount":0,"publisher":{"@id":"https:\/\/nativainfo.com\/#organization"},"image":{"@id":"https:\/\/nativainfo.com\/?p=3445#primaryimage"},"thumbnailUrl":"http:\/\/nativainfo.com\/wp-content\/uploads\/2022\/09\/imagen_2022-09-13_231802275.png","articleSection":["Educaci\u00f3n"],"inLanguage":"es-AR","potentialAction":[{"@type":"CommentAction","name":"Comment","target":["https:\/\/nativainfo.com\/?p=3445#respond"]}]},{"@type":"WebPage","@id":"https:\/\/nativainfo.com\/?p=3445","url":"https:\/\/nativainfo.com\/?p=3445","name":"C\u00f3rdoba se suma a Santiago del Estero y otras provincias que dar\u00e1n una hora m\u00e1s de clase - Nativa Info","isPartOf":{"@id":"https:\/\/nativainfo.com\/#website"},"primaryImageOfPage":{"@id":"https:\/\/nativainfo.com\/?p=3445#primaryimage"},"image":{"@id":"https:\/\/nativainfo.com\/?p=3445#primaryimage"},"thumbnailUrl":"http:\/\/nativainfo.com\/wp-content\/uploads\/2022\/09\/imagen_2022-09-13_231802275.png","datePublished":"2022-09-14T02:18:39+00:00","dateModified":"2022-09-14T02:18:41+00:00","breadcrumb":{"@id":"https:\/\/nativainfo.com\/?p=3445#breadcrumb"},"inLanguage":"es-AR","potentialAction":[{"@type":"ReadAction","target":["https:\/\/nativainfo.com\/?p=3445"]}]},{"@type":"ImageObject","inLanguage":"es-AR","@id":"https:\/\/nativainfo.com\/?p=3445#primaryimage","url":"https:\/\/nativainfo.com\/wp-content\/uploads\/2022\/09\/imagen_2022-09-13_231802275.png","contentUrl":"https:\/\/nativainfo.com\/wp-content\/uploads\/2022\/09\/imagen_2022-09-13_231802275.png","width":937,"height":553},{"@type":"BreadcrumbList","@id":"https:\/\/nativainfo.com\/?p=3445#breadcrumb","itemListElement":[{"@type":"ListItem","position":1,"name":"Inicio","item":"https:\/\/nativainfo.com\/"},{"@type":"ListItem","position":2,"name":"C\u00f3rdoba se suma a Santiago del Estero y otras provincias que dar\u00e1n una hora m\u00e1s de clase"}]},{"@type":"WebSite","@id":"https:\/\/nativainfo.com\/#website","url":"https:\/\/nativainfo.com\/","name":"Nativa Info","description":"Diario Digital","publisher":{"@id":"https:\/\/nativainfo.com\/#organization"},"potentialAction":[{"@type":"SearchAction","target":{"@type":"EntryPoint","urlTemplate":"https:\/\/nativainfo.com\/?s={search_term_string}"},"query-input":{"@type":"PropertyValueSpecification","valueRequired":true,"valueName":"search_term_string"}}],"inLanguage":"es-AR"},{"@type":"Organization","@id":"https:\/\/nativainfo.com\/#organization","name":"Nativa Info","url":"https:\/\/nativainfo.com\/","logo":{"@type":"ImageObject","inLanguage":"es-AR","@id":"https:\/\/nativainfo.com\/#\/schema\/logo\/image\/","url":"https:\/\/nativainfo.com\/wp-content\/uploads\/2025\/08\/LOGO-NATIVA-FACE.jpg","contentUrl":"https:\/\/nativainfo.com\/wp-content\/uploads\/2025\/08\/LOGO-NATIVA-FACE.jpg","width":400,"height":400,"caption":"Nativa Info"},"image":{"@id":"https:\/\/nativainfo.com\/#\/schema\/logo\/image\/"},"sameAs":["https:\/\/www.facebook.com\/profile.php?id=61578881597564"]},{"@type":"Person","@id":"https:\/\/nativainfo.com\/#\/schema\/person\/24893b64a9cd564ddb5d102d36eb4b5c","name":"Nativa Info","image":{"@type":"ImageObject","inLanguage":"es-AR","@id":"https:\/\/nativainfo.com\/#\/schema\/person\/image\/","url":"https:\/\/secure.gravatar.com\/avatar\/016fa1cf068d85136d938e1507b9b619cb766e2565cbb1faa1e571762460c785?s=96&d=mm&r=g","contentUrl":"https:\/\/secure.gravatar.com\/avatar\/016fa1cf068d85136d938e1507b9b619cb766e2565cbb1faa1e571762460c785?s=96&d=mm&r=g","caption":"Nativa Info"},"sameAs":["http:\/\/nativainfo.com"],"url":"https:\/\/nativainfo.com\/?author=1"}]}},"jetpack_publicize_connections":[],"_links":{"self":[{"href":"https:\/\/nativainfo.com\/index.php?rest_route=\/wp\/v2\/posts\/3445","targetHints":{"allow":["GET"]}}],"collection":[{"href":"https:\/\/nativainfo.com\/index.php?rest_route=\/wp\/v2\/posts"}],"about":[{"href":"https:\/\/nativainfo.com\/index.php?rest_route=\/wp\/v2\/types\/post"}],"author":[{"embeddable":true,"href":"https:\/\/nativainfo.com\/index.php?rest_route=\/wp\/v2\/users\/1"}],"replies":[{"embeddable":true,"href":"https:\/\/nativainfo.com\/index.php?rest_route=%2Fwp%2Fv2%2Fcomments&post=3445"}],"version-history":[{"count":1,"href":"https:\/\/nativainfo.com\/index.php?rest_route=\/wp\/v2\/posts\/3445\/revisions"}],"predecessor-version":[{"id":3449,"href":"https:\/\/nativainfo.com\/index.php?rest_route=\/wp\/v2\/posts\/3445\/revisions\/3449"}],"wp:attachment":[{"href":"https:\/\/nativainfo.com\/index.php?rest_route=%2Fwp%2Fv2%2Fmedia&parent=3445"}],"wp:term":[{"taxonomy":"category","embeddable":true,"href":"https:\/\/nativainfo.com\/index.php?rest_route=%2Fwp%2Fv2%2Fcategories&post=3445"},{"taxonomy":"post_tag","embeddable":true,"href":"https:\/\/nativainfo.com\/index.php?rest_route=%2Fwp%2Fv2%2Ftags&post=3445"}],"curies":[{"name":"wp","href":"https:\/\/api.w.org\/{rel}","templated":true}]}}