{"id":3428,"date":"2022-09-09T23:56:32","date_gmt":"2022-09-10T02:56:32","guid":{"rendered":"http:\/\/nativainfo.com\/?p=3428"},"modified":"2022-09-09T23:56:35","modified_gmt":"2022-09-10T02:56:35","slug":"olimpico-y-quimsa-debutaran-en-la-liga-nacional-ante-penarol-y-ferro","status":"publish","type":"post","link":"https:\/\/nativainfo.com\/?p=3428","title":{"rendered":"Ol\u00edmpico y Quimsa debutar\u00e1n en la Liga Nacional ante Pe\u00f1arol y Ferro"},"content":{"rendered":"\n<p>La AdC comunic\u00f3 el cronograma de partidos en el salto inicial del torneo m\u00e1s importante del b\u00e1squet argentino.<\/p>\n\n\n\n<figure class=\"wp-block-image size-large\"><img fetchpriority=\"high\" decoding=\"async\" width=\"1010\" height=\"567\" src=\"http:\/\/nativainfo.com\/wp-content\/uploads\/2022\/09\/imagen_2022-09-09_235621647.png\" alt=\"\" class=\"wp-image-3431\" srcset=\"https:\/\/nativainfo.com\/wp-content\/uploads\/2022\/09\/imagen_2022-09-09_235621647.png 1010w, https:\/\/nativainfo.com\/wp-content\/uploads\/2022\/09\/imagen_2022-09-09_235621647-300x168.png 300w, https:\/\/nativainfo.com\/wp-content\/uploads\/2022\/09\/imagen_2022-09-09_235621647-768x431.png 768w, https:\/\/nativainfo.com\/wp-content\/uploads\/2022\/09\/imagen_2022-09-09_235621647-623x350.png 623w, https:\/\/nativainfo.com\/wp-content\/uploads\/2022\/09\/imagen_2022-09-09_235621647-150x84.png 150w\" sizes=\"(max-width: 1010px) 100vw, 1010px\" \/><\/figure>\n\n\n\n<p>El Departamento de Competencias de la&nbsp;<strong>AdC&nbsp;<\/strong>(Asociaci\u00f3n de Clubes) confirm\u00f3 el fixture de las primeras dos semanas de la temporada 2022\/23 de La&nbsp;<strong>Liga Nacional de B\u00e1squet<\/strong>, contemplando el calendario deportivo que tendr\u00e1 las ventanas FIBA y los torneos internacionales (BCLA y Liga Sudamericana).<\/p>\n\n\n\n<p>Los representantes de&nbsp;<strong>Santiago del Estero<\/strong>&nbsp;ya conocen a sus rivales en los primeros encuentros.&nbsp;<strong>Ol\u00edmpico<\/strong>&nbsp;ser\u00e1 el primero en salir a escena y jugar\u00e1 el&nbsp;<strong>jueves 6 de octubre<\/strong>&nbsp;en Mar del Plata al visitar a&nbsp;<strong>Pe\u00f1arol<\/strong>. En tanto que&nbsp;<strong>Quimsa<\/strong>&nbsp;har\u00e1 su debut de local el&nbsp;<strong>lunes 10 de octubre<\/strong>&nbsp;al recibir a&nbsp;<strong>Ferro Carril Oeste<\/strong>.<\/p>\n\n\n\n<p>El partido inaugural ser\u00e1 el&nbsp;<strong>mi\u00e9rcoles 5 de octubre<\/strong>, con el cruce entre&nbsp;<strong>Instituto de C\u00f3rdoba<\/strong>&nbsp;frente a&nbsp;<strong>Independiente de Oliva<\/strong>, a disputarse en el \u00c1ngel Sandr\u00edn del club albirrojo. Duelo de cordobeses para abrir la nueva temporada, con el \u00faltimo campe\u00f3n y defensor del t\u00edtulo de La Liga, enfrent\u00e1ndose al campe\u00f3n y recientemente ascendido desde La Liga Argentina.<\/p>\n","protected":false},"excerpt":{"rendered":"<p>La AdC comunic\u00f3 el cronograma de partidos en el salto inicial del torneo m\u00e1s importante del b\u00e1squet argentino. El Departamento&#8230; <a class=\"continue-reading-link\" href=\"https:\/\/nativainfo.com\/?p=3428\">Continue reading<\/a><\/p>\n","protected":false},"author":1,"featured_media":0,"comment_status":"open","ping_status":"open","sticky":false,"template":"","format":"standard","meta":{"rop_custom_images_group":[],"rop_custom_messages_group":[],"rop_publish_now":"initial","rop_publish_now_accounts":[],"rop_publish_now_history":[],"rop_publish_now_status":"pending","footnotes":"","jetpack_publicize_message":"","jetpack_publicize_feature_enabled":true,"jetpack_social_post_already_shared":false,"jetpack_social_options":{"image_generator_settings":{"template":"highway","default_image_id":0,"font":"","enabled":false},"version":2}},"categories":[45],"tags":[],"class_list":["post-3428","post","type-post","status-publish","format-standard","hentry","category-basquet-2"],"yoast_head":"<!-- This site is optimized with the Yoast SEO plugin v25.6 - https:\/\/yoast.com\/wordpress\/plugins\/seo\/ -->\n<title>Ol\u00edmpico y Quimsa debutar\u00e1n en la Liga Nacional ante Pe\u00f1arol y Ferro - Nativa Info<\/title>\n<meta name=\"robots\" content=\"index, follow, max-snippet:-1, max-image-preview:large, max-video-preview:-1\" \/>\n<link rel=\"canonical\" href=\"https:\/\/nativainfo.com\/?p=3428\" \/>\n<meta property=\"og:locale\" content=\"es_ES\" \/>\n<meta property=\"og:type\" content=\"article\" \/>\n<meta property=\"og:title\" content=\"Ol\u00edmpico y Quimsa debutar\u00e1n en la Liga Nacional ante Pe\u00f1arol y Ferro - Nativa Info\" \/>\n<meta property=\"og:description\" content=\"La AdC comunic\u00f3 el cronograma de partidos en el salto inicial del torneo m\u00e1s importante del b\u00e1squet argentino. El Departamento... Continue reading\" \/>\n<meta property=\"og:url\" content=\"https:\/\/nativainfo.com\/?p=3428\" \/>\n<meta property=\"og:site_name\" content=\"Nativa Info\" \/>\n<meta property=\"article:publisher\" content=\"https:\/\/www.facebook.com\/profile.php?id=61578881597564\" \/>\n<meta property=\"article:published_time\" content=\"2022-09-10T02:56:32+00:00\" \/>\n<meta property=\"article:modified_time\" content=\"2022-09-10T02:56:35+00:00\" \/>\n<meta property=\"og:image\" content=\"http:\/\/nativainfo.com\/wp-content\/uploads\/2022\/09\/imagen_2022-09-09_235621647.png\" \/>\n<meta name=\"author\" content=\"Nativa Info\" \/>\n<meta name=\"twitter:card\" content=\"summary_large_image\" \/>\n<meta name=\"twitter:label1\" content=\"Escrito por\" \/>\n\t<meta name=\"twitter:data1\" content=\"Nativa Info\" \/>\n\t<meta name=\"twitter:label2\" content=\"Tiempo de lectura\" \/>\n\t<meta name=\"twitter:data2\" content=\"1 minuto\" \/>\n<script type=\"application\/ld+json\" class=\"yoast-schema-graph\">{\"@context\":\"https:\/\/schema.org\",\"@graph\":[{\"@type\":\"Article\",\"@id\":\"https:\/\/nativainfo.com\/?p=3428#article\",\"isPartOf\":{\"@id\":\"https:\/\/nativainfo.com\/?p=3428\"},\"author\":{\"name\":\"Nativa Info\",\"@id\":\"https:\/\/nativainfo.com\/#\/schema\/person\/24893b64a9cd564ddb5d102d36eb4b5c\"},\"headline\":\"Ol\u00edmpico y Quimsa debutar\u00e1n en la Liga Nacional ante Pe\u00f1arol y Ferro\",\"datePublished\":\"2022-09-10T02:56:32+00:00\",\"dateModified\":\"2022-09-10T02:56:35+00:00\",\"mainEntityOfPage\":{\"@id\":\"https:\/\/nativainfo.com\/?p=3428\"},\"wordCount\":223,\"commentCount\":0,\"publisher\":{\"@id\":\"https:\/\/nativainfo.com\/#organization\"},\"image\":{\"@id\":\"https:\/\/nativainfo.com\/?p=3428#primaryimage\"},\"thumbnailUrl\":\"http:\/\/nativainfo.com\/wp-content\/uploads\/2022\/09\/imagen_2022-09-09_235621647.png\",\"articleSection\":[\"B\u00e1squet\"],\"inLanguage\":\"es-AR\",\"potentialAction\":[{\"@type\":\"CommentAction\",\"name\":\"Comment\",\"target\":[\"https:\/\/nativainfo.com\/?p=3428#respond\"]}]},{\"@type\":\"WebPage\",\"@id\":\"https:\/\/nativainfo.com\/?p=3428\",\"url\":\"https:\/\/nativainfo.com\/?p=3428\",\"name\":\"Ol\u00edmpico y Quimsa debutar\u00e1n en la Liga Nacional ante Pe\u00f1arol y Ferro - Nativa Info\",\"isPartOf\":{\"@id\":\"https:\/\/nativainfo.com\/#website\"},\"primaryImageOfPage\":{\"@id\":\"https:\/\/nativainfo.com\/?p=3428#primaryimage\"},\"image\":{\"@id\":\"https:\/\/nativainfo.com\/?p=3428#primaryimage\"},\"thumbnailUrl\":\"http:\/\/nativainfo.com\/wp-content\/uploads\/2022\/09\/imagen_2022-09-09_235621647.png\",\"datePublished\":\"2022-09-10T02:56:32+00:00\",\"dateModified\":\"2022-09-10T02:56:35+00:00\",\"breadcrumb\":{\"@id\":\"https:\/\/nativainfo.com\/?p=3428#breadcrumb\"},\"inLanguage\":\"es-AR\",\"potentialAction\":[{\"@type\":\"ReadAction\",\"target\":[\"https:\/\/nativainfo.com\/?p=3428\"]}]},{\"@type\":\"ImageObject\",\"inLanguage\":\"es-AR\",\"@id\":\"https:\/\/nativainfo.com\/?p=3428#primaryimage\",\"url\":\"https:\/\/nativainfo.com\/wp-content\/uploads\/2022\/09\/imagen_2022-09-09_235621647.png\",\"contentUrl\":\"https:\/\/nativainfo.com\/wp-content\/uploads\/2022\/09\/imagen_2022-09-09_235621647.png\",\"width\":1010,\"height\":567},{\"@type\":\"BreadcrumbList\",\"@id\":\"https:\/\/nativainfo.com\/?p=3428#breadcrumb\",\"itemListElement\":[{\"@type\":\"ListItem\",\"position\":1,\"name\":\"Inicio\",\"item\":\"https:\/\/nativainfo.com\/\"},{\"@type\":\"ListItem\",\"position\":2,\"name\":\"Ol\u00edmpico y Quimsa debutar\u00e1n en la Liga Nacional ante Pe\u00f1arol y Ferro\"}]},{\"@type\":\"WebSite\",\"@id\":\"https:\/\/nativainfo.com\/#website\",\"url\":\"https:\/\/nativainfo.com\/\",\"name\":\"Nativa Info\",\"description\":\"Diario Digital\",\"publisher\":{\"@id\":\"https:\/\/nativainfo.com\/#organization\"},\"potentialAction\":[{\"@type\":\"SearchAction\",\"target\":{\"@type\":\"EntryPoint\",\"urlTemplate\":\"https:\/\/nativainfo.com\/?s={search_term_string}\"},\"query-input\":{\"@type\":\"PropertyValueSpecification\",\"valueRequired\":true,\"valueName\":\"search_term_string\"}}],\"inLanguage\":\"es-AR\"},{\"@type\":\"Organization\",\"@id\":\"https:\/\/nativainfo.com\/#organization\",\"name\":\"Nativa Info\",\"url\":\"https:\/\/nativainfo.com\/\",\"logo\":{\"@type\":\"ImageObject\",\"inLanguage\":\"es-AR\",\"@id\":\"https:\/\/nativainfo.com\/#\/schema\/logo\/image\/\",\"url\":\"https:\/\/nativainfo.com\/wp-content\/uploads\/2025\/08\/LOGO-NATIVA-FACE.jpg\",\"contentUrl\":\"https:\/\/nativainfo.com\/wp-content\/uploads\/2025\/08\/LOGO-NATIVA-FACE.jpg\",\"width\":400,\"height\":400,\"caption\":\"Nativa Info\"},\"image\":{\"@id\":\"https:\/\/nativainfo.com\/#\/schema\/logo\/image\/\"},\"sameAs\":[\"https:\/\/www.facebook.com\/profile.php?id=61578881597564\"]},{\"@type\":\"Person\",\"@id\":\"https:\/\/nativainfo.com\/#\/schema\/person\/24893b64a9cd564ddb5d102d36eb4b5c\",\"name\":\"Nativa Info\",\"image\":{\"@type\":\"ImageObject\",\"inLanguage\":\"es-AR\",\"@id\":\"https:\/\/nativainfo.com\/#\/schema\/person\/image\/\",\"url\":\"https:\/\/secure.gravatar.com\/avatar\/016fa1cf068d85136d938e1507b9b619cb766e2565cbb1faa1e571762460c785?s=96&d=mm&r=g\",\"contentUrl\":\"https:\/\/secure.gravatar.com\/avatar\/016fa1cf068d85136d938e1507b9b619cb766e2565cbb1faa1e571762460c785?s=96&d=mm&r=g\",\"caption\":\"Nativa Info\"},\"sameAs\":[\"http:\/\/nativainfo.com\"],\"url\":\"https:\/\/nativainfo.com\/?author=1\"}]}<\/script>\n<!-- \/ Yoast SEO plugin. -->","yoast_head_json":{"title":"Ol\u00edmpico y Quimsa debutar\u00e1n en la Liga Nacional ante Pe\u00f1arol y Ferro - Nativa Info","robots":{"index":"index","follow":"follow","max-snippet":"max-snippet:-1","max-image-preview":"max-image-preview:large","max-video-preview":"max-video-preview:-1"},"canonical":"https:\/\/nativainfo.com\/?p=3428","og_locale":"es_ES","og_type":"article","og_title":"Ol\u00edmpico y Quimsa debutar\u00e1n en la Liga Nacional ante Pe\u00f1arol y Ferro - Nativa Info","og_description":"La AdC comunic\u00f3 el cronograma de partidos en el salto inicial del torneo m\u00e1s importante del b\u00e1squet argentino. El Departamento... Continue reading","og_url":"https:\/\/nativainfo.com\/?p=3428","og_site_name":"Nativa Info","article_publisher":"https:\/\/www.facebook.com\/profile.php?id=61578881597564","article_published_time":"2022-09-10T02:56:32+00:00","article_modified_time":"2022-09-10T02:56:35+00:00","og_image":[{"url":"http:\/\/nativainfo.com\/wp-content\/uploads\/2022\/09\/imagen_2022-09-09_235621647.png","type":"","width":"","height":""}],"author":"Nativa Info","twitter_card":"summary_large_image","twitter_misc":{"Escrito por":"Nativa Info","Tiempo de lectura":"1 minuto"},"schema":{"@context":"https:\/\/schema.org","@graph":[{"@type":"Article","@id":"https:\/\/nativainfo.com\/?p=3428#article","isPartOf":{"@id":"https:\/\/nativainfo.com\/?p=3428"},"author":{"name":"Nativa Info","@id":"https:\/\/nativainfo.com\/#\/schema\/person\/24893b64a9cd564ddb5d102d36eb4b5c"},"headline":"Ol\u00edmpico y Quimsa debutar\u00e1n en la Liga Nacional ante Pe\u00f1arol y Ferro","datePublished":"2022-09-10T02:56:32+00:00","dateModified":"2022-09-10T02:56:35+00:00","mainEntityOfPage":{"@id":"https:\/\/nativainfo.com\/?p=3428"},"wordCount":223,"commentCount":0,"publisher":{"@id":"https:\/\/nativainfo.com\/#organization"},"image":{"@id":"https:\/\/nativainfo.com\/?p=3428#primaryimage"},"thumbnailUrl":"http:\/\/nativainfo.com\/wp-content\/uploads\/2022\/09\/imagen_2022-09-09_235621647.png","articleSection":["B\u00e1squet"],"inLanguage":"es-AR","potentialAction":[{"@type":"CommentAction","name":"Comment","target":["https:\/\/nativainfo.com\/?p=3428#respond"]}]},{"@type":"WebPage","@id":"https:\/\/nativainfo.com\/?p=3428","url":"https:\/\/nativainfo.com\/?p=3428","name":"Ol\u00edmpico y Quimsa debutar\u00e1n en la Liga Nacional ante Pe\u00f1arol y Ferro - Nativa Info","isPartOf":{"@id":"https:\/\/nativainfo.com\/#website"},"primaryImageOfPage":{"@id":"https:\/\/nativainfo.com\/?p=3428#primaryimage"},"image":{"@id":"https:\/\/nativainfo.com\/?p=3428#primaryimage"},"thumbnailUrl":"http:\/\/nativainfo.com\/wp-content\/uploads\/2022\/09\/imagen_2022-09-09_235621647.png","datePublished":"2022-09-10T02:56:32+00:00","dateModified":"2022-09-10T02:56:35+00:00","breadcrumb":{"@id":"https:\/\/nativainfo.com\/?p=3428#breadcrumb"},"inLanguage":"es-AR","potentialAction":[{"@type":"ReadAction","target":["https:\/\/nativainfo.com\/?p=3428"]}]},{"@type":"ImageObject","inLanguage":"es-AR","@id":"https:\/\/nativainfo.com\/?p=3428#primaryimage","url":"https:\/\/nativainfo.com\/wp-content\/uploads\/2022\/09\/imagen_2022-09-09_235621647.png","contentUrl":"https:\/\/nativainfo.com\/wp-content\/uploads\/2022\/09\/imagen_2022-09-09_235621647.png","width":1010,"height":567},{"@type":"BreadcrumbList","@id":"https:\/\/nativainfo.com\/?p=3428#breadcrumb","itemListElement":[{"@type":"ListItem","position":1,"name":"Inicio","item":"https:\/\/nativainfo.com\/"},{"@type":"ListItem","position":2,"name":"Ol\u00edmpico y Quimsa debutar\u00e1n en la Liga Nacional ante Pe\u00f1arol y Ferro"}]},{"@type":"WebSite","@id":"https:\/\/nativainfo.com\/#website","url":"https:\/\/nativainfo.com\/","name":"Nativa Info","description":"Diario Digital","publisher":{"@id":"https:\/\/nativainfo.com\/#organization"},"potentialAction":[{"@type":"SearchAction","target":{"@type":"EntryPoint","urlTemplate":"https:\/\/nativainfo.com\/?s={search_term_string}"},"query-input":{"@type":"PropertyValueSpecification","valueRequired":true,"valueName":"search_term_string"}}],"inLanguage":"es-AR"},{"@type":"Organization","@id":"https:\/\/nativainfo.com\/#organization","name":"Nativa Info","url":"https:\/\/nativainfo.com\/","logo":{"@type":"ImageObject","inLanguage":"es-AR","@id":"https:\/\/nativainfo.com\/#\/schema\/logo\/image\/","url":"https:\/\/nativainfo.com\/wp-content\/uploads\/2025\/08\/LOGO-NATIVA-FACE.jpg","contentUrl":"https:\/\/nativainfo.com\/wp-content\/uploads\/2025\/08\/LOGO-NATIVA-FACE.jpg","width":400,"height":400,"caption":"Nativa Info"},"image":{"@id":"https:\/\/nativainfo.com\/#\/schema\/logo\/image\/"},"sameAs":["https:\/\/www.facebook.com\/profile.php?id=61578881597564"]},{"@type":"Person","@id":"https:\/\/nativainfo.com\/#\/schema\/person\/24893b64a9cd564ddb5d102d36eb4b5c","name":"Nativa Info","image":{"@type":"ImageObject","inLanguage":"es-AR","@id":"https:\/\/nativainfo.com\/#\/schema\/person\/image\/","url":"https:\/\/secure.gravatar.com\/avatar\/016fa1cf068d85136d938e1507b9b619cb766e2565cbb1faa1e571762460c785?s=96&d=mm&r=g","contentUrl":"https:\/\/secure.gravatar.com\/avatar\/016fa1cf068d85136d938e1507b9b619cb766e2565cbb1faa1e571762460c785?s=96&d=mm&r=g","caption":"Nativa Info"},"sameAs":["http:\/\/nativainfo.com"],"url":"https:\/\/nativainfo.com\/?author=1"}]}},"jetpack_publicize_connections":[],"_links":{"self":[{"href":"https:\/\/nativainfo.com\/index.php?rest_route=\/wp\/v2\/posts\/3428","targetHints":{"allow":["GET"]}}],"collection":[{"href":"https:\/\/nativainfo.com\/index.php?rest_route=\/wp\/v2\/posts"}],"about":[{"href":"https:\/\/nativainfo.com\/index.php?rest_route=\/wp\/v2\/types\/post"}],"author":[{"embeddable":true,"href":"https:\/\/nativainfo.com\/index.php?rest_route=\/wp\/v2\/users\/1"}],"replies":[{"embeddable":true,"href":"https:\/\/nativainfo.com\/index.php?rest_route=%2Fwp%2Fv2%2Fcomments&post=3428"}],"version-history":[{"count":2,"href":"https:\/\/nativainfo.com\/index.php?rest_route=\/wp\/v2\/posts\/3428\/revisions"}],"predecessor-version":[{"id":3497,"href":"https:\/\/nativainfo.com\/index.php?rest_route=\/wp\/v2\/posts\/3428\/revisions\/3497"}],"wp:attachment":[{"href":"https:\/\/nativainfo.com\/index.php?rest_route=%2Fwp%2Fv2%2Fmedia&parent=3428"}],"wp:term":[{"taxonomy":"category","embeddable":true,"href":"https:\/\/nativainfo.com\/index.php?rest_route=%2Fwp%2Fv2%2Fcategories&post=3428"},{"taxonomy":"post_tag","embeddable":true,"href":"https:\/\/nativainfo.com\/index.php?rest_route=%2Fwp%2Fv2%2Ftags&post=3428"}],"curies":[{"name":"wp","href":"https:\/\/api.w.org\/{rel}","templated":true}]}}