{"id":3427,"date":"2022-09-09T23:55:47","date_gmt":"2022-09-10T02:55:47","guid":{"rendered":"http:\/\/nativainfo.com\/?p=3427"},"modified":"2022-09-09T23:55:50","modified_gmt":"2022-09-10T02:55:50","slug":"las-chicas-de-central-cordoba-van-con-toda-la-ilusion-a-la-rioja","status":"publish","type":"post","link":"https:\/\/nativainfo.com\/?p=3427","title":{"rendered":"Las chicas de Central C\u00f3rdoba van con toda la ilusi\u00f3n a La Rioja"},"content":{"rendered":"\n<p><strong>Tras una reuni\u00f3n con la dirigencia, el plantel femenino del Ferro tiene todo dispuesto para afrontar un nuevo desaf\u00edo.<\/strong><\/p>\n\n\n\n<figure class=\"wp-block-image size-large\"><img fetchpriority=\"high\" decoding=\"async\" width=\"1010\" height=\"567\" src=\"http:\/\/nativainfo.com\/wp-content\/uploads\/2022\/09\/imagen_2022-09-09_235540895.png\" alt=\"\" class=\"wp-image-3429\" srcset=\"https:\/\/nativainfo.com\/wp-content\/uploads\/2022\/09\/imagen_2022-09-09_235540895.png 1010w, https:\/\/nativainfo.com\/wp-content\/uploads\/2022\/09\/imagen_2022-09-09_235540895-300x168.png 300w, https:\/\/nativainfo.com\/wp-content\/uploads\/2022\/09\/imagen_2022-09-09_235540895-768x431.png 768w, https:\/\/nativainfo.com\/wp-content\/uploads\/2022\/09\/imagen_2022-09-09_235540895-623x350.png 623w, https:\/\/nativainfo.com\/wp-content\/uploads\/2022\/09\/imagen_2022-09-09_235540895-150x84.png 150w\" sizes=\"(max-width: 1010px) 100vw, 1010px\" \/><\/figure>\n\n\n\n<p>La capitana del equipo femenino, Natalia Carranza, afirm\u00f3 que desde el club \u201cnos han brindado todo\u201d. Se concret\u00f3 una reuni\u00f3n en el Club Atl\u00e9tico Central C\u00f3rdoba, encabezada por su vicepresidente segundo, Dr. Dar\u00edo Alarc\u00f3n, con miembros de la CD y el entrenador, Walter Mendoza; la capitana, Natalia Carranza y la subcapitana, Nataly Cortez, de la divisi\u00f3n femenina del club que, este fin de semana, tendr\u00e1 una disputa en Chilecito, La Rioja.<\/p>\n\n\n\n<p>Este s\u00e1bado, a las 8, desde el club, partir\u00e1 a La Rioja, la divisi\u00f3n femenina de Central C\u00f3rdoba. En di\u00e1logo con la prensa, el vicepresidente de la instituci\u00f3n, Dr. Dar\u00edo Alarc\u00f3n, precis\u00f3 que \u201cla reuni\u00f3n en enmarca en la previa habitual de un viaje para ajustar detalles log\u00edsticos, por cuanto el club, como todas las veces lo demostr\u00f3, apoya decididamente a todas sus divisiones en las disputas de cada una de ellas. Nuestra preciada divisi\u00f3n femenina, se caracteriza por su empuje y pasi\u00f3n que le pone al deporte, por lo que a veces afuera se precipitan decisiones u opiniones desencontradas, que no le hacen bien a la instituci\u00f3n\u201d.<\/p>\n","protected":false},"excerpt":{"rendered":"<p>Tras una reuni\u00f3n con la dirigencia, el plantel femenino del Ferro tiene todo dispuesto para afrontar un nuevo desaf\u00edo. La&#8230; <a class=\"continue-reading-link\" href=\"https:\/\/nativainfo.com\/?p=3427\">Continue reading<\/a><\/p>\n","protected":false},"author":1,"featured_media":0,"comment_status":"open","ping_status":"open","sticky":false,"template":"","format":"standard","meta":{"rop_custom_images_group":[],"rop_custom_messages_group":[],"rop_publish_now":"initial","rop_publish_now_accounts":[],"rop_publish_now_history":[],"rop_publish_now_status":"pending","footnotes":"","jetpack_publicize_message":"","jetpack_publicize_feature_enabled":true,"jetpack_social_post_already_shared":false,"jetpack_social_options":{"image_generator_settings":{"template":"highway","default_image_id":0,"font":"","enabled":false},"version":2}},"categories":[41],"tags":[],"class_list":["post-3427","post","type-post","status-publish","format-standard","hentry","category-futbol"],"yoast_head":"<!-- This site is optimized with the Yoast SEO plugin v25.6 - https:\/\/yoast.com\/wordpress\/plugins\/seo\/ -->\n<title>Las chicas de Central C\u00f3rdoba van con toda la ilusi\u00f3n a La Rioja - Nativa Info<\/title>\n<meta name=\"robots\" content=\"index, follow, max-snippet:-1, max-image-preview:large, max-video-preview:-1\" \/>\n<link rel=\"canonical\" href=\"https:\/\/nativainfo.com\/?p=3427\" \/>\n<meta property=\"og:locale\" content=\"es_ES\" \/>\n<meta property=\"og:type\" content=\"article\" \/>\n<meta property=\"og:title\" content=\"Las chicas de Central C\u00f3rdoba van con toda la ilusi\u00f3n a La Rioja - Nativa Info\" \/>\n<meta property=\"og:description\" content=\"Tras una reuni\u00f3n con la dirigencia, el plantel femenino del Ferro tiene todo dispuesto para afrontar un nuevo desaf\u00edo. La... Continue reading\" \/>\n<meta property=\"og:url\" content=\"https:\/\/nativainfo.com\/?p=3427\" \/>\n<meta property=\"og:site_name\" content=\"Nativa Info\" \/>\n<meta property=\"article:publisher\" content=\"https:\/\/www.facebook.com\/profile.php?id=61578881597564\" \/>\n<meta property=\"article:published_time\" content=\"2022-09-10T02:55:47+00:00\" \/>\n<meta property=\"article:modified_time\" content=\"2022-09-10T02:55:50+00:00\" \/>\n<meta property=\"og:image\" content=\"http:\/\/nativainfo.com\/wp-content\/uploads\/2022\/09\/imagen_2022-09-09_235540895.png\" \/>\n<meta name=\"author\" content=\"Nativa Info\" \/>\n<meta name=\"twitter:card\" content=\"summary_large_image\" \/>\n<meta name=\"twitter:label1\" content=\"Escrito por\" \/>\n\t<meta name=\"twitter:data1\" content=\"Nativa Info\" \/>\n\t<meta name=\"twitter:label2\" content=\"Tiempo de lectura\" \/>\n\t<meta name=\"twitter:data2\" content=\"1 minuto\" \/>\n<script type=\"application\/ld+json\" class=\"yoast-schema-graph\">{\"@context\":\"https:\/\/schema.org\",\"@graph\":[{\"@type\":\"Article\",\"@id\":\"https:\/\/nativainfo.com\/?p=3427#article\",\"isPartOf\":{\"@id\":\"https:\/\/nativainfo.com\/?p=3427\"},\"author\":{\"name\":\"Nativa Info\",\"@id\":\"https:\/\/nativainfo.com\/#\/schema\/person\/24893b64a9cd564ddb5d102d36eb4b5c\"},\"headline\":\"Las chicas de Central C\u00f3rdoba van con toda la ilusi\u00f3n a La Rioja\",\"datePublished\":\"2022-09-10T02:55:47+00:00\",\"dateModified\":\"2022-09-10T02:55:50+00:00\",\"mainEntityOfPage\":{\"@id\":\"https:\/\/nativainfo.com\/?p=3427\"},\"wordCount\":232,\"commentCount\":0,\"publisher\":{\"@id\":\"https:\/\/nativainfo.com\/#organization\"},\"image\":{\"@id\":\"https:\/\/nativainfo.com\/?p=3427#primaryimage\"},\"thumbnailUrl\":\"http:\/\/nativainfo.com\/wp-content\/uploads\/2022\/09\/imagen_2022-09-09_235540895.png\",\"articleSection\":[\"F\u00fatbol\"],\"inLanguage\":\"es-AR\",\"potentialAction\":[{\"@type\":\"CommentAction\",\"name\":\"Comment\",\"target\":[\"https:\/\/nativainfo.com\/?p=3427#respond\"]}]},{\"@type\":\"WebPage\",\"@id\":\"https:\/\/nativainfo.com\/?p=3427\",\"url\":\"https:\/\/nativainfo.com\/?p=3427\",\"name\":\"Las chicas de Central C\u00f3rdoba van con toda la ilusi\u00f3n a La Rioja - Nativa Info\",\"isPartOf\":{\"@id\":\"https:\/\/nativainfo.com\/#website\"},\"primaryImageOfPage\":{\"@id\":\"https:\/\/nativainfo.com\/?p=3427#primaryimage\"},\"image\":{\"@id\":\"https:\/\/nativainfo.com\/?p=3427#primaryimage\"},\"thumbnailUrl\":\"http:\/\/nativainfo.com\/wp-content\/uploads\/2022\/09\/imagen_2022-09-09_235540895.png\",\"datePublished\":\"2022-09-10T02:55:47+00:00\",\"dateModified\":\"2022-09-10T02:55:50+00:00\",\"breadcrumb\":{\"@id\":\"https:\/\/nativainfo.com\/?p=3427#breadcrumb\"},\"inLanguage\":\"es-AR\",\"potentialAction\":[{\"@type\":\"ReadAction\",\"target\":[\"https:\/\/nativainfo.com\/?p=3427\"]}]},{\"@type\":\"ImageObject\",\"inLanguage\":\"es-AR\",\"@id\":\"https:\/\/nativainfo.com\/?p=3427#primaryimage\",\"url\":\"https:\/\/nativainfo.com\/wp-content\/uploads\/2022\/09\/imagen_2022-09-09_235540895.png\",\"contentUrl\":\"https:\/\/nativainfo.com\/wp-content\/uploads\/2022\/09\/imagen_2022-09-09_235540895.png\",\"width\":1010,\"height\":567},{\"@type\":\"BreadcrumbList\",\"@id\":\"https:\/\/nativainfo.com\/?p=3427#breadcrumb\",\"itemListElement\":[{\"@type\":\"ListItem\",\"position\":1,\"name\":\"Inicio\",\"item\":\"https:\/\/nativainfo.com\/\"},{\"@type\":\"ListItem\",\"position\":2,\"name\":\"Las chicas de Central C\u00f3rdoba van con toda la ilusi\u00f3n a La Rioja\"}]},{\"@type\":\"WebSite\",\"@id\":\"https:\/\/nativainfo.com\/#website\",\"url\":\"https:\/\/nativainfo.com\/\",\"name\":\"Nativa Info\",\"description\":\"Diario Digital\",\"publisher\":{\"@id\":\"https:\/\/nativainfo.com\/#organization\"},\"potentialAction\":[{\"@type\":\"SearchAction\",\"target\":{\"@type\":\"EntryPoint\",\"urlTemplate\":\"https:\/\/nativainfo.com\/?s={search_term_string}\"},\"query-input\":{\"@type\":\"PropertyValueSpecification\",\"valueRequired\":true,\"valueName\":\"search_term_string\"}}],\"inLanguage\":\"es-AR\"},{\"@type\":\"Organization\",\"@id\":\"https:\/\/nativainfo.com\/#organization\",\"name\":\"Nativa Info\",\"url\":\"https:\/\/nativainfo.com\/\",\"logo\":{\"@type\":\"ImageObject\",\"inLanguage\":\"es-AR\",\"@id\":\"https:\/\/nativainfo.com\/#\/schema\/logo\/image\/\",\"url\":\"https:\/\/nativainfo.com\/wp-content\/uploads\/2025\/08\/LOGO-NATIVA-FACE.jpg\",\"contentUrl\":\"https:\/\/nativainfo.com\/wp-content\/uploads\/2025\/08\/LOGO-NATIVA-FACE.jpg\",\"width\":400,\"height\":400,\"caption\":\"Nativa Info\"},\"image\":{\"@id\":\"https:\/\/nativainfo.com\/#\/schema\/logo\/image\/\"},\"sameAs\":[\"https:\/\/www.facebook.com\/profile.php?id=61578881597564\"]},{\"@type\":\"Person\",\"@id\":\"https:\/\/nativainfo.com\/#\/schema\/person\/24893b64a9cd564ddb5d102d36eb4b5c\",\"name\":\"Nativa Info\",\"image\":{\"@type\":\"ImageObject\",\"inLanguage\":\"es-AR\",\"@id\":\"https:\/\/nativainfo.com\/#\/schema\/person\/image\/\",\"url\":\"https:\/\/secure.gravatar.com\/avatar\/016fa1cf068d85136d938e1507b9b619cb766e2565cbb1faa1e571762460c785?s=96&d=mm&r=g\",\"contentUrl\":\"https:\/\/secure.gravatar.com\/avatar\/016fa1cf068d85136d938e1507b9b619cb766e2565cbb1faa1e571762460c785?s=96&d=mm&r=g\",\"caption\":\"Nativa Info\"},\"sameAs\":[\"http:\/\/nativainfo.com\"],\"url\":\"https:\/\/nativainfo.com\/?author=1\"}]}<\/script>\n<!-- \/ Yoast SEO plugin. -->","yoast_head_json":{"title":"Las chicas de Central C\u00f3rdoba van con toda la ilusi\u00f3n a La Rioja - Nativa Info","robots":{"index":"index","follow":"follow","max-snippet":"max-snippet:-1","max-image-preview":"max-image-preview:large","max-video-preview":"max-video-preview:-1"},"canonical":"https:\/\/nativainfo.com\/?p=3427","og_locale":"es_ES","og_type":"article","og_title":"Las chicas de Central C\u00f3rdoba van con toda la ilusi\u00f3n a La Rioja - Nativa Info","og_description":"Tras una reuni\u00f3n con la dirigencia, el plantel femenino del Ferro tiene todo dispuesto para afrontar un nuevo desaf\u00edo. La... Continue reading","og_url":"https:\/\/nativainfo.com\/?p=3427","og_site_name":"Nativa Info","article_publisher":"https:\/\/www.facebook.com\/profile.php?id=61578881597564","article_published_time":"2022-09-10T02:55:47+00:00","article_modified_time":"2022-09-10T02:55:50+00:00","og_image":[{"url":"http:\/\/nativainfo.com\/wp-content\/uploads\/2022\/09\/imagen_2022-09-09_235540895.png","type":"","width":"","height":""}],"author":"Nativa Info","twitter_card":"summary_large_image","twitter_misc":{"Escrito por":"Nativa Info","Tiempo de lectura":"1 minuto"},"schema":{"@context":"https:\/\/schema.org","@graph":[{"@type":"Article","@id":"https:\/\/nativainfo.com\/?p=3427#article","isPartOf":{"@id":"https:\/\/nativainfo.com\/?p=3427"},"author":{"name":"Nativa Info","@id":"https:\/\/nativainfo.com\/#\/schema\/person\/24893b64a9cd564ddb5d102d36eb4b5c"},"headline":"Las chicas de Central C\u00f3rdoba van con toda la ilusi\u00f3n a La Rioja","datePublished":"2022-09-10T02:55:47+00:00","dateModified":"2022-09-10T02:55:50+00:00","mainEntityOfPage":{"@id":"https:\/\/nativainfo.com\/?p=3427"},"wordCount":232,"commentCount":0,"publisher":{"@id":"https:\/\/nativainfo.com\/#organization"},"image":{"@id":"https:\/\/nativainfo.com\/?p=3427#primaryimage"},"thumbnailUrl":"http:\/\/nativainfo.com\/wp-content\/uploads\/2022\/09\/imagen_2022-09-09_235540895.png","articleSection":["F\u00fatbol"],"inLanguage":"es-AR","potentialAction":[{"@type":"CommentAction","name":"Comment","target":["https:\/\/nativainfo.com\/?p=3427#respond"]}]},{"@type":"WebPage","@id":"https:\/\/nativainfo.com\/?p=3427","url":"https:\/\/nativainfo.com\/?p=3427","name":"Las chicas de Central C\u00f3rdoba van con toda la ilusi\u00f3n a La Rioja - Nativa Info","isPartOf":{"@id":"https:\/\/nativainfo.com\/#website"},"primaryImageOfPage":{"@id":"https:\/\/nativainfo.com\/?p=3427#primaryimage"},"image":{"@id":"https:\/\/nativainfo.com\/?p=3427#primaryimage"},"thumbnailUrl":"http:\/\/nativainfo.com\/wp-content\/uploads\/2022\/09\/imagen_2022-09-09_235540895.png","datePublished":"2022-09-10T02:55:47+00:00","dateModified":"2022-09-10T02:55:50+00:00","breadcrumb":{"@id":"https:\/\/nativainfo.com\/?p=3427#breadcrumb"},"inLanguage":"es-AR","potentialAction":[{"@type":"ReadAction","target":["https:\/\/nativainfo.com\/?p=3427"]}]},{"@type":"ImageObject","inLanguage":"es-AR","@id":"https:\/\/nativainfo.com\/?p=3427#primaryimage","url":"https:\/\/nativainfo.com\/wp-content\/uploads\/2022\/09\/imagen_2022-09-09_235540895.png","contentUrl":"https:\/\/nativainfo.com\/wp-content\/uploads\/2022\/09\/imagen_2022-09-09_235540895.png","width":1010,"height":567},{"@type":"BreadcrumbList","@id":"https:\/\/nativainfo.com\/?p=3427#breadcrumb","itemListElement":[{"@type":"ListItem","position":1,"name":"Inicio","item":"https:\/\/nativainfo.com\/"},{"@type":"ListItem","position":2,"name":"Las chicas de Central C\u00f3rdoba van con toda la ilusi\u00f3n a La Rioja"}]},{"@type":"WebSite","@id":"https:\/\/nativainfo.com\/#website","url":"https:\/\/nativainfo.com\/","name":"Nativa Info","description":"Diario Digital","publisher":{"@id":"https:\/\/nativainfo.com\/#organization"},"potentialAction":[{"@type":"SearchAction","target":{"@type":"EntryPoint","urlTemplate":"https:\/\/nativainfo.com\/?s={search_term_string}"},"query-input":{"@type":"PropertyValueSpecification","valueRequired":true,"valueName":"search_term_string"}}],"inLanguage":"es-AR"},{"@type":"Organization","@id":"https:\/\/nativainfo.com\/#organization","name":"Nativa Info","url":"https:\/\/nativainfo.com\/","logo":{"@type":"ImageObject","inLanguage":"es-AR","@id":"https:\/\/nativainfo.com\/#\/schema\/logo\/image\/","url":"https:\/\/nativainfo.com\/wp-content\/uploads\/2025\/08\/LOGO-NATIVA-FACE.jpg","contentUrl":"https:\/\/nativainfo.com\/wp-content\/uploads\/2025\/08\/LOGO-NATIVA-FACE.jpg","width":400,"height":400,"caption":"Nativa Info"},"image":{"@id":"https:\/\/nativainfo.com\/#\/schema\/logo\/image\/"},"sameAs":["https:\/\/www.facebook.com\/profile.php?id=61578881597564"]},{"@type":"Person","@id":"https:\/\/nativainfo.com\/#\/schema\/person\/24893b64a9cd564ddb5d102d36eb4b5c","name":"Nativa Info","image":{"@type":"ImageObject","inLanguage":"es-AR","@id":"https:\/\/nativainfo.com\/#\/schema\/person\/image\/","url":"https:\/\/secure.gravatar.com\/avatar\/016fa1cf068d85136d938e1507b9b619cb766e2565cbb1faa1e571762460c785?s=96&d=mm&r=g","contentUrl":"https:\/\/secure.gravatar.com\/avatar\/016fa1cf068d85136d938e1507b9b619cb766e2565cbb1faa1e571762460c785?s=96&d=mm&r=g","caption":"Nativa Info"},"sameAs":["http:\/\/nativainfo.com"],"url":"https:\/\/nativainfo.com\/?author=1"}]}},"jetpack_publicize_connections":[],"_links":{"self":[{"href":"https:\/\/nativainfo.com\/index.php?rest_route=\/wp\/v2\/posts\/3427","targetHints":{"allow":["GET"]}}],"collection":[{"href":"https:\/\/nativainfo.com\/index.php?rest_route=\/wp\/v2\/posts"}],"about":[{"href":"https:\/\/nativainfo.com\/index.php?rest_route=\/wp\/v2\/types\/post"}],"author":[{"embeddable":true,"href":"https:\/\/nativainfo.com\/index.php?rest_route=\/wp\/v2\/users\/1"}],"replies":[{"embeddable":true,"href":"https:\/\/nativainfo.com\/index.php?rest_route=%2Fwp%2Fv2%2Fcomments&post=3427"}],"version-history":[{"count":1,"href":"https:\/\/nativainfo.com\/index.php?rest_route=\/wp\/v2\/posts\/3427\/revisions"}],"predecessor-version":[{"id":3430,"href":"https:\/\/nativainfo.com\/index.php?rest_route=\/wp\/v2\/posts\/3427\/revisions\/3430"}],"wp:attachment":[{"href":"https:\/\/nativainfo.com\/index.php?rest_route=%2Fwp%2Fv2%2Fmedia&parent=3427"}],"wp:term":[{"taxonomy":"category","embeddable":true,"href":"https:\/\/nativainfo.com\/index.php?rest_route=%2Fwp%2Fv2%2Fcategories&post=3427"},{"taxonomy":"post_tag","embeddable":true,"href":"https:\/\/nativainfo.com\/index.php?rest_route=%2Fwp%2Fv2%2Ftags&post=3427"}],"curies":[{"name":"wp","href":"https:\/\/api.w.org\/{rel}","templated":true}]}}