{"id":3390,"date":"2022-08-31T23:17:56","date_gmt":"2022-09-01T02:17:56","guid":{"rendered":"http:\/\/nativainfo.com\/?p=3390"},"modified":"2022-08-31T23:17:58","modified_gmt":"2022-09-01T02:17:58","slug":"pablo-prigioni-es-el-nuevo-entrenador-de-la-seleccion-argentina-de-basquet","status":"publish","type":"post","link":"https:\/\/nativainfo.com\/?p=3390","title":{"rendered":"Pablo Prigioni es el nuevo entrenador de la Selecci\u00f3n Argentina de b\u00e1squet"},"content":{"rendered":"\n<p><strong>Tras la sorpresiva salida del Che Garc\u00eda, la Confederaci\u00f3n Argentina (CAB) hizo oficial esta tarde la llegada del DT cordob\u00e9s.<\/strong><\/p>\n\n\n\n<figure class=\"wp-block-image size-large\"><img fetchpriority=\"high\" decoding=\"async\" width=\"1024\" height=\"576\" src=\"http:\/\/nativainfo.com\/wp-content\/uploads\/2022\/08\/imagen_2022-08-31_231742667-1024x576.png\" alt=\"\" class=\"wp-image-3395\" srcset=\"https:\/\/nativainfo.com\/wp-content\/uploads\/2022\/08\/imagen_2022-08-31_231742667-1024x576.png 1024w, https:\/\/nativainfo.com\/wp-content\/uploads\/2022\/08\/imagen_2022-08-31_231742667-300x169.png 300w, https:\/\/nativainfo.com\/wp-content\/uploads\/2022\/08\/imagen_2022-08-31_231742667-768x432.png 768w, https:\/\/nativainfo.com\/wp-content\/uploads\/2022\/08\/imagen_2022-08-31_231742667-622x350.png 622w, https:\/\/nativainfo.com\/wp-content\/uploads\/2022\/08\/imagen_2022-08-31_231742667-150x84.png 150w, https:\/\/nativainfo.com\/wp-content\/uploads\/2022\/08\/imagen_2022-08-31_231742667.png 1250w\" sizes=\"(max-width: 1024px) 100vw, 1024px\" \/><\/figure>\n\n\n\n<p>Pablo Prigioni, integrante de la denominada Generaci\u00f3n Dorada, es el nuevo entrenador del seleccionado argentino de b\u00e1squetbol en reemplazo de N\u00e9stor \u2018Che\u2019 Garc\u00eda, quien se alej\u00f3 del cargo en la noche del martes.<\/p>\n\n\n\n<p>La Confederaci\u00f3n Argentina (CAB) hizo oficial esta tarde la llegada del DT cordob\u00e9s, de 45 a\u00f1os, quien continuar\u00e1 vinculado a los Minnesota Timberwolves de la NBA como asistente del entrenador Chris Finch.<\/p>\n\n\n\n<p>El oriundo de R\u00edo Tercero, exintegrante del seleccionado argentino ganador de la medalla de oro en el Preol\u00edmpico Mar del Plata 2011, har\u00e1 su estreno en la pr\u00f3xima AmeriCup (Copa Am\u00e9rica), que se iniciar\u00e1 este viernes en la ciudad de Recife, Brasil.<\/p>\n\n\n\n<p>Precisamente, el flamante director t\u00e9cnico albiceleste ya lleg\u00f3 a territorio brasile\u00f1o y entreg\u00f3 sus sensaciones inaugurales por la designaci\u00f3n: \u201cMi sentimiento por la selecci\u00f3n es muy grande, al igual que mi compromiso con este grupo\u201d, dijo el exjugador de los New York Knicks, Houston Rockets y Los Angeles Clippers en la m\u00e1xima competencia basquetbol\u00edstica mundial.<\/p>\n","protected":false},"excerpt":{"rendered":"<p>Tras la sorpresiva salida del Che Garc\u00eda, la Confederaci\u00f3n Argentina (CAB) hizo oficial esta tarde la llegada del DT cordob\u00e9s&#8230;. <a class=\"continue-reading-link\" href=\"https:\/\/nativainfo.com\/?p=3390\">Continue reading<\/a><\/p>\n","protected":false},"author":1,"featured_media":0,"comment_status":"open","ping_status":"open","sticky":false,"template":"","format":"standard","meta":{"rop_custom_images_group":[],"rop_custom_messages_group":[],"rop_publish_now":"initial","rop_publish_now_accounts":[],"rop_publish_now_history":[],"rop_publish_now_status":"pending","footnotes":"","jetpack_publicize_message":"","jetpack_publicize_feature_enabled":true,"jetpack_social_post_already_shared":false,"jetpack_social_options":{"image_generator_settings":{"template":"highway","default_image_id":0,"font":"","enabled":false},"version":2}},"categories":[10],"tags":[],"class_list":["post-3390","post","type-post","status-publish","format-standard","hentry","category-deportes"],"yoast_head":"<!-- This site is optimized with the Yoast SEO plugin v25.6 - https:\/\/yoast.com\/wordpress\/plugins\/seo\/ -->\n<title>Pablo Prigioni es el nuevo entrenador de la Selecci\u00f3n Argentina de b\u00e1squet - Nativa Info<\/title>\n<meta name=\"robots\" content=\"index, follow, max-snippet:-1, max-image-preview:large, max-video-preview:-1\" \/>\n<link rel=\"canonical\" href=\"https:\/\/nativainfo.com\/?p=3390\" \/>\n<meta property=\"og:locale\" content=\"es_ES\" \/>\n<meta property=\"og:type\" content=\"article\" \/>\n<meta property=\"og:title\" content=\"Pablo Prigioni es el nuevo entrenador de la Selecci\u00f3n Argentina de b\u00e1squet - Nativa Info\" \/>\n<meta property=\"og:description\" content=\"Tras la sorpresiva salida del Che Garc\u00eda, la Confederaci\u00f3n Argentina (CAB) hizo oficial esta tarde la llegada del DT cordob\u00e9s.... Continue reading\" \/>\n<meta property=\"og:url\" content=\"https:\/\/nativainfo.com\/?p=3390\" \/>\n<meta property=\"og:site_name\" content=\"Nativa Info\" \/>\n<meta property=\"article:publisher\" content=\"https:\/\/www.facebook.com\/profile.php?id=61578881597564\" \/>\n<meta property=\"article:published_time\" content=\"2022-09-01T02:17:56+00:00\" \/>\n<meta property=\"article:modified_time\" content=\"2022-09-01T02:17:58+00:00\" \/>\n<meta property=\"og:image\" content=\"http:\/\/nativainfo.com\/wp-content\/uploads\/2022\/08\/imagen_2022-08-31_231742667-1024x576.png\" \/>\n<meta name=\"author\" content=\"Nativa Info\" \/>\n<meta name=\"twitter:card\" content=\"summary_large_image\" \/>\n<meta name=\"twitter:label1\" content=\"Escrito por\" \/>\n\t<meta name=\"twitter:data1\" content=\"Nativa Info\" \/>\n\t<meta name=\"twitter:label2\" content=\"Tiempo de lectura\" \/>\n\t<meta name=\"twitter:data2\" content=\"1 minuto\" \/>\n<script type=\"application\/ld+json\" class=\"yoast-schema-graph\">{\"@context\":\"https:\/\/schema.org\",\"@graph\":[{\"@type\":\"Article\",\"@id\":\"https:\/\/nativainfo.com\/?p=3390#article\",\"isPartOf\":{\"@id\":\"https:\/\/nativainfo.com\/?p=3390\"},\"author\":{\"name\":\"Nativa Info\",\"@id\":\"https:\/\/nativainfo.com\/#\/schema\/person\/24893b64a9cd564ddb5d102d36eb4b5c\"},\"headline\":\"Pablo Prigioni es el nuevo entrenador de la Selecci\u00f3n Argentina de b\u00e1squet\",\"datePublished\":\"2022-09-01T02:17:56+00:00\",\"dateModified\":\"2022-09-01T02:17:58+00:00\",\"mainEntityOfPage\":{\"@id\":\"https:\/\/nativainfo.com\/?p=3390\"},\"wordCount\":214,\"commentCount\":0,\"publisher\":{\"@id\":\"https:\/\/nativainfo.com\/#organization\"},\"image\":{\"@id\":\"https:\/\/nativainfo.com\/?p=3390#primaryimage\"},\"thumbnailUrl\":\"http:\/\/nativainfo.com\/wp-content\/uploads\/2022\/08\/imagen_2022-08-31_231742667-1024x576.png\",\"articleSection\":[\"Deportes\"],\"inLanguage\":\"es-AR\",\"potentialAction\":[{\"@type\":\"CommentAction\",\"name\":\"Comment\",\"target\":[\"https:\/\/nativainfo.com\/?p=3390#respond\"]}]},{\"@type\":\"WebPage\",\"@id\":\"https:\/\/nativainfo.com\/?p=3390\",\"url\":\"https:\/\/nativainfo.com\/?p=3390\",\"name\":\"Pablo Prigioni es el nuevo entrenador de la Selecci\u00f3n Argentina de b\u00e1squet - Nativa Info\",\"isPartOf\":{\"@id\":\"https:\/\/nativainfo.com\/#website\"},\"primaryImageOfPage\":{\"@id\":\"https:\/\/nativainfo.com\/?p=3390#primaryimage\"},\"image\":{\"@id\":\"https:\/\/nativainfo.com\/?p=3390#primaryimage\"},\"thumbnailUrl\":\"http:\/\/nativainfo.com\/wp-content\/uploads\/2022\/08\/imagen_2022-08-31_231742667-1024x576.png\",\"datePublished\":\"2022-09-01T02:17:56+00:00\",\"dateModified\":\"2022-09-01T02:17:58+00:00\",\"breadcrumb\":{\"@id\":\"https:\/\/nativainfo.com\/?p=3390#breadcrumb\"},\"inLanguage\":\"es-AR\",\"potentialAction\":[{\"@type\":\"ReadAction\",\"target\":[\"https:\/\/nativainfo.com\/?p=3390\"]}]},{\"@type\":\"ImageObject\",\"inLanguage\":\"es-AR\",\"@id\":\"https:\/\/nativainfo.com\/?p=3390#primaryimage\",\"url\":\"https:\/\/nativainfo.com\/wp-content\/uploads\/2022\/08\/imagen_2022-08-31_231742667.png\",\"contentUrl\":\"https:\/\/nativainfo.com\/wp-content\/uploads\/2022\/08\/imagen_2022-08-31_231742667.png\",\"width\":1250,\"height\":703},{\"@type\":\"BreadcrumbList\",\"@id\":\"https:\/\/nativainfo.com\/?p=3390#breadcrumb\",\"itemListElement\":[{\"@type\":\"ListItem\",\"position\":1,\"name\":\"Inicio\",\"item\":\"https:\/\/nativainfo.com\/\"},{\"@type\":\"ListItem\",\"position\":2,\"name\":\"Pablo Prigioni es el nuevo entrenador de la Selecci\u00f3n Argentina de b\u00e1squet\"}]},{\"@type\":\"WebSite\",\"@id\":\"https:\/\/nativainfo.com\/#website\",\"url\":\"https:\/\/nativainfo.com\/\",\"name\":\"Nativa Info\",\"description\":\"Diario Digital\",\"publisher\":{\"@id\":\"https:\/\/nativainfo.com\/#organization\"},\"potentialAction\":[{\"@type\":\"SearchAction\",\"target\":{\"@type\":\"EntryPoint\",\"urlTemplate\":\"https:\/\/nativainfo.com\/?s={search_term_string}\"},\"query-input\":{\"@type\":\"PropertyValueSpecification\",\"valueRequired\":true,\"valueName\":\"search_term_string\"}}],\"inLanguage\":\"es-AR\"},{\"@type\":\"Organization\",\"@id\":\"https:\/\/nativainfo.com\/#organization\",\"name\":\"Nativa Info\",\"url\":\"https:\/\/nativainfo.com\/\",\"logo\":{\"@type\":\"ImageObject\",\"inLanguage\":\"es-AR\",\"@id\":\"https:\/\/nativainfo.com\/#\/schema\/logo\/image\/\",\"url\":\"https:\/\/nativainfo.com\/wp-content\/uploads\/2025\/08\/LOGO-NATIVA-FACE.jpg\",\"contentUrl\":\"https:\/\/nativainfo.com\/wp-content\/uploads\/2025\/08\/LOGO-NATIVA-FACE.jpg\",\"width\":400,\"height\":400,\"caption\":\"Nativa Info\"},\"image\":{\"@id\":\"https:\/\/nativainfo.com\/#\/schema\/logo\/image\/\"},\"sameAs\":[\"https:\/\/www.facebook.com\/profile.php?id=61578881597564\"]},{\"@type\":\"Person\",\"@id\":\"https:\/\/nativainfo.com\/#\/schema\/person\/24893b64a9cd564ddb5d102d36eb4b5c\",\"name\":\"Nativa Info\",\"image\":{\"@type\":\"ImageObject\",\"inLanguage\":\"es-AR\",\"@id\":\"https:\/\/nativainfo.com\/#\/schema\/person\/image\/\",\"url\":\"https:\/\/secure.gravatar.com\/avatar\/016fa1cf068d85136d938e1507b9b619cb766e2565cbb1faa1e571762460c785?s=96&d=mm&r=g\",\"contentUrl\":\"https:\/\/secure.gravatar.com\/avatar\/016fa1cf068d85136d938e1507b9b619cb766e2565cbb1faa1e571762460c785?s=96&d=mm&r=g\",\"caption\":\"Nativa Info\"},\"sameAs\":[\"http:\/\/nativainfo.com\"],\"url\":\"https:\/\/nativainfo.com\/?author=1\"}]}<\/script>\n<!-- \/ Yoast SEO plugin. -->","yoast_head_json":{"title":"Pablo Prigioni es el nuevo entrenador de la Selecci\u00f3n Argentina de b\u00e1squet - Nativa Info","robots":{"index":"index","follow":"follow","max-snippet":"max-snippet:-1","max-image-preview":"max-image-preview:large","max-video-preview":"max-video-preview:-1"},"canonical":"https:\/\/nativainfo.com\/?p=3390","og_locale":"es_ES","og_type":"article","og_title":"Pablo Prigioni es el nuevo entrenador de la Selecci\u00f3n Argentina de b\u00e1squet - Nativa Info","og_description":"Tras la sorpresiva salida del Che Garc\u00eda, la Confederaci\u00f3n Argentina (CAB) hizo oficial esta tarde la llegada del DT cordob\u00e9s.... Continue reading","og_url":"https:\/\/nativainfo.com\/?p=3390","og_site_name":"Nativa Info","article_publisher":"https:\/\/www.facebook.com\/profile.php?id=61578881597564","article_published_time":"2022-09-01T02:17:56+00:00","article_modified_time":"2022-09-01T02:17:58+00:00","og_image":[{"url":"http:\/\/nativainfo.com\/wp-content\/uploads\/2022\/08\/imagen_2022-08-31_231742667-1024x576.png","type":"","width":"","height":""}],"author":"Nativa Info","twitter_card":"summary_large_image","twitter_misc":{"Escrito por":"Nativa Info","Tiempo de lectura":"1 minuto"},"schema":{"@context":"https:\/\/schema.org","@graph":[{"@type":"Article","@id":"https:\/\/nativainfo.com\/?p=3390#article","isPartOf":{"@id":"https:\/\/nativainfo.com\/?p=3390"},"author":{"name":"Nativa Info","@id":"https:\/\/nativainfo.com\/#\/schema\/person\/24893b64a9cd564ddb5d102d36eb4b5c"},"headline":"Pablo Prigioni es el nuevo entrenador de la Selecci\u00f3n Argentina de b\u00e1squet","datePublished":"2022-09-01T02:17:56+00:00","dateModified":"2022-09-01T02:17:58+00:00","mainEntityOfPage":{"@id":"https:\/\/nativainfo.com\/?p=3390"},"wordCount":214,"commentCount":0,"publisher":{"@id":"https:\/\/nativainfo.com\/#organization"},"image":{"@id":"https:\/\/nativainfo.com\/?p=3390#primaryimage"},"thumbnailUrl":"http:\/\/nativainfo.com\/wp-content\/uploads\/2022\/08\/imagen_2022-08-31_231742667-1024x576.png","articleSection":["Deportes"],"inLanguage":"es-AR","potentialAction":[{"@type":"CommentAction","name":"Comment","target":["https:\/\/nativainfo.com\/?p=3390#respond"]}]},{"@type":"WebPage","@id":"https:\/\/nativainfo.com\/?p=3390","url":"https:\/\/nativainfo.com\/?p=3390","name":"Pablo Prigioni es el nuevo entrenador de la Selecci\u00f3n Argentina de b\u00e1squet - Nativa Info","isPartOf":{"@id":"https:\/\/nativainfo.com\/#website"},"primaryImageOfPage":{"@id":"https:\/\/nativainfo.com\/?p=3390#primaryimage"},"image":{"@id":"https:\/\/nativainfo.com\/?p=3390#primaryimage"},"thumbnailUrl":"http:\/\/nativainfo.com\/wp-content\/uploads\/2022\/08\/imagen_2022-08-31_231742667-1024x576.png","datePublished":"2022-09-01T02:17:56+00:00","dateModified":"2022-09-01T02:17:58+00:00","breadcrumb":{"@id":"https:\/\/nativainfo.com\/?p=3390#breadcrumb"},"inLanguage":"es-AR","potentialAction":[{"@type":"ReadAction","target":["https:\/\/nativainfo.com\/?p=3390"]}]},{"@type":"ImageObject","inLanguage":"es-AR","@id":"https:\/\/nativainfo.com\/?p=3390#primaryimage","url":"https:\/\/nativainfo.com\/wp-content\/uploads\/2022\/08\/imagen_2022-08-31_231742667.png","contentUrl":"https:\/\/nativainfo.com\/wp-content\/uploads\/2022\/08\/imagen_2022-08-31_231742667.png","width":1250,"height":703},{"@type":"BreadcrumbList","@id":"https:\/\/nativainfo.com\/?p=3390#breadcrumb","itemListElement":[{"@type":"ListItem","position":1,"name":"Inicio","item":"https:\/\/nativainfo.com\/"},{"@type":"ListItem","position":2,"name":"Pablo Prigioni es el nuevo entrenador de la Selecci\u00f3n Argentina de b\u00e1squet"}]},{"@type":"WebSite","@id":"https:\/\/nativainfo.com\/#website","url":"https:\/\/nativainfo.com\/","name":"Nativa Info","description":"Diario Digital","publisher":{"@id":"https:\/\/nativainfo.com\/#organization"},"potentialAction":[{"@type":"SearchAction","target":{"@type":"EntryPoint","urlTemplate":"https:\/\/nativainfo.com\/?s={search_term_string}"},"query-input":{"@type":"PropertyValueSpecification","valueRequired":true,"valueName":"search_term_string"}}],"inLanguage":"es-AR"},{"@type":"Organization","@id":"https:\/\/nativainfo.com\/#organization","name":"Nativa Info","url":"https:\/\/nativainfo.com\/","logo":{"@type":"ImageObject","inLanguage":"es-AR","@id":"https:\/\/nativainfo.com\/#\/schema\/logo\/image\/","url":"https:\/\/nativainfo.com\/wp-content\/uploads\/2025\/08\/LOGO-NATIVA-FACE.jpg","contentUrl":"https:\/\/nativainfo.com\/wp-content\/uploads\/2025\/08\/LOGO-NATIVA-FACE.jpg","width":400,"height":400,"caption":"Nativa Info"},"image":{"@id":"https:\/\/nativainfo.com\/#\/schema\/logo\/image\/"},"sameAs":["https:\/\/www.facebook.com\/profile.php?id=61578881597564"]},{"@type":"Person","@id":"https:\/\/nativainfo.com\/#\/schema\/person\/24893b64a9cd564ddb5d102d36eb4b5c","name":"Nativa Info","image":{"@type":"ImageObject","inLanguage":"es-AR","@id":"https:\/\/nativainfo.com\/#\/schema\/person\/image\/","url":"https:\/\/secure.gravatar.com\/avatar\/016fa1cf068d85136d938e1507b9b619cb766e2565cbb1faa1e571762460c785?s=96&d=mm&r=g","contentUrl":"https:\/\/secure.gravatar.com\/avatar\/016fa1cf068d85136d938e1507b9b619cb766e2565cbb1faa1e571762460c785?s=96&d=mm&r=g","caption":"Nativa Info"},"sameAs":["http:\/\/nativainfo.com"],"url":"https:\/\/nativainfo.com\/?author=1"}]}},"jetpack_publicize_connections":[],"_links":{"self":[{"href":"https:\/\/nativainfo.com\/index.php?rest_route=\/wp\/v2\/posts\/3390","targetHints":{"allow":["GET"]}}],"collection":[{"href":"https:\/\/nativainfo.com\/index.php?rest_route=\/wp\/v2\/posts"}],"about":[{"href":"https:\/\/nativainfo.com\/index.php?rest_route=\/wp\/v2\/types\/post"}],"author":[{"embeddable":true,"href":"https:\/\/nativainfo.com\/index.php?rest_route=\/wp\/v2\/users\/1"}],"replies":[{"embeddable":true,"href":"https:\/\/nativainfo.com\/index.php?rest_route=%2Fwp%2Fv2%2Fcomments&post=3390"}],"version-history":[{"count":1,"href":"https:\/\/nativainfo.com\/index.php?rest_route=\/wp\/v2\/posts\/3390\/revisions"}],"predecessor-version":[{"id":3396,"href":"https:\/\/nativainfo.com\/index.php?rest_route=\/wp\/v2\/posts\/3390\/revisions\/3396"}],"wp:attachment":[{"href":"https:\/\/nativainfo.com\/index.php?rest_route=%2Fwp%2Fv2%2Fmedia&parent=3390"}],"wp:term":[{"taxonomy":"category","embeddable":true,"href":"https:\/\/nativainfo.com\/index.php?rest_route=%2Fwp%2Fv2%2Fcategories&post=3390"},{"taxonomy":"post_tag","embeddable":true,"href":"https:\/\/nativainfo.com\/index.php?rest_route=%2Fwp%2Fv2%2Ftags&post=3390"}],"curies":[{"name":"wp","href":"https:\/\/api.w.org\/{rel}","templated":true}]}}