{"id":3389,"date":"2022-08-31T23:16:50","date_gmt":"2022-09-01T02:16:50","guid":{"rendered":"http:\/\/nativainfo.com\/?p=3389"},"modified":"2022-08-31T23:16:53","modified_gmt":"2022-09-01T02:16:53","slug":"esteban-bullrich-esta-internado-en-el-hospital-austral","status":"publish","type":"post","link":"https:\/\/nativainfo.com\/?p=3389","title":{"rendered":"Esteban Bullrich est\u00e1 internado en el Hospital Austral"},"content":{"rendered":"\n<p><strong>El ex senador de Juntos por el Cambio se encuentra bajo tratamiento de ELA, la enfermedad que lo oblig\u00f3 a renunciar a su banca. El referente del PRO ingres\u00f3 esta tarde al nosocomio.<\/strong><\/p>\n\n\n\n<figure class=\"wp-block-image size-large\"><img fetchpriority=\"high\" decoding=\"async\" width=\"1024\" height=\"576\" src=\"http:\/\/nativainfo.com\/wp-content\/uploads\/2022\/08\/imagen_2022-08-31_231642791-1024x576.png\" alt=\"\" class=\"wp-image-3393\" srcset=\"https:\/\/nativainfo.com\/wp-content\/uploads\/2022\/08\/imagen_2022-08-31_231642791-1024x576.png 1024w, https:\/\/nativainfo.com\/wp-content\/uploads\/2022\/08\/imagen_2022-08-31_231642791-300x169.png 300w, https:\/\/nativainfo.com\/wp-content\/uploads\/2022\/08\/imagen_2022-08-31_231642791-768x432.png 768w, https:\/\/nativainfo.com\/wp-content\/uploads\/2022\/08\/imagen_2022-08-31_231642791-622x350.png 622w, https:\/\/nativainfo.com\/wp-content\/uploads\/2022\/08\/imagen_2022-08-31_231642791-150x84.png 150w, https:\/\/nativainfo.com\/wp-content\/uploads\/2022\/08\/imagen_2022-08-31_231642791.png 1200w\" sizes=\"(max-width: 1024px) 100vw, 1024px\" \/><\/figure>\n\n\n\n<p>El ex senador Esteban Bullrich fue internado este mi\u00e9rcoles por la tarde por un cuadro de dificultad respiratoria, seg\u00fan el parte m\u00e9dico publicado por el Hospital Austral. El referente del PRO fue diagnosticado con Esclerosis Lateral Amiotr\u00f3fica (ELA) a principio del 2021 y, desde ese entonces, comenz\u00f3 una campa\u00f1a para juntar fondos para la investigaci\u00f3n cient\u00edfica sobre la enfermedad.<\/p>\n\n\n\n<p>\u201cEn el d\u00eda de la fecha, el paciente Esteban Bullrich ingres\u00f3 a las 16 horas al Hospital Universitario Austral por un cuadro de dificultad respiratoria. En conjunto con su equipo m\u00e9dico de cabecera, se decidi\u00f3 ingresarlo a la Unidad de Cuidados Intensivos, realizarle una traqueotom\u00eda percut\u00e1nea e iniciar la ventilaci\u00f3n mec\u00e1nica. El paciente se encuentra estable, sedado e ingresado en la Unidad de Cuidados Intensivos. La familia solicita, como siempre, que los acompa\u00f1en con sus oraciones. En funci\u00f3n de su evoluci\u00f3n, se evaluar\u00e1 la emisi\u00f3n de un nuevo parte m\u00e9dico\u201d, difundieron este mi\u00e9rcoles desde el hospital.<\/p>\n","protected":false},"excerpt":{"rendered":"<p>El ex senador de Juntos por el Cambio se encuentra bajo tratamiento de ELA, la enfermedad que lo oblig\u00f3 a&#8230; <a class=\"continue-reading-link\" href=\"https:\/\/nativainfo.com\/?p=3389\">Continue reading<\/a><\/p>\n","protected":false},"author":1,"featured_media":0,"comment_status":"open","ping_status":"open","sticky":false,"template":"","format":"standard","meta":{"rop_custom_images_group":[],"rop_custom_messages_group":[],"rop_publish_now":"initial","rop_publish_now_accounts":[],"rop_publish_now_history":[],"rop_publish_now_status":"pending","footnotes":"","jetpack_publicize_message":"","jetpack_publicize_feature_enabled":true,"jetpack_social_post_already_shared":false,"jetpack_social_options":{"image_generator_settings":{"template":"highway","default_image_id":0,"font":"","enabled":false},"version":2}},"categories":[8],"tags":[],"class_list":["post-3389","post","type-post","status-publish","format-standard","hentry","category-noticias"],"yoast_head":"<!-- This site is optimized with the Yoast SEO plugin v25.6 - https:\/\/yoast.com\/wordpress\/plugins\/seo\/ -->\n<title>Esteban Bullrich est\u00e1 internado en el Hospital Austral - Nativa Info<\/title>\n<meta name=\"robots\" content=\"index, follow, max-snippet:-1, max-image-preview:large, max-video-preview:-1\" \/>\n<link rel=\"canonical\" href=\"https:\/\/nativainfo.com\/?p=3389\" \/>\n<meta property=\"og:locale\" content=\"es_ES\" \/>\n<meta property=\"og:type\" content=\"article\" \/>\n<meta property=\"og:title\" content=\"Esteban Bullrich est\u00e1 internado en el Hospital Austral - Nativa Info\" \/>\n<meta property=\"og:description\" content=\"El ex senador de Juntos por el Cambio se encuentra bajo tratamiento de ELA, la enfermedad que lo oblig\u00f3 a... Continue reading\" \/>\n<meta property=\"og:url\" content=\"https:\/\/nativainfo.com\/?p=3389\" \/>\n<meta property=\"og:site_name\" content=\"Nativa Info\" \/>\n<meta property=\"article:publisher\" content=\"https:\/\/www.facebook.com\/profile.php?id=61578881597564\" \/>\n<meta property=\"article:published_time\" content=\"2022-09-01T02:16:50+00:00\" \/>\n<meta property=\"article:modified_time\" content=\"2022-09-01T02:16:53+00:00\" \/>\n<meta property=\"og:image\" content=\"http:\/\/nativainfo.com\/wp-content\/uploads\/2022\/08\/imagen_2022-08-31_231642791-1024x576.png\" \/>\n<meta name=\"author\" content=\"Nativa Info\" \/>\n<meta name=\"twitter:card\" content=\"summary_large_image\" \/>\n<meta name=\"twitter:label1\" content=\"Escrito por\" \/>\n\t<meta name=\"twitter:data1\" content=\"Nativa Info\" \/>\n\t<meta name=\"twitter:label2\" content=\"Tiempo de lectura\" \/>\n\t<meta name=\"twitter:data2\" content=\"1 minuto\" \/>\n<script type=\"application\/ld+json\" class=\"yoast-schema-graph\">{\"@context\":\"https:\/\/schema.org\",\"@graph\":[{\"@type\":\"Article\",\"@id\":\"https:\/\/nativainfo.com\/?p=3389#article\",\"isPartOf\":{\"@id\":\"https:\/\/nativainfo.com\/?p=3389\"},\"author\":{\"name\":\"Nativa Info\",\"@id\":\"https:\/\/nativainfo.com\/#\/schema\/person\/24893b64a9cd564ddb5d102d36eb4b5c\"},\"headline\":\"Esteban Bullrich est\u00e1 internado en el Hospital Austral\",\"datePublished\":\"2022-09-01T02:16:50+00:00\",\"dateModified\":\"2022-09-01T02:16:53+00:00\",\"mainEntityOfPage\":{\"@id\":\"https:\/\/nativainfo.com\/?p=3389\"},\"wordCount\":213,\"commentCount\":0,\"publisher\":{\"@id\":\"https:\/\/nativainfo.com\/#organization\"},\"image\":{\"@id\":\"https:\/\/nativainfo.com\/?p=3389#primaryimage\"},\"thumbnailUrl\":\"http:\/\/nativainfo.com\/wp-content\/uploads\/2022\/08\/imagen_2022-08-31_231642791-1024x576.png\",\"articleSection\":[\"Noticias\"],\"inLanguage\":\"es-AR\",\"potentialAction\":[{\"@type\":\"CommentAction\",\"name\":\"Comment\",\"target\":[\"https:\/\/nativainfo.com\/?p=3389#respond\"]}]},{\"@type\":\"WebPage\",\"@id\":\"https:\/\/nativainfo.com\/?p=3389\",\"url\":\"https:\/\/nativainfo.com\/?p=3389\",\"name\":\"Esteban Bullrich est\u00e1 internado en el Hospital Austral - Nativa Info\",\"isPartOf\":{\"@id\":\"https:\/\/nativainfo.com\/#website\"},\"primaryImageOfPage\":{\"@id\":\"https:\/\/nativainfo.com\/?p=3389#primaryimage\"},\"image\":{\"@id\":\"https:\/\/nativainfo.com\/?p=3389#primaryimage\"},\"thumbnailUrl\":\"http:\/\/nativainfo.com\/wp-content\/uploads\/2022\/08\/imagen_2022-08-31_231642791-1024x576.png\",\"datePublished\":\"2022-09-01T02:16:50+00:00\",\"dateModified\":\"2022-09-01T02:16:53+00:00\",\"breadcrumb\":{\"@id\":\"https:\/\/nativainfo.com\/?p=3389#breadcrumb\"},\"inLanguage\":\"es-AR\",\"potentialAction\":[{\"@type\":\"ReadAction\",\"target\":[\"https:\/\/nativainfo.com\/?p=3389\"]}]},{\"@type\":\"ImageObject\",\"inLanguage\":\"es-AR\",\"@id\":\"https:\/\/nativainfo.com\/?p=3389#primaryimage\",\"url\":\"https:\/\/nativainfo.com\/wp-content\/uploads\/2022\/08\/imagen_2022-08-31_231642791.png\",\"contentUrl\":\"https:\/\/nativainfo.com\/wp-content\/uploads\/2022\/08\/imagen_2022-08-31_231642791.png\",\"width\":1200,\"height\":675},{\"@type\":\"BreadcrumbList\",\"@id\":\"https:\/\/nativainfo.com\/?p=3389#breadcrumb\",\"itemListElement\":[{\"@type\":\"ListItem\",\"position\":1,\"name\":\"Inicio\",\"item\":\"https:\/\/nativainfo.com\/\"},{\"@type\":\"ListItem\",\"position\":2,\"name\":\"Esteban Bullrich est\u00e1 internado en el Hospital Austral\"}]},{\"@type\":\"WebSite\",\"@id\":\"https:\/\/nativainfo.com\/#website\",\"url\":\"https:\/\/nativainfo.com\/\",\"name\":\"Nativa Info\",\"description\":\"Diario Digital\",\"publisher\":{\"@id\":\"https:\/\/nativainfo.com\/#organization\"},\"potentialAction\":[{\"@type\":\"SearchAction\",\"target\":{\"@type\":\"EntryPoint\",\"urlTemplate\":\"https:\/\/nativainfo.com\/?s={search_term_string}\"},\"query-input\":{\"@type\":\"PropertyValueSpecification\",\"valueRequired\":true,\"valueName\":\"search_term_string\"}}],\"inLanguage\":\"es-AR\"},{\"@type\":\"Organization\",\"@id\":\"https:\/\/nativainfo.com\/#organization\",\"name\":\"Nativa Info\",\"url\":\"https:\/\/nativainfo.com\/\",\"logo\":{\"@type\":\"ImageObject\",\"inLanguage\":\"es-AR\",\"@id\":\"https:\/\/nativainfo.com\/#\/schema\/logo\/image\/\",\"url\":\"https:\/\/nativainfo.com\/wp-content\/uploads\/2025\/08\/LOGO-NATIVA-FACE.jpg\",\"contentUrl\":\"https:\/\/nativainfo.com\/wp-content\/uploads\/2025\/08\/LOGO-NATIVA-FACE.jpg\",\"width\":400,\"height\":400,\"caption\":\"Nativa Info\"},\"image\":{\"@id\":\"https:\/\/nativainfo.com\/#\/schema\/logo\/image\/\"},\"sameAs\":[\"https:\/\/www.facebook.com\/profile.php?id=61578881597564\"]},{\"@type\":\"Person\",\"@id\":\"https:\/\/nativainfo.com\/#\/schema\/person\/24893b64a9cd564ddb5d102d36eb4b5c\",\"name\":\"Nativa Info\",\"image\":{\"@type\":\"ImageObject\",\"inLanguage\":\"es-AR\",\"@id\":\"https:\/\/nativainfo.com\/#\/schema\/person\/image\/\",\"url\":\"https:\/\/secure.gravatar.com\/avatar\/016fa1cf068d85136d938e1507b9b619cb766e2565cbb1faa1e571762460c785?s=96&d=mm&r=g\",\"contentUrl\":\"https:\/\/secure.gravatar.com\/avatar\/016fa1cf068d85136d938e1507b9b619cb766e2565cbb1faa1e571762460c785?s=96&d=mm&r=g\",\"caption\":\"Nativa Info\"},\"sameAs\":[\"http:\/\/nativainfo.com\"],\"url\":\"https:\/\/nativainfo.com\/?author=1\"}]}<\/script>\n<!-- \/ Yoast SEO plugin. -->","yoast_head_json":{"title":"Esteban Bullrich est\u00e1 internado en el Hospital Austral - Nativa Info","robots":{"index":"index","follow":"follow","max-snippet":"max-snippet:-1","max-image-preview":"max-image-preview:large","max-video-preview":"max-video-preview:-1"},"canonical":"https:\/\/nativainfo.com\/?p=3389","og_locale":"es_ES","og_type":"article","og_title":"Esteban Bullrich est\u00e1 internado en el Hospital Austral - Nativa Info","og_description":"El ex senador de Juntos por el Cambio se encuentra bajo tratamiento de ELA, la enfermedad que lo oblig\u00f3 a... Continue reading","og_url":"https:\/\/nativainfo.com\/?p=3389","og_site_name":"Nativa Info","article_publisher":"https:\/\/www.facebook.com\/profile.php?id=61578881597564","article_published_time":"2022-09-01T02:16:50+00:00","article_modified_time":"2022-09-01T02:16:53+00:00","og_image":[{"url":"http:\/\/nativainfo.com\/wp-content\/uploads\/2022\/08\/imagen_2022-08-31_231642791-1024x576.png","type":"","width":"","height":""}],"author":"Nativa Info","twitter_card":"summary_large_image","twitter_misc":{"Escrito por":"Nativa Info","Tiempo de lectura":"1 minuto"},"schema":{"@context":"https:\/\/schema.org","@graph":[{"@type":"Article","@id":"https:\/\/nativainfo.com\/?p=3389#article","isPartOf":{"@id":"https:\/\/nativainfo.com\/?p=3389"},"author":{"name":"Nativa Info","@id":"https:\/\/nativainfo.com\/#\/schema\/person\/24893b64a9cd564ddb5d102d36eb4b5c"},"headline":"Esteban Bullrich est\u00e1 internado en el Hospital Austral","datePublished":"2022-09-01T02:16:50+00:00","dateModified":"2022-09-01T02:16:53+00:00","mainEntityOfPage":{"@id":"https:\/\/nativainfo.com\/?p=3389"},"wordCount":213,"commentCount":0,"publisher":{"@id":"https:\/\/nativainfo.com\/#organization"},"image":{"@id":"https:\/\/nativainfo.com\/?p=3389#primaryimage"},"thumbnailUrl":"http:\/\/nativainfo.com\/wp-content\/uploads\/2022\/08\/imagen_2022-08-31_231642791-1024x576.png","articleSection":["Noticias"],"inLanguage":"es-AR","potentialAction":[{"@type":"CommentAction","name":"Comment","target":["https:\/\/nativainfo.com\/?p=3389#respond"]}]},{"@type":"WebPage","@id":"https:\/\/nativainfo.com\/?p=3389","url":"https:\/\/nativainfo.com\/?p=3389","name":"Esteban Bullrich est\u00e1 internado en el Hospital Austral - Nativa Info","isPartOf":{"@id":"https:\/\/nativainfo.com\/#website"},"primaryImageOfPage":{"@id":"https:\/\/nativainfo.com\/?p=3389#primaryimage"},"image":{"@id":"https:\/\/nativainfo.com\/?p=3389#primaryimage"},"thumbnailUrl":"http:\/\/nativainfo.com\/wp-content\/uploads\/2022\/08\/imagen_2022-08-31_231642791-1024x576.png","datePublished":"2022-09-01T02:16:50+00:00","dateModified":"2022-09-01T02:16:53+00:00","breadcrumb":{"@id":"https:\/\/nativainfo.com\/?p=3389#breadcrumb"},"inLanguage":"es-AR","potentialAction":[{"@type":"ReadAction","target":["https:\/\/nativainfo.com\/?p=3389"]}]},{"@type":"ImageObject","inLanguage":"es-AR","@id":"https:\/\/nativainfo.com\/?p=3389#primaryimage","url":"https:\/\/nativainfo.com\/wp-content\/uploads\/2022\/08\/imagen_2022-08-31_231642791.png","contentUrl":"https:\/\/nativainfo.com\/wp-content\/uploads\/2022\/08\/imagen_2022-08-31_231642791.png","width":1200,"height":675},{"@type":"BreadcrumbList","@id":"https:\/\/nativainfo.com\/?p=3389#breadcrumb","itemListElement":[{"@type":"ListItem","position":1,"name":"Inicio","item":"https:\/\/nativainfo.com\/"},{"@type":"ListItem","position":2,"name":"Esteban Bullrich est\u00e1 internado en el Hospital Austral"}]},{"@type":"WebSite","@id":"https:\/\/nativainfo.com\/#website","url":"https:\/\/nativainfo.com\/","name":"Nativa Info","description":"Diario Digital","publisher":{"@id":"https:\/\/nativainfo.com\/#organization"},"potentialAction":[{"@type":"SearchAction","target":{"@type":"EntryPoint","urlTemplate":"https:\/\/nativainfo.com\/?s={search_term_string}"},"query-input":{"@type":"PropertyValueSpecification","valueRequired":true,"valueName":"search_term_string"}}],"inLanguage":"es-AR"},{"@type":"Organization","@id":"https:\/\/nativainfo.com\/#organization","name":"Nativa Info","url":"https:\/\/nativainfo.com\/","logo":{"@type":"ImageObject","inLanguage":"es-AR","@id":"https:\/\/nativainfo.com\/#\/schema\/logo\/image\/","url":"https:\/\/nativainfo.com\/wp-content\/uploads\/2025\/08\/LOGO-NATIVA-FACE.jpg","contentUrl":"https:\/\/nativainfo.com\/wp-content\/uploads\/2025\/08\/LOGO-NATIVA-FACE.jpg","width":400,"height":400,"caption":"Nativa Info"},"image":{"@id":"https:\/\/nativainfo.com\/#\/schema\/logo\/image\/"},"sameAs":["https:\/\/www.facebook.com\/profile.php?id=61578881597564"]},{"@type":"Person","@id":"https:\/\/nativainfo.com\/#\/schema\/person\/24893b64a9cd564ddb5d102d36eb4b5c","name":"Nativa Info","image":{"@type":"ImageObject","inLanguage":"es-AR","@id":"https:\/\/nativainfo.com\/#\/schema\/person\/image\/","url":"https:\/\/secure.gravatar.com\/avatar\/016fa1cf068d85136d938e1507b9b619cb766e2565cbb1faa1e571762460c785?s=96&d=mm&r=g","contentUrl":"https:\/\/secure.gravatar.com\/avatar\/016fa1cf068d85136d938e1507b9b619cb766e2565cbb1faa1e571762460c785?s=96&d=mm&r=g","caption":"Nativa Info"},"sameAs":["http:\/\/nativainfo.com"],"url":"https:\/\/nativainfo.com\/?author=1"}]}},"jetpack_publicize_connections":[],"_links":{"self":[{"href":"https:\/\/nativainfo.com\/index.php?rest_route=\/wp\/v2\/posts\/3389","targetHints":{"allow":["GET"]}}],"collection":[{"href":"https:\/\/nativainfo.com\/index.php?rest_route=\/wp\/v2\/posts"}],"about":[{"href":"https:\/\/nativainfo.com\/index.php?rest_route=\/wp\/v2\/types\/post"}],"author":[{"embeddable":true,"href":"https:\/\/nativainfo.com\/index.php?rest_route=\/wp\/v2\/users\/1"}],"replies":[{"embeddable":true,"href":"https:\/\/nativainfo.com\/index.php?rest_route=%2Fwp%2Fv2%2Fcomments&post=3389"}],"version-history":[{"count":1,"href":"https:\/\/nativainfo.com\/index.php?rest_route=\/wp\/v2\/posts\/3389\/revisions"}],"predecessor-version":[{"id":3394,"href":"https:\/\/nativainfo.com\/index.php?rest_route=\/wp\/v2\/posts\/3389\/revisions\/3394"}],"wp:attachment":[{"href":"https:\/\/nativainfo.com\/index.php?rest_route=%2Fwp%2Fv2%2Fmedia&parent=3389"}],"wp:term":[{"taxonomy":"category","embeddable":true,"href":"https:\/\/nativainfo.com\/index.php?rest_route=%2Fwp%2Fv2%2Fcategories&post=3389"},{"taxonomy":"post_tag","embeddable":true,"href":"https:\/\/nativainfo.com\/index.php?rest_route=%2Fwp%2Fv2%2Ftags&post=3389"}],"curies":[{"name":"wp","href":"https:\/\/api.w.org\/{rel}","templated":true}]}}