{"id":3371,"date":"2022-08-24T02:09:18","date_gmt":"2022-08-24T05:09:18","guid":{"rendered":"http:\/\/nativainfo.com\/?p=3371"},"modified":"2022-08-24T02:09:20","modified_gmt":"2022-08-24T05:09:20","slug":"wos-se-llevo-el-premio-gardel-de-oro-2022-aguante-la-musica-argentina","status":"publish","type":"post","link":"https:\/\/nativainfo.com\/?p=3371","title":{"rendered":"Wos se llev\u00f3 el Premio Gardel de Oro 2022: \u201cAguante la m\u00fasica argentina\u201d"},"content":{"rendered":"\n<p>El artista logr\u00f3 el premio mayor de la noche, adem\u00e1s de ganar en Mejor \u00c1lbum de Rock Alternativo, Mejor Canci\u00f3n de Rock y Mejor colaboraci\u00f3n de m\u00fasica urbana junto a Nicky Nicole. Evlay se llev\u00f3 el premio a productor del a\u00f1o por \u201cOscuro \u00e9xtasis\u201d<\/p>\n\n\n\n<figure class=\"wp-block-image size-large\"><img fetchpriority=\"high\" decoding=\"async\" width=\"992\" height=\"558\" src=\"http:\/\/nativainfo.com\/wp-content\/uploads\/2022\/08\/imagen_2022-08-24_020908888.png\" alt=\"\" class=\"wp-image-3376\" srcset=\"https:\/\/nativainfo.com\/wp-content\/uploads\/2022\/08\/imagen_2022-08-24_020908888.png 992w, https:\/\/nativainfo.com\/wp-content\/uploads\/2022\/08\/imagen_2022-08-24_020908888-300x169.png 300w, https:\/\/nativainfo.com\/wp-content\/uploads\/2022\/08\/imagen_2022-08-24_020908888-768x432.png 768w, https:\/\/nativainfo.com\/wp-content\/uploads\/2022\/08\/imagen_2022-08-24_020908888-622x350.png 622w, https:\/\/nativainfo.com\/wp-content\/uploads\/2022\/08\/imagen_2022-08-24_020908888-150x84.png 150w\" sizes=\"(max-width: 992px) 100vw, 992px\" \/><\/figure>\n\n\n\n<p>Este martes por la noche se realiz\u00f3 la 24\u00b0 edici\u00f3n de los Premios Gardel 2022 que reconoci\u00f3 a los mejores de la m\u00fasica argentina con transmisi\u00f3n en vivo por la plataforma<em>&nbsp;Star +.<\/em>&nbsp;El cantante de rap Wos era el m\u00e1s nominado de la noche, presente en ocho ternas, se llev\u00f3 cinco premios, incluido el premio mayor el de Oro al coronarse por su \u00e1lbum del a\u00f1o&nbsp;<em><strong>Oscuro Extasis.<\/strong><\/em><\/p>\n\n\n\n<p>Muy emocionado por el momento, el rapero dijo unas palabras al recibir el premio. \u201cQu\u00e9 locura, muchas gracias. Tengo m\u00e1s que nada agradecimiento porque esto es un delirio.<strong>&nbsp;Gracias por el reconocimiento. Gracias a mis amigos y a mi familia, a mi productor, con quien hemos hecho mano a mano este disco\u201d,<\/strong>&nbsp;comenz\u00f3 diciendo.<\/p>\n\n\n\n<p>\u201cUna de las cosas m\u00e1s lindas que me dio la m\u00fasica es poder hacer esto con gente que quiero un mont\u00f3n, es una locura estar recibiendo esto en un lugar multitudinario cuando el disco naci\u00f3 en un momento m\u00e1s raro de pandemia, con la incertidumbre. Pero la m\u00fasica en ese momento fue la luz, confiemos en lo que hacemos, confiemos en la m\u00fasica, no nos distraigamos con espejitos de colores.<strong>&nbsp;Aguante con lo que est\u00e1 pasando con la m\u00fasica argentina\u201d<\/strong>, dijo Wos al finalizar su discurso.<\/p>\n","protected":false},"excerpt":{"rendered":"<p>El artista logr\u00f3 el premio mayor de la noche, adem\u00e1s de ganar en Mejor \u00c1lbum de Rock Alternativo, Mejor Canci\u00f3n&#8230; <a class=\"continue-reading-link\" href=\"https:\/\/nativainfo.com\/?p=3371\">Continue reading<\/a><\/p>\n","protected":false},"author":1,"featured_media":0,"comment_status":"open","ping_status":"open","sticky":false,"template":"","format":"standard","meta":{"rop_custom_images_group":[],"rop_custom_messages_group":[],"rop_publish_now":"initial","rop_publish_now_accounts":[],"rop_publish_now_history":[],"rop_publish_now_status":"pending","footnotes":"","jetpack_publicize_message":"","jetpack_publicize_feature_enabled":true,"jetpack_social_post_already_shared":false,"jetpack_social_options":{"image_generator_settings":{"template":"highway","default_image_id":0,"font":"","enabled":false},"version":2}},"categories":[7],"tags":[],"class_list":["post-3371","post","type-post","status-publish","format-standard","hentry","category-musica"],"yoast_head":"<!-- This site is optimized with the Yoast SEO plugin v25.6 - https:\/\/yoast.com\/wordpress\/plugins\/seo\/ -->\n<title>Wos se llev\u00f3 el Premio Gardel de Oro 2022: \u201cAguante la m\u00fasica argentina\u201d - Nativa Info<\/title>\n<meta name=\"robots\" content=\"index, follow, max-snippet:-1, max-image-preview:large, max-video-preview:-1\" \/>\n<link rel=\"canonical\" href=\"https:\/\/nativainfo.com\/?p=3371\" \/>\n<meta property=\"og:locale\" content=\"es_ES\" \/>\n<meta property=\"og:type\" content=\"article\" \/>\n<meta property=\"og:title\" content=\"Wos se llev\u00f3 el Premio Gardel de Oro 2022: \u201cAguante la m\u00fasica argentina\u201d - Nativa Info\" \/>\n<meta property=\"og:description\" content=\"El artista logr\u00f3 el premio mayor de la noche, adem\u00e1s de ganar en Mejor \u00c1lbum de Rock Alternativo, Mejor Canci\u00f3n... Continue reading\" \/>\n<meta property=\"og:url\" content=\"https:\/\/nativainfo.com\/?p=3371\" \/>\n<meta property=\"og:site_name\" content=\"Nativa Info\" \/>\n<meta property=\"article:publisher\" content=\"https:\/\/www.facebook.com\/profile.php?id=61578881597564\" \/>\n<meta property=\"article:published_time\" content=\"2022-08-24T05:09:18+00:00\" \/>\n<meta property=\"article:modified_time\" content=\"2022-08-24T05:09:20+00:00\" \/>\n<meta property=\"og:image\" content=\"http:\/\/nativainfo.com\/wp-content\/uploads\/2022\/08\/imagen_2022-08-24_020908888.png\" \/>\n<meta name=\"author\" content=\"Nativa Info\" \/>\n<meta name=\"twitter:card\" content=\"summary_large_image\" \/>\n<meta name=\"twitter:label1\" content=\"Escrito por\" \/>\n\t<meta name=\"twitter:data1\" content=\"Nativa Info\" \/>\n\t<meta name=\"twitter:label2\" content=\"Tiempo de lectura\" \/>\n\t<meta name=\"twitter:data2\" content=\"1 minuto\" \/>\n<script type=\"application\/ld+json\" class=\"yoast-schema-graph\">{\"@context\":\"https:\/\/schema.org\",\"@graph\":[{\"@type\":\"Article\",\"@id\":\"https:\/\/nativainfo.com\/?p=3371#article\",\"isPartOf\":{\"@id\":\"https:\/\/nativainfo.com\/?p=3371\"},\"author\":{\"name\":\"Nativa Info\",\"@id\":\"https:\/\/nativainfo.com\/#\/schema\/person\/24893b64a9cd564ddb5d102d36eb4b5c\"},\"headline\":\"Wos se llev\u00f3 el Premio Gardel de Oro 2022: \u201cAguante la m\u00fasica argentina\u201d\",\"datePublished\":\"2022-08-24T05:09:18+00:00\",\"dateModified\":\"2022-08-24T05:09:20+00:00\",\"mainEntityOfPage\":{\"@id\":\"https:\/\/nativainfo.com\/?p=3371\"},\"wordCount\":287,\"commentCount\":0,\"publisher\":{\"@id\":\"https:\/\/nativainfo.com\/#organization\"},\"image\":{\"@id\":\"https:\/\/nativainfo.com\/?p=3371#primaryimage\"},\"thumbnailUrl\":\"http:\/\/nativainfo.com\/wp-content\/uploads\/2022\/08\/imagen_2022-08-24_020908888.png\",\"articleSection\":[\"M\u00fasica\"],\"inLanguage\":\"es-AR\",\"potentialAction\":[{\"@type\":\"CommentAction\",\"name\":\"Comment\",\"target\":[\"https:\/\/nativainfo.com\/?p=3371#respond\"]}]},{\"@type\":\"WebPage\",\"@id\":\"https:\/\/nativainfo.com\/?p=3371\",\"url\":\"https:\/\/nativainfo.com\/?p=3371\",\"name\":\"Wos se llev\u00f3 el Premio Gardel de Oro 2022: \u201cAguante la m\u00fasica argentina\u201d - Nativa Info\",\"isPartOf\":{\"@id\":\"https:\/\/nativainfo.com\/#website\"},\"primaryImageOfPage\":{\"@id\":\"https:\/\/nativainfo.com\/?p=3371#primaryimage\"},\"image\":{\"@id\":\"https:\/\/nativainfo.com\/?p=3371#primaryimage\"},\"thumbnailUrl\":\"http:\/\/nativainfo.com\/wp-content\/uploads\/2022\/08\/imagen_2022-08-24_020908888.png\",\"datePublished\":\"2022-08-24T05:09:18+00:00\",\"dateModified\":\"2022-08-24T05:09:20+00:00\",\"breadcrumb\":{\"@id\":\"https:\/\/nativainfo.com\/?p=3371#breadcrumb\"},\"inLanguage\":\"es-AR\",\"potentialAction\":[{\"@type\":\"ReadAction\",\"target\":[\"https:\/\/nativainfo.com\/?p=3371\"]}]},{\"@type\":\"ImageObject\",\"inLanguage\":\"es-AR\",\"@id\":\"https:\/\/nativainfo.com\/?p=3371#primaryimage\",\"url\":\"https:\/\/nativainfo.com\/wp-content\/uploads\/2022\/08\/imagen_2022-08-24_020908888.png\",\"contentUrl\":\"https:\/\/nativainfo.com\/wp-content\/uploads\/2022\/08\/imagen_2022-08-24_020908888.png\",\"width\":992,\"height\":558},{\"@type\":\"BreadcrumbList\",\"@id\":\"https:\/\/nativainfo.com\/?p=3371#breadcrumb\",\"itemListElement\":[{\"@type\":\"ListItem\",\"position\":1,\"name\":\"Inicio\",\"item\":\"https:\/\/nativainfo.com\/\"},{\"@type\":\"ListItem\",\"position\":2,\"name\":\"Wos se llev\u00f3 el Premio Gardel de Oro 2022: \u201cAguante la m\u00fasica argentina\u201d\"}]},{\"@type\":\"WebSite\",\"@id\":\"https:\/\/nativainfo.com\/#website\",\"url\":\"https:\/\/nativainfo.com\/\",\"name\":\"Nativa Info\",\"description\":\"Diario Digital\",\"publisher\":{\"@id\":\"https:\/\/nativainfo.com\/#organization\"},\"potentialAction\":[{\"@type\":\"SearchAction\",\"target\":{\"@type\":\"EntryPoint\",\"urlTemplate\":\"https:\/\/nativainfo.com\/?s={search_term_string}\"},\"query-input\":{\"@type\":\"PropertyValueSpecification\",\"valueRequired\":true,\"valueName\":\"search_term_string\"}}],\"inLanguage\":\"es-AR\"},{\"@type\":\"Organization\",\"@id\":\"https:\/\/nativainfo.com\/#organization\",\"name\":\"Nativa Info\",\"url\":\"https:\/\/nativainfo.com\/\",\"logo\":{\"@type\":\"ImageObject\",\"inLanguage\":\"es-AR\",\"@id\":\"https:\/\/nativainfo.com\/#\/schema\/logo\/image\/\",\"url\":\"https:\/\/nativainfo.com\/wp-content\/uploads\/2025\/08\/LOGO-NATIVA-FACE.jpg\",\"contentUrl\":\"https:\/\/nativainfo.com\/wp-content\/uploads\/2025\/08\/LOGO-NATIVA-FACE.jpg\",\"width\":400,\"height\":400,\"caption\":\"Nativa Info\"},\"image\":{\"@id\":\"https:\/\/nativainfo.com\/#\/schema\/logo\/image\/\"},\"sameAs\":[\"https:\/\/www.facebook.com\/profile.php?id=61578881597564\"]},{\"@type\":\"Person\",\"@id\":\"https:\/\/nativainfo.com\/#\/schema\/person\/24893b64a9cd564ddb5d102d36eb4b5c\",\"name\":\"Nativa Info\",\"image\":{\"@type\":\"ImageObject\",\"inLanguage\":\"es-AR\",\"@id\":\"https:\/\/nativainfo.com\/#\/schema\/person\/image\/\",\"url\":\"https:\/\/secure.gravatar.com\/avatar\/016fa1cf068d85136d938e1507b9b619cb766e2565cbb1faa1e571762460c785?s=96&d=mm&r=g\",\"contentUrl\":\"https:\/\/secure.gravatar.com\/avatar\/016fa1cf068d85136d938e1507b9b619cb766e2565cbb1faa1e571762460c785?s=96&d=mm&r=g\",\"caption\":\"Nativa Info\"},\"sameAs\":[\"http:\/\/nativainfo.com\"],\"url\":\"https:\/\/nativainfo.com\/?author=1\"}]}<\/script>\n<!-- \/ Yoast SEO plugin. -->","yoast_head_json":{"title":"Wos se llev\u00f3 el Premio Gardel de Oro 2022: \u201cAguante la m\u00fasica argentina\u201d - Nativa Info","robots":{"index":"index","follow":"follow","max-snippet":"max-snippet:-1","max-image-preview":"max-image-preview:large","max-video-preview":"max-video-preview:-1"},"canonical":"https:\/\/nativainfo.com\/?p=3371","og_locale":"es_ES","og_type":"article","og_title":"Wos se llev\u00f3 el Premio Gardel de Oro 2022: \u201cAguante la m\u00fasica argentina\u201d - Nativa Info","og_description":"El artista logr\u00f3 el premio mayor de la noche, adem\u00e1s de ganar en Mejor \u00c1lbum de Rock Alternativo, Mejor Canci\u00f3n... Continue reading","og_url":"https:\/\/nativainfo.com\/?p=3371","og_site_name":"Nativa Info","article_publisher":"https:\/\/www.facebook.com\/profile.php?id=61578881597564","article_published_time":"2022-08-24T05:09:18+00:00","article_modified_time":"2022-08-24T05:09:20+00:00","og_image":[{"url":"http:\/\/nativainfo.com\/wp-content\/uploads\/2022\/08\/imagen_2022-08-24_020908888.png","type":"","width":"","height":""}],"author":"Nativa Info","twitter_card":"summary_large_image","twitter_misc":{"Escrito por":"Nativa Info","Tiempo de lectura":"1 minuto"},"schema":{"@context":"https:\/\/schema.org","@graph":[{"@type":"Article","@id":"https:\/\/nativainfo.com\/?p=3371#article","isPartOf":{"@id":"https:\/\/nativainfo.com\/?p=3371"},"author":{"name":"Nativa Info","@id":"https:\/\/nativainfo.com\/#\/schema\/person\/24893b64a9cd564ddb5d102d36eb4b5c"},"headline":"Wos se llev\u00f3 el Premio Gardel de Oro 2022: \u201cAguante la m\u00fasica argentina\u201d","datePublished":"2022-08-24T05:09:18+00:00","dateModified":"2022-08-24T05:09:20+00:00","mainEntityOfPage":{"@id":"https:\/\/nativainfo.com\/?p=3371"},"wordCount":287,"commentCount":0,"publisher":{"@id":"https:\/\/nativainfo.com\/#organization"},"image":{"@id":"https:\/\/nativainfo.com\/?p=3371#primaryimage"},"thumbnailUrl":"http:\/\/nativainfo.com\/wp-content\/uploads\/2022\/08\/imagen_2022-08-24_020908888.png","articleSection":["M\u00fasica"],"inLanguage":"es-AR","potentialAction":[{"@type":"CommentAction","name":"Comment","target":["https:\/\/nativainfo.com\/?p=3371#respond"]}]},{"@type":"WebPage","@id":"https:\/\/nativainfo.com\/?p=3371","url":"https:\/\/nativainfo.com\/?p=3371","name":"Wos se llev\u00f3 el Premio Gardel de Oro 2022: \u201cAguante la m\u00fasica argentina\u201d - Nativa Info","isPartOf":{"@id":"https:\/\/nativainfo.com\/#website"},"primaryImageOfPage":{"@id":"https:\/\/nativainfo.com\/?p=3371#primaryimage"},"image":{"@id":"https:\/\/nativainfo.com\/?p=3371#primaryimage"},"thumbnailUrl":"http:\/\/nativainfo.com\/wp-content\/uploads\/2022\/08\/imagen_2022-08-24_020908888.png","datePublished":"2022-08-24T05:09:18+00:00","dateModified":"2022-08-24T05:09:20+00:00","breadcrumb":{"@id":"https:\/\/nativainfo.com\/?p=3371#breadcrumb"},"inLanguage":"es-AR","potentialAction":[{"@type":"ReadAction","target":["https:\/\/nativainfo.com\/?p=3371"]}]},{"@type":"ImageObject","inLanguage":"es-AR","@id":"https:\/\/nativainfo.com\/?p=3371#primaryimage","url":"https:\/\/nativainfo.com\/wp-content\/uploads\/2022\/08\/imagen_2022-08-24_020908888.png","contentUrl":"https:\/\/nativainfo.com\/wp-content\/uploads\/2022\/08\/imagen_2022-08-24_020908888.png","width":992,"height":558},{"@type":"BreadcrumbList","@id":"https:\/\/nativainfo.com\/?p=3371#breadcrumb","itemListElement":[{"@type":"ListItem","position":1,"name":"Inicio","item":"https:\/\/nativainfo.com\/"},{"@type":"ListItem","position":2,"name":"Wos se llev\u00f3 el Premio Gardel de Oro 2022: \u201cAguante la m\u00fasica argentina\u201d"}]},{"@type":"WebSite","@id":"https:\/\/nativainfo.com\/#website","url":"https:\/\/nativainfo.com\/","name":"Nativa Info","description":"Diario Digital","publisher":{"@id":"https:\/\/nativainfo.com\/#organization"},"potentialAction":[{"@type":"SearchAction","target":{"@type":"EntryPoint","urlTemplate":"https:\/\/nativainfo.com\/?s={search_term_string}"},"query-input":{"@type":"PropertyValueSpecification","valueRequired":true,"valueName":"search_term_string"}}],"inLanguage":"es-AR"},{"@type":"Organization","@id":"https:\/\/nativainfo.com\/#organization","name":"Nativa Info","url":"https:\/\/nativainfo.com\/","logo":{"@type":"ImageObject","inLanguage":"es-AR","@id":"https:\/\/nativainfo.com\/#\/schema\/logo\/image\/","url":"https:\/\/nativainfo.com\/wp-content\/uploads\/2025\/08\/LOGO-NATIVA-FACE.jpg","contentUrl":"https:\/\/nativainfo.com\/wp-content\/uploads\/2025\/08\/LOGO-NATIVA-FACE.jpg","width":400,"height":400,"caption":"Nativa Info"},"image":{"@id":"https:\/\/nativainfo.com\/#\/schema\/logo\/image\/"},"sameAs":["https:\/\/www.facebook.com\/profile.php?id=61578881597564"]},{"@type":"Person","@id":"https:\/\/nativainfo.com\/#\/schema\/person\/24893b64a9cd564ddb5d102d36eb4b5c","name":"Nativa Info","image":{"@type":"ImageObject","inLanguage":"es-AR","@id":"https:\/\/nativainfo.com\/#\/schema\/person\/image\/","url":"https:\/\/secure.gravatar.com\/avatar\/016fa1cf068d85136d938e1507b9b619cb766e2565cbb1faa1e571762460c785?s=96&d=mm&r=g","contentUrl":"https:\/\/secure.gravatar.com\/avatar\/016fa1cf068d85136d938e1507b9b619cb766e2565cbb1faa1e571762460c785?s=96&d=mm&r=g","caption":"Nativa Info"},"sameAs":["http:\/\/nativainfo.com"],"url":"https:\/\/nativainfo.com\/?author=1"}]}},"jetpack_publicize_connections":[],"_links":{"self":[{"href":"https:\/\/nativainfo.com\/index.php?rest_route=\/wp\/v2\/posts\/3371","targetHints":{"allow":["GET"]}}],"collection":[{"href":"https:\/\/nativainfo.com\/index.php?rest_route=\/wp\/v2\/posts"}],"about":[{"href":"https:\/\/nativainfo.com\/index.php?rest_route=\/wp\/v2\/types\/post"}],"author":[{"embeddable":true,"href":"https:\/\/nativainfo.com\/index.php?rest_route=\/wp\/v2\/users\/1"}],"replies":[{"embeddable":true,"href":"https:\/\/nativainfo.com\/index.php?rest_route=%2Fwp%2Fv2%2Fcomments&post=3371"}],"version-history":[{"count":1,"href":"https:\/\/nativainfo.com\/index.php?rest_route=\/wp\/v2\/posts\/3371\/revisions"}],"predecessor-version":[{"id":3377,"href":"https:\/\/nativainfo.com\/index.php?rest_route=\/wp\/v2\/posts\/3371\/revisions\/3377"}],"wp:attachment":[{"href":"https:\/\/nativainfo.com\/index.php?rest_route=%2Fwp%2Fv2%2Fmedia&parent=3371"}],"wp:term":[{"taxonomy":"category","embeddable":true,"href":"https:\/\/nativainfo.com\/index.php?rest_route=%2Fwp%2Fv2%2Fcategories&post=3371"},{"taxonomy":"post_tag","embeddable":true,"href":"https:\/\/nativainfo.com\/index.php?rest_route=%2Fwp%2Fv2%2Ftags&post=3371"}],"curies":[{"name":"wp","href":"https:\/\/api.w.org\/{rel}","templated":true}]}}