{"id":3362,"date":"2022-08-22T04:25:48","date_gmt":"2022-08-22T07:25:48","guid":{"rendered":"http:\/\/nativainfo.com\/?p=3362"},"modified":"2022-08-22T04:25:50","modified_gmt":"2022-08-22T07:25:50","slug":"independiente-de-fernandez-se-consagro-campeon-de-la-liga-santiaguena","status":"publish","type":"post","link":"https:\/\/nativainfo.com\/?p=3362","title":{"rendered":"Independiente de Fern\u00e1ndez se consagr\u00f3 campe\u00f3n de la Liga Santiague\u00f1a"},"content":{"rendered":"\n<p><strong>El Aurinegro se impuso 2-1 sobre V\u00e9lez en el tiempo reglamentario y luego por 3-2 en los penales para quedarse con la Copa de Oro.<\/strong><\/p>\n\n\n\n<figure class=\"wp-block-image size-large\"><img fetchpriority=\"high\" decoding=\"async\" width=\"1010\" height=\"567\" src=\"http:\/\/nativainfo.com\/wp-content\/uploads\/2022\/08\/imagen_2022-08-22_042534834.png\" alt=\"\" class=\"wp-image-3364\" srcset=\"https:\/\/nativainfo.com\/wp-content\/uploads\/2022\/08\/imagen_2022-08-22_042534834.png 1010w, https:\/\/nativainfo.com\/wp-content\/uploads\/2022\/08\/imagen_2022-08-22_042534834-300x168.png 300w, https:\/\/nativainfo.com\/wp-content\/uploads\/2022\/08\/imagen_2022-08-22_042534834-768x431.png 768w, https:\/\/nativainfo.com\/wp-content\/uploads\/2022\/08\/imagen_2022-08-22_042534834-623x350.png 623w, https:\/\/nativainfo.com\/wp-content\/uploads\/2022\/08\/imagen_2022-08-22_042534834-150x84.png 150w\" sizes=\"(max-width: 1010px) 100vw, 1010px\" \/><\/figure>\n\n\n\n<p>A pesar de la desventaja, los dirigidos por<strong>&nbsp;Luis Am\u00e9rico Valoy<\/strong>&nbsp;no bajaron los brazos y fueron a cambiar la historia. El empate lleg\u00f3 a los 5 minutos del complemento tras el cabezazo de&nbsp;<strong>Nelson Ib\u00e1\u00f1ez<\/strong>, mientras que a los 42 apareci\u00f3&nbsp;<strong>Mat\u00edas Fern\u00e1ndez<\/strong>&nbsp;con una gran jugada, su remate fue desviado por el arquero pero en el rebote&nbsp;<strong>Facundo Flores<\/strong>&nbsp;dio vuelta el tanteador.<\/p>\n\n\n\n<p>Con este resultado, el partido se fue a los penales y ah\u00ed fue mejor Independiente de Fern\u00e1ndez. Desde los doce pasos anotaron&nbsp;<strong>Mat\u00edas Fern\u00e1ndez, El\u00edas Orellana y Gonzalo Lencina<\/strong>, mientras que&nbsp;<strong>Facundo Flores&nbsp;<\/strong>mand\u00f3 su remate afuera.<\/p>\n\n\n\n<p>Para V\u00e9lez anotaron&nbsp;<strong>Kevin Gonz\u00e1lez<\/strong>&nbsp;y&nbsp;<strong>Mat\u00edas Noriega<\/strong>,&nbsp;<strong>Alejandro Coronel Pintos<\/strong>&nbsp;tir\u00f3 su remate afuera y&nbsp;<strong>Mariano Barraza<\/strong>, arquero del local, les ataj\u00f3 los penales a&nbsp;<strong>Iv\u00e1n Garz\u00f3n<\/strong>&nbsp;y&nbsp;<strong>Mart\u00edn Romero<\/strong>.<\/p>\n","protected":false},"excerpt":{"rendered":"<p>El Aurinegro se impuso 2-1 sobre V\u00e9lez en el tiempo reglamentario y luego por 3-2 en los penales para quedarse&#8230; <a class=\"continue-reading-link\" href=\"https:\/\/nativainfo.com\/?p=3362\">Continue reading<\/a><\/p>\n","protected":false},"author":1,"featured_media":0,"comment_status":"open","ping_status":"open","sticky":false,"template":"","format":"standard","meta":{"rop_custom_images_group":[],"rop_custom_messages_group":[],"rop_publish_now":"initial","rop_publish_now_accounts":[],"rop_publish_now_history":[],"rop_publish_now_status":"pending","footnotes":"","jetpack_publicize_message":"","jetpack_publicize_feature_enabled":true,"jetpack_social_post_already_shared":false,"jetpack_social_options":{"image_generator_settings":{"template":"highway","default_image_id":0,"font":"","enabled":false},"version":2}},"categories":[41],"tags":[],"class_list":["post-3362","post","type-post","status-publish","format-standard","hentry","category-futbol"],"yoast_head":"<!-- This site is optimized with the Yoast SEO plugin v25.6 - https:\/\/yoast.com\/wordpress\/plugins\/seo\/ -->\n<title>Independiente de Fern\u00e1ndez se consagr\u00f3 campe\u00f3n de la Liga Santiague\u00f1a - Nativa Info<\/title>\n<meta name=\"robots\" content=\"index, follow, max-snippet:-1, max-image-preview:large, max-video-preview:-1\" \/>\n<link rel=\"canonical\" href=\"https:\/\/nativainfo.com\/?p=3362\" \/>\n<meta property=\"og:locale\" content=\"es_ES\" \/>\n<meta property=\"og:type\" content=\"article\" \/>\n<meta property=\"og:title\" content=\"Independiente de Fern\u00e1ndez se consagr\u00f3 campe\u00f3n de la Liga Santiague\u00f1a - Nativa Info\" \/>\n<meta property=\"og:description\" content=\"El Aurinegro se impuso 2-1 sobre V\u00e9lez en el tiempo reglamentario y luego por 3-2 en los penales para quedarse... Continue reading\" \/>\n<meta property=\"og:url\" content=\"https:\/\/nativainfo.com\/?p=3362\" \/>\n<meta property=\"og:site_name\" content=\"Nativa Info\" \/>\n<meta property=\"article:publisher\" content=\"https:\/\/www.facebook.com\/profile.php?id=61578881597564\" \/>\n<meta property=\"article:published_time\" content=\"2022-08-22T07:25:48+00:00\" \/>\n<meta property=\"article:modified_time\" content=\"2022-08-22T07:25:50+00:00\" \/>\n<meta property=\"og:image\" content=\"http:\/\/nativainfo.com\/wp-content\/uploads\/2022\/08\/imagen_2022-08-22_042534834.png\" \/>\n<meta name=\"author\" content=\"Nativa Info\" \/>\n<meta name=\"twitter:card\" content=\"summary_large_image\" \/>\n<meta name=\"twitter:label1\" content=\"Escrito por\" \/>\n\t<meta name=\"twitter:data1\" content=\"Nativa Info\" \/>\n\t<meta name=\"twitter:label2\" content=\"Tiempo de lectura\" \/>\n\t<meta name=\"twitter:data2\" content=\"1 minuto\" \/>\n<script type=\"application\/ld+json\" class=\"yoast-schema-graph\">{\"@context\":\"https:\/\/schema.org\",\"@graph\":[{\"@type\":\"Article\",\"@id\":\"https:\/\/nativainfo.com\/?p=3362#article\",\"isPartOf\":{\"@id\":\"https:\/\/nativainfo.com\/?p=3362\"},\"author\":{\"name\":\"Nativa Info\",\"@id\":\"https:\/\/nativainfo.com\/#\/schema\/person\/24893b64a9cd564ddb5d102d36eb4b5c\"},\"headline\":\"Independiente de Fern\u00e1ndez se consagr\u00f3 campe\u00f3n de la Liga Santiague\u00f1a\",\"datePublished\":\"2022-08-22T07:25:48+00:00\",\"dateModified\":\"2022-08-22T07:25:50+00:00\",\"mainEntityOfPage\":{\"@id\":\"https:\/\/nativainfo.com\/?p=3362\"},\"wordCount\":203,\"commentCount\":0,\"publisher\":{\"@id\":\"https:\/\/nativainfo.com\/#organization\"},\"image\":{\"@id\":\"https:\/\/nativainfo.com\/?p=3362#primaryimage\"},\"thumbnailUrl\":\"http:\/\/nativainfo.com\/wp-content\/uploads\/2022\/08\/imagen_2022-08-22_042534834.png\",\"articleSection\":[\"F\u00fatbol\"],\"inLanguage\":\"es-AR\",\"potentialAction\":[{\"@type\":\"CommentAction\",\"name\":\"Comment\",\"target\":[\"https:\/\/nativainfo.com\/?p=3362#respond\"]}]},{\"@type\":\"WebPage\",\"@id\":\"https:\/\/nativainfo.com\/?p=3362\",\"url\":\"https:\/\/nativainfo.com\/?p=3362\",\"name\":\"Independiente de Fern\u00e1ndez se consagr\u00f3 campe\u00f3n de la Liga Santiague\u00f1a - Nativa Info\",\"isPartOf\":{\"@id\":\"https:\/\/nativainfo.com\/#website\"},\"primaryImageOfPage\":{\"@id\":\"https:\/\/nativainfo.com\/?p=3362#primaryimage\"},\"image\":{\"@id\":\"https:\/\/nativainfo.com\/?p=3362#primaryimage\"},\"thumbnailUrl\":\"http:\/\/nativainfo.com\/wp-content\/uploads\/2022\/08\/imagen_2022-08-22_042534834.png\",\"datePublished\":\"2022-08-22T07:25:48+00:00\",\"dateModified\":\"2022-08-22T07:25:50+00:00\",\"breadcrumb\":{\"@id\":\"https:\/\/nativainfo.com\/?p=3362#breadcrumb\"},\"inLanguage\":\"es-AR\",\"potentialAction\":[{\"@type\":\"ReadAction\",\"target\":[\"https:\/\/nativainfo.com\/?p=3362\"]}]},{\"@type\":\"ImageObject\",\"inLanguage\":\"es-AR\",\"@id\":\"https:\/\/nativainfo.com\/?p=3362#primaryimage\",\"url\":\"https:\/\/nativainfo.com\/wp-content\/uploads\/2022\/08\/imagen_2022-08-22_042534834.png\",\"contentUrl\":\"https:\/\/nativainfo.com\/wp-content\/uploads\/2022\/08\/imagen_2022-08-22_042534834.png\",\"width\":1010,\"height\":567},{\"@type\":\"BreadcrumbList\",\"@id\":\"https:\/\/nativainfo.com\/?p=3362#breadcrumb\",\"itemListElement\":[{\"@type\":\"ListItem\",\"position\":1,\"name\":\"Inicio\",\"item\":\"https:\/\/nativainfo.com\/\"},{\"@type\":\"ListItem\",\"position\":2,\"name\":\"Independiente de Fern\u00e1ndez se consagr\u00f3 campe\u00f3n de la Liga Santiague\u00f1a\"}]},{\"@type\":\"WebSite\",\"@id\":\"https:\/\/nativainfo.com\/#website\",\"url\":\"https:\/\/nativainfo.com\/\",\"name\":\"Nativa Info\",\"description\":\"Diario Digital\",\"publisher\":{\"@id\":\"https:\/\/nativainfo.com\/#organization\"},\"potentialAction\":[{\"@type\":\"SearchAction\",\"target\":{\"@type\":\"EntryPoint\",\"urlTemplate\":\"https:\/\/nativainfo.com\/?s={search_term_string}\"},\"query-input\":{\"@type\":\"PropertyValueSpecification\",\"valueRequired\":true,\"valueName\":\"search_term_string\"}}],\"inLanguage\":\"es-AR\"},{\"@type\":\"Organization\",\"@id\":\"https:\/\/nativainfo.com\/#organization\",\"name\":\"Nativa Info\",\"url\":\"https:\/\/nativainfo.com\/\",\"logo\":{\"@type\":\"ImageObject\",\"inLanguage\":\"es-AR\",\"@id\":\"https:\/\/nativainfo.com\/#\/schema\/logo\/image\/\",\"url\":\"https:\/\/nativainfo.com\/wp-content\/uploads\/2025\/08\/LOGO-NATIVA-FACE.jpg\",\"contentUrl\":\"https:\/\/nativainfo.com\/wp-content\/uploads\/2025\/08\/LOGO-NATIVA-FACE.jpg\",\"width\":400,\"height\":400,\"caption\":\"Nativa Info\"},\"image\":{\"@id\":\"https:\/\/nativainfo.com\/#\/schema\/logo\/image\/\"},\"sameAs\":[\"https:\/\/www.facebook.com\/profile.php?id=61578881597564\"]},{\"@type\":\"Person\",\"@id\":\"https:\/\/nativainfo.com\/#\/schema\/person\/24893b64a9cd564ddb5d102d36eb4b5c\",\"name\":\"Nativa Info\",\"image\":{\"@type\":\"ImageObject\",\"inLanguage\":\"es-AR\",\"@id\":\"https:\/\/nativainfo.com\/#\/schema\/person\/image\/\",\"url\":\"https:\/\/secure.gravatar.com\/avatar\/016fa1cf068d85136d938e1507b9b619cb766e2565cbb1faa1e571762460c785?s=96&d=mm&r=g\",\"contentUrl\":\"https:\/\/secure.gravatar.com\/avatar\/016fa1cf068d85136d938e1507b9b619cb766e2565cbb1faa1e571762460c785?s=96&d=mm&r=g\",\"caption\":\"Nativa Info\"},\"sameAs\":[\"http:\/\/nativainfo.com\"],\"url\":\"https:\/\/nativainfo.com\/?author=1\"}]}<\/script>\n<!-- \/ Yoast SEO plugin. -->","yoast_head_json":{"title":"Independiente de Fern\u00e1ndez se consagr\u00f3 campe\u00f3n de la Liga Santiague\u00f1a - Nativa Info","robots":{"index":"index","follow":"follow","max-snippet":"max-snippet:-1","max-image-preview":"max-image-preview:large","max-video-preview":"max-video-preview:-1"},"canonical":"https:\/\/nativainfo.com\/?p=3362","og_locale":"es_ES","og_type":"article","og_title":"Independiente de Fern\u00e1ndez se consagr\u00f3 campe\u00f3n de la Liga Santiague\u00f1a - Nativa Info","og_description":"El Aurinegro se impuso 2-1 sobre V\u00e9lez en el tiempo reglamentario y luego por 3-2 en los penales para quedarse... Continue reading","og_url":"https:\/\/nativainfo.com\/?p=3362","og_site_name":"Nativa Info","article_publisher":"https:\/\/www.facebook.com\/profile.php?id=61578881597564","article_published_time":"2022-08-22T07:25:48+00:00","article_modified_time":"2022-08-22T07:25:50+00:00","og_image":[{"url":"http:\/\/nativainfo.com\/wp-content\/uploads\/2022\/08\/imagen_2022-08-22_042534834.png","type":"","width":"","height":""}],"author":"Nativa Info","twitter_card":"summary_large_image","twitter_misc":{"Escrito por":"Nativa Info","Tiempo de lectura":"1 minuto"},"schema":{"@context":"https:\/\/schema.org","@graph":[{"@type":"Article","@id":"https:\/\/nativainfo.com\/?p=3362#article","isPartOf":{"@id":"https:\/\/nativainfo.com\/?p=3362"},"author":{"name":"Nativa Info","@id":"https:\/\/nativainfo.com\/#\/schema\/person\/24893b64a9cd564ddb5d102d36eb4b5c"},"headline":"Independiente de Fern\u00e1ndez se consagr\u00f3 campe\u00f3n de la Liga Santiague\u00f1a","datePublished":"2022-08-22T07:25:48+00:00","dateModified":"2022-08-22T07:25:50+00:00","mainEntityOfPage":{"@id":"https:\/\/nativainfo.com\/?p=3362"},"wordCount":203,"commentCount":0,"publisher":{"@id":"https:\/\/nativainfo.com\/#organization"},"image":{"@id":"https:\/\/nativainfo.com\/?p=3362#primaryimage"},"thumbnailUrl":"http:\/\/nativainfo.com\/wp-content\/uploads\/2022\/08\/imagen_2022-08-22_042534834.png","articleSection":["F\u00fatbol"],"inLanguage":"es-AR","potentialAction":[{"@type":"CommentAction","name":"Comment","target":["https:\/\/nativainfo.com\/?p=3362#respond"]}]},{"@type":"WebPage","@id":"https:\/\/nativainfo.com\/?p=3362","url":"https:\/\/nativainfo.com\/?p=3362","name":"Independiente de Fern\u00e1ndez se consagr\u00f3 campe\u00f3n de la Liga Santiague\u00f1a - Nativa Info","isPartOf":{"@id":"https:\/\/nativainfo.com\/#website"},"primaryImageOfPage":{"@id":"https:\/\/nativainfo.com\/?p=3362#primaryimage"},"image":{"@id":"https:\/\/nativainfo.com\/?p=3362#primaryimage"},"thumbnailUrl":"http:\/\/nativainfo.com\/wp-content\/uploads\/2022\/08\/imagen_2022-08-22_042534834.png","datePublished":"2022-08-22T07:25:48+00:00","dateModified":"2022-08-22T07:25:50+00:00","breadcrumb":{"@id":"https:\/\/nativainfo.com\/?p=3362#breadcrumb"},"inLanguage":"es-AR","potentialAction":[{"@type":"ReadAction","target":["https:\/\/nativainfo.com\/?p=3362"]}]},{"@type":"ImageObject","inLanguage":"es-AR","@id":"https:\/\/nativainfo.com\/?p=3362#primaryimage","url":"https:\/\/nativainfo.com\/wp-content\/uploads\/2022\/08\/imagen_2022-08-22_042534834.png","contentUrl":"https:\/\/nativainfo.com\/wp-content\/uploads\/2022\/08\/imagen_2022-08-22_042534834.png","width":1010,"height":567},{"@type":"BreadcrumbList","@id":"https:\/\/nativainfo.com\/?p=3362#breadcrumb","itemListElement":[{"@type":"ListItem","position":1,"name":"Inicio","item":"https:\/\/nativainfo.com\/"},{"@type":"ListItem","position":2,"name":"Independiente de Fern\u00e1ndez se consagr\u00f3 campe\u00f3n de la Liga Santiague\u00f1a"}]},{"@type":"WebSite","@id":"https:\/\/nativainfo.com\/#website","url":"https:\/\/nativainfo.com\/","name":"Nativa Info","description":"Diario Digital","publisher":{"@id":"https:\/\/nativainfo.com\/#organization"},"potentialAction":[{"@type":"SearchAction","target":{"@type":"EntryPoint","urlTemplate":"https:\/\/nativainfo.com\/?s={search_term_string}"},"query-input":{"@type":"PropertyValueSpecification","valueRequired":true,"valueName":"search_term_string"}}],"inLanguage":"es-AR"},{"@type":"Organization","@id":"https:\/\/nativainfo.com\/#organization","name":"Nativa Info","url":"https:\/\/nativainfo.com\/","logo":{"@type":"ImageObject","inLanguage":"es-AR","@id":"https:\/\/nativainfo.com\/#\/schema\/logo\/image\/","url":"https:\/\/nativainfo.com\/wp-content\/uploads\/2025\/08\/LOGO-NATIVA-FACE.jpg","contentUrl":"https:\/\/nativainfo.com\/wp-content\/uploads\/2025\/08\/LOGO-NATIVA-FACE.jpg","width":400,"height":400,"caption":"Nativa Info"},"image":{"@id":"https:\/\/nativainfo.com\/#\/schema\/logo\/image\/"},"sameAs":["https:\/\/www.facebook.com\/profile.php?id=61578881597564"]},{"@type":"Person","@id":"https:\/\/nativainfo.com\/#\/schema\/person\/24893b64a9cd564ddb5d102d36eb4b5c","name":"Nativa Info","image":{"@type":"ImageObject","inLanguage":"es-AR","@id":"https:\/\/nativainfo.com\/#\/schema\/person\/image\/","url":"https:\/\/secure.gravatar.com\/avatar\/016fa1cf068d85136d938e1507b9b619cb766e2565cbb1faa1e571762460c785?s=96&d=mm&r=g","contentUrl":"https:\/\/secure.gravatar.com\/avatar\/016fa1cf068d85136d938e1507b9b619cb766e2565cbb1faa1e571762460c785?s=96&d=mm&r=g","caption":"Nativa Info"},"sameAs":["http:\/\/nativainfo.com"],"url":"https:\/\/nativainfo.com\/?author=1"}]}},"jetpack_publicize_connections":[],"_links":{"self":[{"href":"https:\/\/nativainfo.com\/index.php?rest_route=\/wp\/v2\/posts\/3362","targetHints":{"allow":["GET"]}}],"collection":[{"href":"https:\/\/nativainfo.com\/index.php?rest_route=\/wp\/v2\/posts"}],"about":[{"href":"https:\/\/nativainfo.com\/index.php?rest_route=\/wp\/v2\/types\/post"}],"author":[{"embeddable":true,"href":"https:\/\/nativainfo.com\/index.php?rest_route=\/wp\/v2\/users\/1"}],"replies":[{"embeddable":true,"href":"https:\/\/nativainfo.com\/index.php?rest_route=%2Fwp%2Fv2%2Fcomments&post=3362"}],"version-history":[{"count":1,"href":"https:\/\/nativainfo.com\/index.php?rest_route=\/wp\/v2\/posts\/3362\/revisions"}],"predecessor-version":[{"id":3365,"href":"https:\/\/nativainfo.com\/index.php?rest_route=\/wp\/v2\/posts\/3362\/revisions\/3365"}],"wp:attachment":[{"href":"https:\/\/nativainfo.com\/index.php?rest_route=%2Fwp%2Fv2%2Fmedia&parent=3362"}],"wp:term":[{"taxonomy":"category","embeddable":true,"href":"https:\/\/nativainfo.com\/index.php?rest_route=%2Fwp%2Fv2%2Fcategories&post=3362"},{"taxonomy":"post_tag","embeddable":true,"href":"https:\/\/nativainfo.com\/index.php?rest_route=%2Fwp%2Fv2%2Ftags&post=3362"}],"curies":[{"name":"wp","href":"https:\/\/api.w.org\/{rel}","templated":true}]}}