{"id":3350,"date":"2022-08-20T01:43:07","date_gmt":"2022-08-20T04:43:07","guid":{"rendered":"http:\/\/nativainfo.com\/?p=3350"},"modified":"2022-08-20T01:43:10","modified_gmt":"2022-08-20T04:43:10","slug":"la-intendente-fuentes-anuncio-el-pago-de-un-adicional-complementario-en-el-sueldo-y-el-ascenso-de-categoria-de-6-y-7-a-la-8","status":"publish","type":"post","link":"https:\/\/nativainfo.com\/?p=3350","title":{"rendered":"La intendente Fuentes anunci\u00f3 el pago de un adicional complementario en el sueldo y el ascenso de categor\u00eda de 6 y 7 a la 8"},"content":{"rendered":"\n<figure class=\"wp-block-image size-large\"><img fetchpriority=\"high\" decoding=\"async\" width=\"1010\" height=\"567\" src=\"http:\/\/nativainfo.com\/wp-content\/uploads\/2022\/08\/imagen_2022-08-20_014233750.png\" alt=\"\" class=\"wp-image-3352\" srcset=\"https:\/\/nativainfo.com\/wp-content\/uploads\/2022\/08\/imagen_2022-08-20_014233750.png 1010w, https:\/\/nativainfo.com\/wp-content\/uploads\/2022\/08\/imagen_2022-08-20_014233750-300x168.png 300w, https:\/\/nativainfo.com\/wp-content\/uploads\/2022\/08\/imagen_2022-08-20_014233750-768x431.png 768w, https:\/\/nativainfo.com\/wp-content\/uploads\/2022\/08\/imagen_2022-08-20_014233750-623x350.png 623w, https:\/\/nativainfo.com\/wp-content\/uploads\/2022\/08\/imagen_2022-08-20_014233750-150x84.png 150w\" sizes=\"(max-width: 1010px) 100vw, 1010px\" \/><\/figure>\n\n\n\n<p>La intendente de la Capital, Ing. Norma Fuentes, junto a la Mesa de Di\u00e1logo y Trabajo encabezada por el titular de la CGT, Jos\u00e9 G\u00f3mez; anunci\u00f3 la incorporaci\u00f3n al salario de los empleados municipales un adicional complementario no remunerativo ni bonificable, tal como el que paga actualmente el gobierno de la provincia. Adem\u00e1s, comunic\u00f3 que todos los agentes que revisten en las categor\u00edas 6 y 7, ascender\u00e1n a la categor\u00eda 8 a partir del corriente mes.&nbsp;<\/p>\n\n\n\n<p>Tambi\u00e9n participaron del anuncio mejoras salariales el secretario gremial de UPCN, Sa\u00fal Ju\u00e1rez; el secretario general de SUOEM, H\u00e9ctor Coronel y la tesorera, Maira Oron\u00e1; el secretario general de SIMUSA, Ger\u00f3nimo Cisneros y el secretario general de UTEPSE, Ren\u00e9 Garz\u00f3n y el secretario adjunto, Miguel Marquesano.&nbsp;<\/p>\n\n\n\n<p>La jefa comunal explic\u00f3 que ese monto se abonar\u00e1 a todos los agentes que no perciban otra bonificaci\u00f3n o que perciban una bonificaci\u00f3n inferior al monto del ACSE, del cual se abonar\u00e1 la diferencia.<\/p>\n\n\n\n<p>La medida impactar\u00e1 en el 61% de la masa de los empleados municipales, lo que equivale a m\u00e1s de 3 mil trabajadores. En tanto, el traspaso de las categor\u00edas 6 y 7 a la categor\u00eda 8, alcanzar\u00e1 a m\u00e1s de 2 mil empleados.&nbsp;<\/p>\n","protected":false},"excerpt":{"rendered":"<p>La intendente de la Capital, Ing. Norma Fuentes, junto a la Mesa de Di\u00e1logo y Trabajo encabezada por el titular&#8230; <a class=\"continue-reading-link\" href=\"https:\/\/nativainfo.com\/?p=3350\">Continue reading<\/a><\/p>\n","protected":false},"author":1,"featured_media":0,"comment_status":"open","ping_status":"open","sticky":false,"template":"","format":"standard","meta":{"rop_custom_images_group":[],"rop_custom_messages_group":[],"rop_publish_now":"initial","rop_publish_now_accounts":[],"rop_publish_now_history":[],"rop_publish_now_status":"pending","footnotes":"","jetpack_publicize_message":"","jetpack_publicize_feature_enabled":true,"jetpack_social_post_already_shared":false,"jetpack_social_options":{"image_generator_settings":{"template":"highway","default_image_id":0,"font":"","enabled":false},"version":2}},"categories":[48,8],"tags":[],"class_list":["post-3350","post","type-post","status-publish","format-standard","hentry","category-capital","category-noticias"],"yoast_head":"<!-- This site is optimized with the Yoast SEO plugin v25.6 - https:\/\/yoast.com\/wordpress\/plugins\/seo\/ -->\n<title>La intendente Fuentes anunci\u00f3 el pago de un adicional complementario en el sueldo y el ascenso de categor\u00eda de 6 y 7 a la 8 - Nativa Info<\/title>\n<meta name=\"robots\" content=\"index, follow, max-snippet:-1, max-image-preview:large, max-video-preview:-1\" \/>\n<link rel=\"canonical\" href=\"https:\/\/nativainfo.com\/?p=3350\" \/>\n<meta property=\"og:locale\" content=\"es_ES\" \/>\n<meta property=\"og:type\" content=\"article\" \/>\n<meta property=\"og:title\" content=\"La intendente Fuentes anunci\u00f3 el pago de un adicional complementario en el sueldo y el ascenso de categor\u00eda de 6 y 7 a la 8 - Nativa Info\" \/>\n<meta property=\"og:description\" content=\"La intendente de la Capital, Ing. Norma Fuentes, junto a la Mesa de Di\u00e1logo y Trabajo encabezada por el titular... Continue reading\" \/>\n<meta property=\"og:url\" content=\"https:\/\/nativainfo.com\/?p=3350\" \/>\n<meta property=\"og:site_name\" content=\"Nativa Info\" \/>\n<meta property=\"article:publisher\" content=\"https:\/\/www.facebook.com\/profile.php?id=61578881597564\" \/>\n<meta property=\"article:published_time\" content=\"2022-08-20T04:43:07+00:00\" \/>\n<meta property=\"article:modified_time\" content=\"2022-08-20T04:43:10+00:00\" \/>\n<meta property=\"og:image\" content=\"http:\/\/nativainfo.com\/wp-content\/uploads\/2022\/08\/imagen_2022-08-20_014233750.png\" \/>\n<meta name=\"author\" content=\"Nativa Info\" \/>\n<meta name=\"twitter:card\" content=\"summary_large_image\" \/>\n<meta name=\"twitter:label1\" content=\"Escrito por\" \/>\n\t<meta name=\"twitter:data1\" content=\"Nativa Info\" \/>\n\t<meta name=\"twitter:label2\" content=\"Tiempo de lectura\" \/>\n\t<meta name=\"twitter:data2\" content=\"1 minuto\" \/>\n<script type=\"application\/ld+json\" class=\"yoast-schema-graph\">{\"@context\":\"https:\/\/schema.org\",\"@graph\":[{\"@type\":\"Article\",\"@id\":\"https:\/\/nativainfo.com\/?p=3350#article\",\"isPartOf\":{\"@id\":\"https:\/\/nativainfo.com\/?p=3350\"},\"author\":{\"name\":\"Nativa Info\",\"@id\":\"https:\/\/nativainfo.com\/#\/schema\/person\/24893b64a9cd564ddb5d102d36eb4b5c\"},\"headline\":\"La intendente Fuentes anunci\u00f3 el pago de un adicional complementario en el sueldo y el ascenso de categor\u00eda de 6 y 7 a la 8\",\"datePublished\":\"2022-08-20T04:43:07+00:00\",\"dateModified\":\"2022-08-20T04:43:10+00:00\",\"mainEntityOfPage\":{\"@id\":\"https:\/\/nativainfo.com\/?p=3350\"},\"wordCount\":235,\"commentCount\":0,\"publisher\":{\"@id\":\"https:\/\/nativainfo.com\/#organization\"},\"image\":{\"@id\":\"https:\/\/nativainfo.com\/?p=3350#primaryimage\"},\"thumbnailUrl\":\"http:\/\/nativainfo.com\/wp-content\/uploads\/2022\/08\/imagen_2022-08-20_014233750.png\",\"articleSection\":[\"Capital\",\"Noticias\"],\"inLanguage\":\"es-AR\",\"potentialAction\":[{\"@type\":\"CommentAction\",\"name\":\"Comment\",\"target\":[\"https:\/\/nativainfo.com\/?p=3350#respond\"]}]},{\"@type\":\"WebPage\",\"@id\":\"https:\/\/nativainfo.com\/?p=3350\",\"url\":\"https:\/\/nativainfo.com\/?p=3350\",\"name\":\"La intendente Fuentes anunci\u00f3 el pago de un adicional complementario en el sueldo y el ascenso de categor\u00eda de 6 y 7 a la 8 - Nativa Info\",\"isPartOf\":{\"@id\":\"https:\/\/nativainfo.com\/#website\"},\"primaryImageOfPage\":{\"@id\":\"https:\/\/nativainfo.com\/?p=3350#primaryimage\"},\"image\":{\"@id\":\"https:\/\/nativainfo.com\/?p=3350#primaryimage\"},\"thumbnailUrl\":\"http:\/\/nativainfo.com\/wp-content\/uploads\/2022\/08\/imagen_2022-08-20_014233750.png\",\"datePublished\":\"2022-08-20T04:43:07+00:00\",\"dateModified\":\"2022-08-20T04:43:10+00:00\",\"breadcrumb\":{\"@id\":\"https:\/\/nativainfo.com\/?p=3350#breadcrumb\"},\"inLanguage\":\"es-AR\",\"potentialAction\":[{\"@type\":\"ReadAction\",\"target\":[\"https:\/\/nativainfo.com\/?p=3350\"]}]},{\"@type\":\"ImageObject\",\"inLanguage\":\"es-AR\",\"@id\":\"https:\/\/nativainfo.com\/?p=3350#primaryimage\",\"url\":\"https:\/\/nativainfo.com\/wp-content\/uploads\/2022\/08\/imagen_2022-08-20_014233750.png\",\"contentUrl\":\"https:\/\/nativainfo.com\/wp-content\/uploads\/2022\/08\/imagen_2022-08-20_014233750.png\",\"width\":1010,\"height\":567},{\"@type\":\"BreadcrumbList\",\"@id\":\"https:\/\/nativainfo.com\/?p=3350#breadcrumb\",\"itemListElement\":[{\"@type\":\"ListItem\",\"position\":1,\"name\":\"Inicio\",\"item\":\"https:\/\/nativainfo.com\/\"},{\"@type\":\"ListItem\",\"position\":2,\"name\":\"La intendente Fuentes anunci\u00f3 el pago de un adicional complementario en el sueldo y el ascenso de categor\u00eda de 6 y 7 a la 8\"}]},{\"@type\":\"WebSite\",\"@id\":\"https:\/\/nativainfo.com\/#website\",\"url\":\"https:\/\/nativainfo.com\/\",\"name\":\"Nativa Info\",\"description\":\"Diario Digital\",\"publisher\":{\"@id\":\"https:\/\/nativainfo.com\/#organization\"},\"potentialAction\":[{\"@type\":\"SearchAction\",\"target\":{\"@type\":\"EntryPoint\",\"urlTemplate\":\"https:\/\/nativainfo.com\/?s={search_term_string}\"},\"query-input\":{\"@type\":\"PropertyValueSpecification\",\"valueRequired\":true,\"valueName\":\"search_term_string\"}}],\"inLanguage\":\"es-AR\"},{\"@type\":\"Organization\",\"@id\":\"https:\/\/nativainfo.com\/#organization\",\"name\":\"Nativa Info\",\"url\":\"https:\/\/nativainfo.com\/\",\"logo\":{\"@type\":\"ImageObject\",\"inLanguage\":\"es-AR\",\"@id\":\"https:\/\/nativainfo.com\/#\/schema\/logo\/image\/\",\"url\":\"https:\/\/nativainfo.com\/wp-content\/uploads\/2025\/08\/LOGO-NATIVA-FACE.jpg\",\"contentUrl\":\"https:\/\/nativainfo.com\/wp-content\/uploads\/2025\/08\/LOGO-NATIVA-FACE.jpg\",\"width\":400,\"height\":400,\"caption\":\"Nativa Info\"},\"image\":{\"@id\":\"https:\/\/nativainfo.com\/#\/schema\/logo\/image\/\"},\"sameAs\":[\"https:\/\/www.facebook.com\/profile.php?id=61578881597564\"]},{\"@type\":\"Person\",\"@id\":\"https:\/\/nativainfo.com\/#\/schema\/person\/24893b64a9cd564ddb5d102d36eb4b5c\",\"name\":\"Nativa Info\",\"image\":{\"@type\":\"ImageObject\",\"inLanguage\":\"es-AR\",\"@id\":\"https:\/\/nativainfo.com\/#\/schema\/person\/image\/\",\"url\":\"https:\/\/secure.gravatar.com\/avatar\/016fa1cf068d85136d938e1507b9b619cb766e2565cbb1faa1e571762460c785?s=96&d=mm&r=g\",\"contentUrl\":\"https:\/\/secure.gravatar.com\/avatar\/016fa1cf068d85136d938e1507b9b619cb766e2565cbb1faa1e571762460c785?s=96&d=mm&r=g\",\"caption\":\"Nativa Info\"},\"sameAs\":[\"http:\/\/nativainfo.com\"],\"url\":\"https:\/\/nativainfo.com\/?author=1\"}]}<\/script>\n<!-- \/ Yoast SEO plugin. -->","yoast_head_json":{"title":"La intendente Fuentes anunci\u00f3 el pago de un adicional complementario en el sueldo y el ascenso de categor\u00eda de 6 y 7 a la 8 - Nativa Info","robots":{"index":"index","follow":"follow","max-snippet":"max-snippet:-1","max-image-preview":"max-image-preview:large","max-video-preview":"max-video-preview:-1"},"canonical":"https:\/\/nativainfo.com\/?p=3350","og_locale":"es_ES","og_type":"article","og_title":"La intendente Fuentes anunci\u00f3 el pago de un adicional complementario en el sueldo y el ascenso de categor\u00eda de 6 y 7 a la 8 - Nativa Info","og_description":"La intendente de la Capital, Ing. Norma Fuentes, junto a la Mesa de Di\u00e1logo y Trabajo encabezada por el titular... Continue reading","og_url":"https:\/\/nativainfo.com\/?p=3350","og_site_name":"Nativa Info","article_publisher":"https:\/\/www.facebook.com\/profile.php?id=61578881597564","article_published_time":"2022-08-20T04:43:07+00:00","article_modified_time":"2022-08-20T04:43:10+00:00","og_image":[{"url":"http:\/\/nativainfo.com\/wp-content\/uploads\/2022\/08\/imagen_2022-08-20_014233750.png","type":"","width":"","height":""}],"author":"Nativa Info","twitter_card":"summary_large_image","twitter_misc":{"Escrito por":"Nativa Info","Tiempo de lectura":"1 minuto"},"schema":{"@context":"https:\/\/schema.org","@graph":[{"@type":"Article","@id":"https:\/\/nativainfo.com\/?p=3350#article","isPartOf":{"@id":"https:\/\/nativainfo.com\/?p=3350"},"author":{"name":"Nativa Info","@id":"https:\/\/nativainfo.com\/#\/schema\/person\/24893b64a9cd564ddb5d102d36eb4b5c"},"headline":"La intendente Fuentes anunci\u00f3 el pago de un adicional complementario en el sueldo y el ascenso de categor\u00eda de 6 y 7 a la 8","datePublished":"2022-08-20T04:43:07+00:00","dateModified":"2022-08-20T04:43:10+00:00","mainEntityOfPage":{"@id":"https:\/\/nativainfo.com\/?p=3350"},"wordCount":235,"commentCount":0,"publisher":{"@id":"https:\/\/nativainfo.com\/#organization"},"image":{"@id":"https:\/\/nativainfo.com\/?p=3350#primaryimage"},"thumbnailUrl":"http:\/\/nativainfo.com\/wp-content\/uploads\/2022\/08\/imagen_2022-08-20_014233750.png","articleSection":["Capital","Noticias"],"inLanguage":"es-AR","potentialAction":[{"@type":"CommentAction","name":"Comment","target":["https:\/\/nativainfo.com\/?p=3350#respond"]}]},{"@type":"WebPage","@id":"https:\/\/nativainfo.com\/?p=3350","url":"https:\/\/nativainfo.com\/?p=3350","name":"La intendente Fuentes anunci\u00f3 el pago de un adicional complementario en el sueldo y el ascenso de categor\u00eda de 6 y 7 a la 8 - Nativa Info","isPartOf":{"@id":"https:\/\/nativainfo.com\/#website"},"primaryImageOfPage":{"@id":"https:\/\/nativainfo.com\/?p=3350#primaryimage"},"image":{"@id":"https:\/\/nativainfo.com\/?p=3350#primaryimage"},"thumbnailUrl":"http:\/\/nativainfo.com\/wp-content\/uploads\/2022\/08\/imagen_2022-08-20_014233750.png","datePublished":"2022-08-20T04:43:07+00:00","dateModified":"2022-08-20T04:43:10+00:00","breadcrumb":{"@id":"https:\/\/nativainfo.com\/?p=3350#breadcrumb"},"inLanguage":"es-AR","potentialAction":[{"@type":"ReadAction","target":["https:\/\/nativainfo.com\/?p=3350"]}]},{"@type":"ImageObject","inLanguage":"es-AR","@id":"https:\/\/nativainfo.com\/?p=3350#primaryimage","url":"https:\/\/nativainfo.com\/wp-content\/uploads\/2022\/08\/imagen_2022-08-20_014233750.png","contentUrl":"https:\/\/nativainfo.com\/wp-content\/uploads\/2022\/08\/imagen_2022-08-20_014233750.png","width":1010,"height":567},{"@type":"BreadcrumbList","@id":"https:\/\/nativainfo.com\/?p=3350#breadcrumb","itemListElement":[{"@type":"ListItem","position":1,"name":"Inicio","item":"https:\/\/nativainfo.com\/"},{"@type":"ListItem","position":2,"name":"La intendente Fuentes anunci\u00f3 el pago de un adicional complementario en el sueldo y el ascenso de categor\u00eda de 6 y 7 a la 8"}]},{"@type":"WebSite","@id":"https:\/\/nativainfo.com\/#website","url":"https:\/\/nativainfo.com\/","name":"Nativa Info","description":"Diario Digital","publisher":{"@id":"https:\/\/nativainfo.com\/#organization"},"potentialAction":[{"@type":"SearchAction","target":{"@type":"EntryPoint","urlTemplate":"https:\/\/nativainfo.com\/?s={search_term_string}"},"query-input":{"@type":"PropertyValueSpecification","valueRequired":true,"valueName":"search_term_string"}}],"inLanguage":"es-AR"},{"@type":"Organization","@id":"https:\/\/nativainfo.com\/#organization","name":"Nativa Info","url":"https:\/\/nativainfo.com\/","logo":{"@type":"ImageObject","inLanguage":"es-AR","@id":"https:\/\/nativainfo.com\/#\/schema\/logo\/image\/","url":"https:\/\/nativainfo.com\/wp-content\/uploads\/2025\/08\/LOGO-NATIVA-FACE.jpg","contentUrl":"https:\/\/nativainfo.com\/wp-content\/uploads\/2025\/08\/LOGO-NATIVA-FACE.jpg","width":400,"height":400,"caption":"Nativa Info"},"image":{"@id":"https:\/\/nativainfo.com\/#\/schema\/logo\/image\/"},"sameAs":["https:\/\/www.facebook.com\/profile.php?id=61578881597564"]},{"@type":"Person","@id":"https:\/\/nativainfo.com\/#\/schema\/person\/24893b64a9cd564ddb5d102d36eb4b5c","name":"Nativa Info","image":{"@type":"ImageObject","inLanguage":"es-AR","@id":"https:\/\/nativainfo.com\/#\/schema\/person\/image\/","url":"https:\/\/secure.gravatar.com\/avatar\/016fa1cf068d85136d938e1507b9b619cb766e2565cbb1faa1e571762460c785?s=96&d=mm&r=g","contentUrl":"https:\/\/secure.gravatar.com\/avatar\/016fa1cf068d85136d938e1507b9b619cb766e2565cbb1faa1e571762460c785?s=96&d=mm&r=g","caption":"Nativa Info"},"sameAs":["http:\/\/nativainfo.com"],"url":"https:\/\/nativainfo.com\/?author=1"}]}},"jetpack_publicize_connections":[],"_links":{"self":[{"href":"https:\/\/nativainfo.com\/index.php?rest_route=\/wp\/v2\/posts\/3350","targetHints":{"allow":["GET"]}}],"collection":[{"href":"https:\/\/nativainfo.com\/index.php?rest_route=\/wp\/v2\/posts"}],"about":[{"href":"https:\/\/nativainfo.com\/index.php?rest_route=\/wp\/v2\/types\/post"}],"author":[{"embeddable":true,"href":"https:\/\/nativainfo.com\/index.php?rest_route=\/wp\/v2\/users\/1"}],"replies":[{"embeddable":true,"href":"https:\/\/nativainfo.com\/index.php?rest_route=%2Fwp%2Fv2%2Fcomments&post=3350"}],"version-history":[{"count":1,"href":"https:\/\/nativainfo.com\/index.php?rest_route=\/wp\/v2\/posts\/3350\/revisions"}],"predecessor-version":[{"id":3353,"href":"https:\/\/nativainfo.com\/index.php?rest_route=\/wp\/v2\/posts\/3350\/revisions\/3353"}],"wp:attachment":[{"href":"https:\/\/nativainfo.com\/index.php?rest_route=%2Fwp%2Fv2%2Fmedia&parent=3350"}],"wp:term":[{"taxonomy":"category","embeddable":true,"href":"https:\/\/nativainfo.com\/index.php?rest_route=%2Fwp%2Fv2%2Fcategories&post=3350"},{"taxonomy":"post_tag","embeddable":true,"href":"https:\/\/nativainfo.com\/index.php?rest_route=%2Fwp%2Fv2%2Ftags&post=3350"}],"curies":[{"name":"wp","href":"https:\/\/api.w.org\/{rel}","templated":true}]}}