{"id":3345,"date":"2022-08-16T00:27:41","date_gmt":"2022-08-16T03:27:41","guid":{"rendered":"http:\/\/nativainfo.com\/?p=3345"},"modified":"2022-08-16T00:27:42","modified_gmt":"2022-08-16T03:27:42","slug":"el-tiempo-pronostican-una-semana-con-mananas-bajo-cero-y-tardes-de-hasta-25-grados","status":"publish","type":"post","link":"https:\/\/nativainfo.com\/?p=3345","title":{"rendered":"El tiempo: pronostican una semana con ma\u00f1anas bajo cero y tardes de hasta 25 grados"},"content":{"rendered":"\n<p><strong>Tras el feriado del lunes se vienen d\u00edas con una importante amplitud t\u00e9rmica.<\/strong><\/p>\n\n\n\n<figure class=\"wp-block-image size-large\"><img fetchpriority=\"high\" decoding=\"async\" width=\"1010\" height=\"567\" src=\"http:\/\/nativainfo.com\/wp-content\/uploads\/2022\/08\/imagen_2022-08-16_002710464.png\" alt=\"\" class=\"wp-image-3348\" srcset=\"https:\/\/nativainfo.com\/wp-content\/uploads\/2022\/08\/imagen_2022-08-16_002710464.png 1010w, https:\/\/nativainfo.com\/wp-content\/uploads\/2022\/08\/imagen_2022-08-16_002710464-300x168.png 300w, https:\/\/nativainfo.com\/wp-content\/uploads\/2022\/08\/imagen_2022-08-16_002710464-768x431.png 768w, https:\/\/nativainfo.com\/wp-content\/uploads\/2022\/08\/imagen_2022-08-16_002710464-623x350.png 623w, https:\/\/nativainfo.com\/wp-content\/uploads\/2022\/08\/imagen_2022-08-16_002710464-150x84.png 150w\" sizes=\"(max-width: 1010px) 100vw, 1010px\" \/><\/figure>\n\n\n\n<p>El Servicio Meteorol\u00f3gico Nacional en su pron\u00f3stico extendido para esta semana en Santiago del Estero, \u00edndica jornadas con temperaturas cercanas a los cero grados durante las primeras horas de la ma\u00f1ana para luego ir en aumento hasta los 25 \u00b0C. De esta manera, las jornadas estar\u00e1n marcadas por una importante amplitud t\u00e9rmica.<\/p>\n\n\n\n<p>Por su parte, en el servicio de Weather.com ya m\u00e1s en detalle muestra d\u00edas soleados, pero tambi\u00e9n marcados por las bajas temperaturas, en especial tras el mi\u00e9rcoles, en donde se espera un d\u00eda en donde tendr\u00e1 preponderancia los vientos del sector sur, por lo que se espera que desde el jueves la temperatura ya toque valores cercanos a los cero grados.<\/p>\n","protected":false},"excerpt":{"rendered":"<p>Tras el feriado del lunes se vienen d\u00edas con una importante amplitud t\u00e9rmica. El Servicio Meteorol\u00f3gico Nacional en su pron\u00f3stico&#8230; <a class=\"continue-reading-link\" href=\"https:\/\/nativainfo.com\/?p=3345\">Continue reading<\/a><\/p>\n","protected":false},"author":1,"featured_media":0,"comment_status":"open","ping_status":"open","sticky":false,"template":"","format":"standard","meta":{"rop_custom_images_group":[],"rop_custom_messages_group":[],"rop_publish_now":"initial","rop_publish_now_accounts":[],"rop_publish_now_history":[],"rop_publish_now_status":"pending","footnotes":"","jetpack_publicize_message":"","jetpack_publicize_feature_enabled":true,"jetpack_social_post_already_shared":false,"jetpack_social_options":{"image_generator_settings":{"template":"highway","default_image_id":0,"font":"","enabled":false},"version":2}},"categories":[8],"tags":[],"class_list":["post-3345","post","type-post","status-publish","format-standard","hentry","category-noticias"],"yoast_head":"<!-- This site is optimized with the Yoast SEO plugin v25.6 - https:\/\/yoast.com\/wordpress\/plugins\/seo\/ -->\n<title>El tiempo: pronostican una semana con ma\u00f1anas bajo cero y tardes de hasta 25 grados - Nativa Info<\/title>\n<meta name=\"robots\" content=\"index, follow, max-snippet:-1, max-image-preview:large, max-video-preview:-1\" \/>\n<link rel=\"canonical\" href=\"https:\/\/nativainfo.com\/?p=3345\" \/>\n<meta property=\"og:locale\" content=\"es_ES\" \/>\n<meta property=\"og:type\" content=\"article\" \/>\n<meta property=\"og:title\" content=\"El tiempo: pronostican una semana con ma\u00f1anas bajo cero y tardes de hasta 25 grados - Nativa Info\" \/>\n<meta property=\"og:description\" content=\"Tras el feriado del lunes se vienen d\u00edas con una importante amplitud t\u00e9rmica. El Servicio Meteorol\u00f3gico Nacional en su pron\u00f3stico... Continue reading\" \/>\n<meta property=\"og:url\" content=\"https:\/\/nativainfo.com\/?p=3345\" \/>\n<meta property=\"og:site_name\" content=\"Nativa Info\" \/>\n<meta property=\"article:publisher\" content=\"https:\/\/www.facebook.com\/profile.php?id=61578881597564\" \/>\n<meta property=\"article:published_time\" content=\"2022-08-16T03:27:41+00:00\" \/>\n<meta property=\"article:modified_time\" content=\"2022-08-16T03:27:42+00:00\" \/>\n<meta property=\"og:image\" content=\"http:\/\/nativainfo.com\/wp-content\/uploads\/2022\/08\/imagen_2022-08-16_002710464.png\" \/>\n<meta name=\"author\" content=\"Nativa Info\" \/>\n<meta name=\"twitter:card\" content=\"summary_large_image\" \/>\n<meta name=\"twitter:label1\" content=\"Escrito por\" \/>\n\t<meta name=\"twitter:data1\" content=\"Nativa Info\" \/>\n\t<meta name=\"twitter:label2\" content=\"Tiempo de lectura\" \/>\n\t<meta name=\"twitter:data2\" content=\"1 minuto\" \/>\n<script type=\"application\/ld+json\" class=\"yoast-schema-graph\">{\"@context\":\"https:\/\/schema.org\",\"@graph\":[{\"@type\":\"Article\",\"@id\":\"https:\/\/nativainfo.com\/?p=3345#article\",\"isPartOf\":{\"@id\":\"https:\/\/nativainfo.com\/?p=3345\"},\"author\":{\"name\":\"Nativa Info\",\"@id\":\"https:\/\/nativainfo.com\/#\/schema\/person\/24893b64a9cd564ddb5d102d36eb4b5c\"},\"headline\":\"El tiempo: pronostican una semana con ma\u00f1anas bajo cero y tardes de hasta 25 grados\",\"datePublished\":\"2022-08-16T03:27:41+00:00\",\"dateModified\":\"2022-08-16T03:27:42+00:00\",\"mainEntityOfPage\":{\"@id\":\"https:\/\/nativainfo.com\/?p=3345\"},\"wordCount\":153,\"commentCount\":0,\"publisher\":{\"@id\":\"https:\/\/nativainfo.com\/#organization\"},\"image\":{\"@id\":\"https:\/\/nativainfo.com\/?p=3345#primaryimage\"},\"thumbnailUrl\":\"http:\/\/nativainfo.com\/wp-content\/uploads\/2022\/08\/imagen_2022-08-16_002710464.png\",\"articleSection\":[\"Noticias\"],\"inLanguage\":\"es-AR\",\"potentialAction\":[{\"@type\":\"CommentAction\",\"name\":\"Comment\",\"target\":[\"https:\/\/nativainfo.com\/?p=3345#respond\"]}]},{\"@type\":\"WebPage\",\"@id\":\"https:\/\/nativainfo.com\/?p=3345\",\"url\":\"https:\/\/nativainfo.com\/?p=3345\",\"name\":\"El tiempo: pronostican una semana con ma\u00f1anas bajo cero y tardes de hasta 25 grados - Nativa Info\",\"isPartOf\":{\"@id\":\"https:\/\/nativainfo.com\/#website\"},\"primaryImageOfPage\":{\"@id\":\"https:\/\/nativainfo.com\/?p=3345#primaryimage\"},\"image\":{\"@id\":\"https:\/\/nativainfo.com\/?p=3345#primaryimage\"},\"thumbnailUrl\":\"http:\/\/nativainfo.com\/wp-content\/uploads\/2022\/08\/imagen_2022-08-16_002710464.png\",\"datePublished\":\"2022-08-16T03:27:41+00:00\",\"dateModified\":\"2022-08-16T03:27:42+00:00\",\"breadcrumb\":{\"@id\":\"https:\/\/nativainfo.com\/?p=3345#breadcrumb\"},\"inLanguage\":\"es-AR\",\"potentialAction\":[{\"@type\":\"ReadAction\",\"target\":[\"https:\/\/nativainfo.com\/?p=3345\"]}]},{\"@type\":\"ImageObject\",\"inLanguage\":\"es-AR\",\"@id\":\"https:\/\/nativainfo.com\/?p=3345#primaryimage\",\"url\":\"https:\/\/nativainfo.com\/wp-content\/uploads\/2022\/08\/imagen_2022-08-16_002710464.png\",\"contentUrl\":\"https:\/\/nativainfo.com\/wp-content\/uploads\/2022\/08\/imagen_2022-08-16_002710464.png\",\"width\":1010,\"height\":567},{\"@type\":\"BreadcrumbList\",\"@id\":\"https:\/\/nativainfo.com\/?p=3345#breadcrumb\",\"itemListElement\":[{\"@type\":\"ListItem\",\"position\":1,\"name\":\"Inicio\",\"item\":\"https:\/\/nativainfo.com\/\"},{\"@type\":\"ListItem\",\"position\":2,\"name\":\"El tiempo: pronostican una semana con ma\u00f1anas bajo cero y tardes de hasta 25 grados\"}]},{\"@type\":\"WebSite\",\"@id\":\"https:\/\/nativainfo.com\/#website\",\"url\":\"https:\/\/nativainfo.com\/\",\"name\":\"Nativa Info\",\"description\":\"Diario Digital\",\"publisher\":{\"@id\":\"https:\/\/nativainfo.com\/#organization\"},\"potentialAction\":[{\"@type\":\"SearchAction\",\"target\":{\"@type\":\"EntryPoint\",\"urlTemplate\":\"https:\/\/nativainfo.com\/?s={search_term_string}\"},\"query-input\":{\"@type\":\"PropertyValueSpecification\",\"valueRequired\":true,\"valueName\":\"search_term_string\"}}],\"inLanguage\":\"es-AR\"},{\"@type\":\"Organization\",\"@id\":\"https:\/\/nativainfo.com\/#organization\",\"name\":\"Nativa Info\",\"url\":\"https:\/\/nativainfo.com\/\",\"logo\":{\"@type\":\"ImageObject\",\"inLanguage\":\"es-AR\",\"@id\":\"https:\/\/nativainfo.com\/#\/schema\/logo\/image\/\",\"url\":\"https:\/\/nativainfo.com\/wp-content\/uploads\/2025\/08\/LOGO-NATIVA-FACE.jpg\",\"contentUrl\":\"https:\/\/nativainfo.com\/wp-content\/uploads\/2025\/08\/LOGO-NATIVA-FACE.jpg\",\"width\":400,\"height\":400,\"caption\":\"Nativa Info\"},\"image\":{\"@id\":\"https:\/\/nativainfo.com\/#\/schema\/logo\/image\/\"},\"sameAs\":[\"https:\/\/www.facebook.com\/profile.php?id=61578881597564\"]},{\"@type\":\"Person\",\"@id\":\"https:\/\/nativainfo.com\/#\/schema\/person\/24893b64a9cd564ddb5d102d36eb4b5c\",\"name\":\"Nativa Info\",\"image\":{\"@type\":\"ImageObject\",\"inLanguage\":\"es-AR\",\"@id\":\"https:\/\/nativainfo.com\/#\/schema\/person\/image\/\",\"url\":\"https:\/\/secure.gravatar.com\/avatar\/016fa1cf068d85136d938e1507b9b619cb766e2565cbb1faa1e571762460c785?s=96&d=mm&r=g\",\"contentUrl\":\"https:\/\/secure.gravatar.com\/avatar\/016fa1cf068d85136d938e1507b9b619cb766e2565cbb1faa1e571762460c785?s=96&d=mm&r=g\",\"caption\":\"Nativa Info\"},\"sameAs\":[\"http:\/\/nativainfo.com\"],\"url\":\"https:\/\/nativainfo.com\/?author=1\"}]}<\/script>\n<!-- \/ Yoast SEO plugin. -->","yoast_head_json":{"title":"El tiempo: pronostican una semana con ma\u00f1anas bajo cero y tardes de hasta 25 grados - Nativa Info","robots":{"index":"index","follow":"follow","max-snippet":"max-snippet:-1","max-image-preview":"max-image-preview:large","max-video-preview":"max-video-preview:-1"},"canonical":"https:\/\/nativainfo.com\/?p=3345","og_locale":"es_ES","og_type":"article","og_title":"El tiempo: pronostican una semana con ma\u00f1anas bajo cero y tardes de hasta 25 grados - Nativa Info","og_description":"Tras el feriado del lunes se vienen d\u00edas con una importante amplitud t\u00e9rmica. El Servicio Meteorol\u00f3gico Nacional en su pron\u00f3stico... Continue reading","og_url":"https:\/\/nativainfo.com\/?p=3345","og_site_name":"Nativa Info","article_publisher":"https:\/\/www.facebook.com\/profile.php?id=61578881597564","article_published_time":"2022-08-16T03:27:41+00:00","article_modified_time":"2022-08-16T03:27:42+00:00","og_image":[{"url":"http:\/\/nativainfo.com\/wp-content\/uploads\/2022\/08\/imagen_2022-08-16_002710464.png","type":"","width":"","height":""}],"author":"Nativa Info","twitter_card":"summary_large_image","twitter_misc":{"Escrito por":"Nativa Info","Tiempo de lectura":"1 minuto"},"schema":{"@context":"https:\/\/schema.org","@graph":[{"@type":"Article","@id":"https:\/\/nativainfo.com\/?p=3345#article","isPartOf":{"@id":"https:\/\/nativainfo.com\/?p=3345"},"author":{"name":"Nativa Info","@id":"https:\/\/nativainfo.com\/#\/schema\/person\/24893b64a9cd564ddb5d102d36eb4b5c"},"headline":"El tiempo: pronostican una semana con ma\u00f1anas bajo cero y tardes de hasta 25 grados","datePublished":"2022-08-16T03:27:41+00:00","dateModified":"2022-08-16T03:27:42+00:00","mainEntityOfPage":{"@id":"https:\/\/nativainfo.com\/?p=3345"},"wordCount":153,"commentCount":0,"publisher":{"@id":"https:\/\/nativainfo.com\/#organization"},"image":{"@id":"https:\/\/nativainfo.com\/?p=3345#primaryimage"},"thumbnailUrl":"http:\/\/nativainfo.com\/wp-content\/uploads\/2022\/08\/imagen_2022-08-16_002710464.png","articleSection":["Noticias"],"inLanguage":"es-AR","potentialAction":[{"@type":"CommentAction","name":"Comment","target":["https:\/\/nativainfo.com\/?p=3345#respond"]}]},{"@type":"WebPage","@id":"https:\/\/nativainfo.com\/?p=3345","url":"https:\/\/nativainfo.com\/?p=3345","name":"El tiempo: pronostican una semana con ma\u00f1anas bajo cero y tardes de hasta 25 grados - Nativa Info","isPartOf":{"@id":"https:\/\/nativainfo.com\/#website"},"primaryImageOfPage":{"@id":"https:\/\/nativainfo.com\/?p=3345#primaryimage"},"image":{"@id":"https:\/\/nativainfo.com\/?p=3345#primaryimage"},"thumbnailUrl":"http:\/\/nativainfo.com\/wp-content\/uploads\/2022\/08\/imagen_2022-08-16_002710464.png","datePublished":"2022-08-16T03:27:41+00:00","dateModified":"2022-08-16T03:27:42+00:00","breadcrumb":{"@id":"https:\/\/nativainfo.com\/?p=3345#breadcrumb"},"inLanguage":"es-AR","potentialAction":[{"@type":"ReadAction","target":["https:\/\/nativainfo.com\/?p=3345"]}]},{"@type":"ImageObject","inLanguage":"es-AR","@id":"https:\/\/nativainfo.com\/?p=3345#primaryimage","url":"https:\/\/nativainfo.com\/wp-content\/uploads\/2022\/08\/imagen_2022-08-16_002710464.png","contentUrl":"https:\/\/nativainfo.com\/wp-content\/uploads\/2022\/08\/imagen_2022-08-16_002710464.png","width":1010,"height":567},{"@type":"BreadcrumbList","@id":"https:\/\/nativainfo.com\/?p=3345#breadcrumb","itemListElement":[{"@type":"ListItem","position":1,"name":"Inicio","item":"https:\/\/nativainfo.com\/"},{"@type":"ListItem","position":2,"name":"El tiempo: pronostican una semana con ma\u00f1anas bajo cero y tardes de hasta 25 grados"}]},{"@type":"WebSite","@id":"https:\/\/nativainfo.com\/#website","url":"https:\/\/nativainfo.com\/","name":"Nativa Info","description":"Diario Digital","publisher":{"@id":"https:\/\/nativainfo.com\/#organization"},"potentialAction":[{"@type":"SearchAction","target":{"@type":"EntryPoint","urlTemplate":"https:\/\/nativainfo.com\/?s={search_term_string}"},"query-input":{"@type":"PropertyValueSpecification","valueRequired":true,"valueName":"search_term_string"}}],"inLanguage":"es-AR"},{"@type":"Organization","@id":"https:\/\/nativainfo.com\/#organization","name":"Nativa Info","url":"https:\/\/nativainfo.com\/","logo":{"@type":"ImageObject","inLanguage":"es-AR","@id":"https:\/\/nativainfo.com\/#\/schema\/logo\/image\/","url":"https:\/\/nativainfo.com\/wp-content\/uploads\/2025\/08\/LOGO-NATIVA-FACE.jpg","contentUrl":"https:\/\/nativainfo.com\/wp-content\/uploads\/2025\/08\/LOGO-NATIVA-FACE.jpg","width":400,"height":400,"caption":"Nativa Info"},"image":{"@id":"https:\/\/nativainfo.com\/#\/schema\/logo\/image\/"},"sameAs":["https:\/\/www.facebook.com\/profile.php?id=61578881597564"]},{"@type":"Person","@id":"https:\/\/nativainfo.com\/#\/schema\/person\/24893b64a9cd564ddb5d102d36eb4b5c","name":"Nativa Info","image":{"@type":"ImageObject","inLanguage":"es-AR","@id":"https:\/\/nativainfo.com\/#\/schema\/person\/image\/","url":"https:\/\/secure.gravatar.com\/avatar\/016fa1cf068d85136d938e1507b9b619cb766e2565cbb1faa1e571762460c785?s=96&d=mm&r=g","contentUrl":"https:\/\/secure.gravatar.com\/avatar\/016fa1cf068d85136d938e1507b9b619cb766e2565cbb1faa1e571762460c785?s=96&d=mm&r=g","caption":"Nativa Info"},"sameAs":["http:\/\/nativainfo.com"],"url":"https:\/\/nativainfo.com\/?author=1"}]}},"jetpack_publicize_connections":[],"_links":{"self":[{"href":"https:\/\/nativainfo.com\/index.php?rest_route=\/wp\/v2\/posts\/3345","targetHints":{"allow":["GET"]}}],"collection":[{"href":"https:\/\/nativainfo.com\/index.php?rest_route=\/wp\/v2\/posts"}],"about":[{"href":"https:\/\/nativainfo.com\/index.php?rest_route=\/wp\/v2\/types\/post"}],"author":[{"embeddable":true,"href":"https:\/\/nativainfo.com\/index.php?rest_route=\/wp\/v2\/users\/1"}],"replies":[{"embeddable":true,"href":"https:\/\/nativainfo.com\/index.php?rest_route=%2Fwp%2Fv2%2Fcomments&post=3345"}],"version-history":[{"count":1,"href":"https:\/\/nativainfo.com\/index.php?rest_route=\/wp\/v2\/posts\/3345\/revisions"}],"predecessor-version":[{"id":3349,"href":"https:\/\/nativainfo.com\/index.php?rest_route=\/wp\/v2\/posts\/3345\/revisions\/3349"}],"wp:attachment":[{"href":"https:\/\/nativainfo.com\/index.php?rest_route=%2Fwp%2Fv2%2Fmedia&parent=3345"}],"wp:term":[{"taxonomy":"category","embeddable":true,"href":"https:\/\/nativainfo.com\/index.php?rest_route=%2Fwp%2Fv2%2Fcategories&post=3345"},{"taxonomy":"post_tag","embeddable":true,"href":"https:\/\/nativainfo.com\/index.php?rest_route=%2Fwp%2Fv2%2Ftags&post=3345"}],"curies":[{"name":"wp","href":"https:\/\/api.w.org\/{rel}","templated":true}]}}