{"id":3274,"date":"2022-07-18T01:26:05","date_gmt":"2022-07-18T04:26:05","guid":{"rendered":"http:\/\/nativainfo.com\/?p=3274"},"modified":"2022-07-18T01:26:06","modified_gmt":"2022-07-18T04:26:06","slug":"la-municipalidad-presenta-la-actuacion-de-pedro-aznar-el-proximo-jueves","status":"publish","type":"post","link":"https:\/\/nativainfo.com\/?p=3274","title":{"rendered":"La Municipalidad presenta la actuaci\u00f3n de Pedro Aznar el pr\u00f3ximo jueves"},"content":{"rendered":"\n<p><strong>El shows ser\u00e1 con entrada gratuita para lo cual el p\u00fablico deber\u00e1 retirar pulseras de ingreso desde la Casa Arga\u00f1araz Alcorta.<\/strong><\/p>\n\n\n\n<figure class=\"wp-block-image size-large\"><img fetchpriority=\"high\" decoding=\"async\" width=\"1010\" height=\"567\" src=\"http:\/\/nativainfo.com\/wp-content\/uploads\/2022\/07\/imagen_2022-07-18_012555915.png\" alt=\"\" class=\"wp-image-3277\" srcset=\"https:\/\/nativainfo.com\/wp-content\/uploads\/2022\/07\/imagen_2022-07-18_012555915.png 1010w, https:\/\/nativainfo.com\/wp-content\/uploads\/2022\/07\/imagen_2022-07-18_012555915-300x168.png 300w, https:\/\/nativainfo.com\/wp-content\/uploads\/2022\/07\/imagen_2022-07-18_012555915-768x431.png 768w, https:\/\/nativainfo.com\/wp-content\/uploads\/2022\/07\/imagen_2022-07-18_012555915-623x350.png 623w, https:\/\/nativainfo.com\/wp-content\/uploads\/2022\/07\/imagen_2022-07-18_012555915-150x84.png 150w\" sizes=\"(max-width: 1010px) 100vw, 1010px\" \/><\/figure>\n\n\n\n<p><strong>La Subsecretar\u00eda de Cultura y Turismo de la Municipalidad de la Capital<\/strong>&nbsp;inform\u00f3 que el pr\u00f3ximo jueves 21 de julio, a partir de las 21, se presentar\u00e1 en cantante y compositor&nbsp;<strong>Pedro Aznar<\/strong>, en el&nbsp;<strong>Forum de Convenciones<\/strong>, en el marco del mes aniversario por los&nbsp;<strong>469 a\u00f1os de la Madre de Ciudades<\/strong>.<\/p>\n\n\n\n<p><strong>El shows ser\u00e1 con entrada gratuita para lo cual el p\u00fablico deber\u00e1 retirar pulseras de ingreso desde la Casa Arga\u00f1araz Alcorta, ubicada en calle Libertad 175, este lunes desde las 17 hasta las 21.<\/strong><\/p>\n\n\n\n<p>En tanto, los d\u00edas siguientes la entrega de pulseras se realizar\u00e1 en horario corrido de 9 a 21 horas, hasta agotar la capacidad de la sala.<\/p>\n","protected":false},"excerpt":{"rendered":"<p>El shows ser\u00e1 con entrada gratuita para lo cual el p\u00fablico deber\u00e1 retirar pulseras de ingreso desde la Casa Arga\u00f1araz&#8230; <a class=\"continue-reading-link\" href=\"https:\/\/nativainfo.com\/?p=3274\">Continue reading<\/a><\/p>\n","protected":false},"author":1,"featured_media":0,"comment_status":"open","ping_status":"open","sticky":false,"template":"","format":"standard","meta":{"rop_custom_images_group":[],"rop_custom_messages_group":[],"rop_publish_now":"initial","rop_publish_now_accounts":[],"rop_publish_now_history":[],"rop_publish_now_status":"pending","footnotes":"","jetpack_publicize_message":"","jetpack_publicize_feature_enabled":true,"jetpack_social_post_already_shared":false,"jetpack_social_options":{"image_generator_settings":{"template":"highway","default_image_id":0,"font":"","enabled":false},"version":2}},"categories":[7,40],"tags":[],"class_list":["post-3274","post","type-post","status-publish","format-standard","hentry","category-musica","category-santiago-del-estero"],"yoast_head":"<!-- This site is optimized with the Yoast SEO plugin v25.6 - https:\/\/yoast.com\/wordpress\/plugins\/seo\/ -->\n<title>La Municipalidad presenta la actuaci\u00f3n de Pedro Aznar el pr\u00f3ximo jueves - Nativa Info<\/title>\n<meta name=\"robots\" content=\"index, follow, max-snippet:-1, max-image-preview:large, max-video-preview:-1\" \/>\n<link rel=\"canonical\" href=\"https:\/\/nativainfo.com\/?p=3274\" \/>\n<meta property=\"og:locale\" content=\"es_ES\" \/>\n<meta property=\"og:type\" content=\"article\" \/>\n<meta property=\"og:title\" content=\"La Municipalidad presenta la actuaci\u00f3n de Pedro Aznar el pr\u00f3ximo jueves - Nativa Info\" \/>\n<meta property=\"og:description\" content=\"El shows ser\u00e1 con entrada gratuita para lo cual el p\u00fablico deber\u00e1 retirar pulseras de ingreso desde la Casa Arga\u00f1araz... Continue reading\" \/>\n<meta property=\"og:url\" content=\"https:\/\/nativainfo.com\/?p=3274\" \/>\n<meta property=\"og:site_name\" content=\"Nativa Info\" \/>\n<meta property=\"article:publisher\" content=\"https:\/\/www.facebook.com\/profile.php?id=61578881597564\" \/>\n<meta property=\"article:published_time\" content=\"2022-07-18T04:26:05+00:00\" \/>\n<meta property=\"article:modified_time\" content=\"2022-07-18T04:26:06+00:00\" \/>\n<meta property=\"og:image\" content=\"http:\/\/nativainfo.com\/wp-content\/uploads\/2022\/07\/imagen_2022-07-18_012555915.png\" \/>\n<meta name=\"author\" content=\"Nativa Info\" \/>\n<meta name=\"twitter:card\" content=\"summary_large_image\" \/>\n<meta name=\"twitter:label1\" content=\"Escrito por\" \/>\n\t<meta name=\"twitter:data1\" content=\"Nativa Info\" \/>\n\t<meta name=\"twitter:label2\" content=\"Tiempo de lectura\" \/>\n\t<meta name=\"twitter:data2\" content=\"1 minuto\" \/>\n<script type=\"application\/ld+json\" class=\"yoast-schema-graph\">{\"@context\":\"https:\/\/schema.org\",\"@graph\":[{\"@type\":\"Article\",\"@id\":\"https:\/\/nativainfo.com\/?p=3274#article\",\"isPartOf\":{\"@id\":\"https:\/\/nativainfo.com\/?p=3274\"},\"author\":{\"name\":\"Nativa Info\",\"@id\":\"https:\/\/nativainfo.com\/#\/schema\/person\/24893b64a9cd564ddb5d102d36eb4b5c\"},\"headline\":\"La Municipalidad presenta la actuaci\u00f3n de Pedro Aznar el pr\u00f3ximo jueves\",\"datePublished\":\"2022-07-18T04:26:05+00:00\",\"dateModified\":\"2022-07-18T04:26:06+00:00\",\"mainEntityOfPage\":{\"@id\":\"https:\/\/nativainfo.com\/?p=3274\"},\"wordCount\":151,\"commentCount\":0,\"publisher\":{\"@id\":\"https:\/\/nativainfo.com\/#organization\"},\"image\":{\"@id\":\"https:\/\/nativainfo.com\/?p=3274#primaryimage\"},\"thumbnailUrl\":\"http:\/\/nativainfo.com\/wp-content\/uploads\/2022\/07\/imagen_2022-07-18_012555915.png\",\"articleSection\":[\"M\u00fasica\",\"Santiago del Estero\"],\"inLanguage\":\"es-AR\",\"potentialAction\":[{\"@type\":\"CommentAction\",\"name\":\"Comment\",\"target\":[\"https:\/\/nativainfo.com\/?p=3274#respond\"]}]},{\"@type\":\"WebPage\",\"@id\":\"https:\/\/nativainfo.com\/?p=3274\",\"url\":\"https:\/\/nativainfo.com\/?p=3274\",\"name\":\"La Municipalidad presenta la actuaci\u00f3n de Pedro Aznar el pr\u00f3ximo jueves - Nativa Info\",\"isPartOf\":{\"@id\":\"https:\/\/nativainfo.com\/#website\"},\"primaryImageOfPage\":{\"@id\":\"https:\/\/nativainfo.com\/?p=3274#primaryimage\"},\"image\":{\"@id\":\"https:\/\/nativainfo.com\/?p=3274#primaryimage\"},\"thumbnailUrl\":\"http:\/\/nativainfo.com\/wp-content\/uploads\/2022\/07\/imagen_2022-07-18_012555915.png\",\"datePublished\":\"2022-07-18T04:26:05+00:00\",\"dateModified\":\"2022-07-18T04:26:06+00:00\",\"breadcrumb\":{\"@id\":\"https:\/\/nativainfo.com\/?p=3274#breadcrumb\"},\"inLanguage\":\"es-AR\",\"potentialAction\":[{\"@type\":\"ReadAction\",\"target\":[\"https:\/\/nativainfo.com\/?p=3274\"]}]},{\"@type\":\"ImageObject\",\"inLanguage\":\"es-AR\",\"@id\":\"https:\/\/nativainfo.com\/?p=3274#primaryimage\",\"url\":\"https:\/\/nativainfo.com\/wp-content\/uploads\/2022\/07\/imagen_2022-07-18_012555915.png\",\"contentUrl\":\"https:\/\/nativainfo.com\/wp-content\/uploads\/2022\/07\/imagen_2022-07-18_012555915.png\",\"width\":1010,\"height\":567},{\"@type\":\"BreadcrumbList\",\"@id\":\"https:\/\/nativainfo.com\/?p=3274#breadcrumb\",\"itemListElement\":[{\"@type\":\"ListItem\",\"position\":1,\"name\":\"Inicio\",\"item\":\"https:\/\/nativainfo.com\/\"},{\"@type\":\"ListItem\",\"position\":2,\"name\":\"La Municipalidad presenta la actuaci\u00f3n de Pedro Aznar el pr\u00f3ximo jueves\"}]},{\"@type\":\"WebSite\",\"@id\":\"https:\/\/nativainfo.com\/#website\",\"url\":\"https:\/\/nativainfo.com\/\",\"name\":\"Nativa Info\",\"description\":\"Diario Digital\",\"publisher\":{\"@id\":\"https:\/\/nativainfo.com\/#organization\"},\"potentialAction\":[{\"@type\":\"SearchAction\",\"target\":{\"@type\":\"EntryPoint\",\"urlTemplate\":\"https:\/\/nativainfo.com\/?s={search_term_string}\"},\"query-input\":{\"@type\":\"PropertyValueSpecification\",\"valueRequired\":true,\"valueName\":\"search_term_string\"}}],\"inLanguage\":\"es-AR\"},{\"@type\":\"Organization\",\"@id\":\"https:\/\/nativainfo.com\/#organization\",\"name\":\"Nativa Info\",\"url\":\"https:\/\/nativainfo.com\/\",\"logo\":{\"@type\":\"ImageObject\",\"inLanguage\":\"es-AR\",\"@id\":\"https:\/\/nativainfo.com\/#\/schema\/logo\/image\/\",\"url\":\"https:\/\/nativainfo.com\/wp-content\/uploads\/2025\/08\/LOGO-NATIVA-FACE.jpg\",\"contentUrl\":\"https:\/\/nativainfo.com\/wp-content\/uploads\/2025\/08\/LOGO-NATIVA-FACE.jpg\",\"width\":400,\"height\":400,\"caption\":\"Nativa Info\"},\"image\":{\"@id\":\"https:\/\/nativainfo.com\/#\/schema\/logo\/image\/\"},\"sameAs\":[\"https:\/\/www.facebook.com\/profile.php?id=61578881597564\"]},{\"@type\":\"Person\",\"@id\":\"https:\/\/nativainfo.com\/#\/schema\/person\/24893b64a9cd564ddb5d102d36eb4b5c\",\"name\":\"Nativa Info\",\"image\":{\"@type\":\"ImageObject\",\"inLanguage\":\"es-AR\",\"@id\":\"https:\/\/nativainfo.com\/#\/schema\/person\/image\/\",\"url\":\"https:\/\/secure.gravatar.com\/avatar\/016fa1cf068d85136d938e1507b9b619cb766e2565cbb1faa1e571762460c785?s=96&d=mm&r=g\",\"contentUrl\":\"https:\/\/secure.gravatar.com\/avatar\/016fa1cf068d85136d938e1507b9b619cb766e2565cbb1faa1e571762460c785?s=96&d=mm&r=g\",\"caption\":\"Nativa Info\"},\"sameAs\":[\"http:\/\/nativainfo.com\"],\"url\":\"https:\/\/nativainfo.com\/?author=1\"}]}<\/script>\n<!-- \/ Yoast SEO plugin. -->","yoast_head_json":{"title":"La Municipalidad presenta la actuaci\u00f3n de Pedro Aznar el pr\u00f3ximo jueves - Nativa Info","robots":{"index":"index","follow":"follow","max-snippet":"max-snippet:-1","max-image-preview":"max-image-preview:large","max-video-preview":"max-video-preview:-1"},"canonical":"https:\/\/nativainfo.com\/?p=3274","og_locale":"es_ES","og_type":"article","og_title":"La Municipalidad presenta la actuaci\u00f3n de Pedro Aznar el pr\u00f3ximo jueves - Nativa Info","og_description":"El shows ser\u00e1 con entrada gratuita para lo cual el p\u00fablico deber\u00e1 retirar pulseras de ingreso desde la Casa Arga\u00f1araz... Continue reading","og_url":"https:\/\/nativainfo.com\/?p=3274","og_site_name":"Nativa Info","article_publisher":"https:\/\/www.facebook.com\/profile.php?id=61578881597564","article_published_time":"2022-07-18T04:26:05+00:00","article_modified_time":"2022-07-18T04:26:06+00:00","og_image":[{"url":"http:\/\/nativainfo.com\/wp-content\/uploads\/2022\/07\/imagen_2022-07-18_012555915.png","type":"","width":"","height":""}],"author":"Nativa Info","twitter_card":"summary_large_image","twitter_misc":{"Escrito por":"Nativa Info","Tiempo de lectura":"1 minuto"},"schema":{"@context":"https:\/\/schema.org","@graph":[{"@type":"Article","@id":"https:\/\/nativainfo.com\/?p=3274#article","isPartOf":{"@id":"https:\/\/nativainfo.com\/?p=3274"},"author":{"name":"Nativa Info","@id":"https:\/\/nativainfo.com\/#\/schema\/person\/24893b64a9cd564ddb5d102d36eb4b5c"},"headline":"La Municipalidad presenta la actuaci\u00f3n de Pedro Aznar el pr\u00f3ximo jueves","datePublished":"2022-07-18T04:26:05+00:00","dateModified":"2022-07-18T04:26:06+00:00","mainEntityOfPage":{"@id":"https:\/\/nativainfo.com\/?p=3274"},"wordCount":151,"commentCount":0,"publisher":{"@id":"https:\/\/nativainfo.com\/#organization"},"image":{"@id":"https:\/\/nativainfo.com\/?p=3274#primaryimage"},"thumbnailUrl":"http:\/\/nativainfo.com\/wp-content\/uploads\/2022\/07\/imagen_2022-07-18_012555915.png","articleSection":["M\u00fasica","Santiago del Estero"],"inLanguage":"es-AR","potentialAction":[{"@type":"CommentAction","name":"Comment","target":["https:\/\/nativainfo.com\/?p=3274#respond"]}]},{"@type":"WebPage","@id":"https:\/\/nativainfo.com\/?p=3274","url":"https:\/\/nativainfo.com\/?p=3274","name":"La Municipalidad presenta la actuaci\u00f3n de Pedro Aznar el pr\u00f3ximo jueves - Nativa Info","isPartOf":{"@id":"https:\/\/nativainfo.com\/#website"},"primaryImageOfPage":{"@id":"https:\/\/nativainfo.com\/?p=3274#primaryimage"},"image":{"@id":"https:\/\/nativainfo.com\/?p=3274#primaryimage"},"thumbnailUrl":"http:\/\/nativainfo.com\/wp-content\/uploads\/2022\/07\/imagen_2022-07-18_012555915.png","datePublished":"2022-07-18T04:26:05+00:00","dateModified":"2022-07-18T04:26:06+00:00","breadcrumb":{"@id":"https:\/\/nativainfo.com\/?p=3274#breadcrumb"},"inLanguage":"es-AR","potentialAction":[{"@type":"ReadAction","target":["https:\/\/nativainfo.com\/?p=3274"]}]},{"@type":"ImageObject","inLanguage":"es-AR","@id":"https:\/\/nativainfo.com\/?p=3274#primaryimage","url":"https:\/\/nativainfo.com\/wp-content\/uploads\/2022\/07\/imagen_2022-07-18_012555915.png","contentUrl":"https:\/\/nativainfo.com\/wp-content\/uploads\/2022\/07\/imagen_2022-07-18_012555915.png","width":1010,"height":567},{"@type":"BreadcrumbList","@id":"https:\/\/nativainfo.com\/?p=3274#breadcrumb","itemListElement":[{"@type":"ListItem","position":1,"name":"Inicio","item":"https:\/\/nativainfo.com\/"},{"@type":"ListItem","position":2,"name":"La Municipalidad presenta la actuaci\u00f3n de Pedro Aznar el pr\u00f3ximo jueves"}]},{"@type":"WebSite","@id":"https:\/\/nativainfo.com\/#website","url":"https:\/\/nativainfo.com\/","name":"Nativa Info","description":"Diario Digital","publisher":{"@id":"https:\/\/nativainfo.com\/#organization"},"potentialAction":[{"@type":"SearchAction","target":{"@type":"EntryPoint","urlTemplate":"https:\/\/nativainfo.com\/?s={search_term_string}"},"query-input":{"@type":"PropertyValueSpecification","valueRequired":true,"valueName":"search_term_string"}}],"inLanguage":"es-AR"},{"@type":"Organization","@id":"https:\/\/nativainfo.com\/#organization","name":"Nativa Info","url":"https:\/\/nativainfo.com\/","logo":{"@type":"ImageObject","inLanguage":"es-AR","@id":"https:\/\/nativainfo.com\/#\/schema\/logo\/image\/","url":"https:\/\/nativainfo.com\/wp-content\/uploads\/2025\/08\/LOGO-NATIVA-FACE.jpg","contentUrl":"https:\/\/nativainfo.com\/wp-content\/uploads\/2025\/08\/LOGO-NATIVA-FACE.jpg","width":400,"height":400,"caption":"Nativa Info"},"image":{"@id":"https:\/\/nativainfo.com\/#\/schema\/logo\/image\/"},"sameAs":["https:\/\/www.facebook.com\/profile.php?id=61578881597564"]},{"@type":"Person","@id":"https:\/\/nativainfo.com\/#\/schema\/person\/24893b64a9cd564ddb5d102d36eb4b5c","name":"Nativa Info","image":{"@type":"ImageObject","inLanguage":"es-AR","@id":"https:\/\/nativainfo.com\/#\/schema\/person\/image\/","url":"https:\/\/secure.gravatar.com\/avatar\/016fa1cf068d85136d938e1507b9b619cb766e2565cbb1faa1e571762460c785?s=96&d=mm&r=g","contentUrl":"https:\/\/secure.gravatar.com\/avatar\/016fa1cf068d85136d938e1507b9b619cb766e2565cbb1faa1e571762460c785?s=96&d=mm&r=g","caption":"Nativa Info"},"sameAs":["http:\/\/nativainfo.com"],"url":"https:\/\/nativainfo.com\/?author=1"}]}},"jetpack_publicize_connections":[],"_links":{"self":[{"href":"https:\/\/nativainfo.com\/index.php?rest_route=\/wp\/v2\/posts\/3274","targetHints":{"allow":["GET"]}}],"collection":[{"href":"https:\/\/nativainfo.com\/index.php?rest_route=\/wp\/v2\/posts"}],"about":[{"href":"https:\/\/nativainfo.com\/index.php?rest_route=\/wp\/v2\/types\/post"}],"author":[{"embeddable":true,"href":"https:\/\/nativainfo.com\/index.php?rest_route=\/wp\/v2\/users\/1"}],"replies":[{"embeddable":true,"href":"https:\/\/nativainfo.com\/index.php?rest_route=%2Fwp%2Fv2%2Fcomments&post=3274"}],"version-history":[{"count":1,"href":"https:\/\/nativainfo.com\/index.php?rest_route=\/wp\/v2\/posts\/3274\/revisions"}],"predecessor-version":[{"id":3278,"href":"https:\/\/nativainfo.com\/index.php?rest_route=\/wp\/v2\/posts\/3274\/revisions\/3278"}],"wp:attachment":[{"href":"https:\/\/nativainfo.com\/index.php?rest_route=%2Fwp%2Fv2%2Fmedia&parent=3274"}],"wp:term":[{"taxonomy":"category","embeddable":true,"href":"https:\/\/nativainfo.com\/index.php?rest_route=%2Fwp%2Fv2%2Fcategories&post=3274"},{"taxonomy":"post_tag","embeddable":true,"href":"https:\/\/nativainfo.com\/index.php?rest_route=%2Fwp%2Fv2%2Ftags&post=3274"}],"curies":[{"name":"wp","href":"https:\/\/api.w.org\/{rel}","templated":true}]}}