{"id":3273,"date":"2022-07-18T01:24:52","date_gmt":"2022-07-18T04:24:52","guid":{"rendered":"http:\/\/nativainfo.com\/?p=3273"},"modified":"2022-07-18T01:24:54","modified_gmt":"2022-07-18T04:24:54","slug":"estas-son-las-actividades-de-la-semana-por-los-469-anos-de-la-madre-de-ciudades","status":"publish","type":"post","link":"https:\/\/nativainfo.com\/?p=3273","title":{"rendered":"Estas son las actividades de la semana por los 469 a\u00f1os de la Madre de Ciudades"},"content":{"rendered":"\n<p><strong>La Municipalidad inform\u00f3 el programa de actividades culturales y art\u00edsticas para esta semana dentro del mes aniversario por los 469 a\u00f1os de la Madre de Ciudades.<\/strong><\/p>\n\n\n\n<figure class=\"wp-block-image size-large\"><img fetchpriority=\"high\" decoding=\"async\" width=\"1010\" height=\"567\" src=\"http:\/\/nativainfo.com\/wp-content\/uploads\/2022\/07\/imagen_2022-07-18_012443905.png\" alt=\"\" class=\"wp-image-3275\" srcset=\"https:\/\/nativainfo.com\/wp-content\/uploads\/2022\/07\/imagen_2022-07-18_012443905.png 1010w, https:\/\/nativainfo.com\/wp-content\/uploads\/2022\/07\/imagen_2022-07-18_012443905-300x168.png 300w, https:\/\/nativainfo.com\/wp-content\/uploads\/2022\/07\/imagen_2022-07-18_012443905-768x431.png 768w, https:\/\/nativainfo.com\/wp-content\/uploads\/2022\/07\/imagen_2022-07-18_012443905-623x350.png 623w, https:\/\/nativainfo.com\/wp-content\/uploads\/2022\/07\/imagen_2022-07-18_012443905-150x84.png 150w\" sizes=\"(max-width: 1010px) 100vw, 1010px\" \/><\/figure>\n\n\n\n<p>&#8211;<strong>Este lunes<\/strong>&nbsp;comenzar\u00e1 con la carrera de mozos y camareras, a las 15.30 horas en la Plaza Libertad.&nbsp;<\/p>\n\n\n\n<p>&#8211;<strong>El martes<\/strong>, desde las 11 de la ma\u00f1ana, habr\u00e1 flashmob en diversos sectores del centro de la ciudad con grupos de bailarines. A las 14 de ese mismo d\u00eda se celebrar\u00e1 los 12 a\u00f1os de la inauguraci\u00f3n de la Casa del Bicentenario en el parque Aguirre.<\/p>\n\n\n\n<p>&#8211;<strong>El mi\u00e9rcoles<\/strong>&nbsp;20 ser\u00e1 el Festival Joven D\u00eda del Amigo en el sector norte del Estadio Madre de Ciudades, desde las 15, con la presentaci\u00f3n especial de Mar\u00eda Becerra, grupos, solistas y DJs locales, con entrada libre y gratuita.<\/p>\n\n\n\n<p>&#8211;<strong>El jueves 21<\/strong>, desde las 11 horas, en diversos espacios de la ciudad se presentar\u00e1n coros, mientras que por las peatonales estar\u00e1n nuevamente Pasacalle de Cabezudos, llevando su propuesta de bailes tradicionales. A las 20,30 continuar\u00e1 el ciclo M\u00fasica para Todos y a las 21 en el Forum ser\u00e1 la presentaci\u00f3n de Pedro Aznar.<\/p>\n\n\n\n<p>&#8211;<strong>El viernes 22<\/strong>, desde las 8.30 de la ma\u00f1ana, se desarrollar\u00e1 el encuentro de pintores grupo Huarmis en el Parque del Encuentro; a las 11, habr\u00e1 folclore en la Retreta de la Plaza Libertad y a las 20.30 ser\u00e1 el concierto de la Orquesta Sinf\u00f3nica de la Unse, en el patio de la Municipalidad de la Capital.<\/p>\n\n\n\n<p>&#8211;<strong>El s\u00e1bado 23<\/strong>&nbsp;se realizar\u00e1 la Acci\u00f3n Teatral Urbana en el centro de la ciudad; a las 16, ser\u00e1n los recitales de la Pachamama en el Parque del Encuentro y continuar\u00e1 el ciclo de Folclore en la Retreta.<\/p>\n\n\n\n<p>&#8211;<strong>El domingo 24<\/strong>, seguir\u00e1n los recitales de la Pachamama en el Parque del Encuentro y a las 22 ser\u00e1 la Velada de Gala Popular en la Plaza Libertad.<\/p>\n\n\n\n<p>&#8211;<strong>El lunes 25<\/strong>&nbsp;se desarrollar\u00e1 el Desfile C\u00edvico Militar de la Fundaci\u00f3n en el Parque Aguirre y a las 15 comenzar\u00e1 el Festival Madre de Ciudades en el monumento a Francisco de Aguirre.<\/p>\n","protected":false},"excerpt":{"rendered":"<p>La Municipalidad inform\u00f3 el programa de actividades culturales y art\u00edsticas para esta semana dentro del mes aniversario por los 469&#8230; <a class=\"continue-reading-link\" href=\"https:\/\/nativainfo.com\/?p=3273\">Continue reading<\/a><\/p>\n","protected":false},"author":1,"featured_media":0,"comment_status":"open","ping_status":"open","sticky":false,"template":"","format":"standard","meta":{"rop_custom_images_group":[],"rop_custom_messages_group":[],"rop_publish_now":"initial","rop_publish_now_accounts":[],"rop_publish_now_history":[],"rop_publish_now_status":"pending","footnotes":"","jetpack_publicize_message":"","jetpack_publicize_feature_enabled":true,"jetpack_social_post_already_shared":false,"jetpack_social_options":{"image_generator_settings":{"template":"highway","default_image_id":0,"font":"","enabled":false},"version":2}},"categories":[25],"tags":[],"class_list":["post-3273","post","type-post","status-publish","format-standard","hentry","category-cultura"],"yoast_head":"<!-- This site is optimized with the Yoast SEO plugin v25.6 - https:\/\/yoast.com\/wordpress\/plugins\/seo\/ -->\n<title>Estas son las actividades de la semana por los 469 a\u00f1os de la Madre de Ciudades - Nativa Info<\/title>\n<meta name=\"robots\" content=\"index, follow, max-snippet:-1, max-image-preview:large, max-video-preview:-1\" \/>\n<link rel=\"canonical\" href=\"https:\/\/nativainfo.com\/?p=3273\" \/>\n<meta property=\"og:locale\" content=\"es_ES\" \/>\n<meta property=\"og:type\" content=\"article\" \/>\n<meta property=\"og:title\" content=\"Estas son las actividades de la semana por los 469 a\u00f1os de la Madre de Ciudades - Nativa Info\" \/>\n<meta property=\"og:description\" content=\"La Municipalidad inform\u00f3 el programa de actividades culturales y art\u00edsticas para esta semana dentro del mes aniversario por los 469... Continue reading\" \/>\n<meta property=\"og:url\" content=\"https:\/\/nativainfo.com\/?p=3273\" \/>\n<meta property=\"og:site_name\" content=\"Nativa Info\" \/>\n<meta property=\"article:publisher\" content=\"https:\/\/www.facebook.com\/profile.php?id=61578881597564\" \/>\n<meta property=\"article:published_time\" content=\"2022-07-18T04:24:52+00:00\" \/>\n<meta property=\"article:modified_time\" content=\"2022-07-18T04:24:54+00:00\" \/>\n<meta property=\"og:image\" content=\"http:\/\/nativainfo.com\/wp-content\/uploads\/2022\/07\/imagen_2022-07-18_012443905.png\" \/>\n<meta name=\"author\" content=\"Nativa Info\" \/>\n<meta name=\"twitter:card\" content=\"summary_large_image\" \/>\n<meta name=\"twitter:label1\" content=\"Escrito por\" \/>\n\t<meta name=\"twitter:data1\" content=\"Nativa Info\" \/>\n\t<meta name=\"twitter:label2\" content=\"Tiempo de lectura\" \/>\n\t<meta name=\"twitter:data2\" content=\"2 minutos\" \/>\n<script type=\"application\/ld+json\" class=\"yoast-schema-graph\">{\"@context\":\"https:\/\/schema.org\",\"@graph\":[{\"@type\":\"Article\",\"@id\":\"https:\/\/nativainfo.com\/?p=3273#article\",\"isPartOf\":{\"@id\":\"https:\/\/nativainfo.com\/?p=3273\"},\"author\":{\"name\":\"Nativa Info\",\"@id\":\"https:\/\/nativainfo.com\/#\/schema\/person\/24893b64a9cd564ddb5d102d36eb4b5c\"},\"headline\":\"Estas son las actividades de la semana por los 469 a\u00f1os de la Madre de Ciudades\",\"datePublished\":\"2022-07-18T04:24:52+00:00\",\"dateModified\":\"2022-07-18T04:24:54+00:00\",\"mainEntityOfPage\":{\"@id\":\"https:\/\/nativainfo.com\/?p=3273\"},\"wordCount\":361,\"commentCount\":0,\"publisher\":{\"@id\":\"https:\/\/nativainfo.com\/#organization\"},\"image\":{\"@id\":\"https:\/\/nativainfo.com\/?p=3273#primaryimage\"},\"thumbnailUrl\":\"http:\/\/nativainfo.com\/wp-content\/uploads\/2022\/07\/imagen_2022-07-18_012443905.png\",\"articleSection\":[\"Cultura\"],\"inLanguage\":\"es-AR\",\"potentialAction\":[{\"@type\":\"CommentAction\",\"name\":\"Comment\",\"target\":[\"https:\/\/nativainfo.com\/?p=3273#respond\"]}]},{\"@type\":\"WebPage\",\"@id\":\"https:\/\/nativainfo.com\/?p=3273\",\"url\":\"https:\/\/nativainfo.com\/?p=3273\",\"name\":\"Estas son las actividades de la semana por los 469 a\u00f1os de la Madre de Ciudades - Nativa Info\",\"isPartOf\":{\"@id\":\"https:\/\/nativainfo.com\/#website\"},\"primaryImageOfPage\":{\"@id\":\"https:\/\/nativainfo.com\/?p=3273#primaryimage\"},\"image\":{\"@id\":\"https:\/\/nativainfo.com\/?p=3273#primaryimage\"},\"thumbnailUrl\":\"http:\/\/nativainfo.com\/wp-content\/uploads\/2022\/07\/imagen_2022-07-18_012443905.png\",\"datePublished\":\"2022-07-18T04:24:52+00:00\",\"dateModified\":\"2022-07-18T04:24:54+00:00\",\"breadcrumb\":{\"@id\":\"https:\/\/nativainfo.com\/?p=3273#breadcrumb\"},\"inLanguage\":\"es-AR\",\"potentialAction\":[{\"@type\":\"ReadAction\",\"target\":[\"https:\/\/nativainfo.com\/?p=3273\"]}]},{\"@type\":\"ImageObject\",\"inLanguage\":\"es-AR\",\"@id\":\"https:\/\/nativainfo.com\/?p=3273#primaryimage\",\"url\":\"https:\/\/nativainfo.com\/wp-content\/uploads\/2022\/07\/imagen_2022-07-18_012443905.png\",\"contentUrl\":\"https:\/\/nativainfo.com\/wp-content\/uploads\/2022\/07\/imagen_2022-07-18_012443905.png\",\"width\":1010,\"height\":567},{\"@type\":\"BreadcrumbList\",\"@id\":\"https:\/\/nativainfo.com\/?p=3273#breadcrumb\",\"itemListElement\":[{\"@type\":\"ListItem\",\"position\":1,\"name\":\"Inicio\",\"item\":\"https:\/\/nativainfo.com\/\"},{\"@type\":\"ListItem\",\"position\":2,\"name\":\"Estas son las actividades de la semana por los 469 a\u00f1os de la Madre de Ciudades\"}]},{\"@type\":\"WebSite\",\"@id\":\"https:\/\/nativainfo.com\/#website\",\"url\":\"https:\/\/nativainfo.com\/\",\"name\":\"Nativa Info\",\"description\":\"Diario Digital\",\"publisher\":{\"@id\":\"https:\/\/nativainfo.com\/#organization\"},\"potentialAction\":[{\"@type\":\"SearchAction\",\"target\":{\"@type\":\"EntryPoint\",\"urlTemplate\":\"https:\/\/nativainfo.com\/?s={search_term_string}\"},\"query-input\":{\"@type\":\"PropertyValueSpecification\",\"valueRequired\":true,\"valueName\":\"search_term_string\"}}],\"inLanguage\":\"es-AR\"},{\"@type\":\"Organization\",\"@id\":\"https:\/\/nativainfo.com\/#organization\",\"name\":\"Nativa Info\",\"url\":\"https:\/\/nativainfo.com\/\",\"logo\":{\"@type\":\"ImageObject\",\"inLanguage\":\"es-AR\",\"@id\":\"https:\/\/nativainfo.com\/#\/schema\/logo\/image\/\",\"url\":\"https:\/\/nativainfo.com\/wp-content\/uploads\/2025\/08\/LOGO-NATIVA-FACE.jpg\",\"contentUrl\":\"https:\/\/nativainfo.com\/wp-content\/uploads\/2025\/08\/LOGO-NATIVA-FACE.jpg\",\"width\":400,\"height\":400,\"caption\":\"Nativa Info\"},\"image\":{\"@id\":\"https:\/\/nativainfo.com\/#\/schema\/logo\/image\/\"},\"sameAs\":[\"https:\/\/www.facebook.com\/profile.php?id=61578881597564\"]},{\"@type\":\"Person\",\"@id\":\"https:\/\/nativainfo.com\/#\/schema\/person\/24893b64a9cd564ddb5d102d36eb4b5c\",\"name\":\"Nativa Info\",\"image\":{\"@type\":\"ImageObject\",\"inLanguage\":\"es-AR\",\"@id\":\"https:\/\/nativainfo.com\/#\/schema\/person\/image\/\",\"url\":\"https:\/\/secure.gravatar.com\/avatar\/016fa1cf068d85136d938e1507b9b619cb766e2565cbb1faa1e571762460c785?s=96&d=mm&r=g\",\"contentUrl\":\"https:\/\/secure.gravatar.com\/avatar\/016fa1cf068d85136d938e1507b9b619cb766e2565cbb1faa1e571762460c785?s=96&d=mm&r=g\",\"caption\":\"Nativa Info\"},\"sameAs\":[\"http:\/\/nativainfo.com\"],\"url\":\"https:\/\/nativainfo.com\/?author=1\"}]}<\/script>\n<!-- \/ Yoast SEO plugin. -->","yoast_head_json":{"title":"Estas son las actividades de la semana por los 469 a\u00f1os de la Madre de Ciudades - Nativa Info","robots":{"index":"index","follow":"follow","max-snippet":"max-snippet:-1","max-image-preview":"max-image-preview:large","max-video-preview":"max-video-preview:-1"},"canonical":"https:\/\/nativainfo.com\/?p=3273","og_locale":"es_ES","og_type":"article","og_title":"Estas son las actividades de la semana por los 469 a\u00f1os de la Madre de Ciudades - Nativa Info","og_description":"La Municipalidad inform\u00f3 el programa de actividades culturales y art\u00edsticas para esta semana dentro del mes aniversario por los 469... Continue reading","og_url":"https:\/\/nativainfo.com\/?p=3273","og_site_name":"Nativa Info","article_publisher":"https:\/\/www.facebook.com\/profile.php?id=61578881597564","article_published_time":"2022-07-18T04:24:52+00:00","article_modified_time":"2022-07-18T04:24:54+00:00","og_image":[{"url":"http:\/\/nativainfo.com\/wp-content\/uploads\/2022\/07\/imagen_2022-07-18_012443905.png","type":"","width":"","height":""}],"author":"Nativa Info","twitter_card":"summary_large_image","twitter_misc":{"Escrito por":"Nativa Info","Tiempo de lectura":"2 minutos"},"schema":{"@context":"https:\/\/schema.org","@graph":[{"@type":"Article","@id":"https:\/\/nativainfo.com\/?p=3273#article","isPartOf":{"@id":"https:\/\/nativainfo.com\/?p=3273"},"author":{"name":"Nativa Info","@id":"https:\/\/nativainfo.com\/#\/schema\/person\/24893b64a9cd564ddb5d102d36eb4b5c"},"headline":"Estas son las actividades de la semana por los 469 a\u00f1os de la Madre de Ciudades","datePublished":"2022-07-18T04:24:52+00:00","dateModified":"2022-07-18T04:24:54+00:00","mainEntityOfPage":{"@id":"https:\/\/nativainfo.com\/?p=3273"},"wordCount":361,"commentCount":0,"publisher":{"@id":"https:\/\/nativainfo.com\/#organization"},"image":{"@id":"https:\/\/nativainfo.com\/?p=3273#primaryimage"},"thumbnailUrl":"http:\/\/nativainfo.com\/wp-content\/uploads\/2022\/07\/imagen_2022-07-18_012443905.png","articleSection":["Cultura"],"inLanguage":"es-AR","potentialAction":[{"@type":"CommentAction","name":"Comment","target":["https:\/\/nativainfo.com\/?p=3273#respond"]}]},{"@type":"WebPage","@id":"https:\/\/nativainfo.com\/?p=3273","url":"https:\/\/nativainfo.com\/?p=3273","name":"Estas son las actividades de la semana por los 469 a\u00f1os de la Madre de Ciudades - Nativa Info","isPartOf":{"@id":"https:\/\/nativainfo.com\/#website"},"primaryImageOfPage":{"@id":"https:\/\/nativainfo.com\/?p=3273#primaryimage"},"image":{"@id":"https:\/\/nativainfo.com\/?p=3273#primaryimage"},"thumbnailUrl":"http:\/\/nativainfo.com\/wp-content\/uploads\/2022\/07\/imagen_2022-07-18_012443905.png","datePublished":"2022-07-18T04:24:52+00:00","dateModified":"2022-07-18T04:24:54+00:00","breadcrumb":{"@id":"https:\/\/nativainfo.com\/?p=3273#breadcrumb"},"inLanguage":"es-AR","potentialAction":[{"@type":"ReadAction","target":["https:\/\/nativainfo.com\/?p=3273"]}]},{"@type":"ImageObject","inLanguage":"es-AR","@id":"https:\/\/nativainfo.com\/?p=3273#primaryimage","url":"https:\/\/nativainfo.com\/wp-content\/uploads\/2022\/07\/imagen_2022-07-18_012443905.png","contentUrl":"https:\/\/nativainfo.com\/wp-content\/uploads\/2022\/07\/imagen_2022-07-18_012443905.png","width":1010,"height":567},{"@type":"BreadcrumbList","@id":"https:\/\/nativainfo.com\/?p=3273#breadcrumb","itemListElement":[{"@type":"ListItem","position":1,"name":"Inicio","item":"https:\/\/nativainfo.com\/"},{"@type":"ListItem","position":2,"name":"Estas son las actividades de la semana por los 469 a\u00f1os de la Madre de Ciudades"}]},{"@type":"WebSite","@id":"https:\/\/nativainfo.com\/#website","url":"https:\/\/nativainfo.com\/","name":"Nativa Info","description":"Diario Digital","publisher":{"@id":"https:\/\/nativainfo.com\/#organization"},"potentialAction":[{"@type":"SearchAction","target":{"@type":"EntryPoint","urlTemplate":"https:\/\/nativainfo.com\/?s={search_term_string}"},"query-input":{"@type":"PropertyValueSpecification","valueRequired":true,"valueName":"search_term_string"}}],"inLanguage":"es-AR"},{"@type":"Organization","@id":"https:\/\/nativainfo.com\/#organization","name":"Nativa Info","url":"https:\/\/nativainfo.com\/","logo":{"@type":"ImageObject","inLanguage":"es-AR","@id":"https:\/\/nativainfo.com\/#\/schema\/logo\/image\/","url":"https:\/\/nativainfo.com\/wp-content\/uploads\/2025\/08\/LOGO-NATIVA-FACE.jpg","contentUrl":"https:\/\/nativainfo.com\/wp-content\/uploads\/2025\/08\/LOGO-NATIVA-FACE.jpg","width":400,"height":400,"caption":"Nativa Info"},"image":{"@id":"https:\/\/nativainfo.com\/#\/schema\/logo\/image\/"},"sameAs":["https:\/\/www.facebook.com\/profile.php?id=61578881597564"]},{"@type":"Person","@id":"https:\/\/nativainfo.com\/#\/schema\/person\/24893b64a9cd564ddb5d102d36eb4b5c","name":"Nativa Info","image":{"@type":"ImageObject","inLanguage":"es-AR","@id":"https:\/\/nativainfo.com\/#\/schema\/person\/image\/","url":"https:\/\/secure.gravatar.com\/avatar\/016fa1cf068d85136d938e1507b9b619cb766e2565cbb1faa1e571762460c785?s=96&d=mm&r=g","contentUrl":"https:\/\/secure.gravatar.com\/avatar\/016fa1cf068d85136d938e1507b9b619cb766e2565cbb1faa1e571762460c785?s=96&d=mm&r=g","caption":"Nativa Info"},"sameAs":["http:\/\/nativainfo.com"],"url":"https:\/\/nativainfo.com\/?author=1"}]}},"jetpack_publicize_connections":[],"_links":{"self":[{"href":"https:\/\/nativainfo.com\/index.php?rest_route=\/wp\/v2\/posts\/3273","targetHints":{"allow":["GET"]}}],"collection":[{"href":"https:\/\/nativainfo.com\/index.php?rest_route=\/wp\/v2\/posts"}],"about":[{"href":"https:\/\/nativainfo.com\/index.php?rest_route=\/wp\/v2\/types\/post"}],"author":[{"embeddable":true,"href":"https:\/\/nativainfo.com\/index.php?rest_route=\/wp\/v2\/users\/1"}],"replies":[{"embeddable":true,"href":"https:\/\/nativainfo.com\/index.php?rest_route=%2Fwp%2Fv2%2Fcomments&post=3273"}],"version-history":[{"count":1,"href":"https:\/\/nativainfo.com\/index.php?rest_route=\/wp\/v2\/posts\/3273\/revisions"}],"predecessor-version":[{"id":3276,"href":"https:\/\/nativainfo.com\/index.php?rest_route=\/wp\/v2\/posts\/3273\/revisions\/3276"}],"wp:attachment":[{"href":"https:\/\/nativainfo.com\/index.php?rest_route=%2Fwp%2Fv2%2Fmedia&parent=3273"}],"wp:term":[{"taxonomy":"category","embeddable":true,"href":"https:\/\/nativainfo.com\/index.php?rest_route=%2Fwp%2Fv2%2Fcategories&post=3273"},{"taxonomy":"post_tag","embeddable":true,"href":"https:\/\/nativainfo.com\/index.php?rest_route=%2Fwp%2Fv2%2Ftags&post=3273"}],"curies":[{"name":"wp","href":"https:\/\/api.w.org\/{rel}","templated":true}]}}