{"id":3265,"date":"2022-07-16T02:01:15","date_gmt":"2022-07-16T05:01:15","guid":{"rendered":"http:\/\/nativainfo.com\/?p=3265"},"modified":"2022-07-16T02:02:26","modified_gmt":"2022-07-16T05:02:26","slug":"la-ciudad-volvera-a-latir-al-repiqueteo-de-la-marcha-de-los-bombos","status":"publish","type":"post","link":"https:\/\/nativainfo.com\/?p=3265","title":{"rendered":"La ciudad volver\u00e1 a latir al repiqueteo de la Marcha de los Bombos"},"content":{"rendered":"\n<figure class=\"wp-block-image size-large\"><img fetchpriority=\"high\" decoding=\"async\" width=\"1010\" height=\"567\" src=\"http:\/\/nativainfo.com\/wp-content\/uploads\/2022\/07\/imagen_2022-07-16_020105415.png\" alt=\"\" class=\"wp-image-3267\" srcset=\"https:\/\/nativainfo.com\/wp-content\/uploads\/2022\/07\/imagen_2022-07-16_020105415.png 1010w, https:\/\/nativainfo.com\/wp-content\/uploads\/2022\/07\/imagen_2022-07-16_020105415-300x168.png 300w, https:\/\/nativainfo.com\/wp-content\/uploads\/2022\/07\/imagen_2022-07-16_020105415-768x431.png 768w, https:\/\/nativainfo.com\/wp-content\/uploads\/2022\/07\/imagen_2022-07-16_020105415-623x350.png 623w, https:\/\/nativainfo.com\/wp-content\/uploads\/2022\/07\/imagen_2022-07-16_020105415-150x84.png 150w\" sizes=\"(max-width: 1010px) 100vw, 1010px\" \/><\/figure>\n\n\n\n<p><strong>Luego de dos a\u00f1os de pausa obligada, el tradicional evento reunir\u00e1 a miles de vecinos y turistas en las columnas para marchar hacia el Parque Aguirre. Conoc\u00e9 el recorrido.<\/strong><\/p>\n\n\n\n<p>La ciudad ya se est\u00e1 preparando con&nbsp;<strong>la vigilia en el Patio del Indio Froil\u00e1n.&nbsp;<\/strong>La expectativa est\u00e1 y la emoci\u00f3n ya se siente por volver a las calles al ritmo de los miles de bombos que hace dos a\u00f1os est\u00e1n en pausa. Este s\u00e1bado llega al fin la&nbsp;<strong>XX edici\u00f3n de la Marcha de los Bombos.<\/strong><\/p>\n\n\n\n<p>Este masivo y tradicional evento cultural, t\u00edpico del mes de julio, se volvi\u00f3 en un sello del<strong>&nbsp;Aniversario de la Madre de Ciudades<\/strong>&nbsp;que este 2022 celebra 469 a\u00f1os, y sus organizadores comenzaron a gestar esta edici\u00f3n especial ya hace tiempo.<\/p>\n\n\n\n<p><strong>El recorrido y las paradas<\/strong><\/p>\n\n\n\n<p>En esta edici\u00f3n &nbsp;se har\u00e1 el&nbsp;<strong>reconocimiento a pueblos santiague\u00f1os<\/strong>&nbsp;a lo largo de su recorrido. La primera parada ser\u00e1 en la&nbsp;<strong>Escuela Borges&nbsp;<\/strong>en homenaje a la ciudad de Clodomira; la segunda en&nbsp;<strong>Belgrano y Cuarto Pasaje&nbsp;<\/strong>por la localidad de Lugones; San Jos\u00e9 de Boquer\u00f3n en&nbsp;<strong>El Linyerita;<\/strong>&nbsp;Villa Atamishki frente al&nbsp;<strong>Hospital Independencia&nbsp;<\/strong>y Termas de R\u00edo Hondo en Belgrano y Rivadavia.<\/p>\n\n\n\n<p>Partir\u00e1n desde distintos puntos de la capital:<strong>&nbsp;la columna sur<\/strong>&nbsp;(Arco)&nbsp;<strong>y norte&nbsp;<\/strong>(patio Indio Froil\u00e1n) y<strong>&nbsp;de La Banda<\/strong>&nbsp;(Plaza Belgrano). Converger\u00e1n en avenida Belgrano y Libertad y desde all\u00ed se dirigir\u00e1n al parque Aguirre.<\/p>\n","protected":false},"excerpt":{"rendered":"<p>Luego de dos a\u00f1os de pausa obligada, el tradicional evento reunir\u00e1 a miles de vecinos y turistas en las columnas&#8230; <a class=\"continue-reading-link\" href=\"https:\/\/nativainfo.com\/?p=3265\">Continue reading<\/a><\/p>\n","protected":false},"author":1,"featured_media":0,"comment_status":"open","ping_status":"open","sticky":false,"template":"","format":"standard","meta":{"rop_custom_images_group":[],"rop_custom_messages_group":[],"rop_publish_now":"initial","rop_publish_now_accounts":[],"rop_publish_now_history":[],"rop_publish_now_status":"pending","footnotes":"","jetpack_publicize_message":"","jetpack_publicize_feature_enabled":true,"jetpack_social_post_already_shared":false,"jetpack_social_options":{"image_generator_settings":{"template":"highway","default_image_id":0,"font":"","enabled":false},"version":2}},"categories":[25,40],"tags":[],"class_list":["post-3265","post","type-post","status-publish","format-standard","hentry","category-cultura","category-santiago-del-estero"],"yoast_head":"<!-- This site is optimized with the Yoast SEO plugin v25.6 - https:\/\/yoast.com\/wordpress\/plugins\/seo\/ -->\n<title>La ciudad volver\u00e1 a latir al repiqueteo de la Marcha de los Bombos - Nativa Info<\/title>\n<meta name=\"robots\" content=\"index, follow, max-snippet:-1, max-image-preview:large, max-video-preview:-1\" \/>\n<link rel=\"canonical\" href=\"https:\/\/nativainfo.com\/?p=3265\" \/>\n<meta property=\"og:locale\" content=\"es_ES\" \/>\n<meta property=\"og:type\" content=\"article\" \/>\n<meta property=\"og:title\" content=\"La ciudad volver\u00e1 a latir al repiqueteo de la Marcha de los Bombos - Nativa Info\" \/>\n<meta property=\"og:description\" content=\"Luego de dos a\u00f1os de pausa obligada, el tradicional evento reunir\u00e1 a miles de vecinos y turistas en las columnas... Continue reading\" \/>\n<meta property=\"og:url\" content=\"https:\/\/nativainfo.com\/?p=3265\" \/>\n<meta property=\"og:site_name\" content=\"Nativa Info\" \/>\n<meta property=\"article:publisher\" content=\"https:\/\/www.facebook.com\/profile.php?id=61578881597564\" \/>\n<meta property=\"article:published_time\" content=\"2022-07-16T05:01:15+00:00\" \/>\n<meta property=\"article:modified_time\" content=\"2022-07-16T05:02:26+00:00\" \/>\n<meta property=\"og:image\" content=\"http:\/\/nativainfo.com\/wp-content\/uploads\/2022\/07\/imagen_2022-07-16_020105415.png\" \/>\n<meta name=\"author\" content=\"Nativa Info\" \/>\n<meta name=\"twitter:card\" content=\"summary_large_image\" \/>\n<meta name=\"twitter:label1\" content=\"Escrito por\" \/>\n\t<meta name=\"twitter:data1\" content=\"Nativa Info\" \/>\n\t<meta name=\"twitter:label2\" content=\"Tiempo de lectura\" \/>\n\t<meta name=\"twitter:data2\" content=\"1 minuto\" \/>\n<script type=\"application\/ld+json\" class=\"yoast-schema-graph\">{\"@context\":\"https:\/\/schema.org\",\"@graph\":[{\"@type\":\"Article\",\"@id\":\"https:\/\/nativainfo.com\/?p=3265#article\",\"isPartOf\":{\"@id\":\"https:\/\/nativainfo.com\/?p=3265\"},\"author\":{\"name\":\"Nativa Info\",\"@id\":\"https:\/\/nativainfo.com\/#\/schema\/person\/24893b64a9cd564ddb5d102d36eb4b5c\"},\"headline\":\"La ciudad volver\u00e1 a latir al repiqueteo de la Marcha de los Bombos\",\"datePublished\":\"2022-07-16T05:01:15+00:00\",\"dateModified\":\"2022-07-16T05:02:26+00:00\",\"mainEntityOfPage\":{\"@id\":\"https:\/\/nativainfo.com\/?p=3265\"},\"wordCount\":284,\"commentCount\":0,\"publisher\":{\"@id\":\"https:\/\/nativainfo.com\/#organization\"},\"image\":{\"@id\":\"https:\/\/nativainfo.com\/?p=3265#primaryimage\"},\"thumbnailUrl\":\"http:\/\/nativainfo.com\/wp-content\/uploads\/2022\/07\/imagen_2022-07-16_020105415.png\",\"articleSection\":[\"Cultura\",\"Santiago del Estero\"],\"inLanguage\":\"es-AR\",\"potentialAction\":[{\"@type\":\"CommentAction\",\"name\":\"Comment\",\"target\":[\"https:\/\/nativainfo.com\/?p=3265#respond\"]}]},{\"@type\":\"WebPage\",\"@id\":\"https:\/\/nativainfo.com\/?p=3265\",\"url\":\"https:\/\/nativainfo.com\/?p=3265\",\"name\":\"La ciudad volver\u00e1 a latir al repiqueteo de la Marcha de los Bombos - Nativa Info\",\"isPartOf\":{\"@id\":\"https:\/\/nativainfo.com\/#website\"},\"primaryImageOfPage\":{\"@id\":\"https:\/\/nativainfo.com\/?p=3265#primaryimage\"},\"image\":{\"@id\":\"https:\/\/nativainfo.com\/?p=3265#primaryimage\"},\"thumbnailUrl\":\"http:\/\/nativainfo.com\/wp-content\/uploads\/2022\/07\/imagen_2022-07-16_020105415.png\",\"datePublished\":\"2022-07-16T05:01:15+00:00\",\"dateModified\":\"2022-07-16T05:02:26+00:00\",\"breadcrumb\":{\"@id\":\"https:\/\/nativainfo.com\/?p=3265#breadcrumb\"},\"inLanguage\":\"es-AR\",\"potentialAction\":[{\"@type\":\"ReadAction\",\"target\":[\"https:\/\/nativainfo.com\/?p=3265\"]}]},{\"@type\":\"ImageObject\",\"inLanguage\":\"es-AR\",\"@id\":\"https:\/\/nativainfo.com\/?p=3265#primaryimage\",\"url\":\"https:\/\/nativainfo.com\/wp-content\/uploads\/2022\/07\/imagen_2022-07-16_020105415.png\",\"contentUrl\":\"https:\/\/nativainfo.com\/wp-content\/uploads\/2022\/07\/imagen_2022-07-16_020105415.png\",\"width\":1010,\"height\":567},{\"@type\":\"BreadcrumbList\",\"@id\":\"https:\/\/nativainfo.com\/?p=3265#breadcrumb\",\"itemListElement\":[{\"@type\":\"ListItem\",\"position\":1,\"name\":\"Inicio\",\"item\":\"https:\/\/nativainfo.com\/\"},{\"@type\":\"ListItem\",\"position\":2,\"name\":\"La ciudad volver\u00e1 a latir al repiqueteo de la Marcha de los Bombos\"}]},{\"@type\":\"WebSite\",\"@id\":\"https:\/\/nativainfo.com\/#website\",\"url\":\"https:\/\/nativainfo.com\/\",\"name\":\"Nativa Info\",\"description\":\"Diario Digital\",\"publisher\":{\"@id\":\"https:\/\/nativainfo.com\/#organization\"},\"potentialAction\":[{\"@type\":\"SearchAction\",\"target\":{\"@type\":\"EntryPoint\",\"urlTemplate\":\"https:\/\/nativainfo.com\/?s={search_term_string}\"},\"query-input\":{\"@type\":\"PropertyValueSpecification\",\"valueRequired\":true,\"valueName\":\"search_term_string\"}}],\"inLanguage\":\"es-AR\"},{\"@type\":\"Organization\",\"@id\":\"https:\/\/nativainfo.com\/#organization\",\"name\":\"Nativa Info\",\"url\":\"https:\/\/nativainfo.com\/\",\"logo\":{\"@type\":\"ImageObject\",\"inLanguage\":\"es-AR\",\"@id\":\"https:\/\/nativainfo.com\/#\/schema\/logo\/image\/\",\"url\":\"https:\/\/nativainfo.com\/wp-content\/uploads\/2025\/08\/LOGO-NATIVA-FACE.jpg\",\"contentUrl\":\"https:\/\/nativainfo.com\/wp-content\/uploads\/2025\/08\/LOGO-NATIVA-FACE.jpg\",\"width\":400,\"height\":400,\"caption\":\"Nativa Info\"},\"image\":{\"@id\":\"https:\/\/nativainfo.com\/#\/schema\/logo\/image\/\"},\"sameAs\":[\"https:\/\/www.facebook.com\/profile.php?id=61578881597564\"]},{\"@type\":\"Person\",\"@id\":\"https:\/\/nativainfo.com\/#\/schema\/person\/24893b64a9cd564ddb5d102d36eb4b5c\",\"name\":\"Nativa Info\",\"image\":{\"@type\":\"ImageObject\",\"inLanguage\":\"es-AR\",\"@id\":\"https:\/\/nativainfo.com\/#\/schema\/person\/image\/\",\"url\":\"https:\/\/secure.gravatar.com\/avatar\/016fa1cf068d85136d938e1507b9b619cb766e2565cbb1faa1e571762460c785?s=96&d=mm&r=g\",\"contentUrl\":\"https:\/\/secure.gravatar.com\/avatar\/016fa1cf068d85136d938e1507b9b619cb766e2565cbb1faa1e571762460c785?s=96&d=mm&r=g\",\"caption\":\"Nativa Info\"},\"sameAs\":[\"http:\/\/nativainfo.com\"],\"url\":\"https:\/\/nativainfo.com\/?author=1\"}]}<\/script>\n<!-- \/ Yoast SEO plugin. -->","yoast_head_json":{"title":"La ciudad volver\u00e1 a latir al repiqueteo de la Marcha de los Bombos - Nativa Info","robots":{"index":"index","follow":"follow","max-snippet":"max-snippet:-1","max-image-preview":"max-image-preview:large","max-video-preview":"max-video-preview:-1"},"canonical":"https:\/\/nativainfo.com\/?p=3265","og_locale":"es_ES","og_type":"article","og_title":"La ciudad volver\u00e1 a latir al repiqueteo de la Marcha de los Bombos - Nativa Info","og_description":"Luego de dos a\u00f1os de pausa obligada, el tradicional evento reunir\u00e1 a miles de vecinos y turistas en las columnas... Continue reading","og_url":"https:\/\/nativainfo.com\/?p=3265","og_site_name":"Nativa Info","article_publisher":"https:\/\/www.facebook.com\/profile.php?id=61578881597564","article_published_time":"2022-07-16T05:01:15+00:00","article_modified_time":"2022-07-16T05:02:26+00:00","og_image":[{"url":"http:\/\/nativainfo.com\/wp-content\/uploads\/2022\/07\/imagen_2022-07-16_020105415.png","type":"","width":"","height":""}],"author":"Nativa Info","twitter_card":"summary_large_image","twitter_misc":{"Escrito por":"Nativa Info","Tiempo de lectura":"1 minuto"},"schema":{"@context":"https:\/\/schema.org","@graph":[{"@type":"Article","@id":"https:\/\/nativainfo.com\/?p=3265#article","isPartOf":{"@id":"https:\/\/nativainfo.com\/?p=3265"},"author":{"name":"Nativa Info","@id":"https:\/\/nativainfo.com\/#\/schema\/person\/24893b64a9cd564ddb5d102d36eb4b5c"},"headline":"La ciudad volver\u00e1 a latir al repiqueteo de la Marcha de los Bombos","datePublished":"2022-07-16T05:01:15+00:00","dateModified":"2022-07-16T05:02:26+00:00","mainEntityOfPage":{"@id":"https:\/\/nativainfo.com\/?p=3265"},"wordCount":284,"commentCount":0,"publisher":{"@id":"https:\/\/nativainfo.com\/#organization"},"image":{"@id":"https:\/\/nativainfo.com\/?p=3265#primaryimage"},"thumbnailUrl":"http:\/\/nativainfo.com\/wp-content\/uploads\/2022\/07\/imagen_2022-07-16_020105415.png","articleSection":["Cultura","Santiago del Estero"],"inLanguage":"es-AR","potentialAction":[{"@type":"CommentAction","name":"Comment","target":["https:\/\/nativainfo.com\/?p=3265#respond"]}]},{"@type":"WebPage","@id":"https:\/\/nativainfo.com\/?p=3265","url":"https:\/\/nativainfo.com\/?p=3265","name":"La ciudad volver\u00e1 a latir al repiqueteo de la Marcha de los Bombos - Nativa Info","isPartOf":{"@id":"https:\/\/nativainfo.com\/#website"},"primaryImageOfPage":{"@id":"https:\/\/nativainfo.com\/?p=3265#primaryimage"},"image":{"@id":"https:\/\/nativainfo.com\/?p=3265#primaryimage"},"thumbnailUrl":"http:\/\/nativainfo.com\/wp-content\/uploads\/2022\/07\/imagen_2022-07-16_020105415.png","datePublished":"2022-07-16T05:01:15+00:00","dateModified":"2022-07-16T05:02:26+00:00","breadcrumb":{"@id":"https:\/\/nativainfo.com\/?p=3265#breadcrumb"},"inLanguage":"es-AR","potentialAction":[{"@type":"ReadAction","target":["https:\/\/nativainfo.com\/?p=3265"]}]},{"@type":"ImageObject","inLanguage":"es-AR","@id":"https:\/\/nativainfo.com\/?p=3265#primaryimage","url":"https:\/\/nativainfo.com\/wp-content\/uploads\/2022\/07\/imagen_2022-07-16_020105415.png","contentUrl":"https:\/\/nativainfo.com\/wp-content\/uploads\/2022\/07\/imagen_2022-07-16_020105415.png","width":1010,"height":567},{"@type":"BreadcrumbList","@id":"https:\/\/nativainfo.com\/?p=3265#breadcrumb","itemListElement":[{"@type":"ListItem","position":1,"name":"Inicio","item":"https:\/\/nativainfo.com\/"},{"@type":"ListItem","position":2,"name":"La ciudad volver\u00e1 a latir al repiqueteo de la Marcha de los Bombos"}]},{"@type":"WebSite","@id":"https:\/\/nativainfo.com\/#website","url":"https:\/\/nativainfo.com\/","name":"Nativa Info","description":"Diario Digital","publisher":{"@id":"https:\/\/nativainfo.com\/#organization"},"potentialAction":[{"@type":"SearchAction","target":{"@type":"EntryPoint","urlTemplate":"https:\/\/nativainfo.com\/?s={search_term_string}"},"query-input":{"@type":"PropertyValueSpecification","valueRequired":true,"valueName":"search_term_string"}}],"inLanguage":"es-AR"},{"@type":"Organization","@id":"https:\/\/nativainfo.com\/#organization","name":"Nativa Info","url":"https:\/\/nativainfo.com\/","logo":{"@type":"ImageObject","inLanguage":"es-AR","@id":"https:\/\/nativainfo.com\/#\/schema\/logo\/image\/","url":"https:\/\/nativainfo.com\/wp-content\/uploads\/2025\/08\/LOGO-NATIVA-FACE.jpg","contentUrl":"https:\/\/nativainfo.com\/wp-content\/uploads\/2025\/08\/LOGO-NATIVA-FACE.jpg","width":400,"height":400,"caption":"Nativa Info"},"image":{"@id":"https:\/\/nativainfo.com\/#\/schema\/logo\/image\/"},"sameAs":["https:\/\/www.facebook.com\/profile.php?id=61578881597564"]},{"@type":"Person","@id":"https:\/\/nativainfo.com\/#\/schema\/person\/24893b64a9cd564ddb5d102d36eb4b5c","name":"Nativa Info","image":{"@type":"ImageObject","inLanguage":"es-AR","@id":"https:\/\/nativainfo.com\/#\/schema\/person\/image\/","url":"https:\/\/secure.gravatar.com\/avatar\/016fa1cf068d85136d938e1507b9b619cb766e2565cbb1faa1e571762460c785?s=96&d=mm&r=g","contentUrl":"https:\/\/secure.gravatar.com\/avatar\/016fa1cf068d85136d938e1507b9b619cb766e2565cbb1faa1e571762460c785?s=96&d=mm&r=g","caption":"Nativa Info"},"sameAs":["http:\/\/nativainfo.com"],"url":"https:\/\/nativainfo.com\/?author=1"}]}},"jetpack_publicize_connections":[],"_links":{"self":[{"href":"https:\/\/nativainfo.com\/index.php?rest_route=\/wp\/v2\/posts\/3265","targetHints":{"allow":["GET"]}}],"collection":[{"href":"https:\/\/nativainfo.com\/index.php?rest_route=\/wp\/v2\/posts"}],"about":[{"href":"https:\/\/nativainfo.com\/index.php?rest_route=\/wp\/v2\/types\/post"}],"author":[{"embeddable":true,"href":"https:\/\/nativainfo.com\/index.php?rest_route=\/wp\/v2\/users\/1"}],"replies":[{"embeddable":true,"href":"https:\/\/nativainfo.com\/index.php?rest_route=%2Fwp%2Fv2%2Fcomments&post=3265"}],"version-history":[{"count":2,"href":"https:\/\/nativainfo.com\/index.php?rest_route=\/wp\/v2\/posts\/3265\/revisions"}],"predecessor-version":[{"id":3271,"href":"https:\/\/nativainfo.com\/index.php?rest_route=\/wp\/v2\/posts\/3265\/revisions\/3271"}],"wp:attachment":[{"href":"https:\/\/nativainfo.com\/index.php?rest_route=%2Fwp%2Fv2%2Fmedia&parent=3265"}],"wp:term":[{"taxonomy":"category","embeddable":true,"href":"https:\/\/nativainfo.com\/index.php?rest_route=%2Fwp%2Fv2%2Fcategories&post=3265"},{"taxonomy":"post_tag","embeddable":true,"href":"https:\/\/nativainfo.com\/index.php?rest_route=%2Fwp%2Fv2%2Ftags&post=3265"}],"curies":[{"name":"wp","href":"https:\/\/api.w.org\/{rel}","templated":true}]}}