{"id":3252,"date":"2022-07-13T00:34:10","date_gmt":"2022-07-13T03:34:10","guid":{"rendered":"http:\/\/nativainfo.com\/?p=3252"},"modified":"2022-07-13T00:34:12","modified_gmt":"2022-07-13T03:34:12","slug":"emilia-anuncio-su-primer-movistar-arena","status":"publish","type":"post","link":"https:\/\/nativainfo.com\/?p=3252","title":{"rendered":"Emilia anunci\u00f3 su primer Movistar Arena"},"content":{"rendered":"\n<p>La preventa ser\u00e1 el martes 12 de julio a las 12:00hs para clientes de Lemon Cash<\/p>\n\n\n\n<figure class=\"wp-block-image size-large\"><img fetchpriority=\"high\" decoding=\"async\" width=\"900\" height=\"600\" src=\"http:\/\/nativainfo.com\/wp-content\/uploads\/2022\/07\/imagen_2022-07-13_003358877.png\" alt=\"\" class=\"wp-image-3254\" srcset=\"https:\/\/nativainfo.com\/wp-content\/uploads\/2022\/07\/imagen_2022-07-13_003358877.png 900w, https:\/\/nativainfo.com\/wp-content\/uploads\/2022\/07\/imagen_2022-07-13_003358877-300x200.png 300w, https:\/\/nativainfo.com\/wp-content\/uploads\/2022\/07\/imagen_2022-07-13_003358877-768x512.png 768w, https:\/\/nativainfo.com\/wp-content\/uploads\/2022\/07\/imagen_2022-07-13_003358877-525x350.png 525w, https:\/\/nativainfo.com\/wp-content\/uploads\/2022\/07\/imagen_2022-07-13_003358877-150x100.png 150w\" sizes=\"(max-width: 900px) 100vw, 900px\" \/><\/figure>\n\n\n\n<p>Tan solo un mes despu\u00e9s del lanzamiento de&nbsp;<em>T\u00fa crees en m\u00ed?<\/em>, su primer \u00e1lbum de estudio,&nbsp;<strong>Emilia<\/strong>&nbsp;vuelve a sorprender con el anuncio de su primer show en el&nbsp;<strong>Movistar Arena<\/strong>, el 24 de septiembre, el cual marca el cierre de su exitoso tour por Europa y sus shows promocionales en&nbsp;<strong>Estados Unidos<\/strong>&nbsp;y&nbsp;<strong>M\u00e9xico<\/strong>, que sirvieron de antesala a la ya tan esperada gira de Emilia en el 2023.<\/p>\n\n\n\n<p><strong>La preventa ser\u00e1 el martes 12 de julio a las 12:00hs&nbsp;<\/strong>-para clientes de&nbsp;<strong>Lemon Cash<\/strong>-, y la venta general comenzar\u00e1 el mi\u00e9rcoles 13 de julio a las 12:00hs en&nbsp;<a href=\"https:\/\/movistararena.com.ar\/\">www.movistararena.com.ar<\/a><\/p>\n","protected":false},"excerpt":{"rendered":"<p>La preventa ser\u00e1 el martes 12 de julio a las 12:00hs para clientes de Lemon Cash Tan solo un mes&#8230; <a class=\"continue-reading-link\" href=\"https:\/\/nativainfo.com\/?p=3252\">Continue reading<\/a><\/p>\n","protected":false},"author":1,"featured_media":0,"comment_status":"open","ping_status":"open","sticky":false,"template":"","format":"standard","meta":{"rop_custom_images_group":[],"rop_custom_messages_group":[],"rop_publish_now":"initial","rop_publish_now_accounts":[],"rop_publish_now_history":[],"rop_publish_now_status":"pending","footnotes":"","jetpack_publicize_message":"","jetpack_publicize_feature_enabled":true,"jetpack_social_post_already_shared":false,"jetpack_social_options":{"image_generator_settings":{"template":"highway","default_image_id":0,"font":"","enabled":false},"version":2}},"categories":[7,8],"tags":[],"class_list":["post-3252","post","type-post","status-publish","format-standard","hentry","category-musica","category-noticias"],"yoast_head":"<!-- This site is optimized with the Yoast SEO plugin v25.6 - https:\/\/yoast.com\/wordpress\/plugins\/seo\/ -->\n<title>Emilia anunci\u00f3 su primer Movistar Arena - Nativa Info<\/title>\n<meta name=\"robots\" content=\"index, follow, max-snippet:-1, max-image-preview:large, max-video-preview:-1\" \/>\n<link rel=\"canonical\" href=\"https:\/\/nativainfo.com\/?p=3252\" \/>\n<meta property=\"og:locale\" content=\"es_ES\" \/>\n<meta property=\"og:type\" content=\"article\" \/>\n<meta property=\"og:title\" content=\"Emilia anunci\u00f3 su primer Movistar Arena - Nativa Info\" \/>\n<meta property=\"og:description\" content=\"La preventa ser\u00e1 el martes 12 de julio a las 12:00hs para clientes de Lemon Cash Tan solo un mes... Continue reading\" \/>\n<meta property=\"og:url\" content=\"https:\/\/nativainfo.com\/?p=3252\" \/>\n<meta property=\"og:site_name\" content=\"Nativa Info\" \/>\n<meta property=\"article:publisher\" content=\"https:\/\/www.facebook.com\/profile.php?id=61578881597564\" \/>\n<meta property=\"article:published_time\" content=\"2022-07-13T03:34:10+00:00\" \/>\n<meta property=\"article:modified_time\" content=\"2022-07-13T03:34:12+00:00\" \/>\n<meta property=\"og:image\" content=\"http:\/\/nativainfo.com\/wp-content\/uploads\/2022\/07\/imagen_2022-07-13_003358877.png\" \/>\n<meta name=\"author\" content=\"Nativa Info\" \/>\n<meta name=\"twitter:card\" content=\"summary_large_image\" \/>\n<meta name=\"twitter:label1\" content=\"Escrito por\" \/>\n\t<meta name=\"twitter:data1\" content=\"Nativa Info\" \/>\n\t<meta name=\"twitter:label2\" content=\"Tiempo de lectura\" \/>\n\t<meta name=\"twitter:data2\" content=\"1 minuto\" \/>\n<script type=\"application\/ld+json\" class=\"yoast-schema-graph\">{\"@context\":\"https:\/\/schema.org\",\"@graph\":[{\"@type\":\"Article\",\"@id\":\"https:\/\/nativainfo.com\/?p=3252#article\",\"isPartOf\":{\"@id\":\"https:\/\/nativainfo.com\/?p=3252\"},\"author\":{\"name\":\"Nativa Info\",\"@id\":\"https:\/\/nativainfo.com\/#\/schema\/person\/24893b64a9cd564ddb5d102d36eb4b5c\"},\"headline\":\"Emilia anunci\u00f3 su primer Movistar Arena\",\"datePublished\":\"2022-07-13T03:34:10+00:00\",\"dateModified\":\"2022-07-13T03:34:12+00:00\",\"mainEntityOfPage\":{\"@id\":\"https:\/\/nativainfo.com\/?p=3252\"},\"wordCount\":135,\"commentCount\":0,\"publisher\":{\"@id\":\"https:\/\/nativainfo.com\/#organization\"},\"image\":{\"@id\":\"https:\/\/nativainfo.com\/?p=3252#primaryimage\"},\"thumbnailUrl\":\"http:\/\/nativainfo.com\/wp-content\/uploads\/2022\/07\/imagen_2022-07-13_003358877.png\",\"articleSection\":[\"M\u00fasica\",\"Noticias\"],\"inLanguage\":\"es-AR\",\"potentialAction\":[{\"@type\":\"CommentAction\",\"name\":\"Comment\",\"target\":[\"https:\/\/nativainfo.com\/?p=3252#respond\"]}]},{\"@type\":\"WebPage\",\"@id\":\"https:\/\/nativainfo.com\/?p=3252\",\"url\":\"https:\/\/nativainfo.com\/?p=3252\",\"name\":\"Emilia anunci\u00f3 su primer Movistar Arena - Nativa Info\",\"isPartOf\":{\"@id\":\"https:\/\/nativainfo.com\/#website\"},\"primaryImageOfPage\":{\"@id\":\"https:\/\/nativainfo.com\/?p=3252#primaryimage\"},\"image\":{\"@id\":\"https:\/\/nativainfo.com\/?p=3252#primaryimage\"},\"thumbnailUrl\":\"http:\/\/nativainfo.com\/wp-content\/uploads\/2022\/07\/imagen_2022-07-13_003358877.png\",\"datePublished\":\"2022-07-13T03:34:10+00:00\",\"dateModified\":\"2022-07-13T03:34:12+00:00\",\"breadcrumb\":{\"@id\":\"https:\/\/nativainfo.com\/?p=3252#breadcrumb\"},\"inLanguage\":\"es-AR\",\"potentialAction\":[{\"@type\":\"ReadAction\",\"target\":[\"https:\/\/nativainfo.com\/?p=3252\"]}]},{\"@type\":\"ImageObject\",\"inLanguage\":\"es-AR\",\"@id\":\"https:\/\/nativainfo.com\/?p=3252#primaryimage\",\"url\":\"https:\/\/nativainfo.com\/wp-content\/uploads\/2022\/07\/imagen_2022-07-13_003358877.png\",\"contentUrl\":\"https:\/\/nativainfo.com\/wp-content\/uploads\/2022\/07\/imagen_2022-07-13_003358877.png\",\"width\":900,\"height\":600},{\"@type\":\"BreadcrumbList\",\"@id\":\"https:\/\/nativainfo.com\/?p=3252#breadcrumb\",\"itemListElement\":[{\"@type\":\"ListItem\",\"position\":1,\"name\":\"Inicio\",\"item\":\"https:\/\/nativainfo.com\/\"},{\"@type\":\"ListItem\",\"position\":2,\"name\":\"Emilia anunci\u00f3 su primer Movistar Arena\"}]},{\"@type\":\"WebSite\",\"@id\":\"https:\/\/nativainfo.com\/#website\",\"url\":\"https:\/\/nativainfo.com\/\",\"name\":\"Nativa Info\",\"description\":\"Diario Digital\",\"publisher\":{\"@id\":\"https:\/\/nativainfo.com\/#organization\"},\"potentialAction\":[{\"@type\":\"SearchAction\",\"target\":{\"@type\":\"EntryPoint\",\"urlTemplate\":\"https:\/\/nativainfo.com\/?s={search_term_string}\"},\"query-input\":{\"@type\":\"PropertyValueSpecification\",\"valueRequired\":true,\"valueName\":\"search_term_string\"}}],\"inLanguage\":\"es-AR\"},{\"@type\":\"Organization\",\"@id\":\"https:\/\/nativainfo.com\/#organization\",\"name\":\"Nativa Info\",\"url\":\"https:\/\/nativainfo.com\/\",\"logo\":{\"@type\":\"ImageObject\",\"inLanguage\":\"es-AR\",\"@id\":\"https:\/\/nativainfo.com\/#\/schema\/logo\/image\/\",\"url\":\"https:\/\/nativainfo.com\/wp-content\/uploads\/2025\/08\/LOGO-NATIVA-FACE.jpg\",\"contentUrl\":\"https:\/\/nativainfo.com\/wp-content\/uploads\/2025\/08\/LOGO-NATIVA-FACE.jpg\",\"width\":400,\"height\":400,\"caption\":\"Nativa Info\"},\"image\":{\"@id\":\"https:\/\/nativainfo.com\/#\/schema\/logo\/image\/\"},\"sameAs\":[\"https:\/\/www.facebook.com\/profile.php?id=61578881597564\"]},{\"@type\":\"Person\",\"@id\":\"https:\/\/nativainfo.com\/#\/schema\/person\/24893b64a9cd564ddb5d102d36eb4b5c\",\"name\":\"Nativa Info\",\"image\":{\"@type\":\"ImageObject\",\"inLanguage\":\"es-AR\",\"@id\":\"https:\/\/nativainfo.com\/#\/schema\/person\/image\/\",\"url\":\"https:\/\/secure.gravatar.com\/avatar\/016fa1cf068d85136d938e1507b9b619cb766e2565cbb1faa1e571762460c785?s=96&d=mm&r=g\",\"contentUrl\":\"https:\/\/secure.gravatar.com\/avatar\/016fa1cf068d85136d938e1507b9b619cb766e2565cbb1faa1e571762460c785?s=96&d=mm&r=g\",\"caption\":\"Nativa Info\"},\"sameAs\":[\"http:\/\/nativainfo.com\"],\"url\":\"https:\/\/nativainfo.com\/?author=1\"}]}<\/script>\n<!-- \/ Yoast SEO plugin. -->","yoast_head_json":{"title":"Emilia anunci\u00f3 su primer Movistar Arena - Nativa Info","robots":{"index":"index","follow":"follow","max-snippet":"max-snippet:-1","max-image-preview":"max-image-preview:large","max-video-preview":"max-video-preview:-1"},"canonical":"https:\/\/nativainfo.com\/?p=3252","og_locale":"es_ES","og_type":"article","og_title":"Emilia anunci\u00f3 su primer Movistar Arena - Nativa Info","og_description":"La preventa ser\u00e1 el martes 12 de julio a las 12:00hs para clientes de Lemon Cash Tan solo un mes... Continue reading","og_url":"https:\/\/nativainfo.com\/?p=3252","og_site_name":"Nativa Info","article_publisher":"https:\/\/www.facebook.com\/profile.php?id=61578881597564","article_published_time":"2022-07-13T03:34:10+00:00","article_modified_time":"2022-07-13T03:34:12+00:00","og_image":[{"url":"http:\/\/nativainfo.com\/wp-content\/uploads\/2022\/07\/imagen_2022-07-13_003358877.png","type":"","width":"","height":""}],"author":"Nativa Info","twitter_card":"summary_large_image","twitter_misc":{"Escrito por":"Nativa Info","Tiempo de lectura":"1 minuto"},"schema":{"@context":"https:\/\/schema.org","@graph":[{"@type":"Article","@id":"https:\/\/nativainfo.com\/?p=3252#article","isPartOf":{"@id":"https:\/\/nativainfo.com\/?p=3252"},"author":{"name":"Nativa Info","@id":"https:\/\/nativainfo.com\/#\/schema\/person\/24893b64a9cd564ddb5d102d36eb4b5c"},"headline":"Emilia anunci\u00f3 su primer Movistar Arena","datePublished":"2022-07-13T03:34:10+00:00","dateModified":"2022-07-13T03:34:12+00:00","mainEntityOfPage":{"@id":"https:\/\/nativainfo.com\/?p=3252"},"wordCount":135,"commentCount":0,"publisher":{"@id":"https:\/\/nativainfo.com\/#organization"},"image":{"@id":"https:\/\/nativainfo.com\/?p=3252#primaryimage"},"thumbnailUrl":"http:\/\/nativainfo.com\/wp-content\/uploads\/2022\/07\/imagen_2022-07-13_003358877.png","articleSection":["M\u00fasica","Noticias"],"inLanguage":"es-AR","potentialAction":[{"@type":"CommentAction","name":"Comment","target":["https:\/\/nativainfo.com\/?p=3252#respond"]}]},{"@type":"WebPage","@id":"https:\/\/nativainfo.com\/?p=3252","url":"https:\/\/nativainfo.com\/?p=3252","name":"Emilia anunci\u00f3 su primer Movistar Arena - Nativa Info","isPartOf":{"@id":"https:\/\/nativainfo.com\/#website"},"primaryImageOfPage":{"@id":"https:\/\/nativainfo.com\/?p=3252#primaryimage"},"image":{"@id":"https:\/\/nativainfo.com\/?p=3252#primaryimage"},"thumbnailUrl":"http:\/\/nativainfo.com\/wp-content\/uploads\/2022\/07\/imagen_2022-07-13_003358877.png","datePublished":"2022-07-13T03:34:10+00:00","dateModified":"2022-07-13T03:34:12+00:00","breadcrumb":{"@id":"https:\/\/nativainfo.com\/?p=3252#breadcrumb"},"inLanguage":"es-AR","potentialAction":[{"@type":"ReadAction","target":["https:\/\/nativainfo.com\/?p=3252"]}]},{"@type":"ImageObject","inLanguage":"es-AR","@id":"https:\/\/nativainfo.com\/?p=3252#primaryimage","url":"https:\/\/nativainfo.com\/wp-content\/uploads\/2022\/07\/imagen_2022-07-13_003358877.png","contentUrl":"https:\/\/nativainfo.com\/wp-content\/uploads\/2022\/07\/imagen_2022-07-13_003358877.png","width":900,"height":600},{"@type":"BreadcrumbList","@id":"https:\/\/nativainfo.com\/?p=3252#breadcrumb","itemListElement":[{"@type":"ListItem","position":1,"name":"Inicio","item":"https:\/\/nativainfo.com\/"},{"@type":"ListItem","position":2,"name":"Emilia anunci\u00f3 su primer Movistar Arena"}]},{"@type":"WebSite","@id":"https:\/\/nativainfo.com\/#website","url":"https:\/\/nativainfo.com\/","name":"Nativa Info","description":"Diario Digital","publisher":{"@id":"https:\/\/nativainfo.com\/#organization"},"potentialAction":[{"@type":"SearchAction","target":{"@type":"EntryPoint","urlTemplate":"https:\/\/nativainfo.com\/?s={search_term_string}"},"query-input":{"@type":"PropertyValueSpecification","valueRequired":true,"valueName":"search_term_string"}}],"inLanguage":"es-AR"},{"@type":"Organization","@id":"https:\/\/nativainfo.com\/#organization","name":"Nativa Info","url":"https:\/\/nativainfo.com\/","logo":{"@type":"ImageObject","inLanguage":"es-AR","@id":"https:\/\/nativainfo.com\/#\/schema\/logo\/image\/","url":"https:\/\/nativainfo.com\/wp-content\/uploads\/2025\/08\/LOGO-NATIVA-FACE.jpg","contentUrl":"https:\/\/nativainfo.com\/wp-content\/uploads\/2025\/08\/LOGO-NATIVA-FACE.jpg","width":400,"height":400,"caption":"Nativa Info"},"image":{"@id":"https:\/\/nativainfo.com\/#\/schema\/logo\/image\/"},"sameAs":["https:\/\/www.facebook.com\/profile.php?id=61578881597564"]},{"@type":"Person","@id":"https:\/\/nativainfo.com\/#\/schema\/person\/24893b64a9cd564ddb5d102d36eb4b5c","name":"Nativa Info","image":{"@type":"ImageObject","inLanguage":"es-AR","@id":"https:\/\/nativainfo.com\/#\/schema\/person\/image\/","url":"https:\/\/secure.gravatar.com\/avatar\/016fa1cf068d85136d938e1507b9b619cb766e2565cbb1faa1e571762460c785?s=96&d=mm&r=g","contentUrl":"https:\/\/secure.gravatar.com\/avatar\/016fa1cf068d85136d938e1507b9b619cb766e2565cbb1faa1e571762460c785?s=96&d=mm&r=g","caption":"Nativa Info"},"sameAs":["http:\/\/nativainfo.com"],"url":"https:\/\/nativainfo.com\/?author=1"}]}},"jetpack_publicize_connections":[],"_links":{"self":[{"href":"https:\/\/nativainfo.com\/index.php?rest_route=\/wp\/v2\/posts\/3252","targetHints":{"allow":["GET"]}}],"collection":[{"href":"https:\/\/nativainfo.com\/index.php?rest_route=\/wp\/v2\/posts"}],"about":[{"href":"https:\/\/nativainfo.com\/index.php?rest_route=\/wp\/v2\/types\/post"}],"author":[{"embeddable":true,"href":"https:\/\/nativainfo.com\/index.php?rest_route=\/wp\/v2\/users\/1"}],"replies":[{"embeddable":true,"href":"https:\/\/nativainfo.com\/index.php?rest_route=%2Fwp%2Fv2%2Fcomments&post=3252"}],"version-history":[{"count":1,"href":"https:\/\/nativainfo.com\/index.php?rest_route=\/wp\/v2\/posts\/3252\/revisions"}],"predecessor-version":[{"id":3255,"href":"https:\/\/nativainfo.com\/index.php?rest_route=\/wp\/v2\/posts\/3252\/revisions\/3255"}],"wp:attachment":[{"href":"https:\/\/nativainfo.com\/index.php?rest_route=%2Fwp%2Fv2%2Fmedia&parent=3252"}],"wp:term":[{"taxonomy":"category","embeddable":true,"href":"https:\/\/nativainfo.com\/index.php?rest_route=%2Fwp%2Fv2%2Fcategories&post=3252"},{"taxonomy":"post_tag","embeddable":true,"href":"https:\/\/nativainfo.com\/index.php?rest_route=%2Fwp%2Fv2%2Ftags&post=3252"}],"curies":[{"name":"wp","href":"https:\/\/api.w.org\/{rel}","templated":true}]}}