{"id":3245,"date":"2022-07-11T09:16:02","date_gmt":"2022-07-11T12:16:02","guid":{"rendered":"http:\/\/nativainfo.com\/?p=3245"},"modified":"2022-07-11T09:16:04","modified_gmt":"2022-07-11T12:16:04","slug":"mercedes-sosa-argentina-y-el-mundo-atraviesa-otro-aniversario-de-su-nacimiento","status":"publish","type":"post","link":"https:\/\/nativainfo.com\/?p=3245","title":{"rendered":"Mercedes Sosa: Argentina y el mundo atraviesa otro aniversario de su nacimiento"},"content":{"rendered":"\n<p>El 9 de julio de 1935 naci\u00f3 la voz folkl\u00f3rica argentina, descubierta el 31 de enero de 1965 en el Festival Nacional de Folklore de Cosqu\u00edn<\/p>\n\n\n\n<figure class=\"wp-block-image size-large\"><img fetchpriority=\"high\" decoding=\"async\" width=\"805\" height=\"600\" src=\"http:\/\/nativainfo.com\/wp-content\/uploads\/2022\/07\/imagen_2022-07-11_091555552.png\" alt=\"\" class=\"wp-image-3250\" srcset=\"https:\/\/nativainfo.com\/wp-content\/uploads\/2022\/07\/imagen_2022-07-11_091555552.png 805w, https:\/\/nativainfo.com\/wp-content\/uploads\/2022\/07\/imagen_2022-07-11_091555552-300x224.png 300w, https:\/\/nativainfo.com\/wp-content\/uploads\/2022\/07\/imagen_2022-07-11_091555552-768x572.png 768w, https:\/\/nativainfo.com\/wp-content\/uploads\/2022\/07\/imagen_2022-07-11_091555552-470x350.png 470w, https:\/\/nativainfo.com\/wp-content\/uploads\/2022\/07\/imagen_2022-07-11_091555552-150x112.png 150w\" sizes=\"(max-width: 805px) 100vw, 805px\" \/><\/figure>\n\n\n\n<p>A 87 a\u00f1os del nacimiento de&nbsp;<strong>Mercedes Sosa<\/strong>, el pueblo recuerda a la voz de los sin voz. Ella se defin\u00eda como: \u201cCantora antes que cantante, porque cantante es el que puede cantar, y cantor el que debe hacerlo\u201d. De una manera, u de otra, en su aniversario celebramos a la voz del folklore argentino; a la voz de&nbsp;<strong>Latinoam\u00e9rica<\/strong>&nbsp;que reson\u00f3 a nivel global.<\/p>\n\n\n\n<p>Con casi 30 a\u00f1os de vida, el 31 de enero de 1965 Mercedes naci\u00f3 como la gran artista que hoy recordamos. De la mano de&nbsp;<strong>Jorge Cafrune<\/strong>, en el&nbsp;<strong>Festival Nacional<\/strong>&nbsp;de<strong>&nbsp;Folklore<\/strong>&nbsp;de<strong>&nbsp;Cosqu\u00edn<\/strong>,&nbsp;<strong>Argentina<\/strong>&nbsp;descubri\u00f3 la voz folkl\u00f3rica que iba a representar a la m\u00fasica latinoamericana en el mundo entero.<\/p>\n\n\n\n<p>La Embajadora de Buena Voluntad, se dedic\u00f3 a colmar teatros durante toda su vida. Actualmente, su voz sigue m\u00e1s presente que nunca con los discos que nunca parar\u00e1n de sonar. Adem\u00e1s, de Sosa est\u00e1 presente en cada sabia frase que alguna dijo: \u201cCon miedo no se puede cantar. Vos viv\u00eds el momento m\u00e1s glorioso de tu vida cuando cant\u00e1s; para un artista no hay instante m\u00e1s elevado, m\u00e1s sublime. Todo lo que canto es verdad, todo lo que vivo es verdad. So\u00f1\u00e1bamos, pero nunca imagin\u00e9 que la vida me iba a llevar tan lejos\u201d. \u2013&nbsp;<strong>Mercedes Sosa<\/strong>.<\/p>\n","protected":false},"excerpt":{"rendered":"<p>El 9 de julio de 1935 naci\u00f3 la voz folkl\u00f3rica argentina, descubierta el 31 de enero de 1965 en el&#8230; <a class=\"continue-reading-link\" href=\"https:\/\/nativainfo.com\/?p=3245\">Continue reading<\/a><\/p>\n","protected":false},"author":1,"featured_media":0,"comment_status":"open","ping_status":"open","sticky":false,"template":"","format":"standard","meta":{"rop_custom_images_group":[],"rop_custom_messages_group":[],"rop_publish_now":"initial","rop_publish_now_accounts":[],"rop_publish_now_history":[],"rop_publish_now_status":"pending","footnotes":"","jetpack_publicize_message":"","jetpack_publicize_feature_enabled":true,"jetpack_social_post_already_shared":false,"jetpack_social_options":{"image_generator_settings":{"template":"highway","default_image_id":0,"font":"","enabled":false},"version":2}},"categories":[7],"tags":[],"class_list":["post-3245","post","type-post","status-publish","format-standard","hentry","category-musica"],"yoast_head":"<!-- This site is optimized with the Yoast SEO plugin v25.6 - https:\/\/yoast.com\/wordpress\/plugins\/seo\/ -->\n<title>Mercedes Sosa: Argentina y el mundo atraviesa otro aniversario de su nacimiento - Nativa Info<\/title>\n<meta name=\"robots\" content=\"index, follow, max-snippet:-1, max-image-preview:large, max-video-preview:-1\" \/>\n<link rel=\"canonical\" href=\"https:\/\/nativainfo.com\/?p=3245\" \/>\n<meta property=\"og:locale\" content=\"es_ES\" \/>\n<meta property=\"og:type\" content=\"article\" \/>\n<meta property=\"og:title\" content=\"Mercedes Sosa: Argentina y el mundo atraviesa otro aniversario de su nacimiento - Nativa Info\" \/>\n<meta property=\"og:description\" content=\"El 9 de julio de 1935 naci\u00f3 la voz folkl\u00f3rica argentina, descubierta el 31 de enero de 1965 en el... Continue reading\" \/>\n<meta property=\"og:url\" content=\"https:\/\/nativainfo.com\/?p=3245\" \/>\n<meta property=\"og:site_name\" content=\"Nativa Info\" \/>\n<meta property=\"article:publisher\" content=\"https:\/\/www.facebook.com\/profile.php?id=61578881597564\" \/>\n<meta property=\"article:published_time\" content=\"2022-07-11T12:16:02+00:00\" \/>\n<meta property=\"article:modified_time\" content=\"2022-07-11T12:16:04+00:00\" \/>\n<meta property=\"og:image\" content=\"http:\/\/nativainfo.com\/wp-content\/uploads\/2022\/07\/imagen_2022-07-11_091555552.png\" \/>\n<meta name=\"author\" content=\"Nativa Info\" \/>\n<meta name=\"twitter:card\" content=\"summary_large_image\" \/>\n<meta name=\"twitter:label1\" content=\"Escrito por\" \/>\n\t<meta name=\"twitter:data1\" content=\"Nativa Info\" \/>\n\t<meta name=\"twitter:label2\" content=\"Tiempo de lectura\" \/>\n\t<meta name=\"twitter:data2\" content=\"1 minuto\" \/>\n<script type=\"application\/ld+json\" class=\"yoast-schema-graph\">{\"@context\":\"https:\/\/schema.org\",\"@graph\":[{\"@type\":\"Article\",\"@id\":\"https:\/\/nativainfo.com\/?p=3245#article\",\"isPartOf\":{\"@id\":\"https:\/\/nativainfo.com\/?p=3245\"},\"author\":{\"name\":\"Nativa Info\",\"@id\":\"https:\/\/nativainfo.com\/#\/schema\/person\/24893b64a9cd564ddb5d102d36eb4b5c\"},\"headline\":\"Mercedes Sosa: Argentina y el mundo atraviesa otro aniversario de su nacimiento\",\"datePublished\":\"2022-07-11T12:16:02+00:00\",\"dateModified\":\"2022-07-11T12:16:04+00:00\",\"mainEntityOfPage\":{\"@id\":\"https:\/\/nativainfo.com\/?p=3245\"},\"wordCount\":273,\"commentCount\":0,\"publisher\":{\"@id\":\"https:\/\/nativainfo.com\/#organization\"},\"image\":{\"@id\":\"https:\/\/nativainfo.com\/?p=3245#primaryimage\"},\"thumbnailUrl\":\"http:\/\/nativainfo.com\/wp-content\/uploads\/2022\/07\/imagen_2022-07-11_091555552.png\",\"articleSection\":[\"M\u00fasica\"],\"inLanguage\":\"es-AR\",\"potentialAction\":[{\"@type\":\"CommentAction\",\"name\":\"Comment\",\"target\":[\"https:\/\/nativainfo.com\/?p=3245#respond\"]}]},{\"@type\":\"WebPage\",\"@id\":\"https:\/\/nativainfo.com\/?p=3245\",\"url\":\"https:\/\/nativainfo.com\/?p=3245\",\"name\":\"Mercedes Sosa: Argentina y el mundo atraviesa otro aniversario de su nacimiento - Nativa Info\",\"isPartOf\":{\"@id\":\"https:\/\/nativainfo.com\/#website\"},\"primaryImageOfPage\":{\"@id\":\"https:\/\/nativainfo.com\/?p=3245#primaryimage\"},\"image\":{\"@id\":\"https:\/\/nativainfo.com\/?p=3245#primaryimage\"},\"thumbnailUrl\":\"http:\/\/nativainfo.com\/wp-content\/uploads\/2022\/07\/imagen_2022-07-11_091555552.png\",\"datePublished\":\"2022-07-11T12:16:02+00:00\",\"dateModified\":\"2022-07-11T12:16:04+00:00\",\"breadcrumb\":{\"@id\":\"https:\/\/nativainfo.com\/?p=3245#breadcrumb\"},\"inLanguage\":\"es-AR\",\"potentialAction\":[{\"@type\":\"ReadAction\",\"target\":[\"https:\/\/nativainfo.com\/?p=3245\"]}]},{\"@type\":\"ImageObject\",\"inLanguage\":\"es-AR\",\"@id\":\"https:\/\/nativainfo.com\/?p=3245#primaryimage\",\"url\":\"https:\/\/nativainfo.com\/wp-content\/uploads\/2022\/07\/imagen_2022-07-11_091555552.png\",\"contentUrl\":\"https:\/\/nativainfo.com\/wp-content\/uploads\/2022\/07\/imagen_2022-07-11_091555552.png\",\"width\":805,\"height\":600},{\"@type\":\"BreadcrumbList\",\"@id\":\"https:\/\/nativainfo.com\/?p=3245#breadcrumb\",\"itemListElement\":[{\"@type\":\"ListItem\",\"position\":1,\"name\":\"Inicio\",\"item\":\"https:\/\/nativainfo.com\/\"},{\"@type\":\"ListItem\",\"position\":2,\"name\":\"Mercedes Sosa: Argentina y el mundo atraviesa otro aniversario de su nacimiento\"}]},{\"@type\":\"WebSite\",\"@id\":\"https:\/\/nativainfo.com\/#website\",\"url\":\"https:\/\/nativainfo.com\/\",\"name\":\"Nativa Info\",\"description\":\"Diario Digital\",\"publisher\":{\"@id\":\"https:\/\/nativainfo.com\/#organization\"},\"potentialAction\":[{\"@type\":\"SearchAction\",\"target\":{\"@type\":\"EntryPoint\",\"urlTemplate\":\"https:\/\/nativainfo.com\/?s={search_term_string}\"},\"query-input\":{\"@type\":\"PropertyValueSpecification\",\"valueRequired\":true,\"valueName\":\"search_term_string\"}}],\"inLanguage\":\"es-AR\"},{\"@type\":\"Organization\",\"@id\":\"https:\/\/nativainfo.com\/#organization\",\"name\":\"Nativa Info\",\"url\":\"https:\/\/nativainfo.com\/\",\"logo\":{\"@type\":\"ImageObject\",\"inLanguage\":\"es-AR\",\"@id\":\"https:\/\/nativainfo.com\/#\/schema\/logo\/image\/\",\"url\":\"https:\/\/nativainfo.com\/wp-content\/uploads\/2025\/08\/LOGO-NATIVA-FACE.jpg\",\"contentUrl\":\"https:\/\/nativainfo.com\/wp-content\/uploads\/2025\/08\/LOGO-NATIVA-FACE.jpg\",\"width\":400,\"height\":400,\"caption\":\"Nativa Info\"},\"image\":{\"@id\":\"https:\/\/nativainfo.com\/#\/schema\/logo\/image\/\"},\"sameAs\":[\"https:\/\/www.facebook.com\/profile.php?id=61578881597564\"]},{\"@type\":\"Person\",\"@id\":\"https:\/\/nativainfo.com\/#\/schema\/person\/24893b64a9cd564ddb5d102d36eb4b5c\",\"name\":\"Nativa Info\",\"image\":{\"@type\":\"ImageObject\",\"inLanguage\":\"es-AR\",\"@id\":\"https:\/\/nativainfo.com\/#\/schema\/person\/image\/\",\"url\":\"https:\/\/secure.gravatar.com\/avatar\/016fa1cf068d85136d938e1507b9b619cb766e2565cbb1faa1e571762460c785?s=96&d=mm&r=g\",\"contentUrl\":\"https:\/\/secure.gravatar.com\/avatar\/016fa1cf068d85136d938e1507b9b619cb766e2565cbb1faa1e571762460c785?s=96&d=mm&r=g\",\"caption\":\"Nativa Info\"},\"sameAs\":[\"http:\/\/nativainfo.com\"],\"url\":\"https:\/\/nativainfo.com\/?author=1\"}]}<\/script>\n<!-- \/ Yoast SEO plugin. -->","yoast_head_json":{"title":"Mercedes Sosa: Argentina y el mundo atraviesa otro aniversario de su nacimiento - Nativa Info","robots":{"index":"index","follow":"follow","max-snippet":"max-snippet:-1","max-image-preview":"max-image-preview:large","max-video-preview":"max-video-preview:-1"},"canonical":"https:\/\/nativainfo.com\/?p=3245","og_locale":"es_ES","og_type":"article","og_title":"Mercedes Sosa: Argentina y el mundo atraviesa otro aniversario de su nacimiento - Nativa Info","og_description":"El 9 de julio de 1935 naci\u00f3 la voz folkl\u00f3rica argentina, descubierta el 31 de enero de 1965 en el... Continue reading","og_url":"https:\/\/nativainfo.com\/?p=3245","og_site_name":"Nativa Info","article_publisher":"https:\/\/www.facebook.com\/profile.php?id=61578881597564","article_published_time":"2022-07-11T12:16:02+00:00","article_modified_time":"2022-07-11T12:16:04+00:00","og_image":[{"url":"http:\/\/nativainfo.com\/wp-content\/uploads\/2022\/07\/imagen_2022-07-11_091555552.png","type":"","width":"","height":""}],"author":"Nativa Info","twitter_card":"summary_large_image","twitter_misc":{"Escrito por":"Nativa Info","Tiempo de lectura":"1 minuto"},"schema":{"@context":"https:\/\/schema.org","@graph":[{"@type":"Article","@id":"https:\/\/nativainfo.com\/?p=3245#article","isPartOf":{"@id":"https:\/\/nativainfo.com\/?p=3245"},"author":{"name":"Nativa Info","@id":"https:\/\/nativainfo.com\/#\/schema\/person\/24893b64a9cd564ddb5d102d36eb4b5c"},"headline":"Mercedes Sosa: Argentina y el mundo atraviesa otro aniversario de su nacimiento","datePublished":"2022-07-11T12:16:02+00:00","dateModified":"2022-07-11T12:16:04+00:00","mainEntityOfPage":{"@id":"https:\/\/nativainfo.com\/?p=3245"},"wordCount":273,"commentCount":0,"publisher":{"@id":"https:\/\/nativainfo.com\/#organization"},"image":{"@id":"https:\/\/nativainfo.com\/?p=3245#primaryimage"},"thumbnailUrl":"http:\/\/nativainfo.com\/wp-content\/uploads\/2022\/07\/imagen_2022-07-11_091555552.png","articleSection":["M\u00fasica"],"inLanguage":"es-AR","potentialAction":[{"@type":"CommentAction","name":"Comment","target":["https:\/\/nativainfo.com\/?p=3245#respond"]}]},{"@type":"WebPage","@id":"https:\/\/nativainfo.com\/?p=3245","url":"https:\/\/nativainfo.com\/?p=3245","name":"Mercedes Sosa: Argentina y el mundo atraviesa otro aniversario de su nacimiento - Nativa Info","isPartOf":{"@id":"https:\/\/nativainfo.com\/#website"},"primaryImageOfPage":{"@id":"https:\/\/nativainfo.com\/?p=3245#primaryimage"},"image":{"@id":"https:\/\/nativainfo.com\/?p=3245#primaryimage"},"thumbnailUrl":"http:\/\/nativainfo.com\/wp-content\/uploads\/2022\/07\/imagen_2022-07-11_091555552.png","datePublished":"2022-07-11T12:16:02+00:00","dateModified":"2022-07-11T12:16:04+00:00","breadcrumb":{"@id":"https:\/\/nativainfo.com\/?p=3245#breadcrumb"},"inLanguage":"es-AR","potentialAction":[{"@type":"ReadAction","target":["https:\/\/nativainfo.com\/?p=3245"]}]},{"@type":"ImageObject","inLanguage":"es-AR","@id":"https:\/\/nativainfo.com\/?p=3245#primaryimage","url":"https:\/\/nativainfo.com\/wp-content\/uploads\/2022\/07\/imagen_2022-07-11_091555552.png","contentUrl":"https:\/\/nativainfo.com\/wp-content\/uploads\/2022\/07\/imagen_2022-07-11_091555552.png","width":805,"height":600},{"@type":"BreadcrumbList","@id":"https:\/\/nativainfo.com\/?p=3245#breadcrumb","itemListElement":[{"@type":"ListItem","position":1,"name":"Inicio","item":"https:\/\/nativainfo.com\/"},{"@type":"ListItem","position":2,"name":"Mercedes Sosa: Argentina y el mundo atraviesa otro aniversario de su nacimiento"}]},{"@type":"WebSite","@id":"https:\/\/nativainfo.com\/#website","url":"https:\/\/nativainfo.com\/","name":"Nativa Info","description":"Diario Digital","publisher":{"@id":"https:\/\/nativainfo.com\/#organization"},"potentialAction":[{"@type":"SearchAction","target":{"@type":"EntryPoint","urlTemplate":"https:\/\/nativainfo.com\/?s={search_term_string}"},"query-input":{"@type":"PropertyValueSpecification","valueRequired":true,"valueName":"search_term_string"}}],"inLanguage":"es-AR"},{"@type":"Organization","@id":"https:\/\/nativainfo.com\/#organization","name":"Nativa Info","url":"https:\/\/nativainfo.com\/","logo":{"@type":"ImageObject","inLanguage":"es-AR","@id":"https:\/\/nativainfo.com\/#\/schema\/logo\/image\/","url":"https:\/\/nativainfo.com\/wp-content\/uploads\/2025\/08\/LOGO-NATIVA-FACE.jpg","contentUrl":"https:\/\/nativainfo.com\/wp-content\/uploads\/2025\/08\/LOGO-NATIVA-FACE.jpg","width":400,"height":400,"caption":"Nativa Info"},"image":{"@id":"https:\/\/nativainfo.com\/#\/schema\/logo\/image\/"},"sameAs":["https:\/\/www.facebook.com\/profile.php?id=61578881597564"]},{"@type":"Person","@id":"https:\/\/nativainfo.com\/#\/schema\/person\/24893b64a9cd564ddb5d102d36eb4b5c","name":"Nativa Info","image":{"@type":"ImageObject","inLanguage":"es-AR","@id":"https:\/\/nativainfo.com\/#\/schema\/person\/image\/","url":"https:\/\/secure.gravatar.com\/avatar\/016fa1cf068d85136d938e1507b9b619cb766e2565cbb1faa1e571762460c785?s=96&d=mm&r=g","contentUrl":"https:\/\/secure.gravatar.com\/avatar\/016fa1cf068d85136d938e1507b9b619cb766e2565cbb1faa1e571762460c785?s=96&d=mm&r=g","caption":"Nativa Info"},"sameAs":["http:\/\/nativainfo.com"],"url":"https:\/\/nativainfo.com\/?author=1"}]}},"jetpack_publicize_connections":[],"_links":{"self":[{"href":"https:\/\/nativainfo.com\/index.php?rest_route=\/wp\/v2\/posts\/3245","targetHints":{"allow":["GET"]}}],"collection":[{"href":"https:\/\/nativainfo.com\/index.php?rest_route=\/wp\/v2\/posts"}],"about":[{"href":"https:\/\/nativainfo.com\/index.php?rest_route=\/wp\/v2\/types\/post"}],"author":[{"embeddable":true,"href":"https:\/\/nativainfo.com\/index.php?rest_route=\/wp\/v2\/users\/1"}],"replies":[{"embeddable":true,"href":"https:\/\/nativainfo.com\/index.php?rest_route=%2Fwp%2Fv2%2Fcomments&post=3245"}],"version-history":[{"count":1,"href":"https:\/\/nativainfo.com\/index.php?rest_route=\/wp\/v2\/posts\/3245\/revisions"}],"predecessor-version":[{"id":3251,"href":"https:\/\/nativainfo.com\/index.php?rest_route=\/wp\/v2\/posts\/3245\/revisions\/3251"}],"wp:attachment":[{"href":"https:\/\/nativainfo.com\/index.php?rest_route=%2Fwp%2Fv2%2Fmedia&parent=3245"}],"wp:term":[{"taxonomy":"category","embeddable":true,"href":"https:\/\/nativainfo.com\/index.php?rest_route=%2Fwp%2Fv2%2Fcategories&post=3245"},{"taxonomy":"post_tag","embeddable":true,"href":"https:\/\/nativainfo.com\/index.php?rest_route=%2Fwp%2Fv2%2Ftags&post=3245"}],"curies":[{"name":"wp","href":"https:\/\/api.w.org\/{rel}","templated":true}]}}