{"id":3216,"date":"2022-07-05T00:35:08","date_gmt":"2022-07-05T03:35:08","guid":{"rendered":"http:\/\/nativainfo.com\/?p=3216"},"modified":"2022-07-05T00:35:10","modified_gmt":"2022-07-05T03:35:10","slug":"nicolas-leguizamon-llega-a-central-cordoba-para-reforzar-el-ataque","status":"publish","type":"post","link":"https:\/\/nativainfo.com\/?p=3216","title":{"rendered":"Nicol\u00e1s Leguizam\u00f3n llega a Central C\u00f3rdoba para reforzar el ataque"},"content":{"rendered":"\n<p><strong>El delantero rescindi\u00f3 su v\u00ednculo con Col\u00f3n para sumarse al plantel ferroviario en la Liga Profesional.<\/strong><\/p>\n\n\n\n<figure class=\"wp-block-image size-large\"><img fetchpriority=\"high\" decoding=\"async\" width=\"1010\" height=\"567\" src=\"http:\/\/nativainfo.com\/wp-content\/uploads\/2022\/07\/imagen_2022-07-05_003456612.png\" alt=\"\" class=\"wp-image-3218\" srcset=\"https:\/\/nativainfo.com\/wp-content\/uploads\/2022\/07\/imagen_2022-07-05_003456612.png 1010w, https:\/\/nativainfo.com\/wp-content\/uploads\/2022\/07\/imagen_2022-07-05_003456612-300x168.png 300w, https:\/\/nativainfo.com\/wp-content\/uploads\/2022\/07\/imagen_2022-07-05_003456612-768x431.png 768w, https:\/\/nativainfo.com\/wp-content\/uploads\/2022\/07\/imagen_2022-07-05_003456612-623x350.png 623w, https:\/\/nativainfo.com\/wp-content\/uploads\/2022\/07\/imagen_2022-07-05_003456612-150x84.png 150w\" sizes=\"(max-width: 1010px) 100vw, 1010px\" \/><\/figure>\n\n\n\n<p>En medio de la salida de&nbsp;<strong>Sergio Rondina<\/strong>,&nbsp;<strong>Central C\u00f3rdoba<\/strong>&nbsp;concret\u00f3 la llegada de un delantero para reforzar la zona m\u00e1s afectada por las lesiones en el equipo: se trata de&nbsp;<strong>Nicol\u00e1s Leguizam\u00f3n<\/strong>.<\/p>\n\n\n\n<p>El joven futbolista de 27 a\u00f1os rescindi\u00f3 su contrato con&nbsp;<strong>Col\u00f3n de Santa Fe<\/strong>&nbsp;y emprendi\u00f3 viaje a Santiago del Estero para poder rubricar su v\u00ednculo con el Ferroviario por los pr\u00f3ximos 18 meses.<\/p>\n\n\n\n<p>Leguizam\u00f3n, surgido en las inferiores de Col\u00f3n, debut\u00f3 en Primera en 2016, luego tuvo un paso por&nbsp;<strong>Defensa y Justicia<\/strong>&nbsp;en la temporada 2020 para luego regresar al conjunto Sabalero.<\/p>\n\n\n\n<p>El futbolista ya est\u00e1 en Santiago del Estero; este martes se realizar\u00e1 los ex\u00e1menes m\u00e9dicos y, si todo est\u00e1 bien, firmar\u00e1 un contrato que lo vincular\u00e1 con el Ferroviario hasta diciembre de 2023.<\/p>\n","protected":false},"excerpt":{"rendered":"<p>El delantero rescindi\u00f3 su v\u00ednculo con Col\u00f3n para sumarse al plantel ferroviario en la Liga Profesional. En medio de la&#8230; <a class=\"continue-reading-link\" href=\"https:\/\/nativainfo.com\/?p=3216\">Continue reading<\/a><\/p>\n","protected":false},"author":1,"featured_media":0,"comment_status":"open","ping_status":"open","sticky":false,"template":"","format":"standard","meta":{"rop_custom_images_group":[],"rop_custom_messages_group":[],"rop_publish_now":"initial","rop_publish_now_accounts":[],"rop_publish_now_history":[],"rop_publish_now_status":"pending","footnotes":"","jetpack_publicize_message":"","jetpack_publicize_feature_enabled":true,"jetpack_social_post_already_shared":false,"jetpack_social_options":{"image_generator_settings":{"template":"highway","default_image_id":0,"font":"","enabled":false},"version":2}},"categories":[41],"tags":[],"class_list":["post-3216","post","type-post","status-publish","format-standard","hentry","category-futbol"],"yoast_head":"<!-- This site is optimized with the Yoast SEO plugin v25.6 - https:\/\/yoast.com\/wordpress\/plugins\/seo\/ -->\n<title>Nicol\u00e1s Leguizam\u00f3n llega a Central C\u00f3rdoba para reforzar el ataque - Nativa Info<\/title>\n<meta name=\"robots\" content=\"index, follow, max-snippet:-1, max-image-preview:large, max-video-preview:-1\" \/>\n<link rel=\"canonical\" href=\"https:\/\/nativainfo.com\/?p=3216\" \/>\n<meta property=\"og:locale\" content=\"es_ES\" \/>\n<meta property=\"og:type\" content=\"article\" \/>\n<meta property=\"og:title\" content=\"Nicol\u00e1s Leguizam\u00f3n llega a Central C\u00f3rdoba para reforzar el ataque - Nativa Info\" \/>\n<meta property=\"og:description\" content=\"El delantero rescindi\u00f3 su v\u00ednculo con Col\u00f3n para sumarse al plantel ferroviario en la Liga Profesional. En medio de la... Continue reading\" \/>\n<meta property=\"og:url\" content=\"https:\/\/nativainfo.com\/?p=3216\" \/>\n<meta property=\"og:site_name\" content=\"Nativa Info\" \/>\n<meta property=\"article:publisher\" content=\"https:\/\/www.facebook.com\/profile.php?id=61578881597564\" \/>\n<meta property=\"article:published_time\" content=\"2022-07-05T03:35:08+00:00\" \/>\n<meta property=\"article:modified_time\" content=\"2022-07-05T03:35:10+00:00\" \/>\n<meta property=\"og:image\" content=\"http:\/\/nativainfo.com\/wp-content\/uploads\/2022\/07\/imagen_2022-07-05_003456612.png\" \/>\n<meta name=\"author\" content=\"Nativa Info\" \/>\n<meta name=\"twitter:card\" content=\"summary_large_image\" \/>\n<meta name=\"twitter:label1\" content=\"Escrito por\" \/>\n\t<meta name=\"twitter:data1\" content=\"Nativa Info\" \/>\n\t<meta name=\"twitter:label2\" content=\"Tiempo de lectura\" \/>\n\t<meta name=\"twitter:data2\" content=\"1 minuto\" \/>\n<script type=\"application\/ld+json\" class=\"yoast-schema-graph\">{\"@context\":\"https:\/\/schema.org\",\"@graph\":[{\"@type\":\"Article\",\"@id\":\"https:\/\/nativainfo.com\/?p=3216#article\",\"isPartOf\":{\"@id\":\"https:\/\/nativainfo.com\/?p=3216\"},\"author\":{\"name\":\"Nativa Info\",\"@id\":\"https:\/\/nativainfo.com\/#\/schema\/person\/24893b64a9cd564ddb5d102d36eb4b5c\"},\"headline\":\"Nicol\u00e1s Leguizam\u00f3n llega a Central C\u00f3rdoba para reforzar el ataque\",\"datePublished\":\"2022-07-05T03:35:08+00:00\",\"dateModified\":\"2022-07-05T03:35:10+00:00\",\"mainEntityOfPage\":{\"@id\":\"https:\/\/nativainfo.com\/?p=3216\"},\"wordCount\":176,\"commentCount\":0,\"publisher\":{\"@id\":\"https:\/\/nativainfo.com\/#organization\"},\"image\":{\"@id\":\"https:\/\/nativainfo.com\/?p=3216#primaryimage\"},\"thumbnailUrl\":\"http:\/\/nativainfo.com\/wp-content\/uploads\/2022\/07\/imagen_2022-07-05_003456612.png\",\"articleSection\":[\"F\u00fatbol\"],\"inLanguage\":\"es-AR\",\"potentialAction\":[{\"@type\":\"CommentAction\",\"name\":\"Comment\",\"target\":[\"https:\/\/nativainfo.com\/?p=3216#respond\"]}]},{\"@type\":\"WebPage\",\"@id\":\"https:\/\/nativainfo.com\/?p=3216\",\"url\":\"https:\/\/nativainfo.com\/?p=3216\",\"name\":\"Nicol\u00e1s Leguizam\u00f3n llega a Central C\u00f3rdoba para reforzar el ataque - Nativa Info\",\"isPartOf\":{\"@id\":\"https:\/\/nativainfo.com\/#website\"},\"primaryImageOfPage\":{\"@id\":\"https:\/\/nativainfo.com\/?p=3216#primaryimage\"},\"image\":{\"@id\":\"https:\/\/nativainfo.com\/?p=3216#primaryimage\"},\"thumbnailUrl\":\"http:\/\/nativainfo.com\/wp-content\/uploads\/2022\/07\/imagen_2022-07-05_003456612.png\",\"datePublished\":\"2022-07-05T03:35:08+00:00\",\"dateModified\":\"2022-07-05T03:35:10+00:00\",\"breadcrumb\":{\"@id\":\"https:\/\/nativainfo.com\/?p=3216#breadcrumb\"},\"inLanguage\":\"es-AR\",\"potentialAction\":[{\"@type\":\"ReadAction\",\"target\":[\"https:\/\/nativainfo.com\/?p=3216\"]}]},{\"@type\":\"ImageObject\",\"inLanguage\":\"es-AR\",\"@id\":\"https:\/\/nativainfo.com\/?p=3216#primaryimage\",\"url\":\"https:\/\/nativainfo.com\/wp-content\/uploads\/2022\/07\/imagen_2022-07-05_003456612.png\",\"contentUrl\":\"https:\/\/nativainfo.com\/wp-content\/uploads\/2022\/07\/imagen_2022-07-05_003456612.png\",\"width\":1010,\"height\":567},{\"@type\":\"BreadcrumbList\",\"@id\":\"https:\/\/nativainfo.com\/?p=3216#breadcrumb\",\"itemListElement\":[{\"@type\":\"ListItem\",\"position\":1,\"name\":\"Inicio\",\"item\":\"https:\/\/nativainfo.com\/\"},{\"@type\":\"ListItem\",\"position\":2,\"name\":\"Nicol\u00e1s Leguizam\u00f3n llega a Central C\u00f3rdoba para reforzar el ataque\"}]},{\"@type\":\"WebSite\",\"@id\":\"https:\/\/nativainfo.com\/#website\",\"url\":\"https:\/\/nativainfo.com\/\",\"name\":\"Nativa Info\",\"description\":\"Diario Digital\",\"publisher\":{\"@id\":\"https:\/\/nativainfo.com\/#organization\"},\"potentialAction\":[{\"@type\":\"SearchAction\",\"target\":{\"@type\":\"EntryPoint\",\"urlTemplate\":\"https:\/\/nativainfo.com\/?s={search_term_string}\"},\"query-input\":{\"@type\":\"PropertyValueSpecification\",\"valueRequired\":true,\"valueName\":\"search_term_string\"}}],\"inLanguage\":\"es-AR\"},{\"@type\":\"Organization\",\"@id\":\"https:\/\/nativainfo.com\/#organization\",\"name\":\"Nativa Info\",\"url\":\"https:\/\/nativainfo.com\/\",\"logo\":{\"@type\":\"ImageObject\",\"inLanguage\":\"es-AR\",\"@id\":\"https:\/\/nativainfo.com\/#\/schema\/logo\/image\/\",\"url\":\"https:\/\/nativainfo.com\/wp-content\/uploads\/2025\/08\/LOGO-NATIVA-FACE.jpg\",\"contentUrl\":\"https:\/\/nativainfo.com\/wp-content\/uploads\/2025\/08\/LOGO-NATIVA-FACE.jpg\",\"width\":400,\"height\":400,\"caption\":\"Nativa Info\"},\"image\":{\"@id\":\"https:\/\/nativainfo.com\/#\/schema\/logo\/image\/\"},\"sameAs\":[\"https:\/\/www.facebook.com\/profile.php?id=61578881597564\"]},{\"@type\":\"Person\",\"@id\":\"https:\/\/nativainfo.com\/#\/schema\/person\/24893b64a9cd564ddb5d102d36eb4b5c\",\"name\":\"Nativa Info\",\"image\":{\"@type\":\"ImageObject\",\"inLanguage\":\"es-AR\",\"@id\":\"https:\/\/nativainfo.com\/#\/schema\/person\/image\/\",\"url\":\"https:\/\/secure.gravatar.com\/avatar\/016fa1cf068d85136d938e1507b9b619cb766e2565cbb1faa1e571762460c785?s=96&d=mm&r=g\",\"contentUrl\":\"https:\/\/secure.gravatar.com\/avatar\/016fa1cf068d85136d938e1507b9b619cb766e2565cbb1faa1e571762460c785?s=96&d=mm&r=g\",\"caption\":\"Nativa Info\"},\"sameAs\":[\"http:\/\/nativainfo.com\"],\"url\":\"https:\/\/nativainfo.com\/?author=1\"}]}<\/script>\n<!-- \/ Yoast SEO plugin. -->","yoast_head_json":{"title":"Nicol\u00e1s Leguizam\u00f3n llega a Central C\u00f3rdoba para reforzar el ataque - Nativa Info","robots":{"index":"index","follow":"follow","max-snippet":"max-snippet:-1","max-image-preview":"max-image-preview:large","max-video-preview":"max-video-preview:-1"},"canonical":"https:\/\/nativainfo.com\/?p=3216","og_locale":"es_ES","og_type":"article","og_title":"Nicol\u00e1s Leguizam\u00f3n llega a Central C\u00f3rdoba para reforzar el ataque - Nativa Info","og_description":"El delantero rescindi\u00f3 su v\u00ednculo con Col\u00f3n para sumarse al plantel ferroviario en la Liga Profesional. En medio de la... Continue reading","og_url":"https:\/\/nativainfo.com\/?p=3216","og_site_name":"Nativa Info","article_publisher":"https:\/\/www.facebook.com\/profile.php?id=61578881597564","article_published_time":"2022-07-05T03:35:08+00:00","article_modified_time":"2022-07-05T03:35:10+00:00","og_image":[{"url":"http:\/\/nativainfo.com\/wp-content\/uploads\/2022\/07\/imagen_2022-07-05_003456612.png","type":"","width":"","height":""}],"author":"Nativa Info","twitter_card":"summary_large_image","twitter_misc":{"Escrito por":"Nativa Info","Tiempo de lectura":"1 minuto"},"schema":{"@context":"https:\/\/schema.org","@graph":[{"@type":"Article","@id":"https:\/\/nativainfo.com\/?p=3216#article","isPartOf":{"@id":"https:\/\/nativainfo.com\/?p=3216"},"author":{"name":"Nativa Info","@id":"https:\/\/nativainfo.com\/#\/schema\/person\/24893b64a9cd564ddb5d102d36eb4b5c"},"headline":"Nicol\u00e1s Leguizam\u00f3n llega a Central C\u00f3rdoba para reforzar el ataque","datePublished":"2022-07-05T03:35:08+00:00","dateModified":"2022-07-05T03:35:10+00:00","mainEntityOfPage":{"@id":"https:\/\/nativainfo.com\/?p=3216"},"wordCount":176,"commentCount":0,"publisher":{"@id":"https:\/\/nativainfo.com\/#organization"},"image":{"@id":"https:\/\/nativainfo.com\/?p=3216#primaryimage"},"thumbnailUrl":"http:\/\/nativainfo.com\/wp-content\/uploads\/2022\/07\/imagen_2022-07-05_003456612.png","articleSection":["F\u00fatbol"],"inLanguage":"es-AR","potentialAction":[{"@type":"CommentAction","name":"Comment","target":["https:\/\/nativainfo.com\/?p=3216#respond"]}]},{"@type":"WebPage","@id":"https:\/\/nativainfo.com\/?p=3216","url":"https:\/\/nativainfo.com\/?p=3216","name":"Nicol\u00e1s Leguizam\u00f3n llega a Central C\u00f3rdoba para reforzar el ataque - Nativa Info","isPartOf":{"@id":"https:\/\/nativainfo.com\/#website"},"primaryImageOfPage":{"@id":"https:\/\/nativainfo.com\/?p=3216#primaryimage"},"image":{"@id":"https:\/\/nativainfo.com\/?p=3216#primaryimage"},"thumbnailUrl":"http:\/\/nativainfo.com\/wp-content\/uploads\/2022\/07\/imagen_2022-07-05_003456612.png","datePublished":"2022-07-05T03:35:08+00:00","dateModified":"2022-07-05T03:35:10+00:00","breadcrumb":{"@id":"https:\/\/nativainfo.com\/?p=3216#breadcrumb"},"inLanguage":"es-AR","potentialAction":[{"@type":"ReadAction","target":["https:\/\/nativainfo.com\/?p=3216"]}]},{"@type":"ImageObject","inLanguage":"es-AR","@id":"https:\/\/nativainfo.com\/?p=3216#primaryimage","url":"https:\/\/nativainfo.com\/wp-content\/uploads\/2022\/07\/imagen_2022-07-05_003456612.png","contentUrl":"https:\/\/nativainfo.com\/wp-content\/uploads\/2022\/07\/imagen_2022-07-05_003456612.png","width":1010,"height":567},{"@type":"BreadcrumbList","@id":"https:\/\/nativainfo.com\/?p=3216#breadcrumb","itemListElement":[{"@type":"ListItem","position":1,"name":"Inicio","item":"https:\/\/nativainfo.com\/"},{"@type":"ListItem","position":2,"name":"Nicol\u00e1s Leguizam\u00f3n llega a Central C\u00f3rdoba para reforzar el ataque"}]},{"@type":"WebSite","@id":"https:\/\/nativainfo.com\/#website","url":"https:\/\/nativainfo.com\/","name":"Nativa Info","description":"Diario Digital","publisher":{"@id":"https:\/\/nativainfo.com\/#organization"},"potentialAction":[{"@type":"SearchAction","target":{"@type":"EntryPoint","urlTemplate":"https:\/\/nativainfo.com\/?s={search_term_string}"},"query-input":{"@type":"PropertyValueSpecification","valueRequired":true,"valueName":"search_term_string"}}],"inLanguage":"es-AR"},{"@type":"Organization","@id":"https:\/\/nativainfo.com\/#organization","name":"Nativa Info","url":"https:\/\/nativainfo.com\/","logo":{"@type":"ImageObject","inLanguage":"es-AR","@id":"https:\/\/nativainfo.com\/#\/schema\/logo\/image\/","url":"https:\/\/nativainfo.com\/wp-content\/uploads\/2025\/08\/LOGO-NATIVA-FACE.jpg","contentUrl":"https:\/\/nativainfo.com\/wp-content\/uploads\/2025\/08\/LOGO-NATIVA-FACE.jpg","width":400,"height":400,"caption":"Nativa Info"},"image":{"@id":"https:\/\/nativainfo.com\/#\/schema\/logo\/image\/"},"sameAs":["https:\/\/www.facebook.com\/profile.php?id=61578881597564"]},{"@type":"Person","@id":"https:\/\/nativainfo.com\/#\/schema\/person\/24893b64a9cd564ddb5d102d36eb4b5c","name":"Nativa Info","image":{"@type":"ImageObject","inLanguage":"es-AR","@id":"https:\/\/nativainfo.com\/#\/schema\/person\/image\/","url":"https:\/\/secure.gravatar.com\/avatar\/016fa1cf068d85136d938e1507b9b619cb766e2565cbb1faa1e571762460c785?s=96&d=mm&r=g","contentUrl":"https:\/\/secure.gravatar.com\/avatar\/016fa1cf068d85136d938e1507b9b619cb766e2565cbb1faa1e571762460c785?s=96&d=mm&r=g","caption":"Nativa Info"},"sameAs":["http:\/\/nativainfo.com"],"url":"https:\/\/nativainfo.com\/?author=1"}]}},"jetpack_publicize_connections":[],"_links":{"self":[{"href":"https:\/\/nativainfo.com\/index.php?rest_route=\/wp\/v2\/posts\/3216","targetHints":{"allow":["GET"]}}],"collection":[{"href":"https:\/\/nativainfo.com\/index.php?rest_route=\/wp\/v2\/posts"}],"about":[{"href":"https:\/\/nativainfo.com\/index.php?rest_route=\/wp\/v2\/types\/post"}],"author":[{"embeddable":true,"href":"https:\/\/nativainfo.com\/index.php?rest_route=\/wp\/v2\/users\/1"}],"replies":[{"embeddable":true,"href":"https:\/\/nativainfo.com\/index.php?rest_route=%2Fwp%2Fv2%2Fcomments&post=3216"}],"version-history":[{"count":1,"href":"https:\/\/nativainfo.com\/index.php?rest_route=\/wp\/v2\/posts\/3216\/revisions"}],"predecessor-version":[{"id":3219,"href":"https:\/\/nativainfo.com\/index.php?rest_route=\/wp\/v2\/posts\/3216\/revisions\/3219"}],"wp:attachment":[{"href":"https:\/\/nativainfo.com\/index.php?rest_route=%2Fwp%2Fv2%2Fmedia&parent=3216"}],"wp:term":[{"taxonomy":"category","embeddable":true,"href":"https:\/\/nativainfo.com\/index.php?rest_route=%2Fwp%2Fv2%2Fcategories&post=3216"},{"taxonomy":"post_tag","embeddable":true,"href":"https:\/\/nativainfo.com\/index.php?rest_route=%2Fwp%2Fv2%2Ftags&post=3216"}],"curies":[{"name":"wp","href":"https:\/\/api.w.org\/{rel}","templated":true}]}}