{"id":3190,"date":"2022-06-30T00:38:02","date_gmt":"2022-06-30T03:38:02","guid":{"rendered":"http:\/\/nativainfo.com\/?p=3190"},"modified":"2022-06-30T00:38:03","modified_gmt":"2022-06-30T03:38:03","slug":"zamora-y-el-ministro-zabaleta-firmaron-un-importante-convenio","status":"publish","type":"post","link":"https:\/\/nativainfo.com\/?p=3190","title":{"rendered":"Zamora y el ministro Zabaleta firmaron un importante convenio"},"content":{"rendered":"\n<p><strong>Naci\u00f3n transferir\u00e1 fondos para optimizar la alimentaci\u00f3n en comedores escolares.<\/strong><\/p>\n\n\n\n<figure class=\"wp-block-image size-large\"><img fetchpriority=\"high\" decoding=\"async\" width=\"1010\" height=\"567\" src=\"http:\/\/nativainfo.com\/wp-content\/uploads\/2022\/06\/imagen_2022-06-30_003755243.png\" alt=\"\" class=\"wp-image-3192\" srcset=\"https:\/\/nativainfo.com\/wp-content\/uploads\/2022\/06\/imagen_2022-06-30_003755243.png 1010w, https:\/\/nativainfo.com\/wp-content\/uploads\/2022\/06\/imagen_2022-06-30_003755243-300x168.png 300w, https:\/\/nativainfo.com\/wp-content\/uploads\/2022\/06\/imagen_2022-06-30_003755243-768x431.png 768w, https:\/\/nativainfo.com\/wp-content\/uploads\/2022\/06\/imagen_2022-06-30_003755243-623x350.png 623w, https:\/\/nativainfo.com\/wp-content\/uploads\/2022\/06\/imagen_2022-06-30_003755243-150x84.png 150w\" sizes=\"(max-width: 1010px) 100vw, 1010px\" \/><\/figure>\n\n\n\n<p>El gobernador de Santiago del Estero, Gerardo Zamora, particip\u00f3 de la firma de un convenio con el ministro de Desarrollo Social, Juan Zabaleta, a partir del cual Naci\u00f3n transferir\u00e1 fondos por m\u00e1s de $ 255 millones para optimizar la alimentaci\u00f3n en comedores escolares que impactar\u00e1 en m\u00e1s de 14 mil estudiantes de toda la provincia.<\/p>\n\n\n\n<p>La r\u00fabrica del acuerdo fue celebrada en el marco de un encuentro en el que adem\u00e1s participaron los gobernadores Gildo Insfr\u00e1n (Formosa), Jorge Capitanich (Chaco) y Ra\u00fal Jalil (Catamarca), oportunidad en la que adem\u00e1s se trazaron estrategias para articular el rol de los estados provinciales con la pol\u00edtica de transformar los programas Potenciar Trabajo en empleo registrado.<\/p>\n\n\n\n<p>\u201cEstamos trabajando d\u00eda a d\u00eda para transformar los planes en empleo formal y eso requiere de articular con gobiernos provinciales y municipales, y tambi\u00e9n con el sector privado, sindicatos y sectores de la econom\u00eda popular\u201d, indic\u00f3 Zabaleta, quien estuvo acompa\u00f1ado por el viceministro Gustavo Aguilera y la secretaria de Inclusi\u00f3n Social, Laura Alonso.<\/p>\n\n\n\n<p>En ese marco, Zamora y Zabaleta firmaron un convenio de ejecuci\u00f3n del \u201cPlan Nacional Argentina contra el Hambre\u201d y el \u201cPlan Nacional de Seguridad Alimentaria funcionamiento de comedores\u201d.<\/p>\n","protected":false},"excerpt":{"rendered":"<p>Naci\u00f3n transferir\u00e1 fondos para optimizar la alimentaci\u00f3n en comedores escolares. El gobernador de Santiago del Estero, Gerardo Zamora, particip\u00f3 de&#8230; <a class=\"continue-reading-link\" href=\"https:\/\/nativainfo.com\/?p=3190\">Continue reading<\/a><\/p>\n","protected":false},"author":1,"featured_media":0,"comment_status":"open","ping_status":"open","sticky":false,"template":"","format":"standard","meta":{"rop_custom_images_group":[],"rop_custom_messages_group":[],"rop_publish_now":"initial","rop_publish_now_accounts":[],"rop_publish_now_history":[],"rop_publish_now_status":"pending","footnotes":"","jetpack_publicize_message":"","jetpack_publicize_feature_enabled":true,"jetpack_social_post_already_shared":false,"jetpack_social_options":{"image_generator_settings":{"template":"highway","default_image_id":0,"font":"","enabled":false},"version":2}},"categories":[8],"tags":[],"class_list":["post-3190","post","type-post","status-publish","format-standard","hentry","category-noticias"],"yoast_head":"<!-- This site is optimized with the Yoast SEO plugin v25.6 - https:\/\/yoast.com\/wordpress\/plugins\/seo\/ -->\n<title>Zamora y el ministro Zabaleta firmaron un importante convenio - Nativa Info<\/title>\n<meta name=\"robots\" content=\"index, follow, max-snippet:-1, max-image-preview:large, max-video-preview:-1\" \/>\n<link rel=\"canonical\" href=\"https:\/\/nativainfo.com\/?p=3190\" \/>\n<meta property=\"og:locale\" content=\"es_ES\" \/>\n<meta property=\"og:type\" content=\"article\" \/>\n<meta property=\"og:title\" content=\"Zamora y el ministro Zabaleta firmaron un importante convenio - Nativa Info\" \/>\n<meta property=\"og:description\" content=\"Naci\u00f3n transferir\u00e1 fondos para optimizar la alimentaci\u00f3n en comedores escolares. El gobernador de Santiago del Estero, Gerardo Zamora, particip\u00f3 de... Continue reading\" \/>\n<meta property=\"og:url\" content=\"https:\/\/nativainfo.com\/?p=3190\" \/>\n<meta property=\"og:site_name\" content=\"Nativa Info\" \/>\n<meta property=\"article:publisher\" content=\"https:\/\/www.facebook.com\/profile.php?id=61578881597564\" \/>\n<meta property=\"article:published_time\" content=\"2022-06-30T03:38:02+00:00\" \/>\n<meta property=\"article:modified_time\" content=\"2022-06-30T03:38:03+00:00\" \/>\n<meta property=\"og:image\" content=\"http:\/\/nativainfo.com\/wp-content\/uploads\/2022\/06\/imagen_2022-06-30_003755243.png\" \/>\n<meta name=\"author\" content=\"Nativa Info\" \/>\n<meta name=\"twitter:card\" content=\"summary_large_image\" \/>\n<meta name=\"twitter:label1\" content=\"Escrito por\" \/>\n\t<meta name=\"twitter:data1\" content=\"Nativa Info\" \/>\n\t<meta name=\"twitter:label2\" content=\"Tiempo de lectura\" \/>\n\t<meta name=\"twitter:data2\" content=\"1 minuto\" \/>\n<script type=\"application\/ld+json\" class=\"yoast-schema-graph\">{\"@context\":\"https:\/\/schema.org\",\"@graph\":[{\"@type\":\"Article\",\"@id\":\"https:\/\/nativainfo.com\/?p=3190#article\",\"isPartOf\":{\"@id\":\"https:\/\/nativainfo.com\/?p=3190\"},\"author\":{\"name\":\"Nativa Info\",\"@id\":\"https:\/\/nativainfo.com\/#\/schema\/person\/24893b64a9cd564ddb5d102d36eb4b5c\"},\"headline\":\"Zamora y el ministro Zabaleta firmaron un importante convenio\",\"datePublished\":\"2022-06-30T03:38:02+00:00\",\"dateModified\":\"2022-06-30T03:38:03+00:00\",\"mainEntityOfPage\":{\"@id\":\"https:\/\/nativainfo.com\/?p=3190\"},\"wordCount\":228,\"commentCount\":0,\"publisher\":{\"@id\":\"https:\/\/nativainfo.com\/#organization\"},\"image\":{\"@id\":\"https:\/\/nativainfo.com\/?p=3190#primaryimage\"},\"thumbnailUrl\":\"http:\/\/nativainfo.com\/wp-content\/uploads\/2022\/06\/imagen_2022-06-30_003755243.png\",\"articleSection\":[\"Noticias\"],\"inLanguage\":\"es-AR\",\"potentialAction\":[{\"@type\":\"CommentAction\",\"name\":\"Comment\",\"target\":[\"https:\/\/nativainfo.com\/?p=3190#respond\"]}]},{\"@type\":\"WebPage\",\"@id\":\"https:\/\/nativainfo.com\/?p=3190\",\"url\":\"https:\/\/nativainfo.com\/?p=3190\",\"name\":\"Zamora y el ministro Zabaleta firmaron un importante convenio - Nativa Info\",\"isPartOf\":{\"@id\":\"https:\/\/nativainfo.com\/#website\"},\"primaryImageOfPage\":{\"@id\":\"https:\/\/nativainfo.com\/?p=3190#primaryimage\"},\"image\":{\"@id\":\"https:\/\/nativainfo.com\/?p=3190#primaryimage\"},\"thumbnailUrl\":\"http:\/\/nativainfo.com\/wp-content\/uploads\/2022\/06\/imagen_2022-06-30_003755243.png\",\"datePublished\":\"2022-06-30T03:38:02+00:00\",\"dateModified\":\"2022-06-30T03:38:03+00:00\",\"breadcrumb\":{\"@id\":\"https:\/\/nativainfo.com\/?p=3190#breadcrumb\"},\"inLanguage\":\"es-AR\",\"potentialAction\":[{\"@type\":\"ReadAction\",\"target\":[\"https:\/\/nativainfo.com\/?p=3190\"]}]},{\"@type\":\"ImageObject\",\"inLanguage\":\"es-AR\",\"@id\":\"https:\/\/nativainfo.com\/?p=3190#primaryimage\",\"url\":\"https:\/\/nativainfo.com\/wp-content\/uploads\/2022\/06\/imagen_2022-06-30_003755243.png\",\"contentUrl\":\"https:\/\/nativainfo.com\/wp-content\/uploads\/2022\/06\/imagen_2022-06-30_003755243.png\",\"width\":1010,\"height\":567},{\"@type\":\"BreadcrumbList\",\"@id\":\"https:\/\/nativainfo.com\/?p=3190#breadcrumb\",\"itemListElement\":[{\"@type\":\"ListItem\",\"position\":1,\"name\":\"Inicio\",\"item\":\"https:\/\/nativainfo.com\/\"},{\"@type\":\"ListItem\",\"position\":2,\"name\":\"Zamora y el ministro Zabaleta firmaron un importante convenio\"}]},{\"@type\":\"WebSite\",\"@id\":\"https:\/\/nativainfo.com\/#website\",\"url\":\"https:\/\/nativainfo.com\/\",\"name\":\"Nativa Info\",\"description\":\"Diario Digital\",\"publisher\":{\"@id\":\"https:\/\/nativainfo.com\/#organization\"},\"potentialAction\":[{\"@type\":\"SearchAction\",\"target\":{\"@type\":\"EntryPoint\",\"urlTemplate\":\"https:\/\/nativainfo.com\/?s={search_term_string}\"},\"query-input\":{\"@type\":\"PropertyValueSpecification\",\"valueRequired\":true,\"valueName\":\"search_term_string\"}}],\"inLanguage\":\"es-AR\"},{\"@type\":\"Organization\",\"@id\":\"https:\/\/nativainfo.com\/#organization\",\"name\":\"Nativa Info\",\"url\":\"https:\/\/nativainfo.com\/\",\"logo\":{\"@type\":\"ImageObject\",\"inLanguage\":\"es-AR\",\"@id\":\"https:\/\/nativainfo.com\/#\/schema\/logo\/image\/\",\"url\":\"https:\/\/nativainfo.com\/wp-content\/uploads\/2025\/08\/LOGO-NATIVA-FACE.jpg\",\"contentUrl\":\"https:\/\/nativainfo.com\/wp-content\/uploads\/2025\/08\/LOGO-NATIVA-FACE.jpg\",\"width\":400,\"height\":400,\"caption\":\"Nativa Info\"},\"image\":{\"@id\":\"https:\/\/nativainfo.com\/#\/schema\/logo\/image\/\"},\"sameAs\":[\"https:\/\/www.facebook.com\/profile.php?id=61578881597564\"]},{\"@type\":\"Person\",\"@id\":\"https:\/\/nativainfo.com\/#\/schema\/person\/24893b64a9cd564ddb5d102d36eb4b5c\",\"name\":\"Nativa Info\",\"image\":{\"@type\":\"ImageObject\",\"inLanguage\":\"es-AR\",\"@id\":\"https:\/\/nativainfo.com\/#\/schema\/person\/image\/\",\"url\":\"https:\/\/secure.gravatar.com\/avatar\/016fa1cf068d85136d938e1507b9b619cb766e2565cbb1faa1e571762460c785?s=96&d=mm&r=g\",\"contentUrl\":\"https:\/\/secure.gravatar.com\/avatar\/016fa1cf068d85136d938e1507b9b619cb766e2565cbb1faa1e571762460c785?s=96&d=mm&r=g\",\"caption\":\"Nativa Info\"},\"sameAs\":[\"http:\/\/nativainfo.com\"],\"url\":\"https:\/\/nativainfo.com\/?author=1\"}]}<\/script>\n<!-- \/ Yoast SEO plugin. -->","yoast_head_json":{"title":"Zamora y el ministro Zabaleta firmaron un importante convenio - Nativa Info","robots":{"index":"index","follow":"follow","max-snippet":"max-snippet:-1","max-image-preview":"max-image-preview:large","max-video-preview":"max-video-preview:-1"},"canonical":"https:\/\/nativainfo.com\/?p=3190","og_locale":"es_ES","og_type":"article","og_title":"Zamora y el ministro Zabaleta firmaron un importante convenio - Nativa Info","og_description":"Naci\u00f3n transferir\u00e1 fondos para optimizar la alimentaci\u00f3n en comedores escolares. El gobernador de Santiago del Estero, Gerardo Zamora, particip\u00f3 de... Continue reading","og_url":"https:\/\/nativainfo.com\/?p=3190","og_site_name":"Nativa Info","article_publisher":"https:\/\/www.facebook.com\/profile.php?id=61578881597564","article_published_time":"2022-06-30T03:38:02+00:00","article_modified_time":"2022-06-30T03:38:03+00:00","og_image":[{"url":"http:\/\/nativainfo.com\/wp-content\/uploads\/2022\/06\/imagen_2022-06-30_003755243.png","type":"","width":"","height":""}],"author":"Nativa Info","twitter_card":"summary_large_image","twitter_misc":{"Escrito por":"Nativa Info","Tiempo de lectura":"1 minuto"},"schema":{"@context":"https:\/\/schema.org","@graph":[{"@type":"Article","@id":"https:\/\/nativainfo.com\/?p=3190#article","isPartOf":{"@id":"https:\/\/nativainfo.com\/?p=3190"},"author":{"name":"Nativa Info","@id":"https:\/\/nativainfo.com\/#\/schema\/person\/24893b64a9cd564ddb5d102d36eb4b5c"},"headline":"Zamora y el ministro Zabaleta firmaron un importante convenio","datePublished":"2022-06-30T03:38:02+00:00","dateModified":"2022-06-30T03:38:03+00:00","mainEntityOfPage":{"@id":"https:\/\/nativainfo.com\/?p=3190"},"wordCount":228,"commentCount":0,"publisher":{"@id":"https:\/\/nativainfo.com\/#organization"},"image":{"@id":"https:\/\/nativainfo.com\/?p=3190#primaryimage"},"thumbnailUrl":"http:\/\/nativainfo.com\/wp-content\/uploads\/2022\/06\/imagen_2022-06-30_003755243.png","articleSection":["Noticias"],"inLanguage":"es-AR","potentialAction":[{"@type":"CommentAction","name":"Comment","target":["https:\/\/nativainfo.com\/?p=3190#respond"]}]},{"@type":"WebPage","@id":"https:\/\/nativainfo.com\/?p=3190","url":"https:\/\/nativainfo.com\/?p=3190","name":"Zamora y el ministro Zabaleta firmaron un importante convenio - Nativa Info","isPartOf":{"@id":"https:\/\/nativainfo.com\/#website"},"primaryImageOfPage":{"@id":"https:\/\/nativainfo.com\/?p=3190#primaryimage"},"image":{"@id":"https:\/\/nativainfo.com\/?p=3190#primaryimage"},"thumbnailUrl":"http:\/\/nativainfo.com\/wp-content\/uploads\/2022\/06\/imagen_2022-06-30_003755243.png","datePublished":"2022-06-30T03:38:02+00:00","dateModified":"2022-06-30T03:38:03+00:00","breadcrumb":{"@id":"https:\/\/nativainfo.com\/?p=3190#breadcrumb"},"inLanguage":"es-AR","potentialAction":[{"@type":"ReadAction","target":["https:\/\/nativainfo.com\/?p=3190"]}]},{"@type":"ImageObject","inLanguage":"es-AR","@id":"https:\/\/nativainfo.com\/?p=3190#primaryimage","url":"https:\/\/nativainfo.com\/wp-content\/uploads\/2022\/06\/imagen_2022-06-30_003755243.png","contentUrl":"https:\/\/nativainfo.com\/wp-content\/uploads\/2022\/06\/imagen_2022-06-30_003755243.png","width":1010,"height":567},{"@type":"BreadcrumbList","@id":"https:\/\/nativainfo.com\/?p=3190#breadcrumb","itemListElement":[{"@type":"ListItem","position":1,"name":"Inicio","item":"https:\/\/nativainfo.com\/"},{"@type":"ListItem","position":2,"name":"Zamora y el ministro Zabaleta firmaron un importante convenio"}]},{"@type":"WebSite","@id":"https:\/\/nativainfo.com\/#website","url":"https:\/\/nativainfo.com\/","name":"Nativa Info","description":"Diario Digital","publisher":{"@id":"https:\/\/nativainfo.com\/#organization"},"potentialAction":[{"@type":"SearchAction","target":{"@type":"EntryPoint","urlTemplate":"https:\/\/nativainfo.com\/?s={search_term_string}"},"query-input":{"@type":"PropertyValueSpecification","valueRequired":true,"valueName":"search_term_string"}}],"inLanguage":"es-AR"},{"@type":"Organization","@id":"https:\/\/nativainfo.com\/#organization","name":"Nativa Info","url":"https:\/\/nativainfo.com\/","logo":{"@type":"ImageObject","inLanguage":"es-AR","@id":"https:\/\/nativainfo.com\/#\/schema\/logo\/image\/","url":"https:\/\/nativainfo.com\/wp-content\/uploads\/2025\/08\/LOGO-NATIVA-FACE.jpg","contentUrl":"https:\/\/nativainfo.com\/wp-content\/uploads\/2025\/08\/LOGO-NATIVA-FACE.jpg","width":400,"height":400,"caption":"Nativa Info"},"image":{"@id":"https:\/\/nativainfo.com\/#\/schema\/logo\/image\/"},"sameAs":["https:\/\/www.facebook.com\/profile.php?id=61578881597564"]},{"@type":"Person","@id":"https:\/\/nativainfo.com\/#\/schema\/person\/24893b64a9cd564ddb5d102d36eb4b5c","name":"Nativa Info","image":{"@type":"ImageObject","inLanguage":"es-AR","@id":"https:\/\/nativainfo.com\/#\/schema\/person\/image\/","url":"https:\/\/secure.gravatar.com\/avatar\/016fa1cf068d85136d938e1507b9b619cb766e2565cbb1faa1e571762460c785?s=96&d=mm&r=g","contentUrl":"https:\/\/secure.gravatar.com\/avatar\/016fa1cf068d85136d938e1507b9b619cb766e2565cbb1faa1e571762460c785?s=96&d=mm&r=g","caption":"Nativa Info"},"sameAs":["http:\/\/nativainfo.com"],"url":"https:\/\/nativainfo.com\/?author=1"}]}},"jetpack_publicize_connections":[],"_links":{"self":[{"href":"https:\/\/nativainfo.com\/index.php?rest_route=\/wp\/v2\/posts\/3190","targetHints":{"allow":["GET"]}}],"collection":[{"href":"https:\/\/nativainfo.com\/index.php?rest_route=\/wp\/v2\/posts"}],"about":[{"href":"https:\/\/nativainfo.com\/index.php?rest_route=\/wp\/v2\/types\/post"}],"author":[{"embeddable":true,"href":"https:\/\/nativainfo.com\/index.php?rest_route=\/wp\/v2\/users\/1"}],"replies":[{"embeddable":true,"href":"https:\/\/nativainfo.com\/index.php?rest_route=%2Fwp%2Fv2%2Fcomments&post=3190"}],"version-history":[{"count":1,"href":"https:\/\/nativainfo.com\/index.php?rest_route=\/wp\/v2\/posts\/3190\/revisions"}],"predecessor-version":[{"id":3193,"href":"https:\/\/nativainfo.com\/index.php?rest_route=\/wp\/v2\/posts\/3190\/revisions\/3193"}],"wp:attachment":[{"href":"https:\/\/nativainfo.com\/index.php?rest_route=%2Fwp%2Fv2%2Fmedia&parent=3190"}],"wp:term":[{"taxonomy":"category","embeddable":true,"href":"https:\/\/nativainfo.com\/index.php?rest_route=%2Fwp%2Fv2%2Fcategories&post=3190"},{"taxonomy":"post_tag","embeddable":true,"href":"https:\/\/nativainfo.com\/index.php?rest_route=%2Fwp%2Fv2%2Ftags&post=3190"}],"curies":[{"name":"wp","href":"https:\/\/api.w.org\/{rel}","templated":true}]}}