{"id":3158,"date":"2022-06-22T01:26:34","date_gmt":"2022-06-22T04:26:34","guid":{"rendered":"http:\/\/nativainfo.com\/?p=3158"},"modified":"2022-06-22T01:26:36","modified_gmt":"2022-06-22T04:26:36","slug":"faltante-de-gasoil-el-transporte-de-carga-realizara-un-paro-nacional-con-retenes-en-las-rutas","status":"publish","type":"post","link":"https:\/\/nativainfo.com\/?p=3158","title":{"rendered":"Faltante de gasoil: el transporte de carga realizar\u00e1 un paro nacional con retenes en las rutas"},"content":{"rendered":"\n<p><strong>Por tiempo indeterminado se impedir\u00e1 la circulaci\u00f3n del transporte de carga. No se impedir\u00e1 el movimiento de particulares, transporte de pasajeros, transporte de caudales y los servicios de emergencia.<\/strong><\/p>\n\n\n\n<figure class=\"wp-block-image size-large\"><img fetchpriority=\"high\" decoding=\"async\" width=\"760\" height=\"507\" src=\"http:\/\/nativainfo.com\/wp-content\/uploads\/2022\/06\/imagen_2022-06-22_012626469.png\" alt=\"\" class=\"wp-image-3160\" srcset=\"https:\/\/nativainfo.com\/wp-content\/uploads\/2022\/06\/imagen_2022-06-22_012626469.png 760w, https:\/\/nativainfo.com\/wp-content\/uploads\/2022\/06\/imagen_2022-06-22_012626469-300x200.png 300w, https:\/\/nativainfo.com\/wp-content\/uploads\/2022\/06\/imagen_2022-06-22_012626469-525x350.png 525w, https:\/\/nativainfo.com\/wp-content\/uploads\/2022\/06\/imagen_2022-06-22_012626469-150x100.png 150w\" sizes=\"(max-width: 760px) 100vw, 760px\" \/><\/figure>\n\n\n\n<p>Los transportistas de carga profundizan su reclamo por el faltante de gasoil y la liberaci\u00f3n de los precios del combustible en estaciones independientes y mercado mayorista.<\/p>\n\n\n\n<p>Son varios los escenarios de protestas que se est\u00e1n registrando. Por un lado, la medida de fuerza que sigue en Tucum\u00e1n. Adem\u00e1s, hoy se levantaron tres bloqueos realizados por la Uni\u00f3n Nacional de Transportistas y Afines de la Rep\u00fablica Argentina (UNTRA) en Neuqu\u00e9n y R\u00edo Negro, aunque avanza el reclamo al costado de la ruta 151. Por \u00faltimo, desde las 0hs de ma\u00f1ana los integrantes de Transportistas Unidos de la Argentina (TUDA), de Autoconvocados Unidos, y del Sindicato \u00danico de Trabajadores de Administraciones Portuarias (SUTAP), comenzar\u00e1n un paro por tiempo indeterminado.<\/p>\n","protected":false},"excerpt":{"rendered":"<p>Por tiempo indeterminado se impedir\u00e1 la circulaci\u00f3n del transporte de carga. No se impedir\u00e1 el movimiento de particulares, transporte de&#8230; <a class=\"continue-reading-link\" href=\"https:\/\/nativainfo.com\/?p=3158\">Continue reading<\/a><\/p>\n","protected":false},"author":1,"featured_media":0,"comment_status":"open","ping_status":"open","sticky":false,"template":"","format":"standard","meta":{"rop_custom_images_group":[],"rop_custom_messages_group":[],"rop_publish_now":"initial","rop_publish_now_accounts":[],"rop_publish_now_history":[],"rop_publish_now_status":"pending","footnotes":"","jetpack_publicize_message":"","jetpack_publicize_feature_enabled":true,"jetpack_social_post_already_shared":false,"jetpack_social_options":{"image_generator_settings":{"template":"highway","default_image_id":0,"font":"","enabled":false},"version":2}},"categories":[8],"tags":[],"class_list":["post-3158","post","type-post","status-publish","format-standard","hentry","category-noticias"],"yoast_head":"<!-- This site is optimized with the Yoast SEO plugin v25.6 - https:\/\/yoast.com\/wordpress\/plugins\/seo\/ -->\n<title>Faltante de gasoil: el transporte de carga realizar\u00e1 un paro nacional con retenes en las rutas - Nativa Info<\/title>\n<meta name=\"robots\" content=\"index, follow, max-snippet:-1, max-image-preview:large, max-video-preview:-1\" \/>\n<link rel=\"canonical\" href=\"https:\/\/nativainfo.com\/?p=3158\" \/>\n<meta property=\"og:locale\" content=\"es_ES\" \/>\n<meta property=\"og:type\" content=\"article\" \/>\n<meta property=\"og:title\" content=\"Faltante de gasoil: el transporte de carga realizar\u00e1 un paro nacional con retenes en las rutas - Nativa Info\" \/>\n<meta property=\"og:description\" content=\"Por tiempo indeterminado se impedir\u00e1 la circulaci\u00f3n del transporte de carga. No se impedir\u00e1 el movimiento de particulares, transporte de... Continue reading\" \/>\n<meta property=\"og:url\" content=\"https:\/\/nativainfo.com\/?p=3158\" \/>\n<meta property=\"og:site_name\" content=\"Nativa Info\" \/>\n<meta property=\"article:publisher\" content=\"https:\/\/www.facebook.com\/profile.php?id=61578881597564\" \/>\n<meta property=\"article:published_time\" content=\"2022-06-22T04:26:34+00:00\" \/>\n<meta property=\"article:modified_time\" content=\"2022-06-22T04:26:36+00:00\" \/>\n<meta property=\"og:image\" content=\"http:\/\/nativainfo.com\/wp-content\/uploads\/2022\/06\/imagen_2022-06-22_012626469.png\" \/>\n<meta name=\"author\" content=\"Nativa Info\" \/>\n<meta name=\"twitter:card\" content=\"summary_large_image\" \/>\n<meta name=\"twitter:label1\" content=\"Escrito por\" \/>\n\t<meta name=\"twitter:data1\" content=\"Nativa Info\" \/>\n\t<meta name=\"twitter:label2\" content=\"Tiempo de lectura\" \/>\n\t<meta name=\"twitter:data2\" content=\"1 minuto\" \/>\n<script type=\"application\/ld+json\" class=\"yoast-schema-graph\">{\"@context\":\"https:\/\/schema.org\",\"@graph\":[{\"@type\":\"Article\",\"@id\":\"https:\/\/nativainfo.com\/?p=3158#article\",\"isPartOf\":{\"@id\":\"https:\/\/nativainfo.com\/?p=3158\"},\"author\":{\"name\":\"Nativa Info\",\"@id\":\"https:\/\/nativainfo.com\/#\/schema\/person\/24893b64a9cd564ddb5d102d36eb4b5c\"},\"headline\":\"Faltante de gasoil: el transporte de carga realizar\u00e1 un paro nacional con retenes en las rutas\",\"datePublished\":\"2022-06-22T04:26:34+00:00\",\"dateModified\":\"2022-06-22T04:26:36+00:00\",\"mainEntityOfPage\":{\"@id\":\"https:\/\/nativainfo.com\/?p=3158\"},\"wordCount\":172,\"commentCount\":0,\"publisher\":{\"@id\":\"https:\/\/nativainfo.com\/#organization\"},\"image\":{\"@id\":\"https:\/\/nativainfo.com\/?p=3158#primaryimage\"},\"thumbnailUrl\":\"http:\/\/nativainfo.com\/wp-content\/uploads\/2022\/06\/imagen_2022-06-22_012626469.png\",\"articleSection\":[\"Noticias\"],\"inLanguage\":\"es-AR\",\"potentialAction\":[{\"@type\":\"CommentAction\",\"name\":\"Comment\",\"target\":[\"https:\/\/nativainfo.com\/?p=3158#respond\"]}]},{\"@type\":\"WebPage\",\"@id\":\"https:\/\/nativainfo.com\/?p=3158\",\"url\":\"https:\/\/nativainfo.com\/?p=3158\",\"name\":\"Faltante de gasoil: el transporte de carga realizar\u00e1 un paro nacional con retenes en las rutas - Nativa Info\",\"isPartOf\":{\"@id\":\"https:\/\/nativainfo.com\/#website\"},\"primaryImageOfPage\":{\"@id\":\"https:\/\/nativainfo.com\/?p=3158#primaryimage\"},\"image\":{\"@id\":\"https:\/\/nativainfo.com\/?p=3158#primaryimage\"},\"thumbnailUrl\":\"http:\/\/nativainfo.com\/wp-content\/uploads\/2022\/06\/imagen_2022-06-22_012626469.png\",\"datePublished\":\"2022-06-22T04:26:34+00:00\",\"dateModified\":\"2022-06-22T04:26:36+00:00\",\"breadcrumb\":{\"@id\":\"https:\/\/nativainfo.com\/?p=3158#breadcrumb\"},\"inLanguage\":\"es-AR\",\"potentialAction\":[{\"@type\":\"ReadAction\",\"target\":[\"https:\/\/nativainfo.com\/?p=3158\"]}]},{\"@type\":\"ImageObject\",\"inLanguage\":\"es-AR\",\"@id\":\"https:\/\/nativainfo.com\/?p=3158#primaryimage\",\"url\":\"https:\/\/nativainfo.com\/wp-content\/uploads\/2022\/06\/imagen_2022-06-22_012626469.png\",\"contentUrl\":\"https:\/\/nativainfo.com\/wp-content\/uploads\/2022\/06\/imagen_2022-06-22_012626469.png\",\"width\":760,\"height\":507},{\"@type\":\"BreadcrumbList\",\"@id\":\"https:\/\/nativainfo.com\/?p=3158#breadcrumb\",\"itemListElement\":[{\"@type\":\"ListItem\",\"position\":1,\"name\":\"Inicio\",\"item\":\"https:\/\/nativainfo.com\/\"},{\"@type\":\"ListItem\",\"position\":2,\"name\":\"Faltante de gasoil: el transporte de carga realizar\u00e1 un paro nacional con retenes en las rutas\"}]},{\"@type\":\"WebSite\",\"@id\":\"https:\/\/nativainfo.com\/#website\",\"url\":\"https:\/\/nativainfo.com\/\",\"name\":\"Nativa Info\",\"description\":\"Diario Digital\",\"publisher\":{\"@id\":\"https:\/\/nativainfo.com\/#organization\"},\"potentialAction\":[{\"@type\":\"SearchAction\",\"target\":{\"@type\":\"EntryPoint\",\"urlTemplate\":\"https:\/\/nativainfo.com\/?s={search_term_string}\"},\"query-input\":{\"@type\":\"PropertyValueSpecification\",\"valueRequired\":true,\"valueName\":\"search_term_string\"}}],\"inLanguage\":\"es-AR\"},{\"@type\":\"Organization\",\"@id\":\"https:\/\/nativainfo.com\/#organization\",\"name\":\"Nativa Info\",\"url\":\"https:\/\/nativainfo.com\/\",\"logo\":{\"@type\":\"ImageObject\",\"inLanguage\":\"es-AR\",\"@id\":\"https:\/\/nativainfo.com\/#\/schema\/logo\/image\/\",\"url\":\"https:\/\/nativainfo.com\/wp-content\/uploads\/2025\/08\/LOGO-NATIVA-FACE.jpg\",\"contentUrl\":\"https:\/\/nativainfo.com\/wp-content\/uploads\/2025\/08\/LOGO-NATIVA-FACE.jpg\",\"width\":400,\"height\":400,\"caption\":\"Nativa Info\"},\"image\":{\"@id\":\"https:\/\/nativainfo.com\/#\/schema\/logo\/image\/\"},\"sameAs\":[\"https:\/\/www.facebook.com\/profile.php?id=61578881597564\"]},{\"@type\":\"Person\",\"@id\":\"https:\/\/nativainfo.com\/#\/schema\/person\/24893b64a9cd564ddb5d102d36eb4b5c\",\"name\":\"Nativa Info\",\"image\":{\"@type\":\"ImageObject\",\"inLanguage\":\"es-AR\",\"@id\":\"https:\/\/nativainfo.com\/#\/schema\/person\/image\/\",\"url\":\"https:\/\/secure.gravatar.com\/avatar\/016fa1cf068d85136d938e1507b9b619cb766e2565cbb1faa1e571762460c785?s=96&d=mm&r=g\",\"contentUrl\":\"https:\/\/secure.gravatar.com\/avatar\/016fa1cf068d85136d938e1507b9b619cb766e2565cbb1faa1e571762460c785?s=96&d=mm&r=g\",\"caption\":\"Nativa Info\"},\"sameAs\":[\"http:\/\/nativainfo.com\"],\"url\":\"https:\/\/nativainfo.com\/?author=1\"}]}<\/script>\n<!-- \/ Yoast SEO plugin. -->","yoast_head_json":{"title":"Faltante de gasoil: el transporte de carga realizar\u00e1 un paro nacional con retenes en las rutas - Nativa Info","robots":{"index":"index","follow":"follow","max-snippet":"max-snippet:-1","max-image-preview":"max-image-preview:large","max-video-preview":"max-video-preview:-1"},"canonical":"https:\/\/nativainfo.com\/?p=3158","og_locale":"es_ES","og_type":"article","og_title":"Faltante de gasoil: el transporte de carga realizar\u00e1 un paro nacional con retenes en las rutas - Nativa Info","og_description":"Por tiempo indeterminado se impedir\u00e1 la circulaci\u00f3n del transporte de carga. No se impedir\u00e1 el movimiento de particulares, transporte de... Continue reading","og_url":"https:\/\/nativainfo.com\/?p=3158","og_site_name":"Nativa Info","article_publisher":"https:\/\/www.facebook.com\/profile.php?id=61578881597564","article_published_time":"2022-06-22T04:26:34+00:00","article_modified_time":"2022-06-22T04:26:36+00:00","og_image":[{"url":"http:\/\/nativainfo.com\/wp-content\/uploads\/2022\/06\/imagen_2022-06-22_012626469.png","type":"","width":"","height":""}],"author":"Nativa Info","twitter_card":"summary_large_image","twitter_misc":{"Escrito por":"Nativa Info","Tiempo de lectura":"1 minuto"},"schema":{"@context":"https:\/\/schema.org","@graph":[{"@type":"Article","@id":"https:\/\/nativainfo.com\/?p=3158#article","isPartOf":{"@id":"https:\/\/nativainfo.com\/?p=3158"},"author":{"name":"Nativa Info","@id":"https:\/\/nativainfo.com\/#\/schema\/person\/24893b64a9cd564ddb5d102d36eb4b5c"},"headline":"Faltante de gasoil: el transporte de carga realizar\u00e1 un paro nacional con retenes en las rutas","datePublished":"2022-06-22T04:26:34+00:00","dateModified":"2022-06-22T04:26:36+00:00","mainEntityOfPage":{"@id":"https:\/\/nativainfo.com\/?p=3158"},"wordCount":172,"commentCount":0,"publisher":{"@id":"https:\/\/nativainfo.com\/#organization"},"image":{"@id":"https:\/\/nativainfo.com\/?p=3158#primaryimage"},"thumbnailUrl":"http:\/\/nativainfo.com\/wp-content\/uploads\/2022\/06\/imagen_2022-06-22_012626469.png","articleSection":["Noticias"],"inLanguage":"es-AR","potentialAction":[{"@type":"CommentAction","name":"Comment","target":["https:\/\/nativainfo.com\/?p=3158#respond"]}]},{"@type":"WebPage","@id":"https:\/\/nativainfo.com\/?p=3158","url":"https:\/\/nativainfo.com\/?p=3158","name":"Faltante de gasoil: el transporte de carga realizar\u00e1 un paro nacional con retenes en las rutas - Nativa Info","isPartOf":{"@id":"https:\/\/nativainfo.com\/#website"},"primaryImageOfPage":{"@id":"https:\/\/nativainfo.com\/?p=3158#primaryimage"},"image":{"@id":"https:\/\/nativainfo.com\/?p=3158#primaryimage"},"thumbnailUrl":"http:\/\/nativainfo.com\/wp-content\/uploads\/2022\/06\/imagen_2022-06-22_012626469.png","datePublished":"2022-06-22T04:26:34+00:00","dateModified":"2022-06-22T04:26:36+00:00","breadcrumb":{"@id":"https:\/\/nativainfo.com\/?p=3158#breadcrumb"},"inLanguage":"es-AR","potentialAction":[{"@type":"ReadAction","target":["https:\/\/nativainfo.com\/?p=3158"]}]},{"@type":"ImageObject","inLanguage":"es-AR","@id":"https:\/\/nativainfo.com\/?p=3158#primaryimage","url":"https:\/\/nativainfo.com\/wp-content\/uploads\/2022\/06\/imagen_2022-06-22_012626469.png","contentUrl":"https:\/\/nativainfo.com\/wp-content\/uploads\/2022\/06\/imagen_2022-06-22_012626469.png","width":760,"height":507},{"@type":"BreadcrumbList","@id":"https:\/\/nativainfo.com\/?p=3158#breadcrumb","itemListElement":[{"@type":"ListItem","position":1,"name":"Inicio","item":"https:\/\/nativainfo.com\/"},{"@type":"ListItem","position":2,"name":"Faltante de gasoil: el transporte de carga realizar\u00e1 un paro nacional con retenes en las rutas"}]},{"@type":"WebSite","@id":"https:\/\/nativainfo.com\/#website","url":"https:\/\/nativainfo.com\/","name":"Nativa Info","description":"Diario Digital","publisher":{"@id":"https:\/\/nativainfo.com\/#organization"},"potentialAction":[{"@type":"SearchAction","target":{"@type":"EntryPoint","urlTemplate":"https:\/\/nativainfo.com\/?s={search_term_string}"},"query-input":{"@type":"PropertyValueSpecification","valueRequired":true,"valueName":"search_term_string"}}],"inLanguage":"es-AR"},{"@type":"Organization","@id":"https:\/\/nativainfo.com\/#organization","name":"Nativa Info","url":"https:\/\/nativainfo.com\/","logo":{"@type":"ImageObject","inLanguage":"es-AR","@id":"https:\/\/nativainfo.com\/#\/schema\/logo\/image\/","url":"https:\/\/nativainfo.com\/wp-content\/uploads\/2025\/08\/LOGO-NATIVA-FACE.jpg","contentUrl":"https:\/\/nativainfo.com\/wp-content\/uploads\/2025\/08\/LOGO-NATIVA-FACE.jpg","width":400,"height":400,"caption":"Nativa Info"},"image":{"@id":"https:\/\/nativainfo.com\/#\/schema\/logo\/image\/"},"sameAs":["https:\/\/www.facebook.com\/profile.php?id=61578881597564"]},{"@type":"Person","@id":"https:\/\/nativainfo.com\/#\/schema\/person\/24893b64a9cd564ddb5d102d36eb4b5c","name":"Nativa Info","image":{"@type":"ImageObject","inLanguage":"es-AR","@id":"https:\/\/nativainfo.com\/#\/schema\/person\/image\/","url":"https:\/\/secure.gravatar.com\/avatar\/016fa1cf068d85136d938e1507b9b619cb766e2565cbb1faa1e571762460c785?s=96&d=mm&r=g","contentUrl":"https:\/\/secure.gravatar.com\/avatar\/016fa1cf068d85136d938e1507b9b619cb766e2565cbb1faa1e571762460c785?s=96&d=mm&r=g","caption":"Nativa Info"},"sameAs":["http:\/\/nativainfo.com"],"url":"https:\/\/nativainfo.com\/?author=1"}]}},"jetpack_publicize_connections":[],"_links":{"self":[{"href":"https:\/\/nativainfo.com\/index.php?rest_route=\/wp\/v2\/posts\/3158","targetHints":{"allow":["GET"]}}],"collection":[{"href":"https:\/\/nativainfo.com\/index.php?rest_route=\/wp\/v2\/posts"}],"about":[{"href":"https:\/\/nativainfo.com\/index.php?rest_route=\/wp\/v2\/types\/post"}],"author":[{"embeddable":true,"href":"https:\/\/nativainfo.com\/index.php?rest_route=\/wp\/v2\/users\/1"}],"replies":[{"embeddable":true,"href":"https:\/\/nativainfo.com\/index.php?rest_route=%2Fwp%2Fv2%2Fcomments&post=3158"}],"version-history":[{"count":1,"href":"https:\/\/nativainfo.com\/index.php?rest_route=\/wp\/v2\/posts\/3158\/revisions"}],"predecessor-version":[{"id":3161,"href":"https:\/\/nativainfo.com\/index.php?rest_route=\/wp\/v2\/posts\/3158\/revisions\/3161"}],"wp:attachment":[{"href":"https:\/\/nativainfo.com\/index.php?rest_route=%2Fwp%2Fv2%2Fmedia&parent=3158"}],"wp:term":[{"taxonomy":"category","embeddable":true,"href":"https:\/\/nativainfo.com\/index.php?rest_route=%2Fwp%2Fv2%2Fcategories&post=3158"},{"taxonomy":"post_tag","embeddable":true,"href":"https:\/\/nativainfo.com\/index.php?rest_route=%2Fwp%2Fv2%2Ftags&post=3158"}],"curies":[{"name":"wp","href":"https:\/\/api.w.org\/{rel}","templated":true}]}}