{"id":3153,"date":"2022-06-19T22:43:27","date_gmt":"2022-06-20T01:43:27","guid":{"rendered":"http:\/\/nativainfo.com\/?p=3153"},"modified":"2022-06-19T22:43:29","modified_gmt":"2022-06-20T01:43:29","slug":"petro-es-el-nuevo-presidente-de-colombia-la-izquierda-llega-al-gobierno-por-primera-vez","status":"publish","type":"post","link":"https:\/\/nativainfo.com\/?p=3153","title":{"rendered":"Petro es el nuevo presidente de Colombia: la izquierda llega al gobierno por primera vez"},"content":{"rendered":"\n<p><strong>Con una tendencia irreversible, el exalcalde de Bogota se convierte en el nuevo presidente electo de Colombia, con el 94% de las mesas informadas y una ventaja de casi 4 puntos.<\/strong><\/p>\n\n\n\n<figure class=\"wp-block-image size-large\"><img fetchpriority=\"high\" decoding=\"async\" width=\"900\" height=\"599\" src=\"http:\/\/nativainfo.com\/wp-content\/uploads\/2022\/06\/imagen_2022-06-19_224310562.png\" alt=\"\" class=\"wp-image-3156\" srcset=\"https:\/\/nativainfo.com\/wp-content\/uploads\/2022\/06\/imagen_2022-06-19_224310562.png 900w, https:\/\/nativainfo.com\/wp-content\/uploads\/2022\/06\/imagen_2022-06-19_224310562-300x200.png 300w, https:\/\/nativainfo.com\/wp-content\/uploads\/2022\/06\/imagen_2022-06-19_224310562-768x511.png 768w, https:\/\/nativainfo.com\/wp-content\/uploads\/2022\/06\/imagen_2022-06-19_224310562-526x350.png 526w, https:\/\/nativainfo.com\/wp-content\/uploads\/2022\/06\/imagen_2022-06-19_224310562-150x100.png 150w\" sizes=\"(max-width: 900px) 100vw, 900px\" \/><\/figure>\n\n\n\n<p>El candidato de izquierda Gustavo Petro, que encabez\u00f3 la f\u00f3rmula de Pacto Hist\u00f3rico y es acompa\u00f1ado por Francia M\u00e1rquez, se impuso este lunes &nbsp;en el balotaje por la presidencia de Colombia sobre el aspirante de derecha Rodolfo Hern\u00e1ndez por m\u00e1s de tres puntos, con el 99,57 por ciento de los votos escrutados.<\/p>\n\n\n\n<p>De esa manera, se dio paso al primer gobierno de izquierda y la primera mujer afrodescendiente en llegar a la vicepresidencia de Colombia.<\/p>\n","protected":false},"excerpt":{"rendered":"<p>Con una tendencia irreversible, el exalcalde de Bogota se convierte en el nuevo presidente electo de Colombia, con el 94%&#8230; <a class=\"continue-reading-link\" href=\"https:\/\/nativainfo.com\/?p=3153\">Continue reading<\/a><\/p>\n","protected":false},"author":1,"featured_media":0,"comment_status":"open","ping_status":"open","sticky":false,"template":"","format":"standard","meta":{"rop_custom_images_group":[],"rop_custom_messages_group":[],"rop_publish_now":"initial","rop_publish_now_accounts":[],"rop_publish_now_history":[],"rop_publish_now_status":"pending","footnotes":"","jetpack_publicize_message":"","jetpack_publicize_feature_enabled":true,"jetpack_social_post_already_shared":false,"jetpack_social_options":{"image_generator_settings":{"template":"highway","default_image_id":0,"font":"","enabled":false},"version":2}},"categories":[36],"tags":[],"class_list":["post-3153","post","type-post","status-publish","format-standard","hentry","category-politica"],"yoast_head":"<!-- This site is optimized with the Yoast SEO plugin v25.6 - https:\/\/yoast.com\/wordpress\/plugins\/seo\/ -->\n<title>Petro es el nuevo presidente de Colombia: la izquierda llega al gobierno por primera vez - Nativa Info<\/title>\n<meta name=\"robots\" content=\"index, follow, max-snippet:-1, max-image-preview:large, max-video-preview:-1\" \/>\n<link rel=\"canonical\" href=\"https:\/\/nativainfo.com\/?p=3153\" \/>\n<meta property=\"og:locale\" content=\"es_ES\" \/>\n<meta property=\"og:type\" content=\"article\" \/>\n<meta property=\"og:title\" content=\"Petro es el nuevo presidente de Colombia: la izquierda llega al gobierno por primera vez - Nativa Info\" \/>\n<meta property=\"og:description\" content=\"Con una tendencia irreversible, el exalcalde de Bogota se convierte en el nuevo presidente electo de Colombia, con el 94%... Continue reading\" \/>\n<meta property=\"og:url\" content=\"https:\/\/nativainfo.com\/?p=3153\" \/>\n<meta property=\"og:site_name\" content=\"Nativa Info\" \/>\n<meta property=\"article:publisher\" content=\"https:\/\/www.facebook.com\/profile.php?id=61578881597564\" \/>\n<meta property=\"article:published_time\" content=\"2022-06-20T01:43:27+00:00\" \/>\n<meta property=\"article:modified_time\" content=\"2022-06-20T01:43:29+00:00\" \/>\n<meta property=\"og:image\" content=\"http:\/\/nativainfo.com\/wp-content\/uploads\/2022\/06\/imagen_2022-06-19_224310562.png\" \/>\n<meta name=\"author\" content=\"Nativa Info\" \/>\n<meta name=\"twitter:card\" content=\"summary_large_image\" \/>\n<meta name=\"twitter:label1\" content=\"Escrito por\" \/>\n\t<meta name=\"twitter:data1\" content=\"Nativa Info\" \/>\n\t<meta name=\"twitter:label2\" content=\"Tiempo de lectura\" \/>\n\t<meta name=\"twitter:data2\" content=\"1 minuto\" \/>\n<script type=\"application\/ld+json\" class=\"yoast-schema-graph\">{\"@context\":\"https:\/\/schema.org\",\"@graph\":[{\"@type\":\"Article\",\"@id\":\"https:\/\/nativainfo.com\/?p=3153#article\",\"isPartOf\":{\"@id\":\"https:\/\/nativainfo.com\/?p=3153\"},\"author\":{\"name\":\"Nativa Info\",\"@id\":\"https:\/\/nativainfo.com\/#\/schema\/person\/24893b64a9cd564ddb5d102d36eb4b5c\"},\"headline\":\"Petro es el nuevo presidente de Colombia: la izquierda llega al gobierno por primera vez\",\"datePublished\":\"2022-06-20T01:43:27+00:00\",\"dateModified\":\"2022-06-20T01:43:29+00:00\",\"mainEntityOfPage\":{\"@id\":\"https:\/\/nativainfo.com\/?p=3153\"},\"wordCount\":125,\"commentCount\":0,\"publisher\":{\"@id\":\"https:\/\/nativainfo.com\/#organization\"},\"image\":{\"@id\":\"https:\/\/nativainfo.com\/?p=3153#primaryimage\"},\"thumbnailUrl\":\"http:\/\/nativainfo.com\/wp-content\/uploads\/2022\/06\/imagen_2022-06-19_224310562.png\",\"articleSection\":[\"Pol\u00edtica\"],\"inLanguage\":\"es-AR\",\"potentialAction\":[{\"@type\":\"CommentAction\",\"name\":\"Comment\",\"target\":[\"https:\/\/nativainfo.com\/?p=3153#respond\"]}]},{\"@type\":\"WebPage\",\"@id\":\"https:\/\/nativainfo.com\/?p=3153\",\"url\":\"https:\/\/nativainfo.com\/?p=3153\",\"name\":\"Petro es el nuevo presidente de Colombia: la izquierda llega al gobierno por primera vez - Nativa Info\",\"isPartOf\":{\"@id\":\"https:\/\/nativainfo.com\/#website\"},\"primaryImageOfPage\":{\"@id\":\"https:\/\/nativainfo.com\/?p=3153#primaryimage\"},\"image\":{\"@id\":\"https:\/\/nativainfo.com\/?p=3153#primaryimage\"},\"thumbnailUrl\":\"http:\/\/nativainfo.com\/wp-content\/uploads\/2022\/06\/imagen_2022-06-19_224310562.png\",\"datePublished\":\"2022-06-20T01:43:27+00:00\",\"dateModified\":\"2022-06-20T01:43:29+00:00\",\"breadcrumb\":{\"@id\":\"https:\/\/nativainfo.com\/?p=3153#breadcrumb\"},\"inLanguage\":\"es-AR\",\"potentialAction\":[{\"@type\":\"ReadAction\",\"target\":[\"https:\/\/nativainfo.com\/?p=3153\"]}]},{\"@type\":\"ImageObject\",\"inLanguage\":\"es-AR\",\"@id\":\"https:\/\/nativainfo.com\/?p=3153#primaryimage\",\"url\":\"https:\/\/nativainfo.com\/wp-content\/uploads\/2022\/06\/imagen_2022-06-19_224310562.png\",\"contentUrl\":\"https:\/\/nativainfo.com\/wp-content\/uploads\/2022\/06\/imagen_2022-06-19_224310562.png\",\"width\":900,\"height\":599},{\"@type\":\"BreadcrumbList\",\"@id\":\"https:\/\/nativainfo.com\/?p=3153#breadcrumb\",\"itemListElement\":[{\"@type\":\"ListItem\",\"position\":1,\"name\":\"Inicio\",\"item\":\"https:\/\/nativainfo.com\/\"},{\"@type\":\"ListItem\",\"position\":2,\"name\":\"Petro es el nuevo presidente de Colombia: la izquierda llega al gobierno por primera vez\"}]},{\"@type\":\"WebSite\",\"@id\":\"https:\/\/nativainfo.com\/#website\",\"url\":\"https:\/\/nativainfo.com\/\",\"name\":\"Nativa Info\",\"description\":\"Diario Digital\",\"publisher\":{\"@id\":\"https:\/\/nativainfo.com\/#organization\"},\"potentialAction\":[{\"@type\":\"SearchAction\",\"target\":{\"@type\":\"EntryPoint\",\"urlTemplate\":\"https:\/\/nativainfo.com\/?s={search_term_string}\"},\"query-input\":{\"@type\":\"PropertyValueSpecification\",\"valueRequired\":true,\"valueName\":\"search_term_string\"}}],\"inLanguage\":\"es-AR\"},{\"@type\":\"Organization\",\"@id\":\"https:\/\/nativainfo.com\/#organization\",\"name\":\"Nativa Info\",\"url\":\"https:\/\/nativainfo.com\/\",\"logo\":{\"@type\":\"ImageObject\",\"inLanguage\":\"es-AR\",\"@id\":\"https:\/\/nativainfo.com\/#\/schema\/logo\/image\/\",\"url\":\"https:\/\/nativainfo.com\/wp-content\/uploads\/2025\/08\/LOGO-NATIVA-FACE.jpg\",\"contentUrl\":\"https:\/\/nativainfo.com\/wp-content\/uploads\/2025\/08\/LOGO-NATIVA-FACE.jpg\",\"width\":400,\"height\":400,\"caption\":\"Nativa Info\"},\"image\":{\"@id\":\"https:\/\/nativainfo.com\/#\/schema\/logo\/image\/\"},\"sameAs\":[\"https:\/\/www.facebook.com\/profile.php?id=61578881597564\"]},{\"@type\":\"Person\",\"@id\":\"https:\/\/nativainfo.com\/#\/schema\/person\/24893b64a9cd564ddb5d102d36eb4b5c\",\"name\":\"Nativa Info\",\"image\":{\"@type\":\"ImageObject\",\"inLanguage\":\"es-AR\",\"@id\":\"https:\/\/nativainfo.com\/#\/schema\/person\/image\/\",\"url\":\"https:\/\/secure.gravatar.com\/avatar\/016fa1cf068d85136d938e1507b9b619cb766e2565cbb1faa1e571762460c785?s=96&d=mm&r=g\",\"contentUrl\":\"https:\/\/secure.gravatar.com\/avatar\/016fa1cf068d85136d938e1507b9b619cb766e2565cbb1faa1e571762460c785?s=96&d=mm&r=g\",\"caption\":\"Nativa Info\"},\"sameAs\":[\"http:\/\/nativainfo.com\"],\"url\":\"https:\/\/nativainfo.com\/?author=1\"}]}<\/script>\n<!-- \/ Yoast SEO plugin. -->","yoast_head_json":{"title":"Petro es el nuevo presidente de Colombia: la izquierda llega al gobierno por primera vez - Nativa Info","robots":{"index":"index","follow":"follow","max-snippet":"max-snippet:-1","max-image-preview":"max-image-preview:large","max-video-preview":"max-video-preview:-1"},"canonical":"https:\/\/nativainfo.com\/?p=3153","og_locale":"es_ES","og_type":"article","og_title":"Petro es el nuevo presidente de Colombia: la izquierda llega al gobierno por primera vez - Nativa Info","og_description":"Con una tendencia irreversible, el exalcalde de Bogota se convierte en el nuevo presidente electo de Colombia, con el 94%... Continue reading","og_url":"https:\/\/nativainfo.com\/?p=3153","og_site_name":"Nativa Info","article_publisher":"https:\/\/www.facebook.com\/profile.php?id=61578881597564","article_published_time":"2022-06-20T01:43:27+00:00","article_modified_time":"2022-06-20T01:43:29+00:00","og_image":[{"url":"http:\/\/nativainfo.com\/wp-content\/uploads\/2022\/06\/imagen_2022-06-19_224310562.png","type":"","width":"","height":""}],"author":"Nativa Info","twitter_card":"summary_large_image","twitter_misc":{"Escrito por":"Nativa Info","Tiempo de lectura":"1 minuto"},"schema":{"@context":"https:\/\/schema.org","@graph":[{"@type":"Article","@id":"https:\/\/nativainfo.com\/?p=3153#article","isPartOf":{"@id":"https:\/\/nativainfo.com\/?p=3153"},"author":{"name":"Nativa Info","@id":"https:\/\/nativainfo.com\/#\/schema\/person\/24893b64a9cd564ddb5d102d36eb4b5c"},"headline":"Petro es el nuevo presidente de Colombia: la izquierda llega al gobierno por primera vez","datePublished":"2022-06-20T01:43:27+00:00","dateModified":"2022-06-20T01:43:29+00:00","mainEntityOfPage":{"@id":"https:\/\/nativainfo.com\/?p=3153"},"wordCount":125,"commentCount":0,"publisher":{"@id":"https:\/\/nativainfo.com\/#organization"},"image":{"@id":"https:\/\/nativainfo.com\/?p=3153#primaryimage"},"thumbnailUrl":"http:\/\/nativainfo.com\/wp-content\/uploads\/2022\/06\/imagen_2022-06-19_224310562.png","articleSection":["Pol\u00edtica"],"inLanguage":"es-AR","potentialAction":[{"@type":"CommentAction","name":"Comment","target":["https:\/\/nativainfo.com\/?p=3153#respond"]}]},{"@type":"WebPage","@id":"https:\/\/nativainfo.com\/?p=3153","url":"https:\/\/nativainfo.com\/?p=3153","name":"Petro es el nuevo presidente de Colombia: la izquierda llega al gobierno por primera vez - Nativa Info","isPartOf":{"@id":"https:\/\/nativainfo.com\/#website"},"primaryImageOfPage":{"@id":"https:\/\/nativainfo.com\/?p=3153#primaryimage"},"image":{"@id":"https:\/\/nativainfo.com\/?p=3153#primaryimage"},"thumbnailUrl":"http:\/\/nativainfo.com\/wp-content\/uploads\/2022\/06\/imagen_2022-06-19_224310562.png","datePublished":"2022-06-20T01:43:27+00:00","dateModified":"2022-06-20T01:43:29+00:00","breadcrumb":{"@id":"https:\/\/nativainfo.com\/?p=3153#breadcrumb"},"inLanguage":"es-AR","potentialAction":[{"@type":"ReadAction","target":["https:\/\/nativainfo.com\/?p=3153"]}]},{"@type":"ImageObject","inLanguage":"es-AR","@id":"https:\/\/nativainfo.com\/?p=3153#primaryimage","url":"https:\/\/nativainfo.com\/wp-content\/uploads\/2022\/06\/imagen_2022-06-19_224310562.png","contentUrl":"https:\/\/nativainfo.com\/wp-content\/uploads\/2022\/06\/imagen_2022-06-19_224310562.png","width":900,"height":599},{"@type":"BreadcrumbList","@id":"https:\/\/nativainfo.com\/?p=3153#breadcrumb","itemListElement":[{"@type":"ListItem","position":1,"name":"Inicio","item":"https:\/\/nativainfo.com\/"},{"@type":"ListItem","position":2,"name":"Petro es el nuevo presidente de Colombia: la izquierda llega al gobierno por primera vez"}]},{"@type":"WebSite","@id":"https:\/\/nativainfo.com\/#website","url":"https:\/\/nativainfo.com\/","name":"Nativa Info","description":"Diario Digital","publisher":{"@id":"https:\/\/nativainfo.com\/#organization"},"potentialAction":[{"@type":"SearchAction","target":{"@type":"EntryPoint","urlTemplate":"https:\/\/nativainfo.com\/?s={search_term_string}"},"query-input":{"@type":"PropertyValueSpecification","valueRequired":true,"valueName":"search_term_string"}}],"inLanguage":"es-AR"},{"@type":"Organization","@id":"https:\/\/nativainfo.com\/#organization","name":"Nativa Info","url":"https:\/\/nativainfo.com\/","logo":{"@type":"ImageObject","inLanguage":"es-AR","@id":"https:\/\/nativainfo.com\/#\/schema\/logo\/image\/","url":"https:\/\/nativainfo.com\/wp-content\/uploads\/2025\/08\/LOGO-NATIVA-FACE.jpg","contentUrl":"https:\/\/nativainfo.com\/wp-content\/uploads\/2025\/08\/LOGO-NATIVA-FACE.jpg","width":400,"height":400,"caption":"Nativa Info"},"image":{"@id":"https:\/\/nativainfo.com\/#\/schema\/logo\/image\/"},"sameAs":["https:\/\/www.facebook.com\/profile.php?id=61578881597564"]},{"@type":"Person","@id":"https:\/\/nativainfo.com\/#\/schema\/person\/24893b64a9cd564ddb5d102d36eb4b5c","name":"Nativa Info","image":{"@type":"ImageObject","inLanguage":"es-AR","@id":"https:\/\/nativainfo.com\/#\/schema\/person\/image\/","url":"https:\/\/secure.gravatar.com\/avatar\/016fa1cf068d85136d938e1507b9b619cb766e2565cbb1faa1e571762460c785?s=96&d=mm&r=g","contentUrl":"https:\/\/secure.gravatar.com\/avatar\/016fa1cf068d85136d938e1507b9b619cb766e2565cbb1faa1e571762460c785?s=96&d=mm&r=g","caption":"Nativa Info"},"sameAs":["http:\/\/nativainfo.com"],"url":"https:\/\/nativainfo.com\/?author=1"}]}},"jetpack_publicize_connections":[],"_links":{"self":[{"href":"https:\/\/nativainfo.com\/index.php?rest_route=\/wp\/v2\/posts\/3153","targetHints":{"allow":["GET"]}}],"collection":[{"href":"https:\/\/nativainfo.com\/index.php?rest_route=\/wp\/v2\/posts"}],"about":[{"href":"https:\/\/nativainfo.com\/index.php?rest_route=\/wp\/v2\/types\/post"}],"author":[{"embeddable":true,"href":"https:\/\/nativainfo.com\/index.php?rest_route=\/wp\/v2\/users\/1"}],"replies":[{"embeddable":true,"href":"https:\/\/nativainfo.com\/index.php?rest_route=%2Fwp%2Fv2%2Fcomments&post=3153"}],"version-history":[{"count":1,"href":"https:\/\/nativainfo.com\/index.php?rest_route=\/wp\/v2\/posts\/3153\/revisions"}],"predecessor-version":[{"id":3157,"href":"https:\/\/nativainfo.com\/index.php?rest_route=\/wp\/v2\/posts\/3153\/revisions\/3157"}],"wp:attachment":[{"href":"https:\/\/nativainfo.com\/index.php?rest_route=%2Fwp%2Fv2%2Fmedia&parent=3153"}],"wp:term":[{"taxonomy":"category","embeddable":true,"href":"https:\/\/nativainfo.com\/index.php?rest_route=%2Fwp%2Fv2%2Fcategories&post=3153"},{"taxonomy":"post_tag","embeddable":true,"href":"https:\/\/nativainfo.com\/index.php?rest_route=%2Fwp%2Fv2%2Ftags&post=3153"}],"curies":[{"name":"wp","href":"https:\/\/api.w.org\/{rel}","templated":true}]}}