{"id":3121,"date":"2022-06-08T01:46:12","date_gmt":"2022-06-08T04:46:12","guid":{"rendered":"http:\/\/nativainfo.com\/?p=3121"},"modified":"2022-06-08T01:46:14","modified_gmt":"2022-06-08T04:46:14","slug":"fito-paez-confirma-fechas-de-su-gira-el-amor-30-anos-despues-del-amor-tour","status":"publish","type":"post","link":"https:\/\/nativainfo.com\/?p=3121","title":{"rendered":"Fito P\u00e1ez confirma fechas de su gira &#8220;El amor 30 a\u00f1os despu\u00e9s del amor tour&#8221;"},"content":{"rendered":"\n<figure class=\"wp-block-image size-large\"><img fetchpriority=\"high\" decoding=\"async\" width=\"960\" height=\"640\" src=\"http:\/\/nativainfo.com\/wp-content\/uploads\/2022\/06\/imagen_2022-06-08_014559232.png\" alt=\"\" class=\"wp-image-3123\" srcset=\"https:\/\/nativainfo.com\/wp-content\/uploads\/2022\/06\/imagen_2022-06-08_014559232.png 960w, https:\/\/nativainfo.com\/wp-content\/uploads\/2022\/06\/imagen_2022-06-08_014559232-300x200.png 300w, https:\/\/nativainfo.com\/wp-content\/uploads\/2022\/06\/imagen_2022-06-08_014559232-768x512.png 768w, https:\/\/nativainfo.com\/wp-content\/uploads\/2022\/06\/imagen_2022-06-08_014559232-525x350.png 525w, https:\/\/nativainfo.com\/wp-content\/uploads\/2022\/06\/imagen_2022-06-08_014559232-150x100.png 150w\" sizes=\"(max-width: 960px) 100vw, 960px\" \/><\/figure>\n\n\n\n<p>Comenzar\u00e1 el 24 de septiembre en Plaza de la M\u00fasica en C\u00f3rdoba, continuar\u00e1 el 29 del mismo mes en el Movistar Arena de Buenos Aires, y abarcar\u00e1 Estados Unidos, Venezuela, Uruguay y Chile<\/p>\n\n\n\n<p>La serie de presentaciones del artista rosarino para celebrar el 30 aniversario del disco &#8220;El amor despu\u00e9s del amor&#8221;, lanzado en junio de 1992 y&nbsp;<strong>que se convirti\u00f3 en el m\u00e1s vendido de la historia del rock argentino, seguir\u00e1 en la Costa Este de Estados Unidos: el 6 de octubre en Orlando (Hard Rock Live), el 8 en Mami (James L. Knight Center) y el 9 en Nueva York (Radio City Music Hall).<\/strong><\/p>\n\n\n\n<p>Tambi\u00e9n est\u00e1n confirmadas las fechas en la ciudad venezolana de&nbsp;<strong>Caracas el 13 de octubre (Poliedro de Caracas), en las ciudades espa\u00f1olas de Madrid el 25 de octubre (Wizink Center) y Barcelona el 20 (Auditori Del Forum).<\/strong><\/p>\n\n\n\n<p>El&nbsp;<strong>25 de noviembre<\/strong>&nbsp;llegar\u00e1 a<strong>&nbsp;Antel Arena de Montevideo, Uruguay; el 12 de diciembre al Movistar Arena de Santiago de Chile (Chile). y el 8 de diciembre al Anfiteatro Municipal de Rosario.<\/strong><\/p>\n","protected":false},"excerpt":{"rendered":"<p>Comenzar\u00e1 el 24 de septiembre en Plaza de la M\u00fasica en C\u00f3rdoba, continuar\u00e1 el 29 del mismo mes en el&#8230; <a class=\"continue-reading-link\" href=\"https:\/\/nativainfo.com\/?p=3121\">Continue reading<\/a><\/p>\n","protected":false},"author":1,"featured_media":0,"comment_status":"open","ping_status":"open","sticky":false,"template":"","format":"standard","meta":{"rop_custom_images_group":[],"rop_custom_messages_group":[],"rop_publish_now":"initial","rop_publish_now_accounts":[],"rop_publish_now_history":[],"rop_publish_now_status":"pending","footnotes":"","jetpack_publicize_message":"","jetpack_publicize_feature_enabled":true,"jetpack_social_post_already_shared":false,"jetpack_social_options":{"image_generator_settings":{"template":"highway","default_image_id":0,"font":"","enabled":false},"version":2}},"categories":[7,8],"tags":[],"class_list":["post-3121","post","type-post","status-publish","format-standard","hentry","category-musica","category-noticias"],"yoast_head":"<!-- This site is optimized with the Yoast SEO plugin v25.6 - https:\/\/yoast.com\/wordpress\/plugins\/seo\/ -->\n<title>Fito P\u00e1ez confirma fechas de su gira &quot;El amor 30 a\u00f1os despu\u00e9s del amor tour&quot; - Nativa Info<\/title>\n<meta name=\"robots\" content=\"index, follow, max-snippet:-1, max-image-preview:large, max-video-preview:-1\" \/>\n<link rel=\"canonical\" href=\"https:\/\/nativainfo.com\/?p=3121\" \/>\n<meta property=\"og:locale\" content=\"es_ES\" \/>\n<meta property=\"og:type\" content=\"article\" \/>\n<meta property=\"og:title\" content=\"Fito P\u00e1ez confirma fechas de su gira &quot;El amor 30 a\u00f1os despu\u00e9s del amor tour&quot; - Nativa Info\" \/>\n<meta property=\"og:description\" content=\"Comenzar\u00e1 el 24 de septiembre en Plaza de la M\u00fasica en C\u00f3rdoba, continuar\u00e1 el 29 del mismo mes en el... Continue reading\" \/>\n<meta property=\"og:url\" content=\"https:\/\/nativainfo.com\/?p=3121\" \/>\n<meta property=\"og:site_name\" content=\"Nativa Info\" \/>\n<meta property=\"article:publisher\" content=\"https:\/\/www.facebook.com\/profile.php?id=61578881597564\" \/>\n<meta property=\"article:published_time\" content=\"2022-06-08T04:46:12+00:00\" \/>\n<meta property=\"article:modified_time\" content=\"2022-06-08T04:46:14+00:00\" \/>\n<meta property=\"og:image\" content=\"http:\/\/nativainfo.com\/wp-content\/uploads\/2022\/06\/imagen_2022-06-08_014559232.png\" \/>\n<meta name=\"author\" content=\"Nativa Info\" \/>\n<meta name=\"twitter:card\" content=\"summary_large_image\" \/>\n<meta name=\"twitter:label1\" content=\"Escrito por\" \/>\n\t<meta name=\"twitter:data1\" content=\"Nativa Info\" \/>\n\t<meta name=\"twitter:label2\" content=\"Tiempo de lectura\" \/>\n\t<meta name=\"twitter:data2\" content=\"1 minuto\" \/>\n<script type=\"application\/ld+json\" class=\"yoast-schema-graph\">{\"@context\":\"https:\/\/schema.org\",\"@graph\":[{\"@type\":\"Article\",\"@id\":\"https:\/\/nativainfo.com\/?p=3121#article\",\"isPartOf\":{\"@id\":\"https:\/\/nativainfo.com\/?p=3121\"},\"author\":{\"name\":\"Nativa Info\",\"@id\":\"https:\/\/nativainfo.com\/#\/schema\/person\/24893b64a9cd564ddb5d102d36eb4b5c\"},\"headline\":\"Fito P\u00e1ez confirma fechas de su gira &#8220;El amor 30 a\u00f1os despu\u00e9s del amor tour&#8221;\",\"datePublished\":\"2022-06-08T04:46:12+00:00\",\"dateModified\":\"2022-06-08T04:46:14+00:00\",\"mainEntityOfPage\":{\"@id\":\"https:\/\/nativainfo.com\/?p=3121\"},\"wordCount\":192,\"commentCount\":0,\"publisher\":{\"@id\":\"https:\/\/nativainfo.com\/#organization\"},\"image\":{\"@id\":\"https:\/\/nativainfo.com\/?p=3121#primaryimage\"},\"thumbnailUrl\":\"http:\/\/nativainfo.com\/wp-content\/uploads\/2022\/06\/imagen_2022-06-08_014559232.png\",\"articleSection\":[\"M\u00fasica\",\"Noticias\"],\"inLanguage\":\"es-AR\",\"potentialAction\":[{\"@type\":\"CommentAction\",\"name\":\"Comment\",\"target\":[\"https:\/\/nativainfo.com\/?p=3121#respond\"]}]},{\"@type\":\"WebPage\",\"@id\":\"https:\/\/nativainfo.com\/?p=3121\",\"url\":\"https:\/\/nativainfo.com\/?p=3121\",\"name\":\"Fito P\u00e1ez confirma fechas de su gira \\\"El amor 30 a\u00f1os despu\u00e9s del amor tour\\\" - Nativa Info\",\"isPartOf\":{\"@id\":\"https:\/\/nativainfo.com\/#website\"},\"primaryImageOfPage\":{\"@id\":\"https:\/\/nativainfo.com\/?p=3121#primaryimage\"},\"image\":{\"@id\":\"https:\/\/nativainfo.com\/?p=3121#primaryimage\"},\"thumbnailUrl\":\"http:\/\/nativainfo.com\/wp-content\/uploads\/2022\/06\/imagen_2022-06-08_014559232.png\",\"datePublished\":\"2022-06-08T04:46:12+00:00\",\"dateModified\":\"2022-06-08T04:46:14+00:00\",\"breadcrumb\":{\"@id\":\"https:\/\/nativainfo.com\/?p=3121#breadcrumb\"},\"inLanguage\":\"es-AR\",\"potentialAction\":[{\"@type\":\"ReadAction\",\"target\":[\"https:\/\/nativainfo.com\/?p=3121\"]}]},{\"@type\":\"ImageObject\",\"inLanguage\":\"es-AR\",\"@id\":\"https:\/\/nativainfo.com\/?p=3121#primaryimage\",\"url\":\"https:\/\/nativainfo.com\/wp-content\/uploads\/2022\/06\/imagen_2022-06-08_014559232.png\",\"contentUrl\":\"https:\/\/nativainfo.com\/wp-content\/uploads\/2022\/06\/imagen_2022-06-08_014559232.png\",\"width\":960,\"height\":640},{\"@type\":\"BreadcrumbList\",\"@id\":\"https:\/\/nativainfo.com\/?p=3121#breadcrumb\",\"itemListElement\":[{\"@type\":\"ListItem\",\"position\":1,\"name\":\"Inicio\",\"item\":\"https:\/\/nativainfo.com\/\"},{\"@type\":\"ListItem\",\"position\":2,\"name\":\"Fito P\u00e1ez confirma fechas de su gira &#8220;El amor 30 a\u00f1os despu\u00e9s del amor tour&#8221;\"}]},{\"@type\":\"WebSite\",\"@id\":\"https:\/\/nativainfo.com\/#website\",\"url\":\"https:\/\/nativainfo.com\/\",\"name\":\"Nativa Info\",\"description\":\"Diario Digital\",\"publisher\":{\"@id\":\"https:\/\/nativainfo.com\/#organization\"},\"potentialAction\":[{\"@type\":\"SearchAction\",\"target\":{\"@type\":\"EntryPoint\",\"urlTemplate\":\"https:\/\/nativainfo.com\/?s={search_term_string}\"},\"query-input\":{\"@type\":\"PropertyValueSpecification\",\"valueRequired\":true,\"valueName\":\"search_term_string\"}}],\"inLanguage\":\"es-AR\"},{\"@type\":\"Organization\",\"@id\":\"https:\/\/nativainfo.com\/#organization\",\"name\":\"Nativa Info\",\"url\":\"https:\/\/nativainfo.com\/\",\"logo\":{\"@type\":\"ImageObject\",\"inLanguage\":\"es-AR\",\"@id\":\"https:\/\/nativainfo.com\/#\/schema\/logo\/image\/\",\"url\":\"https:\/\/nativainfo.com\/wp-content\/uploads\/2025\/08\/LOGO-NATIVA-FACE.jpg\",\"contentUrl\":\"https:\/\/nativainfo.com\/wp-content\/uploads\/2025\/08\/LOGO-NATIVA-FACE.jpg\",\"width\":400,\"height\":400,\"caption\":\"Nativa Info\"},\"image\":{\"@id\":\"https:\/\/nativainfo.com\/#\/schema\/logo\/image\/\"},\"sameAs\":[\"https:\/\/www.facebook.com\/profile.php?id=61578881597564\"]},{\"@type\":\"Person\",\"@id\":\"https:\/\/nativainfo.com\/#\/schema\/person\/24893b64a9cd564ddb5d102d36eb4b5c\",\"name\":\"Nativa Info\",\"image\":{\"@type\":\"ImageObject\",\"inLanguage\":\"es-AR\",\"@id\":\"https:\/\/nativainfo.com\/#\/schema\/person\/image\/\",\"url\":\"https:\/\/secure.gravatar.com\/avatar\/016fa1cf068d85136d938e1507b9b619cb766e2565cbb1faa1e571762460c785?s=96&d=mm&r=g\",\"contentUrl\":\"https:\/\/secure.gravatar.com\/avatar\/016fa1cf068d85136d938e1507b9b619cb766e2565cbb1faa1e571762460c785?s=96&d=mm&r=g\",\"caption\":\"Nativa Info\"},\"sameAs\":[\"http:\/\/nativainfo.com\"],\"url\":\"https:\/\/nativainfo.com\/?author=1\"}]}<\/script>\n<!-- \/ Yoast SEO plugin. -->","yoast_head_json":{"title":"Fito P\u00e1ez confirma fechas de su gira \"El amor 30 a\u00f1os despu\u00e9s del amor tour\" - Nativa Info","robots":{"index":"index","follow":"follow","max-snippet":"max-snippet:-1","max-image-preview":"max-image-preview:large","max-video-preview":"max-video-preview:-1"},"canonical":"https:\/\/nativainfo.com\/?p=3121","og_locale":"es_ES","og_type":"article","og_title":"Fito P\u00e1ez confirma fechas de su gira \"El amor 30 a\u00f1os despu\u00e9s del amor tour\" - Nativa Info","og_description":"Comenzar\u00e1 el 24 de septiembre en Plaza de la M\u00fasica en C\u00f3rdoba, continuar\u00e1 el 29 del mismo mes en el... Continue reading","og_url":"https:\/\/nativainfo.com\/?p=3121","og_site_name":"Nativa Info","article_publisher":"https:\/\/www.facebook.com\/profile.php?id=61578881597564","article_published_time":"2022-06-08T04:46:12+00:00","article_modified_time":"2022-06-08T04:46:14+00:00","og_image":[{"url":"http:\/\/nativainfo.com\/wp-content\/uploads\/2022\/06\/imagen_2022-06-08_014559232.png","type":"","width":"","height":""}],"author":"Nativa Info","twitter_card":"summary_large_image","twitter_misc":{"Escrito por":"Nativa Info","Tiempo de lectura":"1 minuto"},"schema":{"@context":"https:\/\/schema.org","@graph":[{"@type":"Article","@id":"https:\/\/nativainfo.com\/?p=3121#article","isPartOf":{"@id":"https:\/\/nativainfo.com\/?p=3121"},"author":{"name":"Nativa Info","@id":"https:\/\/nativainfo.com\/#\/schema\/person\/24893b64a9cd564ddb5d102d36eb4b5c"},"headline":"Fito P\u00e1ez confirma fechas de su gira &#8220;El amor 30 a\u00f1os despu\u00e9s del amor tour&#8221;","datePublished":"2022-06-08T04:46:12+00:00","dateModified":"2022-06-08T04:46:14+00:00","mainEntityOfPage":{"@id":"https:\/\/nativainfo.com\/?p=3121"},"wordCount":192,"commentCount":0,"publisher":{"@id":"https:\/\/nativainfo.com\/#organization"},"image":{"@id":"https:\/\/nativainfo.com\/?p=3121#primaryimage"},"thumbnailUrl":"http:\/\/nativainfo.com\/wp-content\/uploads\/2022\/06\/imagen_2022-06-08_014559232.png","articleSection":["M\u00fasica","Noticias"],"inLanguage":"es-AR","potentialAction":[{"@type":"CommentAction","name":"Comment","target":["https:\/\/nativainfo.com\/?p=3121#respond"]}]},{"@type":"WebPage","@id":"https:\/\/nativainfo.com\/?p=3121","url":"https:\/\/nativainfo.com\/?p=3121","name":"Fito P\u00e1ez confirma fechas de su gira \"El amor 30 a\u00f1os despu\u00e9s del amor tour\" - Nativa Info","isPartOf":{"@id":"https:\/\/nativainfo.com\/#website"},"primaryImageOfPage":{"@id":"https:\/\/nativainfo.com\/?p=3121#primaryimage"},"image":{"@id":"https:\/\/nativainfo.com\/?p=3121#primaryimage"},"thumbnailUrl":"http:\/\/nativainfo.com\/wp-content\/uploads\/2022\/06\/imagen_2022-06-08_014559232.png","datePublished":"2022-06-08T04:46:12+00:00","dateModified":"2022-06-08T04:46:14+00:00","breadcrumb":{"@id":"https:\/\/nativainfo.com\/?p=3121#breadcrumb"},"inLanguage":"es-AR","potentialAction":[{"@type":"ReadAction","target":["https:\/\/nativainfo.com\/?p=3121"]}]},{"@type":"ImageObject","inLanguage":"es-AR","@id":"https:\/\/nativainfo.com\/?p=3121#primaryimage","url":"https:\/\/nativainfo.com\/wp-content\/uploads\/2022\/06\/imagen_2022-06-08_014559232.png","contentUrl":"https:\/\/nativainfo.com\/wp-content\/uploads\/2022\/06\/imagen_2022-06-08_014559232.png","width":960,"height":640},{"@type":"BreadcrumbList","@id":"https:\/\/nativainfo.com\/?p=3121#breadcrumb","itemListElement":[{"@type":"ListItem","position":1,"name":"Inicio","item":"https:\/\/nativainfo.com\/"},{"@type":"ListItem","position":2,"name":"Fito P\u00e1ez confirma fechas de su gira &#8220;El amor 30 a\u00f1os despu\u00e9s del amor tour&#8221;"}]},{"@type":"WebSite","@id":"https:\/\/nativainfo.com\/#website","url":"https:\/\/nativainfo.com\/","name":"Nativa Info","description":"Diario Digital","publisher":{"@id":"https:\/\/nativainfo.com\/#organization"},"potentialAction":[{"@type":"SearchAction","target":{"@type":"EntryPoint","urlTemplate":"https:\/\/nativainfo.com\/?s={search_term_string}"},"query-input":{"@type":"PropertyValueSpecification","valueRequired":true,"valueName":"search_term_string"}}],"inLanguage":"es-AR"},{"@type":"Organization","@id":"https:\/\/nativainfo.com\/#organization","name":"Nativa Info","url":"https:\/\/nativainfo.com\/","logo":{"@type":"ImageObject","inLanguage":"es-AR","@id":"https:\/\/nativainfo.com\/#\/schema\/logo\/image\/","url":"https:\/\/nativainfo.com\/wp-content\/uploads\/2025\/08\/LOGO-NATIVA-FACE.jpg","contentUrl":"https:\/\/nativainfo.com\/wp-content\/uploads\/2025\/08\/LOGO-NATIVA-FACE.jpg","width":400,"height":400,"caption":"Nativa Info"},"image":{"@id":"https:\/\/nativainfo.com\/#\/schema\/logo\/image\/"},"sameAs":["https:\/\/www.facebook.com\/profile.php?id=61578881597564"]},{"@type":"Person","@id":"https:\/\/nativainfo.com\/#\/schema\/person\/24893b64a9cd564ddb5d102d36eb4b5c","name":"Nativa Info","image":{"@type":"ImageObject","inLanguage":"es-AR","@id":"https:\/\/nativainfo.com\/#\/schema\/person\/image\/","url":"https:\/\/secure.gravatar.com\/avatar\/016fa1cf068d85136d938e1507b9b619cb766e2565cbb1faa1e571762460c785?s=96&d=mm&r=g","contentUrl":"https:\/\/secure.gravatar.com\/avatar\/016fa1cf068d85136d938e1507b9b619cb766e2565cbb1faa1e571762460c785?s=96&d=mm&r=g","caption":"Nativa Info"},"sameAs":["http:\/\/nativainfo.com"],"url":"https:\/\/nativainfo.com\/?author=1"}]}},"jetpack_publicize_connections":[],"_links":{"self":[{"href":"https:\/\/nativainfo.com\/index.php?rest_route=\/wp\/v2\/posts\/3121","targetHints":{"allow":["GET"]}}],"collection":[{"href":"https:\/\/nativainfo.com\/index.php?rest_route=\/wp\/v2\/posts"}],"about":[{"href":"https:\/\/nativainfo.com\/index.php?rest_route=\/wp\/v2\/types\/post"}],"author":[{"embeddable":true,"href":"https:\/\/nativainfo.com\/index.php?rest_route=\/wp\/v2\/users\/1"}],"replies":[{"embeddable":true,"href":"https:\/\/nativainfo.com\/index.php?rest_route=%2Fwp%2Fv2%2Fcomments&post=3121"}],"version-history":[{"count":1,"href":"https:\/\/nativainfo.com\/index.php?rest_route=\/wp\/v2\/posts\/3121\/revisions"}],"predecessor-version":[{"id":3124,"href":"https:\/\/nativainfo.com\/index.php?rest_route=\/wp\/v2\/posts\/3121\/revisions\/3124"}],"wp:attachment":[{"href":"https:\/\/nativainfo.com\/index.php?rest_route=%2Fwp%2Fv2%2Fmedia&parent=3121"}],"wp:term":[{"taxonomy":"category","embeddable":true,"href":"https:\/\/nativainfo.com\/index.php?rest_route=%2Fwp%2Fv2%2Fcategories&post=3121"},{"taxonomy":"post_tag","embeddable":true,"href":"https:\/\/nativainfo.com\/index.php?rest_route=%2Fwp%2Fv2%2Ftags&post=3121"}],"curies":[{"name":"wp","href":"https:\/\/api.w.org\/{rel}","templated":true}]}}