{"id":305,"date":"2020-07-09T22:25:17","date_gmt":"2020-07-10T01:25:17","guid":{"rendered":"http:\/\/nativainfo.com\/?p=305"},"modified":"2020-07-09T22:25:17","modified_gmt":"2020-07-10T01:25:17","slug":"el-comienzo-de-la-liga-nacional-de-basquet-tiene-fecha-confirmada","status":"publish","type":"post","link":"https:\/\/nativainfo.com\/?p=305","title":{"rendered":"El comienzo de la Liga Nacional de B\u00e1squet tiene fecha confirmada"},"content":{"rendered":"\n<p>Una vez lograda la autorizaci\u00f3n del Gobierno, la directiva del b\u00e1squetbol establecer\u00e1 el d\u00eda y la sede del partido inaugural de la pr\u00f3xima temporada<\/p>\n\n\n\n<figure class=\"wp-block-image size-large\"><img fetchpriority=\"high\" decoding=\"async\" width=\"715\" height=\"402\" src=\"http:\/\/nativainfo.com\/wp-content\/uploads\/2020\/07\/quimsa.jpg\" alt=\"\" class=\"wp-image-306\" srcset=\"https:\/\/nativainfo.com\/wp-content\/uploads\/2020\/07\/quimsa.jpg 715w, https:\/\/nativainfo.com\/wp-content\/uploads\/2020\/07\/quimsa-300x169.jpg 300w, https:\/\/nativainfo.com\/wp-content\/uploads\/2020\/07\/quimsa-623x350.jpg 623w, https:\/\/nativainfo.com\/wp-content\/uploads\/2020\/07\/quimsa-150x84.jpg 150w\" sizes=\"(max-width: 715px) 100vw, 715px\" \/><\/figure>\n\n\n\n<p><strong>Tras realizar diferentes reuniones con todos los clubes de la\u00a0<strong>Liga Nacional, la Mesa Ejecutiva de AdC<\/strong>\u00a0inform\u00f3 que se estableci\u00f3 para<strong>\u00a0octubre de 2020<\/strong>\u00a0el comienzo de la\u00a0<strong>nueva temporada.<\/strong><\/strong><\/p>\n\n\n\n<p>El presidente santiague\u00f1o de\u00a0<strong>AdC<\/strong>,\u00a0<strong>Gerardo Montenegro<\/strong>, se\u00f1al\u00f3:\u00a0<strong>\u201cNuestros clubes siguen trabajando para comenzar la temporada 2020\/21, sin descuidar la situaci\u00f3n sanitaria del pa\u00eds. Estaremos en los pr\u00f3ximos d\u00edas charlando con el Ministro de Turismo y Deportes, Mat\u00edas Lammens. Nuestra propuesta ser\u00e1 encontrar la aprobaci\u00f3n para comenzar a practicar y que La Liga comience durante el mes de octubre. Seguimos construyendo en camino del dialogo junto a todos los clubes, y el Comit\u00e9 de Crisis AdC &#8211; CABB\u201d.<\/strong><\/p>\n\n\n\n<p>-Fuente: DiarioPanorama-<\/p>\n","protected":false},"excerpt":{"rendered":"<p>Una vez lograda la autorizaci\u00f3n del Gobierno, la directiva del b\u00e1squetbol establecer\u00e1 el d\u00eda y la sede del partido inaugural&#8230; <a class=\"continue-reading-link\" href=\"https:\/\/nativainfo.com\/?p=305\">Continue reading<\/a><\/p>\n","protected":false},"author":3,"featured_media":0,"comment_status":"open","ping_status":"open","sticky":false,"template":"","format":"standard","meta":{"rop_custom_images_group":[],"rop_custom_messages_group":[],"rop_publish_now":"initial","rop_publish_now_accounts":[],"rop_publish_now_history":[],"rop_publish_now_status":"pending","footnotes":"","jetpack_publicize_message":"","jetpack_publicize_feature_enabled":true,"jetpack_social_post_already_shared":false,"jetpack_social_options":{"image_generator_settings":{"template":"highway","default_image_id":0,"font":"","enabled":false},"version":2}},"categories":[10,9,12],"tags":[],"class_list":["post-305","post","type-post","status-publish","format-standard","hentry","category-deportes","category-pais","category-provincia"],"yoast_head":"<!-- This site is optimized with the Yoast SEO plugin v25.6 - https:\/\/yoast.com\/wordpress\/plugins\/seo\/ -->\n<title>El comienzo de la Liga Nacional de B\u00e1squet tiene fecha confirmada - Nativa Info<\/title>\n<meta name=\"robots\" content=\"index, follow, max-snippet:-1, max-image-preview:large, max-video-preview:-1\" \/>\n<link rel=\"canonical\" href=\"https:\/\/nativainfo.com\/?p=305\" \/>\n<meta property=\"og:locale\" content=\"es_ES\" \/>\n<meta property=\"og:type\" content=\"article\" \/>\n<meta property=\"og:title\" content=\"El comienzo de la Liga Nacional de B\u00e1squet tiene fecha confirmada - Nativa Info\" \/>\n<meta property=\"og:description\" content=\"Una vez lograda la autorizaci\u00f3n del Gobierno, la directiva del b\u00e1squetbol establecer\u00e1 el d\u00eda y la sede del partido inaugural... Continue reading\" \/>\n<meta property=\"og:url\" content=\"https:\/\/nativainfo.com\/?p=305\" \/>\n<meta property=\"og:site_name\" content=\"Nativa Info\" \/>\n<meta property=\"article:publisher\" content=\"https:\/\/www.facebook.com\/profile.php?id=61578881597564\" \/>\n<meta property=\"article:published_time\" content=\"2020-07-10T01:25:17+00:00\" \/>\n<meta property=\"og:image\" content=\"http:\/\/nativainfo.com\/wp-content\/uploads\/2020\/07\/quimsa.jpg\" \/>\n<meta name=\"author\" content=\"Santiago Yocca\" \/>\n<meta name=\"twitter:card\" content=\"summary_large_image\" \/>\n<meta name=\"twitter:label1\" content=\"Escrito por\" \/>\n\t<meta name=\"twitter:data1\" content=\"Santiago Yocca\" \/>\n\t<meta name=\"twitter:label2\" content=\"Tiempo de lectura\" \/>\n\t<meta name=\"twitter:data2\" content=\"1 minuto\" \/>\n<script type=\"application\/ld+json\" class=\"yoast-schema-graph\">{\"@context\":\"https:\/\/schema.org\",\"@graph\":[{\"@type\":\"Article\",\"@id\":\"https:\/\/nativainfo.com\/?p=305#article\",\"isPartOf\":{\"@id\":\"https:\/\/nativainfo.com\/?p=305\"},\"author\":{\"name\":\"Santiago Yocca\",\"@id\":\"https:\/\/nativainfo.com\/#\/schema\/person\/290e0ad5981c54e50e456539865cc684\"},\"headline\":\"El comienzo de la Liga Nacional de B\u00e1squet tiene fecha confirmada\",\"datePublished\":\"2020-07-10T01:25:17+00:00\",\"mainEntityOfPage\":{\"@id\":\"https:\/\/nativainfo.com\/?p=305\"},\"wordCount\":157,\"commentCount\":0,\"publisher\":{\"@id\":\"https:\/\/nativainfo.com\/#organization\"},\"image\":{\"@id\":\"https:\/\/nativainfo.com\/?p=305#primaryimage\"},\"thumbnailUrl\":\"http:\/\/nativainfo.com\/wp-content\/uploads\/2020\/07\/quimsa.jpg\",\"articleSection\":[\"Deportes\",\"Pa\u00eds\",\"Provincia\"],\"inLanguage\":\"es-AR\",\"potentialAction\":[{\"@type\":\"CommentAction\",\"name\":\"Comment\",\"target\":[\"https:\/\/nativainfo.com\/?p=305#respond\"]}]},{\"@type\":\"WebPage\",\"@id\":\"https:\/\/nativainfo.com\/?p=305\",\"url\":\"https:\/\/nativainfo.com\/?p=305\",\"name\":\"El comienzo de la Liga Nacional de B\u00e1squet tiene fecha confirmada - Nativa Info\",\"isPartOf\":{\"@id\":\"https:\/\/nativainfo.com\/#website\"},\"primaryImageOfPage\":{\"@id\":\"https:\/\/nativainfo.com\/?p=305#primaryimage\"},\"image\":{\"@id\":\"https:\/\/nativainfo.com\/?p=305#primaryimage\"},\"thumbnailUrl\":\"http:\/\/nativainfo.com\/wp-content\/uploads\/2020\/07\/quimsa.jpg\",\"datePublished\":\"2020-07-10T01:25:17+00:00\",\"breadcrumb\":{\"@id\":\"https:\/\/nativainfo.com\/?p=305#breadcrumb\"},\"inLanguage\":\"es-AR\",\"potentialAction\":[{\"@type\":\"ReadAction\",\"target\":[\"https:\/\/nativainfo.com\/?p=305\"]}]},{\"@type\":\"ImageObject\",\"inLanguage\":\"es-AR\",\"@id\":\"https:\/\/nativainfo.com\/?p=305#primaryimage\",\"url\":\"https:\/\/nativainfo.com\/wp-content\/uploads\/2020\/07\/quimsa.jpg\",\"contentUrl\":\"https:\/\/nativainfo.com\/wp-content\/uploads\/2020\/07\/quimsa.jpg\",\"width\":715,\"height\":402},{\"@type\":\"BreadcrumbList\",\"@id\":\"https:\/\/nativainfo.com\/?p=305#breadcrumb\",\"itemListElement\":[{\"@type\":\"ListItem\",\"position\":1,\"name\":\"Inicio\",\"item\":\"https:\/\/nativainfo.com\/\"},{\"@type\":\"ListItem\",\"position\":2,\"name\":\"El comienzo de la Liga Nacional de B\u00e1squet tiene fecha confirmada\"}]},{\"@type\":\"WebSite\",\"@id\":\"https:\/\/nativainfo.com\/#website\",\"url\":\"https:\/\/nativainfo.com\/\",\"name\":\"Nativa Info\",\"description\":\"Diario Digital\",\"publisher\":{\"@id\":\"https:\/\/nativainfo.com\/#organization\"},\"potentialAction\":[{\"@type\":\"SearchAction\",\"target\":{\"@type\":\"EntryPoint\",\"urlTemplate\":\"https:\/\/nativainfo.com\/?s={search_term_string}\"},\"query-input\":{\"@type\":\"PropertyValueSpecification\",\"valueRequired\":true,\"valueName\":\"search_term_string\"}}],\"inLanguage\":\"es-AR\"},{\"@type\":\"Organization\",\"@id\":\"https:\/\/nativainfo.com\/#organization\",\"name\":\"Nativa Info\",\"url\":\"https:\/\/nativainfo.com\/\",\"logo\":{\"@type\":\"ImageObject\",\"inLanguage\":\"es-AR\",\"@id\":\"https:\/\/nativainfo.com\/#\/schema\/logo\/image\/\",\"url\":\"https:\/\/nativainfo.com\/wp-content\/uploads\/2025\/08\/LOGO-NATIVA-FACE.jpg\",\"contentUrl\":\"https:\/\/nativainfo.com\/wp-content\/uploads\/2025\/08\/LOGO-NATIVA-FACE.jpg\",\"width\":400,\"height\":400,\"caption\":\"Nativa Info\"},\"image\":{\"@id\":\"https:\/\/nativainfo.com\/#\/schema\/logo\/image\/\"},\"sameAs\":[\"https:\/\/www.facebook.com\/profile.php?id=61578881597564\"]},{\"@type\":\"Person\",\"@id\":\"https:\/\/nativainfo.com\/#\/schema\/person\/290e0ad5981c54e50e456539865cc684\",\"name\":\"Santiago Yocca\",\"image\":{\"@type\":\"ImageObject\",\"inLanguage\":\"es-AR\",\"@id\":\"https:\/\/nativainfo.com\/#\/schema\/person\/image\/\",\"url\":\"https:\/\/secure.gravatar.com\/avatar\/1094c9085fc74f328d93973860ca15199d7aa8dc3413fab05072a0d192bc70ec?s=96&d=mm&r=g\",\"contentUrl\":\"https:\/\/secure.gravatar.com\/avatar\/1094c9085fc74f328d93973860ca15199d7aa8dc3413fab05072a0d192bc70ec?s=96&d=mm&r=g\",\"caption\":\"Santiago Yocca\"},\"url\":\"https:\/\/nativainfo.com\/?author=3\"}]}<\/script>\n<!-- \/ Yoast SEO plugin. -->","yoast_head_json":{"title":"El comienzo de la Liga Nacional de B\u00e1squet tiene fecha confirmada - Nativa Info","robots":{"index":"index","follow":"follow","max-snippet":"max-snippet:-1","max-image-preview":"max-image-preview:large","max-video-preview":"max-video-preview:-1"},"canonical":"https:\/\/nativainfo.com\/?p=305","og_locale":"es_ES","og_type":"article","og_title":"El comienzo de la Liga Nacional de B\u00e1squet tiene fecha confirmada - Nativa Info","og_description":"Una vez lograda la autorizaci\u00f3n del Gobierno, la directiva del b\u00e1squetbol establecer\u00e1 el d\u00eda y la sede del partido inaugural... Continue reading","og_url":"https:\/\/nativainfo.com\/?p=305","og_site_name":"Nativa Info","article_publisher":"https:\/\/www.facebook.com\/profile.php?id=61578881597564","article_published_time":"2020-07-10T01:25:17+00:00","og_image":[{"url":"http:\/\/nativainfo.com\/wp-content\/uploads\/2020\/07\/quimsa.jpg","type":"","width":"","height":""}],"author":"Santiago Yocca","twitter_card":"summary_large_image","twitter_misc":{"Escrito por":"Santiago Yocca","Tiempo de lectura":"1 minuto"},"schema":{"@context":"https:\/\/schema.org","@graph":[{"@type":"Article","@id":"https:\/\/nativainfo.com\/?p=305#article","isPartOf":{"@id":"https:\/\/nativainfo.com\/?p=305"},"author":{"name":"Santiago Yocca","@id":"https:\/\/nativainfo.com\/#\/schema\/person\/290e0ad5981c54e50e456539865cc684"},"headline":"El comienzo de la Liga Nacional de B\u00e1squet tiene fecha confirmada","datePublished":"2020-07-10T01:25:17+00:00","mainEntityOfPage":{"@id":"https:\/\/nativainfo.com\/?p=305"},"wordCount":157,"commentCount":0,"publisher":{"@id":"https:\/\/nativainfo.com\/#organization"},"image":{"@id":"https:\/\/nativainfo.com\/?p=305#primaryimage"},"thumbnailUrl":"http:\/\/nativainfo.com\/wp-content\/uploads\/2020\/07\/quimsa.jpg","articleSection":["Deportes","Pa\u00eds","Provincia"],"inLanguage":"es-AR","potentialAction":[{"@type":"CommentAction","name":"Comment","target":["https:\/\/nativainfo.com\/?p=305#respond"]}]},{"@type":"WebPage","@id":"https:\/\/nativainfo.com\/?p=305","url":"https:\/\/nativainfo.com\/?p=305","name":"El comienzo de la Liga Nacional de B\u00e1squet tiene fecha confirmada - Nativa Info","isPartOf":{"@id":"https:\/\/nativainfo.com\/#website"},"primaryImageOfPage":{"@id":"https:\/\/nativainfo.com\/?p=305#primaryimage"},"image":{"@id":"https:\/\/nativainfo.com\/?p=305#primaryimage"},"thumbnailUrl":"http:\/\/nativainfo.com\/wp-content\/uploads\/2020\/07\/quimsa.jpg","datePublished":"2020-07-10T01:25:17+00:00","breadcrumb":{"@id":"https:\/\/nativainfo.com\/?p=305#breadcrumb"},"inLanguage":"es-AR","potentialAction":[{"@type":"ReadAction","target":["https:\/\/nativainfo.com\/?p=305"]}]},{"@type":"ImageObject","inLanguage":"es-AR","@id":"https:\/\/nativainfo.com\/?p=305#primaryimage","url":"https:\/\/nativainfo.com\/wp-content\/uploads\/2020\/07\/quimsa.jpg","contentUrl":"https:\/\/nativainfo.com\/wp-content\/uploads\/2020\/07\/quimsa.jpg","width":715,"height":402},{"@type":"BreadcrumbList","@id":"https:\/\/nativainfo.com\/?p=305#breadcrumb","itemListElement":[{"@type":"ListItem","position":1,"name":"Inicio","item":"https:\/\/nativainfo.com\/"},{"@type":"ListItem","position":2,"name":"El comienzo de la Liga Nacional de B\u00e1squet tiene fecha confirmada"}]},{"@type":"WebSite","@id":"https:\/\/nativainfo.com\/#website","url":"https:\/\/nativainfo.com\/","name":"Nativa Info","description":"Diario Digital","publisher":{"@id":"https:\/\/nativainfo.com\/#organization"},"potentialAction":[{"@type":"SearchAction","target":{"@type":"EntryPoint","urlTemplate":"https:\/\/nativainfo.com\/?s={search_term_string}"},"query-input":{"@type":"PropertyValueSpecification","valueRequired":true,"valueName":"search_term_string"}}],"inLanguage":"es-AR"},{"@type":"Organization","@id":"https:\/\/nativainfo.com\/#organization","name":"Nativa Info","url":"https:\/\/nativainfo.com\/","logo":{"@type":"ImageObject","inLanguage":"es-AR","@id":"https:\/\/nativainfo.com\/#\/schema\/logo\/image\/","url":"https:\/\/nativainfo.com\/wp-content\/uploads\/2025\/08\/LOGO-NATIVA-FACE.jpg","contentUrl":"https:\/\/nativainfo.com\/wp-content\/uploads\/2025\/08\/LOGO-NATIVA-FACE.jpg","width":400,"height":400,"caption":"Nativa Info"},"image":{"@id":"https:\/\/nativainfo.com\/#\/schema\/logo\/image\/"},"sameAs":["https:\/\/www.facebook.com\/profile.php?id=61578881597564"]},{"@type":"Person","@id":"https:\/\/nativainfo.com\/#\/schema\/person\/290e0ad5981c54e50e456539865cc684","name":"Santiago Yocca","image":{"@type":"ImageObject","inLanguage":"es-AR","@id":"https:\/\/nativainfo.com\/#\/schema\/person\/image\/","url":"https:\/\/secure.gravatar.com\/avatar\/1094c9085fc74f328d93973860ca15199d7aa8dc3413fab05072a0d192bc70ec?s=96&d=mm&r=g","contentUrl":"https:\/\/secure.gravatar.com\/avatar\/1094c9085fc74f328d93973860ca15199d7aa8dc3413fab05072a0d192bc70ec?s=96&d=mm&r=g","caption":"Santiago Yocca"},"url":"https:\/\/nativainfo.com\/?author=3"}]}},"jetpack_publicize_connections":[],"_links":{"self":[{"href":"https:\/\/nativainfo.com\/index.php?rest_route=\/wp\/v2\/posts\/305","targetHints":{"allow":["GET"]}}],"collection":[{"href":"https:\/\/nativainfo.com\/index.php?rest_route=\/wp\/v2\/posts"}],"about":[{"href":"https:\/\/nativainfo.com\/index.php?rest_route=\/wp\/v2\/types\/post"}],"author":[{"embeddable":true,"href":"https:\/\/nativainfo.com\/index.php?rest_route=\/wp\/v2\/users\/3"}],"replies":[{"embeddable":true,"href":"https:\/\/nativainfo.com\/index.php?rest_route=%2Fwp%2Fv2%2Fcomments&post=305"}],"version-history":[{"count":1,"href":"https:\/\/nativainfo.com\/index.php?rest_route=\/wp\/v2\/posts\/305\/revisions"}],"predecessor-version":[{"id":307,"href":"https:\/\/nativainfo.com\/index.php?rest_route=\/wp\/v2\/posts\/305\/revisions\/307"}],"wp:attachment":[{"href":"https:\/\/nativainfo.com\/index.php?rest_route=%2Fwp%2Fv2%2Fmedia&parent=305"}],"wp:term":[{"taxonomy":"category","embeddable":true,"href":"https:\/\/nativainfo.com\/index.php?rest_route=%2Fwp%2Fv2%2Fcategories&post=305"},{"taxonomy":"post_tag","embeddable":true,"href":"https:\/\/nativainfo.com\/index.php?rest_route=%2Fwp%2Fv2%2Ftags&post=305"}],"curies":[{"name":"wp","href":"https:\/\/api.w.org\/{rel}","templated":true}]}}