{"id":3012,"date":"2022-05-09T23:50:15","date_gmt":"2022-05-10T02:50:15","guid":{"rendered":"http:\/\/nativainfo.com\/?p=3012"},"modified":"2022-05-09T23:50:16","modified_gmt":"2022-05-10T02:50:16","slug":"la-uta-acata-la-conciliacion-obligatoria-y-se-levanta-el-paro-de-este-martes","status":"publish","type":"post","link":"https:\/\/nativainfo.com\/?p=3012","title":{"rendered":"La UTA acata la conciliaci\u00f3n obligatoria y se levanta el paro de este martes"},"content":{"rendered":"\n<p><strong>El gremio Uni\u00f3n Tranviarios Automotor (UTA)<\/strong><strong>&nbsp;confirm\u00f3 que el paro que hab\u00eda dispuesto por 72 horas desde las 0 de este martes no se har\u00e1 efectivo<\/strong>. Desde la UTA Santiago del Estero se asegur\u00f3 que se adhiri\u00f3 a ese criterio del gremio a nivel nacional y comparti\u00f3 el mismo comunicado.<\/p>\n\n\n\n<figure class=\"wp-block-image size-large\"><img fetchpriority=\"high\" decoding=\"async\" width=\"937\" height=\"553\" src=\"http:\/\/nativainfo.com\/wp-content\/uploads\/2022\/05\/imagen_2022-05-09_235002775.png\" alt=\"\" class=\"wp-image-3015\" srcset=\"https:\/\/nativainfo.com\/wp-content\/uploads\/2022\/05\/imagen_2022-05-09_235002775.png 937w, https:\/\/nativainfo.com\/wp-content\/uploads\/2022\/05\/imagen_2022-05-09_235002775-300x177.png 300w, https:\/\/nativainfo.com\/wp-content\/uploads\/2022\/05\/imagen_2022-05-09_235002775-768x453.png 768w, https:\/\/nativainfo.com\/wp-content\/uploads\/2022\/05\/imagen_2022-05-09_235002775-593x350.png 593w, https:\/\/nativainfo.com\/wp-content\/uploads\/2022\/05\/imagen_2022-05-09_235002775-150x89.png 150w\" sizes=\"(max-width: 937px) 100vw, 937px\" \/><\/figure>\n\n\n\n<p>Aunque el conflicto por mejores pautas salariales sigue abierto, el gremio resolvi\u00f3 acatar la medida de conciliaci\u00f3n obligatoria que dispuso el Ministerio de Trabajo, mientras las negociaciones contin\u00faan. Tras varias horas de reuniones, cerca de las 20 de este lunes qued\u00f3 resuelta esa v\u00eda.<\/p>\n\n\n\n<p>\u201cEl consejo directivo nacional de UTA informa que habiendo sido dictada por el Ministerio de Trabajo de la Naci\u00f3n la pr\u00f3rroga del per\u00edodo de conciliaci\u00f3n obligatoria laboral obligatoria, se ha dispuesto el acatamiento a la medida\u201d, se\u00f1al\u00f3 un comunicado del gremio.<\/p>\n","protected":false},"excerpt":{"rendered":"<p>El gremio Uni\u00f3n Tranviarios Automotor (UTA)&nbsp;confirm\u00f3 que el paro que hab\u00eda dispuesto por 72 horas desde las 0 de este&#8230; <a class=\"continue-reading-link\" href=\"https:\/\/nativainfo.com\/?p=3012\">Continue reading<\/a><\/p>\n","protected":false},"author":1,"featured_media":0,"comment_status":"open","ping_status":"open","sticky":false,"template":"","format":"standard","meta":{"rop_custom_images_group":[],"rop_custom_messages_group":[],"rop_publish_now":"initial","rop_publish_now_accounts":[],"rop_publish_now_history":[],"rop_publish_now_status":"pending","footnotes":"","jetpack_publicize_message":"","jetpack_publicize_feature_enabled":true,"jetpack_social_post_already_shared":false,"jetpack_social_options":{"image_generator_settings":{"template":"highway","default_image_id":0,"font":"","enabled":false},"version":2}},"categories":[8],"tags":[],"class_list":["post-3012","post","type-post","status-publish","format-standard","hentry","category-noticias"],"yoast_head":"<!-- This site is optimized with the Yoast SEO plugin v25.6 - https:\/\/yoast.com\/wordpress\/plugins\/seo\/ -->\n<title>La UTA acata la conciliaci\u00f3n obligatoria y se levanta el paro de este martes - Nativa Info<\/title>\n<meta name=\"robots\" content=\"index, follow, max-snippet:-1, max-image-preview:large, max-video-preview:-1\" \/>\n<link rel=\"canonical\" href=\"https:\/\/nativainfo.com\/?p=3012\" \/>\n<meta property=\"og:locale\" content=\"es_ES\" \/>\n<meta property=\"og:type\" content=\"article\" \/>\n<meta property=\"og:title\" content=\"La UTA acata la conciliaci\u00f3n obligatoria y se levanta el paro de este martes - Nativa Info\" \/>\n<meta property=\"og:description\" content=\"El gremio Uni\u00f3n Tranviarios Automotor (UTA)&nbsp;confirm\u00f3 que el paro que hab\u00eda dispuesto por 72 horas desde las 0 de este... Continue reading\" \/>\n<meta property=\"og:url\" content=\"https:\/\/nativainfo.com\/?p=3012\" \/>\n<meta property=\"og:site_name\" content=\"Nativa Info\" \/>\n<meta property=\"article:publisher\" content=\"https:\/\/www.facebook.com\/profile.php?id=61578881597564\" \/>\n<meta property=\"article:published_time\" content=\"2022-05-10T02:50:15+00:00\" \/>\n<meta property=\"article:modified_time\" content=\"2022-05-10T02:50:16+00:00\" \/>\n<meta property=\"og:image\" content=\"http:\/\/nativainfo.com\/wp-content\/uploads\/2022\/05\/imagen_2022-05-09_235002775.png\" \/>\n<meta name=\"author\" content=\"Nativa Info\" \/>\n<meta name=\"twitter:card\" content=\"summary_large_image\" \/>\n<meta name=\"twitter:label1\" content=\"Escrito por\" \/>\n\t<meta name=\"twitter:data1\" content=\"Nativa Info\" \/>\n\t<meta name=\"twitter:label2\" content=\"Tiempo de lectura\" \/>\n\t<meta name=\"twitter:data2\" content=\"1 minuto\" \/>\n<script type=\"application\/ld+json\" class=\"yoast-schema-graph\">{\"@context\":\"https:\/\/schema.org\",\"@graph\":[{\"@type\":\"Article\",\"@id\":\"https:\/\/nativainfo.com\/?p=3012#article\",\"isPartOf\":{\"@id\":\"https:\/\/nativainfo.com\/?p=3012\"},\"author\":{\"name\":\"Nativa Info\",\"@id\":\"https:\/\/nativainfo.com\/#\/schema\/person\/24893b64a9cd564ddb5d102d36eb4b5c\"},\"headline\":\"La UTA acata la conciliaci\u00f3n obligatoria y se levanta el paro de este martes\",\"datePublished\":\"2022-05-10T02:50:15+00:00\",\"dateModified\":\"2022-05-10T02:50:16+00:00\",\"mainEntityOfPage\":{\"@id\":\"https:\/\/nativainfo.com\/?p=3012\"},\"wordCount\":158,\"commentCount\":0,\"publisher\":{\"@id\":\"https:\/\/nativainfo.com\/#organization\"},\"image\":{\"@id\":\"https:\/\/nativainfo.com\/?p=3012#primaryimage\"},\"thumbnailUrl\":\"http:\/\/nativainfo.com\/wp-content\/uploads\/2022\/05\/imagen_2022-05-09_235002775.png\",\"articleSection\":[\"Noticias\"],\"inLanguage\":\"es-AR\",\"potentialAction\":[{\"@type\":\"CommentAction\",\"name\":\"Comment\",\"target\":[\"https:\/\/nativainfo.com\/?p=3012#respond\"]}]},{\"@type\":\"WebPage\",\"@id\":\"https:\/\/nativainfo.com\/?p=3012\",\"url\":\"https:\/\/nativainfo.com\/?p=3012\",\"name\":\"La UTA acata la conciliaci\u00f3n obligatoria y se levanta el paro de este martes - Nativa Info\",\"isPartOf\":{\"@id\":\"https:\/\/nativainfo.com\/#website\"},\"primaryImageOfPage\":{\"@id\":\"https:\/\/nativainfo.com\/?p=3012#primaryimage\"},\"image\":{\"@id\":\"https:\/\/nativainfo.com\/?p=3012#primaryimage\"},\"thumbnailUrl\":\"http:\/\/nativainfo.com\/wp-content\/uploads\/2022\/05\/imagen_2022-05-09_235002775.png\",\"datePublished\":\"2022-05-10T02:50:15+00:00\",\"dateModified\":\"2022-05-10T02:50:16+00:00\",\"breadcrumb\":{\"@id\":\"https:\/\/nativainfo.com\/?p=3012#breadcrumb\"},\"inLanguage\":\"es-AR\",\"potentialAction\":[{\"@type\":\"ReadAction\",\"target\":[\"https:\/\/nativainfo.com\/?p=3012\"]}]},{\"@type\":\"ImageObject\",\"inLanguage\":\"es-AR\",\"@id\":\"https:\/\/nativainfo.com\/?p=3012#primaryimage\",\"url\":\"https:\/\/nativainfo.com\/wp-content\/uploads\/2022\/05\/imagen_2022-05-09_235002775.png\",\"contentUrl\":\"https:\/\/nativainfo.com\/wp-content\/uploads\/2022\/05\/imagen_2022-05-09_235002775.png\",\"width\":937,\"height\":553},{\"@type\":\"BreadcrumbList\",\"@id\":\"https:\/\/nativainfo.com\/?p=3012#breadcrumb\",\"itemListElement\":[{\"@type\":\"ListItem\",\"position\":1,\"name\":\"Inicio\",\"item\":\"https:\/\/nativainfo.com\/\"},{\"@type\":\"ListItem\",\"position\":2,\"name\":\"La UTA acata la conciliaci\u00f3n obligatoria y se levanta el paro de este martes\"}]},{\"@type\":\"WebSite\",\"@id\":\"https:\/\/nativainfo.com\/#website\",\"url\":\"https:\/\/nativainfo.com\/\",\"name\":\"Nativa Info\",\"description\":\"Diario Digital\",\"publisher\":{\"@id\":\"https:\/\/nativainfo.com\/#organization\"},\"potentialAction\":[{\"@type\":\"SearchAction\",\"target\":{\"@type\":\"EntryPoint\",\"urlTemplate\":\"https:\/\/nativainfo.com\/?s={search_term_string}\"},\"query-input\":{\"@type\":\"PropertyValueSpecification\",\"valueRequired\":true,\"valueName\":\"search_term_string\"}}],\"inLanguage\":\"es-AR\"},{\"@type\":\"Organization\",\"@id\":\"https:\/\/nativainfo.com\/#organization\",\"name\":\"Nativa Info\",\"url\":\"https:\/\/nativainfo.com\/\",\"logo\":{\"@type\":\"ImageObject\",\"inLanguage\":\"es-AR\",\"@id\":\"https:\/\/nativainfo.com\/#\/schema\/logo\/image\/\",\"url\":\"https:\/\/nativainfo.com\/wp-content\/uploads\/2025\/08\/LOGO-NATIVA-FACE.jpg\",\"contentUrl\":\"https:\/\/nativainfo.com\/wp-content\/uploads\/2025\/08\/LOGO-NATIVA-FACE.jpg\",\"width\":400,\"height\":400,\"caption\":\"Nativa Info\"},\"image\":{\"@id\":\"https:\/\/nativainfo.com\/#\/schema\/logo\/image\/\"},\"sameAs\":[\"https:\/\/www.facebook.com\/profile.php?id=61578881597564\"]},{\"@type\":\"Person\",\"@id\":\"https:\/\/nativainfo.com\/#\/schema\/person\/24893b64a9cd564ddb5d102d36eb4b5c\",\"name\":\"Nativa Info\",\"image\":{\"@type\":\"ImageObject\",\"inLanguage\":\"es-AR\",\"@id\":\"https:\/\/nativainfo.com\/#\/schema\/person\/image\/\",\"url\":\"https:\/\/secure.gravatar.com\/avatar\/016fa1cf068d85136d938e1507b9b619cb766e2565cbb1faa1e571762460c785?s=96&d=mm&r=g\",\"contentUrl\":\"https:\/\/secure.gravatar.com\/avatar\/016fa1cf068d85136d938e1507b9b619cb766e2565cbb1faa1e571762460c785?s=96&d=mm&r=g\",\"caption\":\"Nativa Info\"},\"sameAs\":[\"http:\/\/nativainfo.com\"],\"url\":\"https:\/\/nativainfo.com\/?author=1\"}]}<\/script>\n<!-- \/ Yoast SEO plugin. -->","yoast_head_json":{"title":"La UTA acata la conciliaci\u00f3n obligatoria y se levanta el paro de este martes - Nativa Info","robots":{"index":"index","follow":"follow","max-snippet":"max-snippet:-1","max-image-preview":"max-image-preview:large","max-video-preview":"max-video-preview:-1"},"canonical":"https:\/\/nativainfo.com\/?p=3012","og_locale":"es_ES","og_type":"article","og_title":"La UTA acata la conciliaci\u00f3n obligatoria y se levanta el paro de este martes - Nativa Info","og_description":"El gremio Uni\u00f3n Tranviarios Automotor (UTA)&nbsp;confirm\u00f3 que el paro que hab\u00eda dispuesto por 72 horas desde las 0 de este... Continue reading","og_url":"https:\/\/nativainfo.com\/?p=3012","og_site_name":"Nativa Info","article_publisher":"https:\/\/www.facebook.com\/profile.php?id=61578881597564","article_published_time":"2022-05-10T02:50:15+00:00","article_modified_time":"2022-05-10T02:50:16+00:00","og_image":[{"url":"http:\/\/nativainfo.com\/wp-content\/uploads\/2022\/05\/imagen_2022-05-09_235002775.png","type":"","width":"","height":""}],"author":"Nativa Info","twitter_card":"summary_large_image","twitter_misc":{"Escrito por":"Nativa Info","Tiempo de lectura":"1 minuto"},"schema":{"@context":"https:\/\/schema.org","@graph":[{"@type":"Article","@id":"https:\/\/nativainfo.com\/?p=3012#article","isPartOf":{"@id":"https:\/\/nativainfo.com\/?p=3012"},"author":{"name":"Nativa Info","@id":"https:\/\/nativainfo.com\/#\/schema\/person\/24893b64a9cd564ddb5d102d36eb4b5c"},"headline":"La UTA acata la conciliaci\u00f3n obligatoria y se levanta el paro de este martes","datePublished":"2022-05-10T02:50:15+00:00","dateModified":"2022-05-10T02:50:16+00:00","mainEntityOfPage":{"@id":"https:\/\/nativainfo.com\/?p=3012"},"wordCount":158,"commentCount":0,"publisher":{"@id":"https:\/\/nativainfo.com\/#organization"},"image":{"@id":"https:\/\/nativainfo.com\/?p=3012#primaryimage"},"thumbnailUrl":"http:\/\/nativainfo.com\/wp-content\/uploads\/2022\/05\/imagen_2022-05-09_235002775.png","articleSection":["Noticias"],"inLanguage":"es-AR","potentialAction":[{"@type":"CommentAction","name":"Comment","target":["https:\/\/nativainfo.com\/?p=3012#respond"]}]},{"@type":"WebPage","@id":"https:\/\/nativainfo.com\/?p=3012","url":"https:\/\/nativainfo.com\/?p=3012","name":"La UTA acata la conciliaci\u00f3n obligatoria y se levanta el paro de este martes - Nativa Info","isPartOf":{"@id":"https:\/\/nativainfo.com\/#website"},"primaryImageOfPage":{"@id":"https:\/\/nativainfo.com\/?p=3012#primaryimage"},"image":{"@id":"https:\/\/nativainfo.com\/?p=3012#primaryimage"},"thumbnailUrl":"http:\/\/nativainfo.com\/wp-content\/uploads\/2022\/05\/imagen_2022-05-09_235002775.png","datePublished":"2022-05-10T02:50:15+00:00","dateModified":"2022-05-10T02:50:16+00:00","breadcrumb":{"@id":"https:\/\/nativainfo.com\/?p=3012#breadcrumb"},"inLanguage":"es-AR","potentialAction":[{"@type":"ReadAction","target":["https:\/\/nativainfo.com\/?p=3012"]}]},{"@type":"ImageObject","inLanguage":"es-AR","@id":"https:\/\/nativainfo.com\/?p=3012#primaryimage","url":"https:\/\/nativainfo.com\/wp-content\/uploads\/2022\/05\/imagen_2022-05-09_235002775.png","contentUrl":"https:\/\/nativainfo.com\/wp-content\/uploads\/2022\/05\/imagen_2022-05-09_235002775.png","width":937,"height":553},{"@type":"BreadcrumbList","@id":"https:\/\/nativainfo.com\/?p=3012#breadcrumb","itemListElement":[{"@type":"ListItem","position":1,"name":"Inicio","item":"https:\/\/nativainfo.com\/"},{"@type":"ListItem","position":2,"name":"La UTA acata la conciliaci\u00f3n obligatoria y se levanta el paro de este martes"}]},{"@type":"WebSite","@id":"https:\/\/nativainfo.com\/#website","url":"https:\/\/nativainfo.com\/","name":"Nativa Info","description":"Diario Digital","publisher":{"@id":"https:\/\/nativainfo.com\/#organization"},"potentialAction":[{"@type":"SearchAction","target":{"@type":"EntryPoint","urlTemplate":"https:\/\/nativainfo.com\/?s={search_term_string}"},"query-input":{"@type":"PropertyValueSpecification","valueRequired":true,"valueName":"search_term_string"}}],"inLanguage":"es-AR"},{"@type":"Organization","@id":"https:\/\/nativainfo.com\/#organization","name":"Nativa Info","url":"https:\/\/nativainfo.com\/","logo":{"@type":"ImageObject","inLanguage":"es-AR","@id":"https:\/\/nativainfo.com\/#\/schema\/logo\/image\/","url":"https:\/\/nativainfo.com\/wp-content\/uploads\/2025\/08\/LOGO-NATIVA-FACE.jpg","contentUrl":"https:\/\/nativainfo.com\/wp-content\/uploads\/2025\/08\/LOGO-NATIVA-FACE.jpg","width":400,"height":400,"caption":"Nativa Info"},"image":{"@id":"https:\/\/nativainfo.com\/#\/schema\/logo\/image\/"},"sameAs":["https:\/\/www.facebook.com\/profile.php?id=61578881597564"]},{"@type":"Person","@id":"https:\/\/nativainfo.com\/#\/schema\/person\/24893b64a9cd564ddb5d102d36eb4b5c","name":"Nativa Info","image":{"@type":"ImageObject","inLanguage":"es-AR","@id":"https:\/\/nativainfo.com\/#\/schema\/person\/image\/","url":"https:\/\/secure.gravatar.com\/avatar\/016fa1cf068d85136d938e1507b9b619cb766e2565cbb1faa1e571762460c785?s=96&d=mm&r=g","contentUrl":"https:\/\/secure.gravatar.com\/avatar\/016fa1cf068d85136d938e1507b9b619cb766e2565cbb1faa1e571762460c785?s=96&d=mm&r=g","caption":"Nativa Info"},"sameAs":["http:\/\/nativainfo.com"],"url":"https:\/\/nativainfo.com\/?author=1"}]}},"jetpack_publicize_connections":[],"_links":{"self":[{"href":"https:\/\/nativainfo.com\/index.php?rest_route=\/wp\/v2\/posts\/3012","targetHints":{"allow":["GET"]}}],"collection":[{"href":"https:\/\/nativainfo.com\/index.php?rest_route=\/wp\/v2\/posts"}],"about":[{"href":"https:\/\/nativainfo.com\/index.php?rest_route=\/wp\/v2\/types\/post"}],"author":[{"embeddable":true,"href":"https:\/\/nativainfo.com\/index.php?rest_route=\/wp\/v2\/users\/1"}],"replies":[{"embeddable":true,"href":"https:\/\/nativainfo.com\/index.php?rest_route=%2Fwp%2Fv2%2Fcomments&post=3012"}],"version-history":[{"count":1,"href":"https:\/\/nativainfo.com\/index.php?rest_route=\/wp\/v2\/posts\/3012\/revisions"}],"predecessor-version":[{"id":3016,"href":"https:\/\/nativainfo.com\/index.php?rest_route=\/wp\/v2\/posts\/3012\/revisions\/3016"}],"wp:attachment":[{"href":"https:\/\/nativainfo.com\/index.php?rest_route=%2Fwp%2Fv2%2Fmedia&parent=3012"}],"wp:term":[{"taxonomy":"category","embeddable":true,"href":"https:\/\/nativainfo.com\/index.php?rest_route=%2Fwp%2Fv2%2Fcategories&post=3012"},{"taxonomy":"post_tag","embeddable":true,"href":"https:\/\/nativainfo.com\/index.php?rest_route=%2Fwp%2Fv2%2Ftags&post=3012"}],"curies":[{"name":"wp","href":"https:\/\/api.w.org\/{rel}","templated":true}]}}