{"id":3005,"date":"2022-05-08T23:21:08","date_gmt":"2022-05-09T02:21:08","guid":{"rendered":"http:\/\/nativainfo.com\/?p=3005"},"modified":"2022-05-08T23:21:11","modified_gmt":"2022-05-09T02:21:11","slug":"fito-paez-vuelve-con-de-forma-intima-con-su-piano-en-el-nuevo-album-the-golden-light","status":"publish","type":"post","link":"https:\/\/nativainfo.com\/?p=3005","title":{"rendered":"Fito Paez vuelve con de forma \u00edntima con su piano en el nuevo \u00e1lbum \u201cThe Golden Light\u201d"},"content":{"rendered":"\n<p>Es un disco de nueve tracks, de los cuales tres son instrumentales. Adem\u00e1s, tambi\u00e9n cuenta con un tema cantado a capella y en ingl\u00e9s<\/p>\n\n\n\n<figure class=\"wp-block-image size-large\"><img fetchpriority=\"high\" decoding=\"async\" width=\"900\" height=\"600\" src=\"http:\/\/nativainfo.com\/wp-content\/uploads\/2022\/05\/imagen_2022-05-08_232016055.png\" alt=\"\" class=\"wp-image-3007\" srcset=\"https:\/\/nativainfo.com\/wp-content\/uploads\/2022\/05\/imagen_2022-05-08_232016055.png 900w, https:\/\/nativainfo.com\/wp-content\/uploads\/2022\/05\/imagen_2022-05-08_232016055-300x200.png 300w, https:\/\/nativainfo.com\/wp-content\/uploads\/2022\/05\/imagen_2022-05-08_232016055-768x512.png 768w, https:\/\/nativainfo.com\/wp-content\/uploads\/2022\/05\/imagen_2022-05-08_232016055-525x350.png 525w, https:\/\/nativainfo.com\/wp-content\/uploads\/2022\/05\/imagen_2022-05-08_232016055-150x100.png 150w\" sizes=\"(max-width: 900px) 100vw, 900px\" \/><\/figure>\n\n\n\n<p><strong>Fito Paez<\/strong>&nbsp;regres\u00f3 para cerrar la trilog\u00eda \u201cLos a\u00f1os salvajes\u201d con este nuevo \u00e1lbum titulado \u201c<em>The Golden light<\/em>\u201d. En esta ocasi\u00f3n, solo con su piano, trae nuevas composiciones en un plan intimista y con pinceladas que brotan de su inspiraci\u00f3n.<\/p>\n\n\n\n<p>Es un disco de nueve tracks, de los cuales tres son instrumentales (\u201cEl mar de Gerardo\u201d, \u201cCervecer\u00eda Gorostarzu\u201d y \u201cThe Golden Light\u201d). Adem\u00e1s, tambi\u00e9n cuenta con un tema cantado a capella y en ingl\u00e9s (\u201cThe moon over Manhattan\u201d) y cuenta con las voces femeninas de&nbsp;<strong>Abril Olivera<\/strong>&nbsp;(\u201cEnciende el amor\u201d) y de&nbsp;<strong>Etta Craft<\/strong>&nbsp;(\u201cDiosa del sol\u201d).<br><br>Tambi\u00e9n incluye el tema que estren\u00f3 el&nbsp;<strong>Teatro Col\u00f3n<\/strong>&nbsp;dedicado a su maestro y colega Charly Garc\u00eda (\u201cSus auriculares\u201d). Un \u00e1lbum intimista y reflexivo que a lo largo de este mes de mayo estar\u00e1 disponible en formato f\u00edsico.<\/p>\n","protected":false},"excerpt":{"rendered":"<p>Es un disco de nueve tracks, de los cuales tres son instrumentales. Adem\u00e1s, tambi\u00e9n cuenta con un tema cantado a&#8230; <a class=\"continue-reading-link\" href=\"https:\/\/nativainfo.com\/?p=3005\">Continue reading<\/a><\/p>\n","protected":false},"author":1,"featured_media":0,"comment_status":"open","ping_status":"open","sticky":false,"template":"","format":"standard","meta":{"rop_custom_images_group":[],"rop_custom_messages_group":[],"rop_publish_now":"initial","rop_publish_now_accounts":[],"rop_publish_now_history":[],"rop_publish_now_status":"pending","footnotes":"","jetpack_publicize_message":"","jetpack_publicize_feature_enabled":true,"jetpack_social_post_already_shared":false,"jetpack_social_options":{"image_generator_settings":{"template":"highway","default_image_id":0,"font":"","enabled":false},"version":2}},"categories":[7],"tags":[],"class_list":["post-3005","post","type-post","status-publish","format-standard","hentry","category-musica"],"yoast_head":"<!-- This site is optimized with the Yoast SEO plugin v25.6 - https:\/\/yoast.com\/wordpress\/plugins\/seo\/ -->\n<title>Fito Paez vuelve con de forma \u00edntima con su piano en el nuevo \u00e1lbum \u201cThe Golden Light\u201d - Nativa Info<\/title>\n<meta name=\"robots\" content=\"index, follow, max-snippet:-1, max-image-preview:large, max-video-preview:-1\" \/>\n<link rel=\"canonical\" href=\"https:\/\/nativainfo.com\/?p=3005\" \/>\n<meta property=\"og:locale\" content=\"es_ES\" \/>\n<meta property=\"og:type\" content=\"article\" \/>\n<meta property=\"og:title\" content=\"Fito Paez vuelve con de forma \u00edntima con su piano en el nuevo \u00e1lbum \u201cThe Golden Light\u201d - Nativa Info\" \/>\n<meta property=\"og:description\" content=\"Es un disco de nueve tracks, de los cuales tres son instrumentales. Adem\u00e1s, tambi\u00e9n cuenta con un tema cantado a... Continue reading\" \/>\n<meta property=\"og:url\" content=\"https:\/\/nativainfo.com\/?p=3005\" \/>\n<meta property=\"og:site_name\" content=\"Nativa Info\" \/>\n<meta property=\"article:publisher\" content=\"https:\/\/www.facebook.com\/profile.php?id=61578881597564\" \/>\n<meta property=\"article:published_time\" content=\"2022-05-09T02:21:08+00:00\" \/>\n<meta property=\"article:modified_time\" content=\"2022-05-09T02:21:11+00:00\" \/>\n<meta property=\"og:image\" content=\"http:\/\/nativainfo.com\/wp-content\/uploads\/2022\/05\/imagen_2022-05-08_232016055.png\" \/>\n<meta name=\"author\" content=\"Nativa Info\" \/>\n<meta name=\"twitter:card\" content=\"summary_large_image\" \/>\n<meta name=\"twitter:label1\" content=\"Escrito por\" \/>\n\t<meta name=\"twitter:data1\" content=\"Nativa Info\" \/>\n\t<meta name=\"twitter:label2\" content=\"Tiempo de lectura\" \/>\n\t<meta name=\"twitter:data2\" content=\"1 minuto\" \/>\n<script type=\"application\/ld+json\" class=\"yoast-schema-graph\">{\"@context\":\"https:\/\/schema.org\",\"@graph\":[{\"@type\":\"Article\",\"@id\":\"https:\/\/nativainfo.com\/?p=3005#article\",\"isPartOf\":{\"@id\":\"https:\/\/nativainfo.com\/?p=3005\"},\"author\":{\"name\":\"Nativa Info\",\"@id\":\"https:\/\/nativainfo.com\/#\/schema\/person\/24893b64a9cd564ddb5d102d36eb4b5c\"},\"headline\":\"Fito Paez vuelve con de forma \u00edntima con su piano en el nuevo \u00e1lbum \u201cThe Golden Light\u201d\",\"datePublished\":\"2022-05-09T02:21:08+00:00\",\"dateModified\":\"2022-05-09T02:21:11+00:00\",\"mainEntityOfPage\":{\"@id\":\"https:\/\/nativainfo.com\/?p=3005\"},\"wordCount\":198,\"commentCount\":0,\"publisher\":{\"@id\":\"https:\/\/nativainfo.com\/#organization\"},\"image\":{\"@id\":\"https:\/\/nativainfo.com\/?p=3005#primaryimage\"},\"thumbnailUrl\":\"http:\/\/nativainfo.com\/wp-content\/uploads\/2022\/05\/imagen_2022-05-08_232016055.png\",\"articleSection\":[\"M\u00fasica\"],\"inLanguage\":\"es-AR\",\"potentialAction\":[{\"@type\":\"CommentAction\",\"name\":\"Comment\",\"target\":[\"https:\/\/nativainfo.com\/?p=3005#respond\"]}]},{\"@type\":\"WebPage\",\"@id\":\"https:\/\/nativainfo.com\/?p=3005\",\"url\":\"https:\/\/nativainfo.com\/?p=3005\",\"name\":\"Fito Paez vuelve con de forma \u00edntima con su piano en el nuevo \u00e1lbum \u201cThe Golden Light\u201d - Nativa Info\",\"isPartOf\":{\"@id\":\"https:\/\/nativainfo.com\/#website\"},\"primaryImageOfPage\":{\"@id\":\"https:\/\/nativainfo.com\/?p=3005#primaryimage\"},\"image\":{\"@id\":\"https:\/\/nativainfo.com\/?p=3005#primaryimage\"},\"thumbnailUrl\":\"http:\/\/nativainfo.com\/wp-content\/uploads\/2022\/05\/imagen_2022-05-08_232016055.png\",\"datePublished\":\"2022-05-09T02:21:08+00:00\",\"dateModified\":\"2022-05-09T02:21:11+00:00\",\"breadcrumb\":{\"@id\":\"https:\/\/nativainfo.com\/?p=3005#breadcrumb\"},\"inLanguage\":\"es-AR\",\"potentialAction\":[{\"@type\":\"ReadAction\",\"target\":[\"https:\/\/nativainfo.com\/?p=3005\"]}]},{\"@type\":\"ImageObject\",\"inLanguage\":\"es-AR\",\"@id\":\"https:\/\/nativainfo.com\/?p=3005#primaryimage\",\"url\":\"https:\/\/nativainfo.com\/wp-content\/uploads\/2022\/05\/imagen_2022-05-08_232016055.png\",\"contentUrl\":\"https:\/\/nativainfo.com\/wp-content\/uploads\/2022\/05\/imagen_2022-05-08_232016055.png\",\"width\":900,\"height\":600},{\"@type\":\"BreadcrumbList\",\"@id\":\"https:\/\/nativainfo.com\/?p=3005#breadcrumb\",\"itemListElement\":[{\"@type\":\"ListItem\",\"position\":1,\"name\":\"Inicio\",\"item\":\"https:\/\/nativainfo.com\/\"},{\"@type\":\"ListItem\",\"position\":2,\"name\":\"Fito Paez vuelve con de forma \u00edntima con su piano en el nuevo \u00e1lbum \u201cThe Golden Light\u201d\"}]},{\"@type\":\"WebSite\",\"@id\":\"https:\/\/nativainfo.com\/#website\",\"url\":\"https:\/\/nativainfo.com\/\",\"name\":\"Nativa Info\",\"description\":\"Diario Digital\",\"publisher\":{\"@id\":\"https:\/\/nativainfo.com\/#organization\"},\"potentialAction\":[{\"@type\":\"SearchAction\",\"target\":{\"@type\":\"EntryPoint\",\"urlTemplate\":\"https:\/\/nativainfo.com\/?s={search_term_string}\"},\"query-input\":{\"@type\":\"PropertyValueSpecification\",\"valueRequired\":true,\"valueName\":\"search_term_string\"}}],\"inLanguage\":\"es-AR\"},{\"@type\":\"Organization\",\"@id\":\"https:\/\/nativainfo.com\/#organization\",\"name\":\"Nativa Info\",\"url\":\"https:\/\/nativainfo.com\/\",\"logo\":{\"@type\":\"ImageObject\",\"inLanguage\":\"es-AR\",\"@id\":\"https:\/\/nativainfo.com\/#\/schema\/logo\/image\/\",\"url\":\"https:\/\/nativainfo.com\/wp-content\/uploads\/2025\/08\/LOGO-NATIVA-FACE.jpg\",\"contentUrl\":\"https:\/\/nativainfo.com\/wp-content\/uploads\/2025\/08\/LOGO-NATIVA-FACE.jpg\",\"width\":400,\"height\":400,\"caption\":\"Nativa Info\"},\"image\":{\"@id\":\"https:\/\/nativainfo.com\/#\/schema\/logo\/image\/\"},\"sameAs\":[\"https:\/\/www.facebook.com\/profile.php?id=61578881597564\"]},{\"@type\":\"Person\",\"@id\":\"https:\/\/nativainfo.com\/#\/schema\/person\/24893b64a9cd564ddb5d102d36eb4b5c\",\"name\":\"Nativa Info\",\"image\":{\"@type\":\"ImageObject\",\"inLanguage\":\"es-AR\",\"@id\":\"https:\/\/nativainfo.com\/#\/schema\/person\/image\/\",\"url\":\"https:\/\/secure.gravatar.com\/avatar\/016fa1cf068d85136d938e1507b9b619cb766e2565cbb1faa1e571762460c785?s=96&d=mm&r=g\",\"contentUrl\":\"https:\/\/secure.gravatar.com\/avatar\/016fa1cf068d85136d938e1507b9b619cb766e2565cbb1faa1e571762460c785?s=96&d=mm&r=g\",\"caption\":\"Nativa Info\"},\"sameAs\":[\"http:\/\/nativainfo.com\"],\"url\":\"https:\/\/nativainfo.com\/?author=1\"}]}<\/script>\n<!-- \/ Yoast SEO plugin. -->","yoast_head_json":{"title":"Fito Paez vuelve con de forma \u00edntima con su piano en el nuevo \u00e1lbum \u201cThe Golden Light\u201d - Nativa Info","robots":{"index":"index","follow":"follow","max-snippet":"max-snippet:-1","max-image-preview":"max-image-preview:large","max-video-preview":"max-video-preview:-1"},"canonical":"https:\/\/nativainfo.com\/?p=3005","og_locale":"es_ES","og_type":"article","og_title":"Fito Paez vuelve con de forma \u00edntima con su piano en el nuevo \u00e1lbum \u201cThe Golden Light\u201d - Nativa Info","og_description":"Es un disco de nueve tracks, de los cuales tres son instrumentales. Adem\u00e1s, tambi\u00e9n cuenta con un tema cantado a... Continue reading","og_url":"https:\/\/nativainfo.com\/?p=3005","og_site_name":"Nativa Info","article_publisher":"https:\/\/www.facebook.com\/profile.php?id=61578881597564","article_published_time":"2022-05-09T02:21:08+00:00","article_modified_time":"2022-05-09T02:21:11+00:00","og_image":[{"url":"http:\/\/nativainfo.com\/wp-content\/uploads\/2022\/05\/imagen_2022-05-08_232016055.png","type":"","width":"","height":""}],"author":"Nativa Info","twitter_card":"summary_large_image","twitter_misc":{"Escrito por":"Nativa Info","Tiempo de lectura":"1 minuto"},"schema":{"@context":"https:\/\/schema.org","@graph":[{"@type":"Article","@id":"https:\/\/nativainfo.com\/?p=3005#article","isPartOf":{"@id":"https:\/\/nativainfo.com\/?p=3005"},"author":{"name":"Nativa Info","@id":"https:\/\/nativainfo.com\/#\/schema\/person\/24893b64a9cd564ddb5d102d36eb4b5c"},"headline":"Fito Paez vuelve con de forma \u00edntima con su piano en el nuevo \u00e1lbum \u201cThe Golden Light\u201d","datePublished":"2022-05-09T02:21:08+00:00","dateModified":"2022-05-09T02:21:11+00:00","mainEntityOfPage":{"@id":"https:\/\/nativainfo.com\/?p=3005"},"wordCount":198,"commentCount":0,"publisher":{"@id":"https:\/\/nativainfo.com\/#organization"},"image":{"@id":"https:\/\/nativainfo.com\/?p=3005#primaryimage"},"thumbnailUrl":"http:\/\/nativainfo.com\/wp-content\/uploads\/2022\/05\/imagen_2022-05-08_232016055.png","articleSection":["M\u00fasica"],"inLanguage":"es-AR","potentialAction":[{"@type":"CommentAction","name":"Comment","target":["https:\/\/nativainfo.com\/?p=3005#respond"]}]},{"@type":"WebPage","@id":"https:\/\/nativainfo.com\/?p=3005","url":"https:\/\/nativainfo.com\/?p=3005","name":"Fito Paez vuelve con de forma \u00edntima con su piano en el nuevo \u00e1lbum \u201cThe Golden Light\u201d - Nativa Info","isPartOf":{"@id":"https:\/\/nativainfo.com\/#website"},"primaryImageOfPage":{"@id":"https:\/\/nativainfo.com\/?p=3005#primaryimage"},"image":{"@id":"https:\/\/nativainfo.com\/?p=3005#primaryimage"},"thumbnailUrl":"http:\/\/nativainfo.com\/wp-content\/uploads\/2022\/05\/imagen_2022-05-08_232016055.png","datePublished":"2022-05-09T02:21:08+00:00","dateModified":"2022-05-09T02:21:11+00:00","breadcrumb":{"@id":"https:\/\/nativainfo.com\/?p=3005#breadcrumb"},"inLanguage":"es-AR","potentialAction":[{"@type":"ReadAction","target":["https:\/\/nativainfo.com\/?p=3005"]}]},{"@type":"ImageObject","inLanguage":"es-AR","@id":"https:\/\/nativainfo.com\/?p=3005#primaryimage","url":"https:\/\/nativainfo.com\/wp-content\/uploads\/2022\/05\/imagen_2022-05-08_232016055.png","contentUrl":"https:\/\/nativainfo.com\/wp-content\/uploads\/2022\/05\/imagen_2022-05-08_232016055.png","width":900,"height":600},{"@type":"BreadcrumbList","@id":"https:\/\/nativainfo.com\/?p=3005#breadcrumb","itemListElement":[{"@type":"ListItem","position":1,"name":"Inicio","item":"https:\/\/nativainfo.com\/"},{"@type":"ListItem","position":2,"name":"Fito Paez vuelve con de forma \u00edntima con su piano en el nuevo \u00e1lbum \u201cThe Golden Light\u201d"}]},{"@type":"WebSite","@id":"https:\/\/nativainfo.com\/#website","url":"https:\/\/nativainfo.com\/","name":"Nativa Info","description":"Diario Digital","publisher":{"@id":"https:\/\/nativainfo.com\/#organization"},"potentialAction":[{"@type":"SearchAction","target":{"@type":"EntryPoint","urlTemplate":"https:\/\/nativainfo.com\/?s={search_term_string}"},"query-input":{"@type":"PropertyValueSpecification","valueRequired":true,"valueName":"search_term_string"}}],"inLanguage":"es-AR"},{"@type":"Organization","@id":"https:\/\/nativainfo.com\/#organization","name":"Nativa Info","url":"https:\/\/nativainfo.com\/","logo":{"@type":"ImageObject","inLanguage":"es-AR","@id":"https:\/\/nativainfo.com\/#\/schema\/logo\/image\/","url":"https:\/\/nativainfo.com\/wp-content\/uploads\/2025\/08\/LOGO-NATIVA-FACE.jpg","contentUrl":"https:\/\/nativainfo.com\/wp-content\/uploads\/2025\/08\/LOGO-NATIVA-FACE.jpg","width":400,"height":400,"caption":"Nativa Info"},"image":{"@id":"https:\/\/nativainfo.com\/#\/schema\/logo\/image\/"},"sameAs":["https:\/\/www.facebook.com\/profile.php?id=61578881597564"]},{"@type":"Person","@id":"https:\/\/nativainfo.com\/#\/schema\/person\/24893b64a9cd564ddb5d102d36eb4b5c","name":"Nativa Info","image":{"@type":"ImageObject","inLanguage":"es-AR","@id":"https:\/\/nativainfo.com\/#\/schema\/person\/image\/","url":"https:\/\/secure.gravatar.com\/avatar\/016fa1cf068d85136d938e1507b9b619cb766e2565cbb1faa1e571762460c785?s=96&d=mm&r=g","contentUrl":"https:\/\/secure.gravatar.com\/avatar\/016fa1cf068d85136d938e1507b9b619cb766e2565cbb1faa1e571762460c785?s=96&d=mm&r=g","caption":"Nativa Info"},"sameAs":["http:\/\/nativainfo.com"],"url":"https:\/\/nativainfo.com\/?author=1"}]}},"jetpack_publicize_connections":[],"_links":{"self":[{"href":"https:\/\/nativainfo.com\/index.php?rest_route=\/wp\/v2\/posts\/3005","targetHints":{"allow":["GET"]}}],"collection":[{"href":"https:\/\/nativainfo.com\/index.php?rest_route=\/wp\/v2\/posts"}],"about":[{"href":"https:\/\/nativainfo.com\/index.php?rest_route=\/wp\/v2\/types\/post"}],"author":[{"embeddable":true,"href":"https:\/\/nativainfo.com\/index.php?rest_route=\/wp\/v2\/users\/1"}],"replies":[{"embeddable":true,"href":"https:\/\/nativainfo.com\/index.php?rest_route=%2Fwp%2Fv2%2Fcomments&post=3005"}],"version-history":[{"count":1,"href":"https:\/\/nativainfo.com\/index.php?rest_route=\/wp\/v2\/posts\/3005\/revisions"}],"predecessor-version":[{"id":3008,"href":"https:\/\/nativainfo.com\/index.php?rest_route=\/wp\/v2\/posts\/3005\/revisions\/3008"}],"wp:attachment":[{"href":"https:\/\/nativainfo.com\/index.php?rest_route=%2Fwp%2Fv2%2Fmedia&parent=3005"}],"wp:term":[{"taxonomy":"category","embeddable":true,"href":"https:\/\/nativainfo.com\/index.php?rest_route=%2Fwp%2Fv2%2Fcategories&post=3005"},{"taxonomy":"post_tag","embeddable":true,"href":"https:\/\/nativainfo.com\/index.php?rest_route=%2Fwp%2Fv2%2Ftags&post=3005"}],"curies":[{"name":"wp","href":"https:\/\/api.w.org\/{rel}","templated":true}]}}