{"id":2980,"date":"2022-04-03T01:42:43","date_gmt":"2022-04-03T04:42:43","guid":{"rendered":"http:\/\/nativainfo.com\/?p=2980"},"modified":"2022-04-03T01:42:47","modified_gmt":"2022-04-03T04:42:47","slug":"aleix-espargaro-se-quedo-con-la-pole-position-del-motogp-en-las-termas","status":"publish","type":"post","link":"https:\/\/nativainfo.com\/?p=2980","title":{"rendered":"Aleix Espargar\u00f3 se qued\u00f3 con la pole position del MotoGP en Las Termas"},"content":{"rendered":"\n<figure class=\"wp-block-image size-large\"><img fetchpriority=\"high\" decoding=\"async\" width=\"1010\" height=\"567\" src=\"http:\/\/nativainfo.com\/wp-content\/uploads\/2022\/04\/imagen_2022-04-03_014228.png\" alt=\"\" class=\"wp-image-2981\" srcset=\"https:\/\/nativainfo.com\/wp-content\/uploads\/2022\/04\/imagen_2022-04-03_014228.png 1010w, https:\/\/nativainfo.com\/wp-content\/uploads\/2022\/04\/imagen_2022-04-03_014228-300x168.png 300w, https:\/\/nativainfo.com\/wp-content\/uploads\/2022\/04\/imagen_2022-04-03_014228-768x431.png 768w, https:\/\/nativainfo.com\/wp-content\/uploads\/2022\/04\/imagen_2022-04-03_014228-623x350.png 623w, https:\/\/nativainfo.com\/wp-content\/uploads\/2022\/04\/imagen_2022-04-03_014228-150x84.png 150w\" sizes=\"(max-width: 1010px) 100vw, 1010px\" \/><\/figure>\n\n\n\n<p><strong>Aleix Espargar\u00f3<\/strong>&nbsp;fue el m\u00e1s r\u00e1pido y clav\u00f3 los relojes en 1m37.688s en la \u00faltima vuelta de la Q2 clasificatoria y se qued\u00f3 con la pole position del&nbsp;<strong>Gran Premio de la Rep\u00fablica Argentina de MotoGP<\/strong>. El espa\u00f1ol hizo historia al darle, por primera vez en la historia de la m\u00e1xima categor\u00eda del motociclismo, una pole position a&nbsp;<strong>Aprilia<\/strong>.<\/p>\n\n\n\n<p><strong>Espargar\u00f3&nbsp;<\/strong>largar\u00e1 adelante este domingo a las 15 en la carrera principal de la competencia al sacarle 151 mil\u00e9simas a su compatriota&nbsp;<strong>Jorge Mart\u00edn<\/strong>&nbsp;y 431 al italiano&nbsp;<strong>Luca Marini<\/strong>. Los tres estar\u00e1n en la primera fila de largada.<\/p>\n\n\n\n<p>La segunda fila de la grilla estar\u00e1 compuesta por&nbsp;<strong>Pol Espargar\u00f3<\/strong>, hermano de Aleix,&nbsp;<strong>Maverick Vi\u00f1ales y Fabio Quartararo<\/strong>. La tercera tendr\u00e1 a&nbsp;<strong>Alex Rins, Joan Mir y Johann Zarco<\/strong>&nbsp;y la cuarta a&nbsp;<strong>Takaaki Nakagami, Jack Miller y Brad Binder.<\/strong><\/p>\n","protected":false},"excerpt":{"rendered":"<p>Aleix Espargar\u00f3&nbsp;fue el m\u00e1s r\u00e1pido y clav\u00f3 los relojes en 1m37.688s en la \u00faltima vuelta de la Q2 clasificatoria y&#8230; <a class=\"continue-reading-link\" href=\"https:\/\/nativainfo.com\/?p=2980\">Continue reading<\/a><\/p>\n","protected":false},"author":1,"featured_media":0,"comment_status":"open","ping_status":"open","sticky":false,"template":"","format":"standard","meta":{"rop_custom_images_group":[],"rop_custom_messages_group":[],"rop_publish_now":"initial","rop_publish_now_accounts":[],"rop_publish_now_history":[],"rop_publish_now_status":"pending","footnotes":"","jetpack_publicize_message":"","jetpack_publicize_feature_enabled":true,"jetpack_social_post_already_shared":false,"jetpack_social_options":{"image_generator_settings":{"template":"highway","default_image_id":0,"font":"","enabled":false},"version":2}},"categories":[54],"tags":[],"class_list":["post-2980","post","type-post","status-publish","format-standard","hentry","category-motogp"],"yoast_head":"<!-- This site is optimized with the Yoast SEO plugin v25.6 - https:\/\/yoast.com\/wordpress\/plugins\/seo\/ -->\n<title>Aleix Espargar\u00f3 se qued\u00f3 con la pole position del MotoGP en Las Termas - Nativa Info<\/title>\n<meta name=\"robots\" content=\"index, follow, max-snippet:-1, max-image-preview:large, max-video-preview:-1\" \/>\n<link rel=\"canonical\" href=\"https:\/\/nativainfo.com\/?p=2980\" \/>\n<meta property=\"og:locale\" content=\"es_ES\" \/>\n<meta property=\"og:type\" content=\"article\" \/>\n<meta property=\"og:title\" content=\"Aleix Espargar\u00f3 se qued\u00f3 con la pole position del MotoGP en Las Termas - Nativa Info\" \/>\n<meta property=\"og:description\" content=\"Aleix Espargar\u00f3&nbsp;fue el m\u00e1s r\u00e1pido y clav\u00f3 los relojes en 1m37.688s en la \u00faltima vuelta de la Q2 clasificatoria y... Continue reading\" \/>\n<meta property=\"og:url\" content=\"https:\/\/nativainfo.com\/?p=2980\" \/>\n<meta property=\"og:site_name\" content=\"Nativa Info\" \/>\n<meta property=\"article:publisher\" content=\"https:\/\/www.facebook.com\/profile.php?id=61578881597564\" \/>\n<meta property=\"article:published_time\" content=\"2022-04-03T04:42:43+00:00\" \/>\n<meta property=\"article:modified_time\" content=\"2022-04-03T04:42:47+00:00\" \/>\n<meta property=\"og:image\" content=\"http:\/\/nativainfo.com\/wp-content\/uploads\/2022\/04\/imagen_2022-04-03_014228.png\" \/>\n<meta name=\"author\" content=\"Nativa Info\" \/>\n<meta name=\"twitter:card\" content=\"summary_large_image\" \/>\n<meta name=\"twitter:label1\" content=\"Escrito por\" \/>\n\t<meta name=\"twitter:data1\" content=\"Nativa Info\" \/>\n\t<meta name=\"twitter:label2\" content=\"Tiempo de lectura\" \/>\n\t<meta name=\"twitter:data2\" content=\"1 minuto\" \/>\n<script type=\"application\/ld+json\" class=\"yoast-schema-graph\">{\"@context\":\"https:\/\/schema.org\",\"@graph\":[{\"@type\":\"Article\",\"@id\":\"https:\/\/nativainfo.com\/?p=2980#article\",\"isPartOf\":{\"@id\":\"https:\/\/nativainfo.com\/?p=2980\"},\"author\":{\"name\":\"Nativa Info\",\"@id\":\"https:\/\/nativainfo.com\/#\/schema\/person\/24893b64a9cd564ddb5d102d36eb4b5c\"},\"headline\":\"Aleix Espargar\u00f3 se qued\u00f3 con la pole position del MotoGP en Las Termas\",\"datePublished\":\"2022-04-03T04:42:43+00:00\",\"dateModified\":\"2022-04-03T04:42:47+00:00\",\"mainEntityOfPage\":{\"@id\":\"https:\/\/nativainfo.com\/?p=2980\"},\"wordCount\":172,\"commentCount\":0,\"publisher\":{\"@id\":\"https:\/\/nativainfo.com\/#organization\"},\"image\":{\"@id\":\"https:\/\/nativainfo.com\/?p=2980#primaryimage\"},\"thumbnailUrl\":\"http:\/\/nativainfo.com\/wp-content\/uploads\/2022\/04\/imagen_2022-04-03_014228.png\",\"articleSection\":[\"MotoGP\"],\"inLanguage\":\"es-AR\",\"potentialAction\":[{\"@type\":\"CommentAction\",\"name\":\"Comment\",\"target\":[\"https:\/\/nativainfo.com\/?p=2980#respond\"]}]},{\"@type\":\"WebPage\",\"@id\":\"https:\/\/nativainfo.com\/?p=2980\",\"url\":\"https:\/\/nativainfo.com\/?p=2980\",\"name\":\"Aleix Espargar\u00f3 se qued\u00f3 con la pole position del MotoGP en Las Termas - Nativa Info\",\"isPartOf\":{\"@id\":\"https:\/\/nativainfo.com\/#website\"},\"primaryImageOfPage\":{\"@id\":\"https:\/\/nativainfo.com\/?p=2980#primaryimage\"},\"image\":{\"@id\":\"https:\/\/nativainfo.com\/?p=2980#primaryimage\"},\"thumbnailUrl\":\"http:\/\/nativainfo.com\/wp-content\/uploads\/2022\/04\/imagen_2022-04-03_014228.png\",\"datePublished\":\"2022-04-03T04:42:43+00:00\",\"dateModified\":\"2022-04-03T04:42:47+00:00\",\"breadcrumb\":{\"@id\":\"https:\/\/nativainfo.com\/?p=2980#breadcrumb\"},\"inLanguage\":\"es-AR\",\"potentialAction\":[{\"@type\":\"ReadAction\",\"target\":[\"https:\/\/nativainfo.com\/?p=2980\"]}]},{\"@type\":\"ImageObject\",\"inLanguage\":\"es-AR\",\"@id\":\"https:\/\/nativainfo.com\/?p=2980#primaryimage\",\"url\":\"https:\/\/nativainfo.com\/wp-content\/uploads\/2022\/04\/imagen_2022-04-03_014228.png\",\"contentUrl\":\"https:\/\/nativainfo.com\/wp-content\/uploads\/2022\/04\/imagen_2022-04-03_014228.png\",\"width\":1010,\"height\":567},{\"@type\":\"BreadcrumbList\",\"@id\":\"https:\/\/nativainfo.com\/?p=2980#breadcrumb\",\"itemListElement\":[{\"@type\":\"ListItem\",\"position\":1,\"name\":\"Inicio\",\"item\":\"https:\/\/nativainfo.com\/\"},{\"@type\":\"ListItem\",\"position\":2,\"name\":\"Aleix Espargar\u00f3 se qued\u00f3 con la pole position del MotoGP en Las Termas\"}]},{\"@type\":\"WebSite\",\"@id\":\"https:\/\/nativainfo.com\/#website\",\"url\":\"https:\/\/nativainfo.com\/\",\"name\":\"Nativa Info\",\"description\":\"Diario Digital\",\"publisher\":{\"@id\":\"https:\/\/nativainfo.com\/#organization\"},\"potentialAction\":[{\"@type\":\"SearchAction\",\"target\":{\"@type\":\"EntryPoint\",\"urlTemplate\":\"https:\/\/nativainfo.com\/?s={search_term_string}\"},\"query-input\":{\"@type\":\"PropertyValueSpecification\",\"valueRequired\":true,\"valueName\":\"search_term_string\"}}],\"inLanguage\":\"es-AR\"},{\"@type\":\"Organization\",\"@id\":\"https:\/\/nativainfo.com\/#organization\",\"name\":\"Nativa Info\",\"url\":\"https:\/\/nativainfo.com\/\",\"logo\":{\"@type\":\"ImageObject\",\"inLanguage\":\"es-AR\",\"@id\":\"https:\/\/nativainfo.com\/#\/schema\/logo\/image\/\",\"url\":\"https:\/\/nativainfo.com\/wp-content\/uploads\/2025\/08\/LOGO-NATIVA-FACE.jpg\",\"contentUrl\":\"https:\/\/nativainfo.com\/wp-content\/uploads\/2025\/08\/LOGO-NATIVA-FACE.jpg\",\"width\":400,\"height\":400,\"caption\":\"Nativa Info\"},\"image\":{\"@id\":\"https:\/\/nativainfo.com\/#\/schema\/logo\/image\/\"},\"sameAs\":[\"https:\/\/www.facebook.com\/profile.php?id=61578881597564\"]},{\"@type\":\"Person\",\"@id\":\"https:\/\/nativainfo.com\/#\/schema\/person\/24893b64a9cd564ddb5d102d36eb4b5c\",\"name\":\"Nativa Info\",\"image\":{\"@type\":\"ImageObject\",\"inLanguage\":\"es-AR\",\"@id\":\"https:\/\/nativainfo.com\/#\/schema\/person\/image\/\",\"url\":\"https:\/\/secure.gravatar.com\/avatar\/016fa1cf068d85136d938e1507b9b619cb766e2565cbb1faa1e571762460c785?s=96&d=mm&r=g\",\"contentUrl\":\"https:\/\/secure.gravatar.com\/avatar\/016fa1cf068d85136d938e1507b9b619cb766e2565cbb1faa1e571762460c785?s=96&d=mm&r=g\",\"caption\":\"Nativa Info\"},\"sameAs\":[\"http:\/\/nativainfo.com\"],\"url\":\"https:\/\/nativainfo.com\/?author=1\"}]}<\/script>\n<!-- \/ Yoast SEO plugin. -->","yoast_head_json":{"title":"Aleix Espargar\u00f3 se qued\u00f3 con la pole position del MotoGP en Las Termas - Nativa Info","robots":{"index":"index","follow":"follow","max-snippet":"max-snippet:-1","max-image-preview":"max-image-preview:large","max-video-preview":"max-video-preview:-1"},"canonical":"https:\/\/nativainfo.com\/?p=2980","og_locale":"es_ES","og_type":"article","og_title":"Aleix Espargar\u00f3 se qued\u00f3 con la pole position del MotoGP en Las Termas - Nativa Info","og_description":"Aleix Espargar\u00f3&nbsp;fue el m\u00e1s r\u00e1pido y clav\u00f3 los relojes en 1m37.688s en la \u00faltima vuelta de la Q2 clasificatoria y... Continue reading","og_url":"https:\/\/nativainfo.com\/?p=2980","og_site_name":"Nativa Info","article_publisher":"https:\/\/www.facebook.com\/profile.php?id=61578881597564","article_published_time":"2022-04-03T04:42:43+00:00","article_modified_time":"2022-04-03T04:42:47+00:00","og_image":[{"url":"http:\/\/nativainfo.com\/wp-content\/uploads\/2022\/04\/imagen_2022-04-03_014228.png","type":"","width":"","height":""}],"author":"Nativa Info","twitter_card":"summary_large_image","twitter_misc":{"Escrito por":"Nativa Info","Tiempo de lectura":"1 minuto"},"schema":{"@context":"https:\/\/schema.org","@graph":[{"@type":"Article","@id":"https:\/\/nativainfo.com\/?p=2980#article","isPartOf":{"@id":"https:\/\/nativainfo.com\/?p=2980"},"author":{"name":"Nativa Info","@id":"https:\/\/nativainfo.com\/#\/schema\/person\/24893b64a9cd564ddb5d102d36eb4b5c"},"headline":"Aleix Espargar\u00f3 se qued\u00f3 con la pole position del MotoGP en Las Termas","datePublished":"2022-04-03T04:42:43+00:00","dateModified":"2022-04-03T04:42:47+00:00","mainEntityOfPage":{"@id":"https:\/\/nativainfo.com\/?p=2980"},"wordCount":172,"commentCount":0,"publisher":{"@id":"https:\/\/nativainfo.com\/#organization"},"image":{"@id":"https:\/\/nativainfo.com\/?p=2980#primaryimage"},"thumbnailUrl":"http:\/\/nativainfo.com\/wp-content\/uploads\/2022\/04\/imagen_2022-04-03_014228.png","articleSection":["MotoGP"],"inLanguage":"es-AR","potentialAction":[{"@type":"CommentAction","name":"Comment","target":["https:\/\/nativainfo.com\/?p=2980#respond"]}]},{"@type":"WebPage","@id":"https:\/\/nativainfo.com\/?p=2980","url":"https:\/\/nativainfo.com\/?p=2980","name":"Aleix Espargar\u00f3 se qued\u00f3 con la pole position del MotoGP en Las Termas - Nativa Info","isPartOf":{"@id":"https:\/\/nativainfo.com\/#website"},"primaryImageOfPage":{"@id":"https:\/\/nativainfo.com\/?p=2980#primaryimage"},"image":{"@id":"https:\/\/nativainfo.com\/?p=2980#primaryimage"},"thumbnailUrl":"http:\/\/nativainfo.com\/wp-content\/uploads\/2022\/04\/imagen_2022-04-03_014228.png","datePublished":"2022-04-03T04:42:43+00:00","dateModified":"2022-04-03T04:42:47+00:00","breadcrumb":{"@id":"https:\/\/nativainfo.com\/?p=2980#breadcrumb"},"inLanguage":"es-AR","potentialAction":[{"@type":"ReadAction","target":["https:\/\/nativainfo.com\/?p=2980"]}]},{"@type":"ImageObject","inLanguage":"es-AR","@id":"https:\/\/nativainfo.com\/?p=2980#primaryimage","url":"https:\/\/nativainfo.com\/wp-content\/uploads\/2022\/04\/imagen_2022-04-03_014228.png","contentUrl":"https:\/\/nativainfo.com\/wp-content\/uploads\/2022\/04\/imagen_2022-04-03_014228.png","width":1010,"height":567},{"@type":"BreadcrumbList","@id":"https:\/\/nativainfo.com\/?p=2980#breadcrumb","itemListElement":[{"@type":"ListItem","position":1,"name":"Inicio","item":"https:\/\/nativainfo.com\/"},{"@type":"ListItem","position":2,"name":"Aleix Espargar\u00f3 se qued\u00f3 con la pole position del MotoGP en Las Termas"}]},{"@type":"WebSite","@id":"https:\/\/nativainfo.com\/#website","url":"https:\/\/nativainfo.com\/","name":"Nativa Info","description":"Diario Digital","publisher":{"@id":"https:\/\/nativainfo.com\/#organization"},"potentialAction":[{"@type":"SearchAction","target":{"@type":"EntryPoint","urlTemplate":"https:\/\/nativainfo.com\/?s={search_term_string}"},"query-input":{"@type":"PropertyValueSpecification","valueRequired":true,"valueName":"search_term_string"}}],"inLanguage":"es-AR"},{"@type":"Organization","@id":"https:\/\/nativainfo.com\/#organization","name":"Nativa Info","url":"https:\/\/nativainfo.com\/","logo":{"@type":"ImageObject","inLanguage":"es-AR","@id":"https:\/\/nativainfo.com\/#\/schema\/logo\/image\/","url":"https:\/\/nativainfo.com\/wp-content\/uploads\/2025\/08\/LOGO-NATIVA-FACE.jpg","contentUrl":"https:\/\/nativainfo.com\/wp-content\/uploads\/2025\/08\/LOGO-NATIVA-FACE.jpg","width":400,"height":400,"caption":"Nativa Info"},"image":{"@id":"https:\/\/nativainfo.com\/#\/schema\/logo\/image\/"},"sameAs":["https:\/\/www.facebook.com\/profile.php?id=61578881597564"]},{"@type":"Person","@id":"https:\/\/nativainfo.com\/#\/schema\/person\/24893b64a9cd564ddb5d102d36eb4b5c","name":"Nativa Info","image":{"@type":"ImageObject","inLanguage":"es-AR","@id":"https:\/\/nativainfo.com\/#\/schema\/person\/image\/","url":"https:\/\/secure.gravatar.com\/avatar\/016fa1cf068d85136d938e1507b9b619cb766e2565cbb1faa1e571762460c785?s=96&d=mm&r=g","contentUrl":"https:\/\/secure.gravatar.com\/avatar\/016fa1cf068d85136d938e1507b9b619cb766e2565cbb1faa1e571762460c785?s=96&d=mm&r=g","caption":"Nativa Info"},"sameAs":["http:\/\/nativainfo.com"],"url":"https:\/\/nativainfo.com\/?author=1"}]}},"jetpack_publicize_connections":[],"_links":{"self":[{"href":"https:\/\/nativainfo.com\/index.php?rest_route=\/wp\/v2\/posts\/2980","targetHints":{"allow":["GET"]}}],"collection":[{"href":"https:\/\/nativainfo.com\/index.php?rest_route=\/wp\/v2\/posts"}],"about":[{"href":"https:\/\/nativainfo.com\/index.php?rest_route=\/wp\/v2\/types\/post"}],"author":[{"embeddable":true,"href":"https:\/\/nativainfo.com\/index.php?rest_route=\/wp\/v2\/users\/1"}],"replies":[{"embeddable":true,"href":"https:\/\/nativainfo.com\/index.php?rest_route=%2Fwp%2Fv2%2Fcomments&post=2980"}],"version-history":[{"count":1,"href":"https:\/\/nativainfo.com\/index.php?rest_route=\/wp\/v2\/posts\/2980\/revisions"}],"predecessor-version":[{"id":2982,"href":"https:\/\/nativainfo.com\/index.php?rest_route=\/wp\/v2\/posts\/2980\/revisions\/2982"}],"wp:attachment":[{"href":"https:\/\/nativainfo.com\/index.php?rest_route=%2Fwp%2Fv2%2Fmedia&parent=2980"}],"wp:term":[{"taxonomy":"category","embeddable":true,"href":"https:\/\/nativainfo.com\/index.php?rest_route=%2Fwp%2Fv2%2Fcategories&post=2980"},{"taxonomy":"post_tag","embeddable":true,"href":"https:\/\/nativainfo.com\/index.php?rest_route=%2Fwp%2Fv2%2Ftags&post=2980"}],"curies":[{"name":"wp","href":"https:\/\/api.w.org\/{rel}","templated":true}]}}