{"id":2975,"date":"2022-04-02T03:12:22","date_gmt":"2022-04-02T06:12:22","guid":{"rendered":"http:\/\/nativainfo.com\/?p=2975"},"modified":"2022-04-02T03:12:24","modified_gmt":"2022-04-02T06:12:24","slug":"con-un-super-sabado-arranca-la-accion-del-motogp-en-termas-de-rio-hondo","status":"publish","type":"post","link":"https:\/\/nativainfo.com\/?p=2975","title":{"rendered":"Con un s\u00faper s\u00e1bado, arranca la acci\u00f3n del MotoGP en Termas de R\u00edo Hondo"},"content":{"rendered":"\n<figure class=\"wp-block-image size-large\"><img fetchpriority=\"high\" decoding=\"async\" width=\"800\" height=\"450\" src=\"http:\/\/nativainfo.com\/wp-content\/uploads\/2022\/04\/imagen_2022-04-02_031208.png\" alt=\"\" class=\"wp-image-2977\" srcset=\"https:\/\/nativainfo.com\/wp-content\/uploads\/2022\/04\/imagen_2022-04-02_031208.png 800w, https:\/\/nativainfo.com\/wp-content\/uploads\/2022\/04\/imagen_2022-04-02_031208-300x169.png 300w, https:\/\/nativainfo.com\/wp-content\/uploads\/2022\/04\/imagen_2022-04-02_031208-768x432.png 768w, https:\/\/nativainfo.com\/wp-content\/uploads\/2022\/04\/imagen_2022-04-02_031208-622x350.png 622w, https:\/\/nativainfo.com\/wp-content\/uploads\/2022\/04\/imagen_2022-04-02_031208-150x84.png 150w\" sizes=\"(max-width: 800px) 100vw, 800px\" \/><\/figure>\n\n\n\n<p>El&nbsp;<strong>MotoGP&nbsp;<\/strong>iniciar\u00e1 hoy su actividad, de cara al&nbsp;<strong>Gran Premio de la Argentina<\/strong>, despu\u00e9s de la suspensi\u00f3n de ayer de los ensayos por problemas de log\u00edstica, que por la tercera fecha del campeonato de la especialidad, se disputar\u00e1 el domingo en e<strong>l Aut\u00f3dromo Internacional o de Termas de R\u00edo Hondo,<\/strong>&nbsp;y con la significativa ausencia del s\u00e9xtuple monarca, el espa\u00f1ol&nbsp;<strong>Marc M\u00e1rquez,&nbsp;<\/strong>por problemas en su vista.<\/p>\n\n\n\n<p>La ausencia del s\u00e9xtuple monarca de&nbsp;<strong>MotoGP<\/strong>, el espa\u00f1ol&nbsp;<strong>Marc M\u00e1rquez,<\/strong>&nbsp;ser\u00e1 una baja importante para el desarrollo de la s\u00e9ptima visita de la especialidad a&nbsp;<strong>Termas<\/strong>, ya que el piloto de Honda sufri\u00f3 tres ca\u00eddas en el<strong>&nbsp;Gran Premio de Indonesia,&nbsp;<\/strong>que le provocaron una lesi\u00f3n en su vista.<\/p>\n\n\n\n<p>El nuevo cronograma que dispuso Dorna, organizadora del&nbsp;<strong>MotoGP<\/strong>, se iniciar\u00e1 hoy a las 8.45, en la pista de 4.806 metros de extensi\u00f3n, con las pr\u00e1cticas libres de&nbsp;<strong>Moto3<\/strong>, continuar\u00e1 a las 9.40 con&nbsp;<strong>Moto2<\/strong>, y despu\u00e9s, a las 10.35, saldr\u00e1 a pista el&nbsp;<strong>MotoGP<\/strong>.<\/p>\n","protected":false},"excerpt":{"rendered":"<p>El&nbsp;MotoGP&nbsp;iniciar\u00e1 hoy su actividad, de cara al&nbsp;Gran Premio de la Argentina, despu\u00e9s de la suspensi\u00f3n de ayer de los ensayos&#8230; <a class=\"continue-reading-link\" href=\"https:\/\/nativainfo.com\/?p=2975\">Continue reading<\/a><\/p>\n","protected":false},"author":1,"featured_media":0,"comment_status":"open","ping_status":"open","sticky":false,"template":"","format":"standard","meta":{"rop_custom_images_group":[],"rop_custom_messages_group":[],"rop_publish_now":"initial","rop_publish_now_accounts":[],"rop_publish_now_history":[],"rop_publish_now_status":"pending","footnotes":"","jetpack_publicize_message":"","jetpack_publicize_feature_enabled":true,"jetpack_social_post_already_shared":false,"jetpack_social_options":{"image_generator_settings":{"template":"highway","default_image_id":0,"font":"","enabled":false},"version":2}},"categories":[1],"tags":[],"class_list":["post-2975","post","type-post","status-publish","format-standard","hentry","category-uncategorized"],"yoast_head":"<!-- This site is optimized with the Yoast SEO plugin v25.6 - https:\/\/yoast.com\/wordpress\/plugins\/seo\/ -->\n<title>Con un s\u00faper s\u00e1bado, arranca la acci\u00f3n del MotoGP en Termas de R\u00edo Hondo - Nativa Info<\/title>\n<meta name=\"robots\" content=\"index, follow, max-snippet:-1, max-image-preview:large, max-video-preview:-1\" \/>\n<link rel=\"canonical\" href=\"https:\/\/nativainfo.com\/?p=2975\" \/>\n<meta property=\"og:locale\" content=\"es_ES\" \/>\n<meta property=\"og:type\" content=\"article\" \/>\n<meta property=\"og:title\" content=\"Con un s\u00faper s\u00e1bado, arranca la acci\u00f3n del MotoGP en Termas de R\u00edo Hondo - Nativa Info\" \/>\n<meta property=\"og:description\" content=\"El&nbsp;MotoGP&nbsp;iniciar\u00e1 hoy su actividad, de cara al&nbsp;Gran Premio de la Argentina, despu\u00e9s de la suspensi\u00f3n de ayer de los ensayos... Continue reading\" \/>\n<meta property=\"og:url\" content=\"https:\/\/nativainfo.com\/?p=2975\" \/>\n<meta property=\"og:site_name\" content=\"Nativa Info\" \/>\n<meta property=\"article:publisher\" content=\"https:\/\/www.facebook.com\/profile.php?id=61578881597564\" \/>\n<meta property=\"article:published_time\" content=\"2022-04-02T06:12:22+00:00\" \/>\n<meta property=\"article:modified_time\" content=\"2022-04-02T06:12:24+00:00\" \/>\n<meta property=\"og:image\" content=\"http:\/\/nativainfo.com\/wp-content\/uploads\/2022\/04\/imagen_2022-04-02_031208.png\" \/>\n<meta name=\"author\" content=\"Nativa Info\" \/>\n<meta name=\"twitter:card\" content=\"summary_large_image\" \/>\n<meta name=\"twitter:label1\" content=\"Escrito por\" \/>\n\t<meta name=\"twitter:data1\" content=\"Nativa Info\" \/>\n\t<meta name=\"twitter:label2\" content=\"Tiempo de lectura\" \/>\n\t<meta name=\"twitter:data2\" content=\"1 minuto\" \/>\n<script type=\"application\/ld+json\" class=\"yoast-schema-graph\">{\"@context\":\"https:\/\/schema.org\",\"@graph\":[{\"@type\":\"Article\",\"@id\":\"https:\/\/nativainfo.com\/?p=2975#article\",\"isPartOf\":{\"@id\":\"https:\/\/nativainfo.com\/?p=2975\"},\"author\":{\"name\":\"Nativa Info\",\"@id\":\"https:\/\/nativainfo.com\/#\/schema\/person\/24893b64a9cd564ddb5d102d36eb4b5c\"},\"headline\":\"Con un s\u00faper s\u00e1bado, arranca la acci\u00f3n del MotoGP en Termas de R\u00edo Hondo\",\"datePublished\":\"2022-04-02T06:12:22+00:00\",\"dateModified\":\"2022-04-02T06:12:24+00:00\",\"mainEntityOfPage\":{\"@id\":\"https:\/\/nativainfo.com\/?p=2975\"},\"wordCount\":210,\"commentCount\":0,\"publisher\":{\"@id\":\"https:\/\/nativainfo.com\/#organization\"},\"image\":{\"@id\":\"https:\/\/nativainfo.com\/?p=2975#primaryimage\"},\"thumbnailUrl\":\"http:\/\/nativainfo.com\/wp-content\/uploads\/2022\/04\/imagen_2022-04-02_031208.png\",\"articleSection\":[\"Uncategorized\"],\"inLanguage\":\"es-AR\",\"potentialAction\":[{\"@type\":\"CommentAction\",\"name\":\"Comment\",\"target\":[\"https:\/\/nativainfo.com\/?p=2975#respond\"]}]},{\"@type\":\"WebPage\",\"@id\":\"https:\/\/nativainfo.com\/?p=2975\",\"url\":\"https:\/\/nativainfo.com\/?p=2975\",\"name\":\"Con un s\u00faper s\u00e1bado, arranca la acci\u00f3n del MotoGP en Termas de R\u00edo Hondo - Nativa Info\",\"isPartOf\":{\"@id\":\"https:\/\/nativainfo.com\/#website\"},\"primaryImageOfPage\":{\"@id\":\"https:\/\/nativainfo.com\/?p=2975#primaryimage\"},\"image\":{\"@id\":\"https:\/\/nativainfo.com\/?p=2975#primaryimage\"},\"thumbnailUrl\":\"http:\/\/nativainfo.com\/wp-content\/uploads\/2022\/04\/imagen_2022-04-02_031208.png\",\"datePublished\":\"2022-04-02T06:12:22+00:00\",\"dateModified\":\"2022-04-02T06:12:24+00:00\",\"breadcrumb\":{\"@id\":\"https:\/\/nativainfo.com\/?p=2975#breadcrumb\"},\"inLanguage\":\"es-AR\",\"potentialAction\":[{\"@type\":\"ReadAction\",\"target\":[\"https:\/\/nativainfo.com\/?p=2975\"]}]},{\"@type\":\"ImageObject\",\"inLanguage\":\"es-AR\",\"@id\":\"https:\/\/nativainfo.com\/?p=2975#primaryimage\",\"url\":\"https:\/\/nativainfo.com\/wp-content\/uploads\/2022\/04\/imagen_2022-04-02_031208.png\",\"contentUrl\":\"https:\/\/nativainfo.com\/wp-content\/uploads\/2022\/04\/imagen_2022-04-02_031208.png\",\"width\":800,\"height\":450},{\"@type\":\"BreadcrumbList\",\"@id\":\"https:\/\/nativainfo.com\/?p=2975#breadcrumb\",\"itemListElement\":[{\"@type\":\"ListItem\",\"position\":1,\"name\":\"Inicio\",\"item\":\"https:\/\/nativainfo.com\/\"},{\"@type\":\"ListItem\",\"position\":2,\"name\":\"Con un s\u00faper s\u00e1bado, arranca la acci\u00f3n del MotoGP en Termas de R\u00edo Hondo\"}]},{\"@type\":\"WebSite\",\"@id\":\"https:\/\/nativainfo.com\/#website\",\"url\":\"https:\/\/nativainfo.com\/\",\"name\":\"Nativa Info\",\"description\":\"Diario Digital\",\"publisher\":{\"@id\":\"https:\/\/nativainfo.com\/#organization\"},\"potentialAction\":[{\"@type\":\"SearchAction\",\"target\":{\"@type\":\"EntryPoint\",\"urlTemplate\":\"https:\/\/nativainfo.com\/?s={search_term_string}\"},\"query-input\":{\"@type\":\"PropertyValueSpecification\",\"valueRequired\":true,\"valueName\":\"search_term_string\"}}],\"inLanguage\":\"es-AR\"},{\"@type\":\"Organization\",\"@id\":\"https:\/\/nativainfo.com\/#organization\",\"name\":\"Nativa Info\",\"url\":\"https:\/\/nativainfo.com\/\",\"logo\":{\"@type\":\"ImageObject\",\"inLanguage\":\"es-AR\",\"@id\":\"https:\/\/nativainfo.com\/#\/schema\/logo\/image\/\",\"url\":\"https:\/\/nativainfo.com\/wp-content\/uploads\/2025\/08\/LOGO-NATIVA-FACE.jpg\",\"contentUrl\":\"https:\/\/nativainfo.com\/wp-content\/uploads\/2025\/08\/LOGO-NATIVA-FACE.jpg\",\"width\":400,\"height\":400,\"caption\":\"Nativa Info\"},\"image\":{\"@id\":\"https:\/\/nativainfo.com\/#\/schema\/logo\/image\/\"},\"sameAs\":[\"https:\/\/www.facebook.com\/profile.php?id=61578881597564\"]},{\"@type\":\"Person\",\"@id\":\"https:\/\/nativainfo.com\/#\/schema\/person\/24893b64a9cd564ddb5d102d36eb4b5c\",\"name\":\"Nativa Info\",\"image\":{\"@type\":\"ImageObject\",\"inLanguage\":\"es-AR\",\"@id\":\"https:\/\/nativainfo.com\/#\/schema\/person\/image\/\",\"url\":\"https:\/\/secure.gravatar.com\/avatar\/016fa1cf068d85136d938e1507b9b619cb766e2565cbb1faa1e571762460c785?s=96&d=mm&r=g\",\"contentUrl\":\"https:\/\/secure.gravatar.com\/avatar\/016fa1cf068d85136d938e1507b9b619cb766e2565cbb1faa1e571762460c785?s=96&d=mm&r=g\",\"caption\":\"Nativa Info\"},\"sameAs\":[\"http:\/\/nativainfo.com\"],\"url\":\"https:\/\/nativainfo.com\/?author=1\"}]}<\/script>\n<!-- \/ Yoast SEO plugin. -->","yoast_head_json":{"title":"Con un s\u00faper s\u00e1bado, arranca la acci\u00f3n del MotoGP en Termas de R\u00edo Hondo - Nativa Info","robots":{"index":"index","follow":"follow","max-snippet":"max-snippet:-1","max-image-preview":"max-image-preview:large","max-video-preview":"max-video-preview:-1"},"canonical":"https:\/\/nativainfo.com\/?p=2975","og_locale":"es_ES","og_type":"article","og_title":"Con un s\u00faper s\u00e1bado, arranca la acci\u00f3n del MotoGP en Termas de R\u00edo Hondo - Nativa Info","og_description":"El&nbsp;MotoGP&nbsp;iniciar\u00e1 hoy su actividad, de cara al&nbsp;Gran Premio de la Argentina, despu\u00e9s de la suspensi\u00f3n de ayer de los ensayos... Continue reading","og_url":"https:\/\/nativainfo.com\/?p=2975","og_site_name":"Nativa Info","article_publisher":"https:\/\/www.facebook.com\/profile.php?id=61578881597564","article_published_time":"2022-04-02T06:12:22+00:00","article_modified_time":"2022-04-02T06:12:24+00:00","og_image":[{"url":"http:\/\/nativainfo.com\/wp-content\/uploads\/2022\/04\/imagen_2022-04-02_031208.png","type":"","width":"","height":""}],"author":"Nativa Info","twitter_card":"summary_large_image","twitter_misc":{"Escrito por":"Nativa Info","Tiempo de lectura":"1 minuto"},"schema":{"@context":"https:\/\/schema.org","@graph":[{"@type":"Article","@id":"https:\/\/nativainfo.com\/?p=2975#article","isPartOf":{"@id":"https:\/\/nativainfo.com\/?p=2975"},"author":{"name":"Nativa Info","@id":"https:\/\/nativainfo.com\/#\/schema\/person\/24893b64a9cd564ddb5d102d36eb4b5c"},"headline":"Con un s\u00faper s\u00e1bado, arranca la acci\u00f3n del MotoGP en Termas de R\u00edo Hondo","datePublished":"2022-04-02T06:12:22+00:00","dateModified":"2022-04-02T06:12:24+00:00","mainEntityOfPage":{"@id":"https:\/\/nativainfo.com\/?p=2975"},"wordCount":210,"commentCount":0,"publisher":{"@id":"https:\/\/nativainfo.com\/#organization"},"image":{"@id":"https:\/\/nativainfo.com\/?p=2975#primaryimage"},"thumbnailUrl":"http:\/\/nativainfo.com\/wp-content\/uploads\/2022\/04\/imagen_2022-04-02_031208.png","articleSection":["Uncategorized"],"inLanguage":"es-AR","potentialAction":[{"@type":"CommentAction","name":"Comment","target":["https:\/\/nativainfo.com\/?p=2975#respond"]}]},{"@type":"WebPage","@id":"https:\/\/nativainfo.com\/?p=2975","url":"https:\/\/nativainfo.com\/?p=2975","name":"Con un s\u00faper s\u00e1bado, arranca la acci\u00f3n del MotoGP en Termas de R\u00edo Hondo - Nativa Info","isPartOf":{"@id":"https:\/\/nativainfo.com\/#website"},"primaryImageOfPage":{"@id":"https:\/\/nativainfo.com\/?p=2975#primaryimage"},"image":{"@id":"https:\/\/nativainfo.com\/?p=2975#primaryimage"},"thumbnailUrl":"http:\/\/nativainfo.com\/wp-content\/uploads\/2022\/04\/imagen_2022-04-02_031208.png","datePublished":"2022-04-02T06:12:22+00:00","dateModified":"2022-04-02T06:12:24+00:00","breadcrumb":{"@id":"https:\/\/nativainfo.com\/?p=2975#breadcrumb"},"inLanguage":"es-AR","potentialAction":[{"@type":"ReadAction","target":["https:\/\/nativainfo.com\/?p=2975"]}]},{"@type":"ImageObject","inLanguage":"es-AR","@id":"https:\/\/nativainfo.com\/?p=2975#primaryimage","url":"https:\/\/nativainfo.com\/wp-content\/uploads\/2022\/04\/imagen_2022-04-02_031208.png","contentUrl":"https:\/\/nativainfo.com\/wp-content\/uploads\/2022\/04\/imagen_2022-04-02_031208.png","width":800,"height":450},{"@type":"BreadcrumbList","@id":"https:\/\/nativainfo.com\/?p=2975#breadcrumb","itemListElement":[{"@type":"ListItem","position":1,"name":"Inicio","item":"https:\/\/nativainfo.com\/"},{"@type":"ListItem","position":2,"name":"Con un s\u00faper s\u00e1bado, arranca la acci\u00f3n del MotoGP en Termas de R\u00edo Hondo"}]},{"@type":"WebSite","@id":"https:\/\/nativainfo.com\/#website","url":"https:\/\/nativainfo.com\/","name":"Nativa Info","description":"Diario Digital","publisher":{"@id":"https:\/\/nativainfo.com\/#organization"},"potentialAction":[{"@type":"SearchAction","target":{"@type":"EntryPoint","urlTemplate":"https:\/\/nativainfo.com\/?s={search_term_string}"},"query-input":{"@type":"PropertyValueSpecification","valueRequired":true,"valueName":"search_term_string"}}],"inLanguage":"es-AR"},{"@type":"Organization","@id":"https:\/\/nativainfo.com\/#organization","name":"Nativa Info","url":"https:\/\/nativainfo.com\/","logo":{"@type":"ImageObject","inLanguage":"es-AR","@id":"https:\/\/nativainfo.com\/#\/schema\/logo\/image\/","url":"https:\/\/nativainfo.com\/wp-content\/uploads\/2025\/08\/LOGO-NATIVA-FACE.jpg","contentUrl":"https:\/\/nativainfo.com\/wp-content\/uploads\/2025\/08\/LOGO-NATIVA-FACE.jpg","width":400,"height":400,"caption":"Nativa Info"},"image":{"@id":"https:\/\/nativainfo.com\/#\/schema\/logo\/image\/"},"sameAs":["https:\/\/www.facebook.com\/profile.php?id=61578881597564"]},{"@type":"Person","@id":"https:\/\/nativainfo.com\/#\/schema\/person\/24893b64a9cd564ddb5d102d36eb4b5c","name":"Nativa Info","image":{"@type":"ImageObject","inLanguage":"es-AR","@id":"https:\/\/nativainfo.com\/#\/schema\/person\/image\/","url":"https:\/\/secure.gravatar.com\/avatar\/016fa1cf068d85136d938e1507b9b619cb766e2565cbb1faa1e571762460c785?s=96&d=mm&r=g","contentUrl":"https:\/\/secure.gravatar.com\/avatar\/016fa1cf068d85136d938e1507b9b619cb766e2565cbb1faa1e571762460c785?s=96&d=mm&r=g","caption":"Nativa Info"},"sameAs":["http:\/\/nativainfo.com"],"url":"https:\/\/nativainfo.com\/?author=1"}]}},"jetpack_publicize_connections":[],"_links":{"self":[{"href":"https:\/\/nativainfo.com\/index.php?rest_route=\/wp\/v2\/posts\/2975","targetHints":{"allow":["GET"]}}],"collection":[{"href":"https:\/\/nativainfo.com\/index.php?rest_route=\/wp\/v2\/posts"}],"about":[{"href":"https:\/\/nativainfo.com\/index.php?rest_route=\/wp\/v2\/types\/post"}],"author":[{"embeddable":true,"href":"https:\/\/nativainfo.com\/index.php?rest_route=\/wp\/v2\/users\/1"}],"replies":[{"embeddable":true,"href":"https:\/\/nativainfo.com\/index.php?rest_route=%2Fwp%2Fv2%2Fcomments&post=2975"}],"version-history":[{"count":1,"href":"https:\/\/nativainfo.com\/index.php?rest_route=\/wp\/v2\/posts\/2975\/revisions"}],"predecessor-version":[{"id":2979,"href":"https:\/\/nativainfo.com\/index.php?rest_route=\/wp\/v2\/posts\/2975\/revisions\/2979"}],"wp:attachment":[{"href":"https:\/\/nativainfo.com\/index.php?rest_route=%2Fwp%2Fv2%2Fmedia&parent=2975"}],"wp:term":[{"taxonomy":"category","embeddable":true,"href":"https:\/\/nativainfo.com\/index.php?rest_route=%2Fwp%2Fv2%2Fcategories&post=2975"},{"taxonomy":"post_tag","embeddable":true,"href":"https:\/\/nativainfo.com\/index.php?rest_route=%2Fwp%2Fv2%2Ftags&post=2975"}],"curies":[{"name":"wp","href":"https:\/\/api.w.org\/{rel}","templated":true}]}}