{"id":2925,"date":"2022-03-20T22:45:59","date_gmt":"2022-03-21T01:45:59","guid":{"rendered":"http:\/\/nativainfo.com\/?p=2925"},"modified":"2022-03-20T22:46:03","modified_gmt":"2022-03-21T01:46:03","slug":"impactante-caida-de-marc-marquez-que-lo-dejo-afuera-del-gran-premio-de-indonesia","status":"publish","type":"post","link":"https:\/\/nativainfo.com\/?p=2925","title":{"rendered":"Impactante ca\u00edda de Marc M\u00e1rquez que lo dej\u00f3 afuera del Gran Premio de Indonesia"},"content":{"rendered":"\n<figure class=\"wp-block-image size-large\"><img fetchpriority=\"high\" decoding=\"async\" width=\"768\" height=\"377\" src=\"http:\/\/nativainfo.com\/wp-content\/uploads\/2022\/03\/imagen_2022-03-20_224548.png\" alt=\"\" class=\"wp-image-2926\" srcset=\"https:\/\/nativainfo.com\/wp-content\/uploads\/2022\/03\/imagen_2022-03-20_224548.png 768w, https:\/\/nativainfo.com\/wp-content\/uploads\/2022\/03\/imagen_2022-03-20_224548-300x147.png 300w, https:\/\/nativainfo.com\/wp-content\/uploads\/2022\/03\/imagen_2022-03-20_224548-713x350.png 713w, https:\/\/nativainfo.com\/wp-content\/uploads\/2022\/03\/imagen_2022-03-20_224548-150x74.png 150w\" sizes=\"(max-width: 768px) 100vw, 768px\" \/><\/figure>\n\n\n\n<p><strong>Marc M\u00e1rquez<\/strong>, sextuple campe\u00f3n de&nbsp;<strong>MotoGP<\/strong>, protagoniz\u00f3 una impresionante ca\u00edda en el calentamiento del&nbsp;<strong>Gran Premio de Indonesia<\/strong>, que defini\u00f3 como&nbsp;<em>&#8220;una de las m\u00e1s duras&#8221;<\/em>&nbsp;que sufri\u00f3 en su carrera, por fortuna sin consecuencias f\u00edsicas de gravedad.<\/p>\n\n\n\n<p>El catal\u00e1n, de 27 a\u00f1os, perdi\u00f3 el control de la moto en la s\u00e9ptima curva del trazado de&nbsp;<strong>Mandalika<\/strong>, vol\u00f3 literalmente por el aire y se desliz\u00f3 varios metros sobre el asfalto hasta que pudo incorporarse por sus propios medios bajo estado de conmoci\u00f3n.<\/p>\n\n\n\n<p>El piloto fue declarado &#8220;no apto&#8221; para correr por los m\u00e9dicos de la categor\u00eda y trasladado por protocolo hacia el hospital de&nbsp;<strong>Mataram&nbsp;<\/strong>para realizarse estudios complementarios, inform\u00f3 su equipo Repsol Honda.<\/p>\n\n\n\n<p><em>&#8220;Ha sido una ca\u00edda bastante fuerte en el Warm Up (calentamiento) de esta ma\u00f1ana, quiz\u00e1s una de las m\u00e1s grandes que he tenido&#8221;<\/em>, admiti\u00f3 M\u00e1rquez en declaraciones reproducidas por la agencia de noticias AFP.<\/p>\n","protected":false},"excerpt":{"rendered":"<p>Marc M\u00e1rquez, sextuple campe\u00f3n de&nbsp;MotoGP, protagoniz\u00f3 una impresionante ca\u00edda en el calentamiento del&nbsp;Gran Premio de Indonesia, que defini\u00f3 como&nbsp;&#8220;una de&#8230; <a class=\"continue-reading-link\" href=\"https:\/\/nativainfo.com\/?p=2925\">Continue reading<\/a><\/p>\n","protected":false},"author":1,"featured_media":0,"comment_status":"open","ping_status":"open","sticky":false,"template":"","format":"standard","meta":{"rop_custom_images_group":[],"rop_custom_messages_group":[],"rop_publish_now":"initial","rop_publish_now_accounts":[],"rop_publish_now_history":[],"rop_publish_now_status":"pending","footnotes":"","jetpack_publicize_message":"","jetpack_publicize_feature_enabled":true,"jetpack_social_post_already_shared":false,"jetpack_social_options":{"image_generator_settings":{"template":"highway","default_image_id":0,"font":"","enabled":false},"version":2}},"categories":[54],"tags":[],"class_list":["post-2925","post","type-post","status-publish","format-standard","hentry","category-motogp"],"yoast_head":"<!-- This site is optimized with the Yoast SEO plugin v25.6 - https:\/\/yoast.com\/wordpress\/plugins\/seo\/ -->\n<title>Impactante ca\u00edda de Marc M\u00e1rquez que lo dej\u00f3 afuera del Gran Premio de Indonesia - Nativa Info<\/title>\n<meta name=\"robots\" content=\"index, follow, max-snippet:-1, max-image-preview:large, max-video-preview:-1\" \/>\n<link rel=\"canonical\" href=\"https:\/\/nativainfo.com\/?p=2925\" \/>\n<meta property=\"og:locale\" content=\"es_ES\" \/>\n<meta property=\"og:type\" content=\"article\" \/>\n<meta property=\"og:title\" content=\"Impactante ca\u00edda de Marc M\u00e1rquez que lo dej\u00f3 afuera del Gran Premio de Indonesia - Nativa Info\" \/>\n<meta property=\"og:description\" content=\"Marc M\u00e1rquez, sextuple campe\u00f3n de&nbsp;MotoGP, protagoniz\u00f3 una impresionante ca\u00edda en el calentamiento del&nbsp;Gran Premio de Indonesia, que defini\u00f3 como&nbsp;&#8220;una de... Continue reading\" \/>\n<meta property=\"og:url\" content=\"https:\/\/nativainfo.com\/?p=2925\" \/>\n<meta property=\"og:site_name\" content=\"Nativa Info\" \/>\n<meta property=\"article:publisher\" content=\"https:\/\/www.facebook.com\/profile.php?id=61578881597564\" \/>\n<meta property=\"article:published_time\" content=\"2022-03-21T01:45:59+00:00\" \/>\n<meta property=\"article:modified_time\" content=\"2022-03-21T01:46:03+00:00\" \/>\n<meta property=\"og:image\" content=\"http:\/\/nativainfo.com\/wp-content\/uploads\/2022\/03\/imagen_2022-03-20_224548.png\" \/>\n<meta name=\"author\" content=\"Nativa Info\" \/>\n<meta name=\"twitter:card\" content=\"summary_large_image\" \/>\n<meta name=\"twitter:label1\" content=\"Escrito por\" \/>\n\t<meta name=\"twitter:data1\" content=\"Nativa Info\" \/>\n\t<meta name=\"twitter:label2\" content=\"Tiempo de lectura\" \/>\n\t<meta name=\"twitter:data2\" content=\"1 minuto\" \/>\n<script type=\"application\/ld+json\" class=\"yoast-schema-graph\">{\"@context\":\"https:\/\/schema.org\",\"@graph\":[{\"@type\":\"Article\",\"@id\":\"https:\/\/nativainfo.com\/?p=2925#article\",\"isPartOf\":{\"@id\":\"https:\/\/nativainfo.com\/?p=2925\"},\"author\":{\"name\":\"Nativa Info\",\"@id\":\"https:\/\/nativainfo.com\/#\/schema\/person\/24893b64a9cd564ddb5d102d36eb4b5c\"},\"headline\":\"Impactante ca\u00edda de Marc M\u00e1rquez que lo dej\u00f3 afuera del Gran Premio de Indonesia\",\"datePublished\":\"2022-03-21T01:45:59+00:00\",\"dateModified\":\"2022-03-21T01:46:03+00:00\",\"mainEntityOfPage\":{\"@id\":\"https:\/\/nativainfo.com\/?p=2925\"},\"wordCount\":186,\"commentCount\":0,\"publisher\":{\"@id\":\"https:\/\/nativainfo.com\/#organization\"},\"image\":{\"@id\":\"https:\/\/nativainfo.com\/?p=2925#primaryimage\"},\"thumbnailUrl\":\"http:\/\/nativainfo.com\/wp-content\/uploads\/2022\/03\/imagen_2022-03-20_224548.png\",\"articleSection\":[\"MotoGP\"],\"inLanguage\":\"es-AR\",\"potentialAction\":[{\"@type\":\"CommentAction\",\"name\":\"Comment\",\"target\":[\"https:\/\/nativainfo.com\/?p=2925#respond\"]}]},{\"@type\":\"WebPage\",\"@id\":\"https:\/\/nativainfo.com\/?p=2925\",\"url\":\"https:\/\/nativainfo.com\/?p=2925\",\"name\":\"Impactante ca\u00edda de Marc M\u00e1rquez que lo dej\u00f3 afuera del Gran Premio de Indonesia - Nativa Info\",\"isPartOf\":{\"@id\":\"https:\/\/nativainfo.com\/#website\"},\"primaryImageOfPage\":{\"@id\":\"https:\/\/nativainfo.com\/?p=2925#primaryimage\"},\"image\":{\"@id\":\"https:\/\/nativainfo.com\/?p=2925#primaryimage\"},\"thumbnailUrl\":\"http:\/\/nativainfo.com\/wp-content\/uploads\/2022\/03\/imagen_2022-03-20_224548.png\",\"datePublished\":\"2022-03-21T01:45:59+00:00\",\"dateModified\":\"2022-03-21T01:46:03+00:00\",\"breadcrumb\":{\"@id\":\"https:\/\/nativainfo.com\/?p=2925#breadcrumb\"},\"inLanguage\":\"es-AR\",\"potentialAction\":[{\"@type\":\"ReadAction\",\"target\":[\"https:\/\/nativainfo.com\/?p=2925\"]}]},{\"@type\":\"ImageObject\",\"inLanguage\":\"es-AR\",\"@id\":\"https:\/\/nativainfo.com\/?p=2925#primaryimage\",\"url\":\"https:\/\/nativainfo.com\/wp-content\/uploads\/2022\/03\/imagen_2022-03-20_224548.png\",\"contentUrl\":\"https:\/\/nativainfo.com\/wp-content\/uploads\/2022\/03\/imagen_2022-03-20_224548.png\",\"width\":768,\"height\":377},{\"@type\":\"BreadcrumbList\",\"@id\":\"https:\/\/nativainfo.com\/?p=2925#breadcrumb\",\"itemListElement\":[{\"@type\":\"ListItem\",\"position\":1,\"name\":\"Inicio\",\"item\":\"https:\/\/nativainfo.com\/\"},{\"@type\":\"ListItem\",\"position\":2,\"name\":\"Impactante ca\u00edda de Marc M\u00e1rquez que lo dej\u00f3 afuera del Gran Premio de Indonesia\"}]},{\"@type\":\"WebSite\",\"@id\":\"https:\/\/nativainfo.com\/#website\",\"url\":\"https:\/\/nativainfo.com\/\",\"name\":\"Nativa Info\",\"description\":\"Diario Digital\",\"publisher\":{\"@id\":\"https:\/\/nativainfo.com\/#organization\"},\"potentialAction\":[{\"@type\":\"SearchAction\",\"target\":{\"@type\":\"EntryPoint\",\"urlTemplate\":\"https:\/\/nativainfo.com\/?s={search_term_string}\"},\"query-input\":{\"@type\":\"PropertyValueSpecification\",\"valueRequired\":true,\"valueName\":\"search_term_string\"}}],\"inLanguage\":\"es-AR\"},{\"@type\":\"Organization\",\"@id\":\"https:\/\/nativainfo.com\/#organization\",\"name\":\"Nativa Info\",\"url\":\"https:\/\/nativainfo.com\/\",\"logo\":{\"@type\":\"ImageObject\",\"inLanguage\":\"es-AR\",\"@id\":\"https:\/\/nativainfo.com\/#\/schema\/logo\/image\/\",\"url\":\"https:\/\/nativainfo.com\/wp-content\/uploads\/2025\/08\/LOGO-NATIVA-FACE.jpg\",\"contentUrl\":\"https:\/\/nativainfo.com\/wp-content\/uploads\/2025\/08\/LOGO-NATIVA-FACE.jpg\",\"width\":400,\"height\":400,\"caption\":\"Nativa Info\"},\"image\":{\"@id\":\"https:\/\/nativainfo.com\/#\/schema\/logo\/image\/\"},\"sameAs\":[\"https:\/\/www.facebook.com\/profile.php?id=61578881597564\"]},{\"@type\":\"Person\",\"@id\":\"https:\/\/nativainfo.com\/#\/schema\/person\/24893b64a9cd564ddb5d102d36eb4b5c\",\"name\":\"Nativa Info\",\"image\":{\"@type\":\"ImageObject\",\"inLanguage\":\"es-AR\",\"@id\":\"https:\/\/nativainfo.com\/#\/schema\/person\/image\/\",\"url\":\"https:\/\/secure.gravatar.com\/avatar\/016fa1cf068d85136d938e1507b9b619cb766e2565cbb1faa1e571762460c785?s=96&d=mm&r=g\",\"contentUrl\":\"https:\/\/secure.gravatar.com\/avatar\/016fa1cf068d85136d938e1507b9b619cb766e2565cbb1faa1e571762460c785?s=96&d=mm&r=g\",\"caption\":\"Nativa Info\"},\"sameAs\":[\"http:\/\/nativainfo.com\"],\"url\":\"https:\/\/nativainfo.com\/?author=1\"}]}<\/script>\n<!-- \/ Yoast SEO plugin. -->","yoast_head_json":{"title":"Impactante ca\u00edda de Marc M\u00e1rquez que lo dej\u00f3 afuera del Gran Premio de Indonesia - Nativa Info","robots":{"index":"index","follow":"follow","max-snippet":"max-snippet:-1","max-image-preview":"max-image-preview:large","max-video-preview":"max-video-preview:-1"},"canonical":"https:\/\/nativainfo.com\/?p=2925","og_locale":"es_ES","og_type":"article","og_title":"Impactante ca\u00edda de Marc M\u00e1rquez que lo dej\u00f3 afuera del Gran Premio de Indonesia - Nativa Info","og_description":"Marc M\u00e1rquez, sextuple campe\u00f3n de&nbsp;MotoGP, protagoniz\u00f3 una impresionante ca\u00edda en el calentamiento del&nbsp;Gran Premio de Indonesia, que defini\u00f3 como&nbsp;&#8220;una de... Continue reading","og_url":"https:\/\/nativainfo.com\/?p=2925","og_site_name":"Nativa Info","article_publisher":"https:\/\/www.facebook.com\/profile.php?id=61578881597564","article_published_time":"2022-03-21T01:45:59+00:00","article_modified_time":"2022-03-21T01:46:03+00:00","og_image":[{"url":"http:\/\/nativainfo.com\/wp-content\/uploads\/2022\/03\/imagen_2022-03-20_224548.png","type":"","width":"","height":""}],"author":"Nativa Info","twitter_card":"summary_large_image","twitter_misc":{"Escrito por":"Nativa Info","Tiempo de lectura":"1 minuto"},"schema":{"@context":"https:\/\/schema.org","@graph":[{"@type":"Article","@id":"https:\/\/nativainfo.com\/?p=2925#article","isPartOf":{"@id":"https:\/\/nativainfo.com\/?p=2925"},"author":{"name":"Nativa Info","@id":"https:\/\/nativainfo.com\/#\/schema\/person\/24893b64a9cd564ddb5d102d36eb4b5c"},"headline":"Impactante ca\u00edda de Marc M\u00e1rquez que lo dej\u00f3 afuera del Gran Premio de Indonesia","datePublished":"2022-03-21T01:45:59+00:00","dateModified":"2022-03-21T01:46:03+00:00","mainEntityOfPage":{"@id":"https:\/\/nativainfo.com\/?p=2925"},"wordCount":186,"commentCount":0,"publisher":{"@id":"https:\/\/nativainfo.com\/#organization"},"image":{"@id":"https:\/\/nativainfo.com\/?p=2925#primaryimage"},"thumbnailUrl":"http:\/\/nativainfo.com\/wp-content\/uploads\/2022\/03\/imagen_2022-03-20_224548.png","articleSection":["MotoGP"],"inLanguage":"es-AR","potentialAction":[{"@type":"CommentAction","name":"Comment","target":["https:\/\/nativainfo.com\/?p=2925#respond"]}]},{"@type":"WebPage","@id":"https:\/\/nativainfo.com\/?p=2925","url":"https:\/\/nativainfo.com\/?p=2925","name":"Impactante ca\u00edda de Marc M\u00e1rquez que lo dej\u00f3 afuera del Gran Premio de Indonesia - Nativa Info","isPartOf":{"@id":"https:\/\/nativainfo.com\/#website"},"primaryImageOfPage":{"@id":"https:\/\/nativainfo.com\/?p=2925#primaryimage"},"image":{"@id":"https:\/\/nativainfo.com\/?p=2925#primaryimage"},"thumbnailUrl":"http:\/\/nativainfo.com\/wp-content\/uploads\/2022\/03\/imagen_2022-03-20_224548.png","datePublished":"2022-03-21T01:45:59+00:00","dateModified":"2022-03-21T01:46:03+00:00","breadcrumb":{"@id":"https:\/\/nativainfo.com\/?p=2925#breadcrumb"},"inLanguage":"es-AR","potentialAction":[{"@type":"ReadAction","target":["https:\/\/nativainfo.com\/?p=2925"]}]},{"@type":"ImageObject","inLanguage":"es-AR","@id":"https:\/\/nativainfo.com\/?p=2925#primaryimage","url":"https:\/\/nativainfo.com\/wp-content\/uploads\/2022\/03\/imagen_2022-03-20_224548.png","contentUrl":"https:\/\/nativainfo.com\/wp-content\/uploads\/2022\/03\/imagen_2022-03-20_224548.png","width":768,"height":377},{"@type":"BreadcrumbList","@id":"https:\/\/nativainfo.com\/?p=2925#breadcrumb","itemListElement":[{"@type":"ListItem","position":1,"name":"Inicio","item":"https:\/\/nativainfo.com\/"},{"@type":"ListItem","position":2,"name":"Impactante ca\u00edda de Marc M\u00e1rquez que lo dej\u00f3 afuera del Gran Premio de Indonesia"}]},{"@type":"WebSite","@id":"https:\/\/nativainfo.com\/#website","url":"https:\/\/nativainfo.com\/","name":"Nativa Info","description":"Diario Digital","publisher":{"@id":"https:\/\/nativainfo.com\/#organization"},"potentialAction":[{"@type":"SearchAction","target":{"@type":"EntryPoint","urlTemplate":"https:\/\/nativainfo.com\/?s={search_term_string}"},"query-input":{"@type":"PropertyValueSpecification","valueRequired":true,"valueName":"search_term_string"}}],"inLanguage":"es-AR"},{"@type":"Organization","@id":"https:\/\/nativainfo.com\/#organization","name":"Nativa Info","url":"https:\/\/nativainfo.com\/","logo":{"@type":"ImageObject","inLanguage":"es-AR","@id":"https:\/\/nativainfo.com\/#\/schema\/logo\/image\/","url":"https:\/\/nativainfo.com\/wp-content\/uploads\/2025\/08\/LOGO-NATIVA-FACE.jpg","contentUrl":"https:\/\/nativainfo.com\/wp-content\/uploads\/2025\/08\/LOGO-NATIVA-FACE.jpg","width":400,"height":400,"caption":"Nativa Info"},"image":{"@id":"https:\/\/nativainfo.com\/#\/schema\/logo\/image\/"},"sameAs":["https:\/\/www.facebook.com\/profile.php?id=61578881597564"]},{"@type":"Person","@id":"https:\/\/nativainfo.com\/#\/schema\/person\/24893b64a9cd564ddb5d102d36eb4b5c","name":"Nativa Info","image":{"@type":"ImageObject","inLanguage":"es-AR","@id":"https:\/\/nativainfo.com\/#\/schema\/person\/image\/","url":"https:\/\/secure.gravatar.com\/avatar\/016fa1cf068d85136d938e1507b9b619cb766e2565cbb1faa1e571762460c785?s=96&d=mm&r=g","contentUrl":"https:\/\/secure.gravatar.com\/avatar\/016fa1cf068d85136d938e1507b9b619cb766e2565cbb1faa1e571762460c785?s=96&d=mm&r=g","caption":"Nativa Info"},"sameAs":["http:\/\/nativainfo.com"],"url":"https:\/\/nativainfo.com\/?author=1"}]}},"jetpack_publicize_connections":[],"_links":{"self":[{"href":"https:\/\/nativainfo.com\/index.php?rest_route=\/wp\/v2\/posts\/2925","targetHints":{"allow":["GET"]}}],"collection":[{"href":"https:\/\/nativainfo.com\/index.php?rest_route=\/wp\/v2\/posts"}],"about":[{"href":"https:\/\/nativainfo.com\/index.php?rest_route=\/wp\/v2\/types\/post"}],"author":[{"embeddable":true,"href":"https:\/\/nativainfo.com\/index.php?rest_route=\/wp\/v2\/users\/1"}],"replies":[{"embeddable":true,"href":"https:\/\/nativainfo.com\/index.php?rest_route=%2Fwp%2Fv2%2Fcomments&post=2925"}],"version-history":[{"count":1,"href":"https:\/\/nativainfo.com\/index.php?rest_route=\/wp\/v2\/posts\/2925\/revisions"}],"predecessor-version":[{"id":2927,"href":"https:\/\/nativainfo.com\/index.php?rest_route=\/wp\/v2\/posts\/2925\/revisions\/2927"}],"wp:attachment":[{"href":"https:\/\/nativainfo.com\/index.php?rest_route=%2Fwp%2Fv2%2Fmedia&parent=2925"}],"wp:term":[{"taxonomy":"category","embeddable":true,"href":"https:\/\/nativainfo.com\/index.php?rest_route=%2Fwp%2Fv2%2Fcategories&post=2925"},{"taxonomy":"post_tag","embeddable":true,"href":"https:\/\/nativainfo.com\/index.php?rest_route=%2Fwp%2Fv2%2Ftags&post=2925"}],"curies":[{"name":"wp","href":"https:\/\/api.w.org\/{rel}","templated":true}]}}