{"id":2896,"date":"2022-03-12T04:30:32","date_gmt":"2022-03-12T07:30:32","guid":{"rendered":"http:\/\/nativainfo.com\/?p=2896"},"modified":"2022-03-12T04:30:33","modified_gmt":"2022-03-12T07:30:33","slug":"a-los-51-anos-fallecio-gerardo-rozin","status":"publish","type":"post","link":"https:\/\/nativainfo.com\/?p=2896","title":{"rendered":"A los 51 a\u00f1os, falleci\u00f3 Gerardo Roz\u00edn"},"content":{"rendered":"\n<p>\u201cLamentamos informar que falleci\u00f3 nuestro querido Gerardo Roz\u00edn. Les pido respeto para su familia\u201d, expresaron desde Telef\u00e9.<\/p>\n\n\n\n<figure class=\"wp-block-image size-large\"><img fetchpriority=\"high\" decoding=\"async\" width=\"768\" height=\"511\" src=\"http:\/\/nativainfo.com\/wp-content\/uploads\/2022\/03\/imagen_2022-03-12_043016.png\" alt=\"\" class=\"wp-image-2898\" srcset=\"https:\/\/nativainfo.com\/wp-content\/uploads\/2022\/03\/imagen_2022-03-12_043016.png 768w, https:\/\/nativainfo.com\/wp-content\/uploads\/2022\/03\/imagen_2022-03-12_043016-300x200.png 300w, https:\/\/nativainfo.com\/wp-content\/uploads\/2022\/03\/imagen_2022-03-12_043016-526x350.png 526w, https:\/\/nativainfo.com\/wp-content\/uploads\/2022\/03\/imagen_2022-03-12_043016-150x100.png 150w, https:\/\/nativainfo.com\/wp-content\/uploads\/2022\/03\/imagen_2022-03-12_043016-420x278.png 420w\" sizes=\"(max-width: 768px) 100vw, 768px\" \/><\/figure>\n\n\n\n<p>A los 51 a\u00f1os, muri\u00f3 este viernes&nbsp;<strong>Gerardo Roz\u00edn<\/strong>. As\u00ed lo confirm\u00f3 Sol Tomaselli, la representante de prensa de Telefe. \u201cLamentamos informar que falleci\u00f3 nuestro querido Gerardo Roz\u00edn. Les pido respeto para su familia\u201d, expres\u00f3 en un mensaje.<\/p>\n\n\n\n<p>El conductor hab\u00eda tenido su \u00faltima aparici\u00f3n televisiva el a\u00f1o pasado, cuando confirm\u00f3 que no continuar\u00eda a cargo de&nbsp;<em>\u201cLa Pe\u00f1a de Morfi\u201d (Telefe)<\/em>&nbsp;durante 2022. Seg\u00fan trascendi\u00f3 en estos d\u00edas, el productor se encontraba transitando una dura enfermedad y su salud comenz\u00f3 a verse muy afectada en el \u00faltimo tiempo.<\/p>\n\n\n\n<p>En abril del a\u00f1o pasado, el conductor se hab\u00eda ausentado del programa durante un mes debido a un problema de salud. \u201cAntes que nada les quiero contar que Gerardo&nbsp;<strong>tuvo una peque\u00f1a arritmia y no va a estar hoy en el programa<\/strong>, pero ya est\u00e1 bien\u201d, coment\u00f3 en ese momento su compa\u00f1era,&nbsp;<strong>Jesica Cirio<\/strong>.<\/p>\n\n\n\n<p>Cuando regres\u00f3 a la conducci\u00f3n, Roz\u00edn cont\u00f3 que&nbsp;<strong>le hab\u00edan detectado la arritmia<\/strong>&nbsp;durante un chequeo de rutina y que tuvo que monitorearla. Una vez que su m\u00e9dico le dio el alta, se reincorpor\u00f3 al programa con la misma energ\u00eda de siempre.<\/p>\n\n\n\n<p>Meses m\u00e1s tarde, en noviembre, durante una entrevista con&nbsp;<em>La Naci\u00f3n<\/em>, el conductor dio detalles sobre su salud: \u201cMe tom\u00e9 el tiempo para entender porque no sab\u00eda muy bien qu\u00e9 me estaba pasando. Si tuviera que sintetizarlo, te dir\u00eda que&nbsp;<strong>viv\u00ed, realmente, momentos de mucha preocupaci\u00f3n.<\/strong>&nbsp;Afortunadamente, hasta ahora, sali\u00f3 todo extraordinario\u201d.<\/p>\n","protected":false},"excerpt":{"rendered":"<p>\u201cLamentamos informar que falleci\u00f3 nuestro querido Gerardo Roz\u00edn. Les pido respeto para su familia\u201d, expresaron desde Telef\u00e9. A los 51&#8230; <a class=\"continue-reading-link\" href=\"https:\/\/nativainfo.com\/?p=2896\">Continue reading<\/a><\/p>\n","protected":false},"author":1,"featured_media":0,"comment_status":"open","ping_status":"open","sticky":false,"template":"","format":"standard","meta":{"rop_custom_images_group":[],"rop_custom_messages_group":[],"rop_publish_now":"initial","rop_publish_now_accounts":[],"rop_publish_now_history":[],"rop_publish_now_status":"pending","footnotes":"","jetpack_publicize_message":"","jetpack_publicize_feature_enabled":true,"jetpack_social_post_already_shared":false,"jetpack_social_options":{"image_generator_settings":{"template":"highway","default_image_id":0,"font":"","enabled":false},"version":2}},"categories":[8,30],"tags":[],"class_list":["post-2896","post","type-post","status-publish","format-standard","hentry","category-noticias","category-television"],"yoast_head":"<!-- This site is optimized with the Yoast SEO plugin v25.6 - https:\/\/yoast.com\/wordpress\/plugins\/seo\/ -->\n<title>A los 51 a\u00f1os, falleci\u00f3 Gerardo Roz\u00edn - Nativa Info<\/title>\n<meta name=\"robots\" content=\"index, follow, max-snippet:-1, max-image-preview:large, max-video-preview:-1\" \/>\n<link rel=\"canonical\" href=\"https:\/\/nativainfo.com\/?p=2896\" \/>\n<meta property=\"og:locale\" content=\"es_ES\" \/>\n<meta property=\"og:type\" content=\"article\" \/>\n<meta property=\"og:title\" content=\"A los 51 a\u00f1os, falleci\u00f3 Gerardo Roz\u00edn - Nativa Info\" \/>\n<meta property=\"og:description\" content=\"\u201cLamentamos informar que falleci\u00f3 nuestro querido Gerardo Roz\u00edn. Les pido respeto para su familia\u201d, expresaron desde Telef\u00e9. A los 51... Continue reading\" \/>\n<meta property=\"og:url\" content=\"https:\/\/nativainfo.com\/?p=2896\" \/>\n<meta property=\"og:site_name\" content=\"Nativa Info\" \/>\n<meta property=\"article:publisher\" content=\"https:\/\/www.facebook.com\/profile.php?id=61578881597564\" \/>\n<meta property=\"article:published_time\" content=\"2022-03-12T07:30:32+00:00\" \/>\n<meta property=\"article:modified_time\" content=\"2022-03-12T07:30:33+00:00\" \/>\n<meta property=\"og:image\" content=\"http:\/\/nativainfo.com\/wp-content\/uploads\/2022\/03\/imagen_2022-03-12_043016.png\" \/>\n<meta name=\"author\" content=\"Nativa Info\" \/>\n<meta name=\"twitter:card\" content=\"summary_large_image\" \/>\n<meta name=\"twitter:label1\" content=\"Escrito por\" \/>\n\t<meta name=\"twitter:data1\" content=\"Nativa Info\" \/>\n\t<meta name=\"twitter:label2\" content=\"Tiempo de lectura\" \/>\n\t<meta name=\"twitter:data2\" content=\"1 minuto\" \/>\n<script type=\"application\/ld+json\" class=\"yoast-schema-graph\">{\"@context\":\"https:\/\/schema.org\",\"@graph\":[{\"@type\":\"Article\",\"@id\":\"https:\/\/nativainfo.com\/?p=2896#article\",\"isPartOf\":{\"@id\":\"https:\/\/nativainfo.com\/?p=2896\"},\"author\":{\"name\":\"Nativa Info\",\"@id\":\"https:\/\/nativainfo.com\/#\/schema\/person\/24893b64a9cd564ddb5d102d36eb4b5c\"},\"headline\":\"A los 51 a\u00f1os, falleci\u00f3 Gerardo Roz\u00edn\",\"datePublished\":\"2022-03-12T07:30:32+00:00\",\"dateModified\":\"2022-03-12T07:30:33+00:00\",\"mainEntityOfPage\":{\"@id\":\"https:\/\/nativainfo.com\/?p=2896\"},\"wordCount\":295,\"commentCount\":0,\"publisher\":{\"@id\":\"https:\/\/nativainfo.com\/#organization\"},\"image\":{\"@id\":\"https:\/\/nativainfo.com\/?p=2896#primaryimage\"},\"thumbnailUrl\":\"http:\/\/nativainfo.com\/wp-content\/uploads\/2022\/03\/imagen_2022-03-12_043016.png\",\"articleSection\":[\"Noticias\",\"Televisi\u00f3n\"],\"inLanguage\":\"es-AR\",\"potentialAction\":[{\"@type\":\"CommentAction\",\"name\":\"Comment\",\"target\":[\"https:\/\/nativainfo.com\/?p=2896#respond\"]}]},{\"@type\":\"WebPage\",\"@id\":\"https:\/\/nativainfo.com\/?p=2896\",\"url\":\"https:\/\/nativainfo.com\/?p=2896\",\"name\":\"A los 51 a\u00f1os, falleci\u00f3 Gerardo Roz\u00edn - Nativa Info\",\"isPartOf\":{\"@id\":\"https:\/\/nativainfo.com\/#website\"},\"primaryImageOfPage\":{\"@id\":\"https:\/\/nativainfo.com\/?p=2896#primaryimage\"},\"image\":{\"@id\":\"https:\/\/nativainfo.com\/?p=2896#primaryimage\"},\"thumbnailUrl\":\"http:\/\/nativainfo.com\/wp-content\/uploads\/2022\/03\/imagen_2022-03-12_043016.png\",\"datePublished\":\"2022-03-12T07:30:32+00:00\",\"dateModified\":\"2022-03-12T07:30:33+00:00\",\"breadcrumb\":{\"@id\":\"https:\/\/nativainfo.com\/?p=2896#breadcrumb\"},\"inLanguage\":\"es-AR\",\"potentialAction\":[{\"@type\":\"ReadAction\",\"target\":[\"https:\/\/nativainfo.com\/?p=2896\"]}]},{\"@type\":\"ImageObject\",\"inLanguage\":\"es-AR\",\"@id\":\"https:\/\/nativainfo.com\/?p=2896#primaryimage\",\"url\":\"https:\/\/nativainfo.com\/wp-content\/uploads\/2022\/03\/imagen_2022-03-12_043016.png\",\"contentUrl\":\"https:\/\/nativainfo.com\/wp-content\/uploads\/2022\/03\/imagen_2022-03-12_043016.png\",\"width\":768,\"height\":511},{\"@type\":\"BreadcrumbList\",\"@id\":\"https:\/\/nativainfo.com\/?p=2896#breadcrumb\",\"itemListElement\":[{\"@type\":\"ListItem\",\"position\":1,\"name\":\"Inicio\",\"item\":\"https:\/\/nativainfo.com\/\"},{\"@type\":\"ListItem\",\"position\":2,\"name\":\"A los 51 a\u00f1os, falleci\u00f3 Gerardo Roz\u00edn\"}]},{\"@type\":\"WebSite\",\"@id\":\"https:\/\/nativainfo.com\/#website\",\"url\":\"https:\/\/nativainfo.com\/\",\"name\":\"Nativa Info\",\"description\":\"Diario Digital\",\"publisher\":{\"@id\":\"https:\/\/nativainfo.com\/#organization\"},\"potentialAction\":[{\"@type\":\"SearchAction\",\"target\":{\"@type\":\"EntryPoint\",\"urlTemplate\":\"https:\/\/nativainfo.com\/?s={search_term_string}\"},\"query-input\":{\"@type\":\"PropertyValueSpecification\",\"valueRequired\":true,\"valueName\":\"search_term_string\"}}],\"inLanguage\":\"es-AR\"},{\"@type\":\"Organization\",\"@id\":\"https:\/\/nativainfo.com\/#organization\",\"name\":\"Nativa Info\",\"url\":\"https:\/\/nativainfo.com\/\",\"logo\":{\"@type\":\"ImageObject\",\"inLanguage\":\"es-AR\",\"@id\":\"https:\/\/nativainfo.com\/#\/schema\/logo\/image\/\",\"url\":\"https:\/\/nativainfo.com\/wp-content\/uploads\/2025\/08\/LOGO-NATIVA-FACE.jpg\",\"contentUrl\":\"https:\/\/nativainfo.com\/wp-content\/uploads\/2025\/08\/LOGO-NATIVA-FACE.jpg\",\"width\":400,\"height\":400,\"caption\":\"Nativa Info\"},\"image\":{\"@id\":\"https:\/\/nativainfo.com\/#\/schema\/logo\/image\/\"},\"sameAs\":[\"https:\/\/www.facebook.com\/profile.php?id=61578881597564\"]},{\"@type\":\"Person\",\"@id\":\"https:\/\/nativainfo.com\/#\/schema\/person\/24893b64a9cd564ddb5d102d36eb4b5c\",\"name\":\"Nativa Info\",\"image\":{\"@type\":\"ImageObject\",\"inLanguage\":\"es-AR\",\"@id\":\"https:\/\/nativainfo.com\/#\/schema\/person\/image\/\",\"url\":\"https:\/\/secure.gravatar.com\/avatar\/016fa1cf068d85136d938e1507b9b619cb766e2565cbb1faa1e571762460c785?s=96&d=mm&r=g\",\"contentUrl\":\"https:\/\/secure.gravatar.com\/avatar\/016fa1cf068d85136d938e1507b9b619cb766e2565cbb1faa1e571762460c785?s=96&d=mm&r=g\",\"caption\":\"Nativa Info\"},\"sameAs\":[\"http:\/\/nativainfo.com\"],\"url\":\"https:\/\/nativainfo.com\/?author=1\"}]}<\/script>\n<!-- \/ Yoast SEO plugin. -->","yoast_head_json":{"title":"A los 51 a\u00f1os, falleci\u00f3 Gerardo Roz\u00edn - Nativa Info","robots":{"index":"index","follow":"follow","max-snippet":"max-snippet:-1","max-image-preview":"max-image-preview:large","max-video-preview":"max-video-preview:-1"},"canonical":"https:\/\/nativainfo.com\/?p=2896","og_locale":"es_ES","og_type":"article","og_title":"A los 51 a\u00f1os, falleci\u00f3 Gerardo Roz\u00edn - Nativa Info","og_description":"\u201cLamentamos informar que falleci\u00f3 nuestro querido Gerardo Roz\u00edn. Les pido respeto para su familia\u201d, expresaron desde Telef\u00e9. A los 51... Continue reading","og_url":"https:\/\/nativainfo.com\/?p=2896","og_site_name":"Nativa Info","article_publisher":"https:\/\/www.facebook.com\/profile.php?id=61578881597564","article_published_time":"2022-03-12T07:30:32+00:00","article_modified_time":"2022-03-12T07:30:33+00:00","og_image":[{"url":"http:\/\/nativainfo.com\/wp-content\/uploads\/2022\/03\/imagen_2022-03-12_043016.png","type":"","width":"","height":""}],"author":"Nativa Info","twitter_card":"summary_large_image","twitter_misc":{"Escrito por":"Nativa Info","Tiempo de lectura":"1 minuto"},"schema":{"@context":"https:\/\/schema.org","@graph":[{"@type":"Article","@id":"https:\/\/nativainfo.com\/?p=2896#article","isPartOf":{"@id":"https:\/\/nativainfo.com\/?p=2896"},"author":{"name":"Nativa Info","@id":"https:\/\/nativainfo.com\/#\/schema\/person\/24893b64a9cd564ddb5d102d36eb4b5c"},"headline":"A los 51 a\u00f1os, falleci\u00f3 Gerardo Roz\u00edn","datePublished":"2022-03-12T07:30:32+00:00","dateModified":"2022-03-12T07:30:33+00:00","mainEntityOfPage":{"@id":"https:\/\/nativainfo.com\/?p=2896"},"wordCount":295,"commentCount":0,"publisher":{"@id":"https:\/\/nativainfo.com\/#organization"},"image":{"@id":"https:\/\/nativainfo.com\/?p=2896#primaryimage"},"thumbnailUrl":"http:\/\/nativainfo.com\/wp-content\/uploads\/2022\/03\/imagen_2022-03-12_043016.png","articleSection":["Noticias","Televisi\u00f3n"],"inLanguage":"es-AR","potentialAction":[{"@type":"CommentAction","name":"Comment","target":["https:\/\/nativainfo.com\/?p=2896#respond"]}]},{"@type":"WebPage","@id":"https:\/\/nativainfo.com\/?p=2896","url":"https:\/\/nativainfo.com\/?p=2896","name":"A los 51 a\u00f1os, falleci\u00f3 Gerardo Roz\u00edn - Nativa Info","isPartOf":{"@id":"https:\/\/nativainfo.com\/#website"},"primaryImageOfPage":{"@id":"https:\/\/nativainfo.com\/?p=2896#primaryimage"},"image":{"@id":"https:\/\/nativainfo.com\/?p=2896#primaryimage"},"thumbnailUrl":"http:\/\/nativainfo.com\/wp-content\/uploads\/2022\/03\/imagen_2022-03-12_043016.png","datePublished":"2022-03-12T07:30:32+00:00","dateModified":"2022-03-12T07:30:33+00:00","breadcrumb":{"@id":"https:\/\/nativainfo.com\/?p=2896#breadcrumb"},"inLanguage":"es-AR","potentialAction":[{"@type":"ReadAction","target":["https:\/\/nativainfo.com\/?p=2896"]}]},{"@type":"ImageObject","inLanguage":"es-AR","@id":"https:\/\/nativainfo.com\/?p=2896#primaryimage","url":"https:\/\/nativainfo.com\/wp-content\/uploads\/2022\/03\/imagen_2022-03-12_043016.png","contentUrl":"https:\/\/nativainfo.com\/wp-content\/uploads\/2022\/03\/imagen_2022-03-12_043016.png","width":768,"height":511},{"@type":"BreadcrumbList","@id":"https:\/\/nativainfo.com\/?p=2896#breadcrumb","itemListElement":[{"@type":"ListItem","position":1,"name":"Inicio","item":"https:\/\/nativainfo.com\/"},{"@type":"ListItem","position":2,"name":"A los 51 a\u00f1os, falleci\u00f3 Gerardo Roz\u00edn"}]},{"@type":"WebSite","@id":"https:\/\/nativainfo.com\/#website","url":"https:\/\/nativainfo.com\/","name":"Nativa Info","description":"Diario Digital","publisher":{"@id":"https:\/\/nativainfo.com\/#organization"},"potentialAction":[{"@type":"SearchAction","target":{"@type":"EntryPoint","urlTemplate":"https:\/\/nativainfo.com\/?s={search_term_string}"},"query-input":{"@type":"PropertyValueSpecification","valueRequired":true,"valueName":"search_term_string"}}],"inLanguage":"es-AR"},{"@type":"Organization","@id":"https:\/\/nativainfo.com\/#organization","name":"Nativa Info","url":"https:\/\/nativainfo.com\/","logo":{"@type":"ImageObject","inLanguage":"es-AR","@id":"https:\/\/nativainfo.com\/#\/schema\/logo\/image\/","url":"https:\/\/nativainfo.com\/wp-content\/uploads\/2025\/08\/LOGO-NATIVA-FACE.jpg","contentUrl":"https:\/\/nativainfo.com\/wp-content\/uploads\/2025\/08\/LOGO-NATIVA-FACE.jpg","width":400,"height":400,"caption":"Nativa Info"},"image":{"@id":"https:\/\/nativainfo.com\/#\/schema\/logo\/image\/"},"sameAs":["https:\/\/www.facebook.com\/profile.php?id=61578881597564"]},{"@type":"Person","@id":"https:\/\/nativainfo.com\/#\/schema\/person\/24893b64a9cd564ddb5d102d36eb4b5c","name":"Nativa Info","image":{"@type":"ImageObject","inLanguage":"es-AR","@id":"https:\/\/nativainfo.com\/#\/schema\/person\/image\/","url":"https:\/\/secure.gravatar.com\/avatar\/016fa1cf068d85136d938e1507b9b619cb766e2565cbb1faa1e571762460c785?s=96&d=mm&r=g","contentUrl":"https:\/\/secure.gravatar.com\/avatar\/016fa1cf068d85136d938e1507b9b619cb766e2565cbb1faa1e571762460c785?s=96&d=mm&r=g","caption":"Nativa Info"},"sameAs":["http:\/\/nativainfo.com"],"url":"https:\/\/nativainfo.com\/?author=1"}]}},"jetpack_publicize_connections":[],"_links":{"self":[{"href":"https:\/\/nativainfo.com\/index.php?rest_route=\/wp\/v2\/posts\/2896","targetHints":{"allow":["GET"]}}],"collection":[{"href":"https:\/\/nativainfo.com\/index.php?rest_route=\/wp\/v2\/posts"}],"about":[{"href":"https:\/\/nativainfo.com\/index.php?rest_route=\/wp\/v2\/types\/post"}],"author":[{"embeddable":true,"href":"https:\/\/nativainfo.com\/index.php?rest_route=\/wp\/v2\/users\/1"}],"replies":[{"embeddable":true,"href":"https:\/\/nativainfo.com\/index.php?rest_route=%2Fwp%2Fv2%2Fcomments&post=2896"}],"version-history":[{"count":1,"href":"https:\/\/nativainfo.com\/index.php?rest_route=\/wp\/v2\/posts\/2896\/revisions"}],"predecessor-version":[{"id":2900,"href":"https:\/\/nativainfo.com\/index.php?rest_route=\/wp\/v2\/posts\/2896\/revisions\/2900"}],"wp:attachment":[{"href":"https:\/\/nativainfo.com\/index.php?rest_route=%2Fwp%2Fv2%2Fmedia&parent=2896"}],"wp:term":[{"taxonomy":"category","embeddable":true,"href":"https:\/\/nativainfo.com\/index.php?rest_route=%2Fwp%2Fv2%2Fcategories&post=2896"},{"taxonomy":"post_tag","embeddable":true,"href":"https:\/\/nativainfo.com\/index.php?rest_route=%2Fwp%2Fv2%2Ftags&post=2896"}],"curies":[{"name":"wp","href":"https:\/\/api.w.org\/{rel}","templated":true}]}}