{"id":2870,"date":"2022-03-06T03:00:23","date_gmt":"2022-03-06T06:00:23","guid":{"rendered":"http:\/\/nativainfo.com\/?p=2870"},"modified":"2022-03-06T03:00:24","modified_gmt":"2022-03-06T06:00:24","slug":"el-gobernador-valdes-agradecio-a-santiago-del-estero-por-los-10-mil-fardos-de-alfalfa","status":"publish","type":"post","link":"https:\/\/nativainfo.com\/?p=2870","title":{"rendered":"El Gobernador Vald\u00e9s agradeci\u00f3 a Santiago del Estero por los 10 mil fardos de alfalfa"},"content":{"rendered":"\n<figure class=\"wp-block-image size-large is-resized\"><img fetchpriority=\"high\" decoding=\"async\" src=\"http:\/\/nativainfo.com\/wp-content\/uploads\/2022\/03\/imagen_2022-03-06_030008.png\" alt=\"\" class=\"wp-image-2878\" width=\"582\" height=\"336\" srcset=\"https:\/\/nativainfo.com\/wp-content\/uploads\/2022\/03\/imagen_2022-03-06_030008.png 372w, https:\/\/nativainfo.com\/wp-content\/uploads\/2022\/03\/imagen_2022-03-06_030008-300x173.png 300w, https:\/\/nativainfo.com\/wp-content\/uploads\/2022\/03\/imagen_2022-03-06_030008-150x87.png 150w\" sizes=\"(max-width: 582px) 100vw, 582px\" \/><\/figure>\n\n\n\n<p>En las \u00faltimas horas, el gobernador de Corrientes Gustavo Vald\u00e9s hizo p\u00fablico su agradecimiento a Santiago del Estero, por una valiosa donaci\u00f3n a productores de esa provincia.<\/p>\n\n\n\n<p>Se trata de unos 10.000 fardos de alfalfa que, se supo, fueron entregados en localidades como Empedrado, El Sombrero, Colonia Sanz, San Luis, Capital, San Cosme, Itat\u00ed y Ramada Paso.<\/p>\n\n\n\n<p>En estos lugares, los incendios provocaron grandes p\u00e9rdidas a establecimientos ganaderos. Vald\u00e9s agradeci\u00f3 al gobernador Gerardo Zamora por gestionar las donaciones.<\/p>\n","protected":false},"excerpt":{"rendered":"<p>En las \u00faltimas horas, el gobernador de Corrientes Gustavo Vald\u00e9s hizo p\u00fablico su agradecimiento a Santiago del Estero, por una&#8230; <a class=\"continue-reading-link\" href=\"https:\/\/nativainfo.com\/?p=2870\">Continue reading<\/a><\/p>\n","protected":false},"author":1,"featured_media":0,"comment_status":"open","ping_status":"open","sticky":false,"template":"","format":"standard","meta":{"rop_custom_images_group":[],"rop_custom_messages_group":[],"rop_publish_now":"initial","rop_publish_now_accounts":[],"rop_publish_now_history":[],"rop_publish_now_status":"pending","footnotes":"","jetpack_publicize_message":"","jetpack_publicize_feature_enabled":true,"jetpack_social_post_already_shared":false,"jetpack_social_options":{"image_generator_settings":{"template":"highway","default_image_id":0,"font":"","enabled":false},"version":2}},"categories":[8],"tags":[],"class_list":["post-2870","post","type-post","status-publish","format-standard","hentry","category-noticias"],"yoast_head":"<!-- This site is optimized with the Yoast SEO plugin v25.6 - https:\/\/yoast.com\/wordpress\/plugins\/seo\/ -->\n<title>El Gobernador Vald\u00e9s agradeci\u00f3 a Santiago del Estero por los 10 mil fardos de alfalfa - Nativa Info<\/title>\n<meta name=\"robots\" content=\"index, follow, max-snippet:-1, max-image-preview:large, max-video-preview:-1\" \/>\n<link rel=\"canonical\" href=\"https:\/\/nativainfo.com\/?p=2870\" \/>\n<meta property=\"og:locale\" content=\"es_ES\" \/>\n<meta property=\"og:type\" content=\"article\" \/>\n<meta property=\"og:title\" content=\"El Gobernador Vald\u00e9s agradeci\u00f3 a Santiago del Estero por los 10 mil fardos de alfalfa - Nativa Info\" \/>\n<meta property=\"og:description\" content=\"En las \u00faltimas horas, el gobernador de Corrientes Gustavo Vald\u00e9s hizo p\u00fablico su agradecimiento a Santiago del Estero, por una... Continue reading\" \/>\n<meta property=\"og:url\" content=\"https:\/\/nativainfo.com\/?p=2870\" \/>\n<meta property=\"og:site_name\" content=\"Nativa Info\" \/>\n<meta property=\"article:publisher\" content=\"https:\/\/www.facebook.com\/profile.php?id=61578881597564\" \/>\n<meta property=\"article:published_time\" content=\"2022-03-06T06:00:23+00:00\" \/>\n<meta property=\"article:modified_time\" content=\"2022-03-06T06:00:24+00:00\" \/>\n<meta property=\"og:image\" content=\"http:\/\/nativainfo.com\/wp-content\/uploads\/2022\/03\/imagen_2022-03-06_030008.png\" \/>\n<meta name=\"author\" content=\"Nativa Info\" \/>\n<meta name=\"twitter:card\" content=\"summary_large_image\" \/>\n<meta name=\"twitter:label1\" content=\"Escrito por\" \/>\n\t<meta name=\"twitter:data1\" content=\"Nativa Info\" \/>\n<script type=\"application\/ld+json\" class=\"yoast-schema-graph\">{\"@context\":\"https:\/\/schema.org\",\"@graph\":[{\"@type\":\"Article\",\"@id\":\"https:\/\/nativainfo.com\/?p=2870#article\",\"isPartOf\":{\"@id\":\"https:\/\/nativainfo.com\/?p=2870\"},\"author\":{\"name\":\"Nativa Info\",\"@id\":\"https:\/\/nativainfo.com\/#\/schema\/person\/24893b64a9cd564ddb5d102d36eb4b5c\"},\"headline\":\"El Gobernador Vald\u00e9s agradeci\u00f3 a Santiago del Estero por los 10 mil fardos de alfalfa\",\"datePublished\":\"2022-03-06T06:00:23+00:00\",\"dateModified\":\"2022-03-06T06:00:24+00:00\",\"mainEntityOfPage\":{\"@id\":\"https:\/\/nativainfo.com\/?p=2870\"},\"wordCount\":97,\"commentCount\":0,\"publisher\":{\"@id\":\"https:\/\/nativainfo.com\/#organization\"},\"image\":{\"@id\":\"https:\/\/nativainfo.com\/?p=2870#primaryimage\"},\"thumbnailUrl\":\"http:\/\/nativainfo.com\/wp-content\/uploads\/2022\/03\/imagen_2022-03-06_030008.png\",\"articleSection\":[\"Noticias\"],\"inLanguage\":\"es-AR\",\"potentialAction\":[{\"@type\":\"CommentAction\",\"name\":\"Comment\",\"target\":[\"https:\/\/nativainfo.com\/?p=2870#respond\"]}]},{\"@type\":\"WebPage\",\"@id\":\"https:\/\/nativainfo.com\/?p=2870\",\"url\":\"https:\/\/nativainfo.com\/?p=2870\",\"name\":\"El Gobernador Vald\u00e9s agradeci\u00f3 a Santiago del Estero por los 10 mil fardos de alfalfa - Nativa Info\",\"isPartOf\":{\"@id\":\"https:\/\/nativainfo.com\/#website\"},\"primaryImageOfPage\":{\"@id\":\"https:\/\/nativainfo.com\/?p=2870#primaryimage\"},\"image\":{\"@id\":\"https:\/\/nativainfo.com\/?p=2870#primaryimage\"},\"thumbnailUrl\":\"http:\/\/nativainfo.com\/wp-content\/uploads\/2022\/03\/imagen_2022-03-06_030008.png\",\"datePublished\":\"2022-03-06T06:00:23+00:00\",\"dateModified\":\"2022-03-06T06:00:24+00:00\",\"breadcrumb\":{\"@id\":\"https:\/\/nativainfo.com\/?p=2870#breadcrumb\"},\"inLanguage\":\"es-AR\",\"potentialAction\":[{\"@type\":\"ReadAction\",\"target\":[\"https:\/\/nativainfo.com\/?p=2870\"]}]},{\"@type\":\"ImageObject\",\"inLanguage\":\"es-AR\",\"@id\":\"https:\/\/nativainfo.com\/?p=2870#primaryimage\",\"url\":\"https:\/\/nativainfo.com\/wp-content\/uploads\/2022\/03\/imagen_2022-03-06_030008.png\",\"contentUrl\":\"https:\/\/nativainfo.com\/wp-content\/uploads\/2022\/03\/imagen_2022-03-06_030008.png\",\"width\":372,\"height\":215},{\"@type\":\"BreadcrumbList\",\"@id\":\"https:\/\/nativainfo.com\/?p=2870#breadcrumb\",\"itemListElement\":[{\"@type\":\"ListItem\",\"position\":1,\"name\":\"Inicio\",\"item\":\"https:\/\/nativainfo.com\/\"},{\"@type\":\"ListItem\",\"position\":2,\"name\":\"El Gobernador Vald\u00e9s agradeci\u00f3 a Santiago del Estero por los 10 mil fardos de alfalfa\"}]},{\"@type\":\"WebSite\",\"@id\":\"https:\/\/nativainfo.com\/#website\",\"url\":\"https:\/\/nativainfo.com\/\",\"name\":\"Nativa Info\",\"description\":\"Diario Digital\",\"publisher\":{\"@id\":\"https:\/\/nativainfo.com\/#organization\"},\"potentialAction\":[{\"@type\":\"SearchAction\",\"target\":{\"@type\":\"EntryPoint\",\"urlTemplate\":\"https:\/\/nativainfo.com\/?s={search_term_string}\"},\"query-input\":{\"@type\":\"PropertyValueSpecification\",\"valueRequired\":true,\"valueName\":\"search_term_string\"}}],\"inLanguage\":\"es-AR\"},{\"@type\":\"Organization\",\"@id\":\"https:\/\/nativainfo.com\/#organization\",\"name\":\"Nativa Info\",\"url\":\"https:\/\/nativainfo.com\/\",\"logo\":{\"@type\":\"ImageObject\",\"inLanguage\":\"es-AR\",\"@id\":\"https:\/\/nativainfo.com\/#\/schema\/logo\/image\/\",\"url\":\"https:\/\/nativainfo.com\/wp-content\/uploads\/2025\/08\/LOGO-NATIVA-FACE.jpg\",\"contentUrl\":\"https:\/\/nativainfo.com\/wp-content\/uploads\/2025\/08\/LOGO-NATIVA-FACE.jpg\",\"width\":400,\"height\":400,\"caption\":\"Nativa Info\"},\"image\":{\"@id\":\"https:\/\/nativainfo.com\/#\/schema\/logo\/image\/\"},\"sameAs\":[\"https:\/\/www.facebook.com\/profile.php?id=61578881597564\"]},{\"@type\":\"Person\",\"@id\":\"https:\/\/nativainfo.com\/#\/schema\/person\/24893b64a9cd564ddb5d102d36eb4b5c\",\"name\":\"Nativa Info\",\"image\":{\"@type\":\"ImageObject\",\"inLanguage\":\"es-AR\",\"@id\":\"https:\/\/nativainfo.com\/#\/schema\/person\/image\/\",\"url\":\"https:\/\/secure.gravatar.com\/avatar\/016fa1cf068d85136d938e1507b9b619cb766e2565cbb1faa1e571762460c785?s=96&d=mm&r=g\",\"contentUrl\":\"https:\/\/secure.gravatar.com\/avatar\/016fa1cf068d85136d938e1507b9b619cb766e2565cbb1faa1e571762460c785?s=96&d=mm&r=g\",\"caption\":\"Nativa Info\"},\"sameAs\":[\"http:\/\/nativainfo.com\"],\"url\":\"https:\/\/nativainfo.com\/?author=1\"}]}<\/script>\n<!-- \/ Yoast SEO plugin. -->","yoast_head_json":{"title":"El Gobernador Vald\u00e9s agradeci\u00f3 a Santiago del Estero por los 10 mil fardos de alfalfa - Nativa Info","robots":{"index":"index","follow":"follow","max-snippet":"max-snippet:-1","max-image-preview":"max-image-preview:large","max-video-preview":"max-video-preview:-1"},"canonical":"https:\/\/nativainfo.com\/?p=2870","og_locale":"es_ES","og_type":"article","og_title":"El Gobernador Vald\u00e9s agradeci\u00f3 a Santiago del Estero por los 10 mil fardos de alfalfa - Nativa Info","og_description":"En las \u00faltimas horas, el gobernador de Corrientes Gustavo Vald\u00e9s hizo p\u00fablico su agradecimiento a Santiago del Estero, por una... Continue reading","og_url":"https:\/\/nativainfo.com\/?p=2870","og_site_name":"Nativa Info","article_publisher":"https:\/\/www.facebook.com\/profile.php?id=61578881597564","article_published_time":"2022-03-06T06:00:23+00:00","article_modified_time":"2022-03-06T06:00:24+00:00","og_image":[{"url":"http:\/\/nativainfo.com\/wp-content\/uploads\/2022\/03\/imagen_2022-03-06_030008.png","type":"","width":"","height":""}],"author":"Nativa Info","twitter_card":"summary_large_image","twitter_misc":{"Escrito por":"Nativa Info"},"schema":{"@context":"https:\/\/schema.org","@graph":[{"@type":"Article","@id":"https:\/\/nativainfo.com\/?p=2870#article","isPartOf":{"@id":"https:\/\/nativainfo.com\/?p=2870"},"author":{"name":"Nativa Info","@id":"https:\/\/nativainfo.com\/#\/schema\/person\/24893b64a9cd564ddb5d102d36eb4b5c"},"headline":"El Gobernador Vald\u00e9s agradeci\u00f3 a Santiago del Estero por los 10 mil fardos de alfalfa","datePublished":"2022-03-06T06:00:23+00:00","dateModified":"2022-03-06T06:00:24+00:00","mainEntityOfPage":{"@id":"https:\/\/nativainfo.com\/?p=2870"},"wordCount":97,"commentCount":0,"publisher":{"@id":"https:\/\/nativainfo.com\/#organization"},"image":{"@id":"https:\/\/nativainfo.com\/?p=2870#primaryimage"},"thumbnailUrl":"http:\/\/nativainfo.com\/wp-content\/uploads\/2022\/03\/imagen_2022-03-06_030008.png","articleSection":["Noticias"],"inLanguage":"es-AR","potentialAction":[{"@type":"CommentAction","name":"Comment","target":["https:\/\/nativainfo.com\/?p=2870#respond"]}]},{"@type":"WebPage","@id":"https:\/\/nativainfo.com\/?p=2870","url":"https:\/\/nativainfo.com\/?p=2870","name":"El Gobernador Vald\u00e9s agradeci\u00f3 a Santiago del Estero por los 10 mil fardos de alfalfa - Nativa Info","isPartOf":{"@id":"https:\/\/nativainfo.com\/#website"},"primaryImageOfPage":{"@id":"https:\/\/nativainfo.com\/?p=2870#primaryimage"},"image":{"@id":"https:\/\/nativainfo.com\/?p=2870#primaryimage"},"thumbnailUrl":"http:\/\/nativainfo.com\/wp-content\/uploads\/2022\/03\/imagen_2022-03-06_030008.png","datePublished":"2022-03-06T06:00:23+00:00","dateModified":"2022-03-06T06:00:24+00:00","breadcrumb":{"@id":"https:\/\/nativainfo.com\/?p=2870#breadcrumb"},"inLanguage":"es-AR","potentialAction":[{"@type":"ReadAction","target":["https:\/\/nativainfo.com\/?p=2870"]}]},{"@type":"ImageObject","inLanguage":"es-AR","@id":"https:\/\/nativainfo.com\/?p=2870#primaryimage","url":"https:\/\/nativainfo.com\/wp-content\/uploads\/2022\/03\/imagen_2022-03-06_030008.png","contentUrl":"https:\/\/nativainfo.com\/wp-content\/uploads\/2022\/03\/imagen_2022-03-06_030008.png","width":372,"height":215},{"@type":"BreadcrumbList","@id":"https:\/\/nativainfo.com\/?p=2870#breadcrumb","itemListElement":[{"@type":"ListItem","position":1,"name":"Inicio","item":"https:\/\/nativainfo.com\/"},{"@type":"ListItem","position":2,"name":"El Gobernador Vald\u00e9s agradeci\u00f3 a Santiago del Estero por los 10 mil fardos de alfalfa"}]},{"@type":"WebSite","@id":"https:\/\/nativainfo.com\/#website","url":"https:\/\/nativainfo.com\/","name":"Nativa Info","description":"Diario Digital","publisher":{"@id":"https:\/\/nativainfo.com\/#organization"},"potentialAction":[{"@type":"SearchAction","target":{"@type":"EntryPoint","urlTemplate":"https:\/\/nativainfo.com\/?s={search_term_string}"},"query-input":{"@type":"PropertyValueSpecification","valueRequired":true,"valueName":"search_term_string"}}],"inLanguage":"es-AR"},{"@type":"Organization","@id":"https:\/\/nativainfo.com\/#organization","name":"Nativa Info","url":"https:\/\/nativainfo.com\/","logo":{"@type":"ImageObject","inLanguage":"es-AR","@id":"https:\/\/nativainfo.com\/#\/schema\/logo\/image\/","url":"https:\/\/nativainfo.com\/wp-content\/uploads\/2025\/08\/LOGO-NATIVA-FACE.jpg","contentUrl":"https:\/\/nativainfo.com\/wp-content\/uploads\/2025\/08\/LOGO-NATIVA-FACE.jpg","width":400,"height":400,"caption":"Nativa Info"},"image":{"@id":"https:\/\/nativainfo.com\/#\/schema\/logo\/image\/"},"sameAs":["https:\/\/www.facebook.com\/profile.php?id=61578881597564"]},{"@type":"Person","@id":"https:\/\/nativainfo.com\/#\/schema\/person\/24893b64a9cd564ddb5d102d36eb4b5c","name":"Nativa Info","image":{"@type":"ImageObject","inLanguage":"es-AR","@id":"https:\/\/nativainfo.com\/#\/schema\/person\/image\/","url":"https:\/\/secure.gravatar.com\/avatar\/016fa1cf068d85136d938e1507b9b619cb766e2565cbb1faa1e571762460c785?s=96&d=mm&r=g","contentUrl":"https:\/\/secure.gravatar.com\/avatar\/016fa1cf068d85136d938e1507b9b619cb766e2565cbb1faa1e571762460c785?s=96&d=mm&r=g","caption":"Nativa Info"},"sameAs":["http:\/\/nativainfo.com"],"url":"https:\/\/nativainfo.com\/?author=1"}]}},"jetpack_publicize_connections":[],"_links":{"self":[{"href":"https:\/\/nativainfo.com\/index.php?rest_route=\/wp\/v2\/posts\/2870","targetHints":{"allow":["GET"]}}],"collection":[{"href":"https:\/\/nativainfo.com\/index.php?rest_route=\/wp\/v2\/posts"}],"about":[{"href":"https:\/\/nativainfo.com\/index.php?rest_route=\/wp\/v2\/types\/post"}],"author":[{"embeddable":true,"href":"https:\/\/nativainfo.com\/index.php?rest_route=\/wp\/v2\/users\/1"}],"replies":[{"embeddable":true,"href":"https:\/\/nativainfo.com\/index.php?rest_route=%2Fwp%2Fv2%2Fcomments&post=2870"}],"version-history":[{"count":1,"href":"https:\/\/nativainfo.com\/index.php?rest_route=\/wp\/v2\/posts\/2870\/revisions"}],"predecessor-version":[{"id":2880,"href":"https:\/\/nativainfo.com\/index.php?rest_route=\/wp\/v2\/posts\/2870\/revisions\/2880"}],"wp:attachment":[{"href":"https:\/\/nativainfo.com\/index.php?rest_route=%2Fwp%2Fv2%2Fmedia&parent=2870"}],"wp:term":[{"taxonomy":"category","embeddable":true,"href":"https:\/\/nativainfo.com\/index.php?rest_route=%2Fwp%2Fv2%2Fcategories&post=2870"},{"taxonomy":"post_tag","embeddable":true,"href":"https:\/\/nativainfo.com\/index.php?rest_route=%2Fwp%2Fv2%2Ftags&post=2870"}],"curies":[{"name":"wp","href":"https:\/\/api.w.org\/{rel}","templated":true}]}}