{"id":2846,"date":"2022-03-01T00:10:58","date_gmt":"2022-03-01T03:10:58","guid":{"rendered":"http:\/\/nativainfo.com\/?p=2846"},"modified":"2022-03-01T00:11:06","modified_gmt":"2022-03-01T03:11:06","slug":"los-sabados-y-domingos-seran-de-ivan-de-pineda","status":"publish","type":"post","link":"https:\/\/nativainfo.com\/?p=2846","title":{"rendered":"Los s\u00e1bados y domingos ser\u00e1n de Ivan de Pineda"},"content":{"rendered":"\n<figure class=\"wp-block-image size-large\"><img fetchpriority=\"high\" decoding=\"async\" width=\"937\" height=\"553\" src=\"http:\/\/nativainfo.com\/wp-content\/uploads\/2022\/03\/imagen_2022-03-01_000710.png\" alt=\"\" class=\"wp-image-2847\" srcset=\"https:\/\/nativainfo.com\/wp-content\/uploads\/2022\/03\/imagen_2022-03-01_000710.png 937w, https:\/\/nativainfo.com\/wp-content\/uploads\/2022\/03\/imagen_2022-03-01_000710-300x177.png 300w, https:\/\/nativainfo.com\/wp-content\/uploads\/2022\/03\/imagen_2022-03-01_000710-768x453.png 768w, https:\/\/nativainfo.com\/wp-content\/uploads\/2022\/03\/imagen_2022-03-01_000710-593x350.png 593w, https:\/\/nativainfo.com\/wp-content\/uploads\/2022\/03\/imagen_2022-03-01_000710-150x89.png 150w\" sizes=\"(max-width: 937px) 100vw, 937px\" \/><\/figure>\n\n\n\n<p>El conductor televisivo y modelo argentino Iv\u00e1n de Pineda regresar\u00e1 a la pantalla de Telef\u00e9 (en Santiago del Estero se lo emitir\u00e1 por la pantalla de Canal 7), con &#8220;Pasapalabra&#8221;, el pr\u00f3ximo 5 de marzo. As\u00ed lo anunci\u00f3 Telef\u00e9. De esta manera, Iv\u00e1n volver\u00e1 a ponerse al frente del ciclo de concursos aunque, en esta oportunidad, los s\u00e1bados a las 21 y los domingos a las 20. Es decir, que el ciclo se dejar\u00e1 de ver los d\u00edas de semana.<\/p>\n\n\n\n<p>En cuanto al regreso del programa que cuando se emit\u00eda por la se\u00f1al de El Trece se ve\u00eda los fines de semana, Telef\u00e9 lo tiene previsto para el pr\u00f3ximo 5 de marzo.<\/p>\n\n\n\n<p>Una vez m\u00e1s Telef\u00e9 apuesta por Iv\u00e1n de Pineda para conducir el ya tradicional ciclo &#8220;Pasapalabra&#8221;, programa que ser\u00e1 emitido en un d\u00eda diferente y con un nuevo horario.<\/p>\n\n\n\n<p>&#8220;Pasa que tenemos ganas de divertirnos. Y tambi\u00e9n pasa que tenemos ganas de jugar. Pasa que queremos vivir momentos geniales. Por eso, volvemos para divertirnos, como siempre, con todas las letras&#8221;, se escucha decir al conductor en el video promocional de la nueva temporada de &#8220;Pasapalabra&#8221;.<\/p>\n","protected":false},"excerpt":{"rendered":"<p>El conductor televisivo y modelo argentino Iv\u00e1n de Pineda regresar\u00e1 a la pantalla de Telef\u00e9 (en Santiago del Estero se&#8230; <a class=\"continue-reading-link\" href=\"https:\/\/nativainfo.com\/?p=2846\">Continue reading<\/a><\/p>\n","protected":false},"author":1,"featured_media":0,"comment_status":"open","ping_status":"open","sticky":false,"template":"","format":"standard","meta":{"rop_custom_images_group":[],"rop_custom_messages_group":[],"rop_publish_now":"initial","rop_publish_now_accounts":[],"rop_publish_now_history":[],"rop_publish_now_status":"pending","footnotes":"","jetpack_publicize_message":"","jetpack_publicize_feature_enabled":true,"jetpack_social_post_already_shared":false,"jetpack_social_options":{"image_generator_settings":{"template":"highway","default_image_id":0,"font":"","enabled":false},"version":2}},"categories":[30],"tags":[],"class_list":["post-2846","post","type-post","status-publish","format-standard","hentry","category-television"],"yoast_head":"<!-- This site is optimized with the Yoast SEO plugin v25.6 - https:\/\/yoast.com\/wordpress\/plugins\/seo\/ -->\n<title>Los s\u00e1bados y domingos ser\u00e1n de Ivan de Pineda - Nativa Info<\/title>\n<meta name=\"robots\" content=\"index, follow, max-snippet:-1, max-image-preview:large, max-video-preview:-1\" \/>\n<link rel=\"canonical\" href=\"https:\/\/nativainfo.com\/?p=2846\" \/>\n<meta property=\"og:locale\" content=\"es_ES\" \/>\n<meta property=\"og:type\" content=\"article\" \/>\n<meta property=\"og:title\" content=\"Los s\u00e1bados y domingos ser\u00e1n de Ivan de Pineda - Nativa Info\" \/>\n<meta property=\"og:description\" content=\"El conductor televisivo y modelo argentino Iv\u00e1n de Pineda regresar\u00e1 a la pantalla de Telef\u00e9 (en Santiago del Estero se... Continue reading\" \/>\n<meta property=\"og:url\" content=\"https:\/\/nativainfo.com\/?p=2846\" \/>\n<meta property=\"og:site_name\" content=\"Nativa Info\" \/>\n<meta property=\"article:publisher\" content=\"https:\/\/www.facebook.com\/profile.php?id=61578881597564\" \/>\n<meta property=\"article:published_time\" content=\"2022-03-01T03:10:58+00:00\" \/>\n<meta property=\"article:modified_time\" content=\"2022-03-01T03:11:06+00:00\" \/>\n<meta property=\"og:image\" content=\"http:\/\/nativainfo.com\/wp-content\/uploads\/2022\/03\/imagen_2022-03-01_000710.png\" \/>\n<meta name=\"author\" content=\"Nativa Info\" \/>\n<meta name=\"twitter:card\" content=\"summary_large_image\" \/>\n<meta name=\"twitter:label1\" content=\"Escrito por\" \/>\n\t<meta name=\"twitter:data1\" content=\"Nativa Info\" \/>\n\t<meta name=\"twitter:label2\" content=\"Tiempo de lectura\" \/>\n\t<meta name=\"twitter:data2\" content=\"1 minuto\" \/>\n<script type=\"application\/ld+json\" class=\"yoast-schema-graph\">{\"@context\":\"https:\/\/schema.org\",\"@graph\":[{\"@type\":\"Article\",\"@id\":\"https:\/\/nativainfo.com\/?p=2846#article\",\"isPartOf\":{\"@id\":\"https:\/\/nativainfo.com\/?p=2846\"},\"author\":{\"name\":\"Nativa Info\",\"@id\":\"https:\/\/nativainfo.com\/#\/schema\/person\/24893b64a9cd564ddb5d102d36eb4b5c\"},\"headline\":\"Los s\u00e1bados y domingos ser\u00e1n de Ivan de Pineda\",\"datePublished\":\"2022-03-01T03:10:58+00:00\",\"dateModified\":\"2022-03-01T03:11:06+00:00\",\"mainEntityOfPage\":{\"@id\":\"https:\/\/nativainfo.com\/?p=2846\"},\"wordCount\":206,\"commentCount\":0,\"publisher\":{\"@id\":\"https:\/\/nativainfo.com\/#organization\"},\"image\":{\"@id\":\"https:\/\/nativainfo.com\/?p=2846#primaryimage\"},\"thumbnailUrl\":\"http:\/\/nativainfo.com\/wp-content\/uploads\/2022\/03\/imagen_2022-03-01_000710.png\",\"articleSection\":[\"Televisi\u00f3n\"],\"inLanguage\":\"es-AR\",\"potentialAction\":[{\"@type\":\"CommentAction\",\"name\":\"Comment\",\"target\":[\"https:\/\/nativainfo.com\/?p=2846#respond\"]}]},{\"@type\":\"WebPage\",\"@id\":\"https:\/\/nativainfo.com\/?p=2846\",\"url\":\"https:\/\/nativainfo.com\/?p=2846\",\"name\":\"Los s\u00e1bados y domingos ser\u00e1n de Ivan de Pineda - Nativa Info\",\"isPartOf\":{\"@id\":\"https:\/\/nativainfo.com\/#website\"},\"primaryImageOfPage\":{\"@id\":\"https:\/\/nativainfo.com\/?p=2846#primaryimage\"},\"image\":{\"@id\":\"https:\/\/nativainfo.com\/?p=2846#primaryimage\"},\"thumbnailUrl\":\"http:\/\/nativainfo.com\/wp-content\/uploads\/2022\/03\/imagen_2022-03-01_000710.png\",\"datePublished\":\"2022-03-01T03:10:58+00:00\",\"dateModified\":\"2022-03-01T03:11:06+00:00\",\"breadcrumb\":{\"@id\":\"https:\/\/nativainfo.com\/?p=2846#breadcrumb\"},\"inLanguage\":\"es-AR\",\"potentialAction\":[{\"@type\":\"ReadAction\",\"target\":[\"https:\/\/nativainfo.com\/?p=2846\"]}]},{\"@type\":\"ImageObject\",\"inLanguage\":\"es-AR\",\"@id\":\"https:\/\/nativainfo.com\/?p=2846#primaryimage\",\"url\":\"https:\/\/nativainfo.com\/wp-content\/uploads\/2022\/03\/imagen_2022-03-01_000710.png\",\"contentUrl\":\"https:\/\/nativainfo.com\/wp-content\/uploads\/2022\/03\/imagen_2022-03-01_000710.png\",\"width\":937,\"height\":553},{\"@type\":\"BreadcrumbList\",\"@id\":\"https:\/\/nativainfo.com\/?p=2846#breadcrumb\",\"itemListElement\":[{\"@type\":\"ListItem\",\"position\":1,\"name\":\"Inicio\",\"item\":\"https:\/\/nativainfo.com\/\"},{\"@type\":\"ListItem\",\"position\":2,\"name\":\"Los s\u00e1bados y domingos ser\u00e1n de Ivan de Pineda\"}]},{\"@type\":\"WebSite\",\"@id\":\"https:\/\/nativainfo.com\/#website\",\"url\":\"https:\/\/nativainfo.com\/\",\"name\":\"Nativa Info\",\"description\":\"Diario Digital\",\"publisher\":{\"@id\":\"https:\/\/nativainfo.com\/#organization\"},\"potentialAction\":[{\"@type\":\"SearchAction\",\"target\":{\"@type\":\"EntryPoint\",\"urlTemplate\":\"https:\/\/nativainfo.com\/?s={search_term_string}\"},\"query-input\":{\"@type\":\"PropertyValueSpecification\",\"valueRequired\":true,\"valueName\":\"search_term_string\"}}],\"inLanguage\":\"es-AR\"},{\"@type\":\"Organization\",\"@id\":\"https:\/\/nativainfo.com\/#organization\",\"name\":\"Nativa Info\",\"url\":\"https:\/\/nativainfo.com\/\",\"logo\":{\"@type\":\"ImageObject\",\"inLanguage\":\"es-AR\",\"@id\":\"https:\/\/nativainfo.com\/#\/schema\/logo\/image\/\",\"url\":\"https:\/\/nativainfo.com\/wp-content\/uploads\/2025\/08\/LOGO-NATIVA-FACE.jpg\",\"contentUrl\":\"https:\/\/nativainfo.com\/wp-content\/uploads\/2025\/08\/LOGO-NATIVA-FACE.jpg\",\"width\":400,\"height\":400,\"caption\":\"Nativa Info\"},\"image\":{\"@id\":\"https:\/\/nativainfo.com\/#\/schema\/logo\/image\/\"},\"sameAs\":[\"https:\/\/www.facebook.com\/profile.php?id=61578881597564\"]},{\"@type\":\"Person\",\"@id\":\"https:\/\/nativainfo.com\/#\/schema\/person\/24893b64a9cd564ddb5d102d36eb4b5c\",\"name\":\"Nativa Info\",\"image\":{\"@type\":\"ImageObject\",\"inLanguage\":\"es-AR\",\"@id\":\"https:\/\/nativainfo.com\/#\/schema\/person\/image\/\",\"url\":\"https:\/\/secure.gravatar.com\/avatar\/016fa1cf068d85136d938e1507b9b619cb766e2565cbb1faa1e571762460c785?s=96&d=mm&r=g\",\"contentUrl\":\"https:\/\/secure.gravatar.com\/avatar\/016fa1cf068d85136d938e1507b9b619cb766e2565cbb1faa1e571762460c785?s=96&d=mm&r=g\",\"caption\":\"Nativa Info\"},\"sameAs\":[\"http:\/\/nativainfo.com\"],\"url\":\"https:\/\/nativainfo.com\/?author=1\"}]}<\/script>\n<!-- \/ Yoast SEO plugin. -->","yoast_head_json":{"title":"Los s\u00e1bados y domingos ser\u00e1n de Ivan de Pineda - Nativa Info","robots":{"index":"index","follow":"follow","max-snippet":"max-snippet:-1","max-image-preview":"max-image-preview:large","max-video-preview":"max-video-preview:-1"},"canonical":"https:\/\/nativainfo.com\/?p=2846","og_locale":"es_ES","og_type":"article","og_title":"Los s\u00e1bados y domingos ser\u00e1n de Ivan de Pineda - Nativa Info","og_description":"El conductor televisivo y modelo argentino Iv\u00e1n de Pineda regresar\u00e1 a la pantalla de Telef\u00e9 (en Santiago del Estero se... Continue reading","og_url":"https:\/\/nativainfo.com\/?p=2846","og_site_name":"Nativa Info","article_publisher":"https:\/\/www.facebook.com\/profile.php?id=61578881597564","article_published_time":"2022-03-01T03:10:58+00:00","article_modified_time":"2022-03-01T03:11:06+00:00","og_image":[{"url":"http:\/\/nativainfo.com\/wp-content\/uploads\/2022\/03\/imagen_2022-03-01_000710.png","type":"","width":"","height":""}],"author":"Nativa Info","twitter_card":"summary_large_image","twitter_misc":{"Escrito por":"Nativa Info","Tiempo de lectura":"1 minuto"},"schema":{"@context":"https:\/\/schema.org","@graph":[{"@type":"Article","@id":"https:\/\/nativainfo.com\/?p=2846#article","isPartOf":{"@id":"https:\/\/nativainfo.com\/?p=2846"},"author":{"name":"Nativa Info","@id":"https:\/\/nativainfo.com\/#\/schema\/person\/24893b64a9cd564ddb5d102d36eb4b5c"},"headline":"Los s\u00e1bados y domingos ser\u00e1n de Ivan de Pineda","datePublished":"2022-03-01T03:10:58+00:00","dateModified":"2022-03-01T03:11:06+00:00","mainEntityOfPage":{"@id":"https:\/\/nativainfo.com\/?p=2846"},"wordCount":206,"commentCount":0,"publisher":{"@id":"https:\/\/nativainfo.com\/#organization"},"image":{"@id":"https:\/\/nativainfo.com\/?p=2846#primaryimage"},"thumbnailUrl":"http:\/\/nativainfo.com\/wp-content\/uploads\/2022\/03\/imagen_2022-03-01_000710.png","articleSection":["Televisi\u00f3n"],"inLanguage":"es-AR","potentialAction":[{"@type":"CommentAction","name":"Comment","target":["https:\/\/nativainfo.com\/?p=2846#respond"]}]},{"@type":"WebPage","@id":"https:\/\/nativainfo.com\/?p=2846","url":"https:\/\/nativainfo.com\/?p=2846","name":"Los s\u00e1bados y domingos ser\u00e1n de Ivan de Pineda - Nativa Info","isPartOf":{"@id":"https:\/\/nativainfo.com\/#website"},"primaryImageOfPage":{"@id":"https:\/\/nativainfo.com\/?p=2846#primaryimage"},"image":{"@id":"https:\/\/nativainfo.com\/?p=2846#primaryimage"},"thumbnailUrl":"http:\/\/nativainfo.com\/wp-content\/uploads\/2022\/03\/imagen_2022-03-01_000710.png","datePublished":"2022-03-01T03:10:58+00:00","dateModified":"2022-03-01T03:11:06+00:00","breadcrumb":{"@id":"https:\/\/nativainfo.com\/?p=2846#breadcrumb"},"inLanguage":"es-AR","potentialAction":[{"@type":"ReadAction","target":["https:\/\/nativainfo.com\/?p=2846"]}]},{"@type":"ImageObject","inLanguage":"es-AR","@id":"https:\/\/nativainfo.com\/?p=2846#primaryimage","url":"https:\/\/nativainfo.com\/wp-content\/uploads\/2022\/03\/imagen_2022-03-01_000710.png","contentUrl":"https:\/\/nativainfo.com\/wp-content\/uploads\/2022\/03\/imagen_2022-03-01_000710.png","width":937,"height":553},{"@type":"BreadcrumbList","@id":"https:\/\/nativainfo.com\/?p=2846#breadcrumb","itemListElement":[{"@type":"ListItem","position":1,"name":"Inicio","item":"https:\/\/nativainfo.com\/"},{"@type":"ListItem","position":2,"name":"Los s\u00e1bados y domingos ser\u00e1n de Ivan de Pineda"}]},{"@type":"WebSite","@id":"https:\/\/nativainfo.com\/#website","url":"https:\/\/nativainfo.com\/","name":"Nativa Info","description":"Diario Digital","publisher":{"@id":"https:\/\/nativainfo.com\/#organization"},"potentialAction":[{"@type":"SearchAction","target":{"@type":"EntryPoint","urlTemplate":"https:\/\/nativainfo.com\/?s={search_term_string}"},"query-input":{"@type":"PropertyValueSpecification","valueRequired":true,"valueName":"search_term_string"}}],"inLanguage":"es-AR"},{"@type":"Organization","@id":"https:\/\/nativainfo.com\/#organization","name":"Nativa Info","url":"https:\/\/nativainfo.com\/","logo":{"@type":"ImageObject","inLanguage":"es-AR","@id":"https:\/\/nativainfo.com\/#\/schema\/logo\/image\/","url":"https:\/\/nativainfo.com\/wp-content\/uploads\/2025\/08\/LOGO-NATIVA-FACE.jpg","contentUrl":"https:\/\/nativainfo.com\/wp-content\/uploads\/2025\/08\/LOGO-NATIVA-FACE.jpg","width":400,"height":400,"caption":"Nativa Info"},"image":{"@id":"https:\/\/nativainfo.com\/#\/schema\/logo\/image\/"},"sameAs":["https:\/\/www.facebook.com\/profile.php?id=61578881597564"]},{"@type":"Person","@id":"https:\/\/nativainfo.com\/#\/schema\/person\/24893b64a9cd564ddb5d102d36eb4b5c","name":"Nativa Info","image":{"@type":"ImageObject","inLanguage":"es-AR","@id":"https:\/\/nativainfo.com\/#\/schema\/person\/image\/","url":"https:\/\/secure.gravatar.com\/avatar\/016fa1cf068d85136d938e1507b9b619cb766e2565cbb1faa1e571762460c785?s=96&d=mm&r=g","contentUrl":"https:\/\/secure.gravatar.com\/avatar\/016fa1cf068d85136d938e1507b9b619cb766e2565cbb1faa1e571762460c785?s=96&d=mm&r=g","caption":"Nativa Info"},"sameAs":["http:\/\/nativainfo.com"],"url":"https:\/\/nativainfo.com\/?author=1"}]}},"jetpack_publicize_connections":[],"_links":{"self":[{"href":"https:\/\/nativainfo.com\/index.php?rest_route=\/wp\/v2\/posts\/2846","targetHints":{"allow":["GET"]}}],"collection":[{"href":"https:\/\/nativainfo.com\/index.php?rest_route=\/wp\/v2\/posts"}],"about":[{"href":"https:\/\/nativainfo.com\/index.php?rest_route=\/wp\/v2\/types\/post"}],"author":[{"embeddable":true,"href":"https:\/\/nativainfo.com\/index.php?rest_route=\/wp\/v2\/users\/1"}],"replies":[{"embeddable":true,"href":"https:\/\/nativainfo.com\/index.php?rest_route=%2Fwp%2Fv2%2Fcomments&post=2846"}],"version-history":[{"count":1,"href":"https:\/\/nativainfo.com\/index.php?rest_route=\/wp\/v2\/posts\/2846\/revisions"}],"predecessor-version":[{"id":2848,"href":"https:\/\/nativainfo.com\/index.php?rest_route=\/wp\/v2\/posts\/2846\/revisions\/2848"}],"wp:attachment":[{"href":"https:\/\/nativainfo.com\/index.php?rest_route=%2Fwp%2Fv2%2Fmedia&parent=2846"}],"wp:term":[{"taxonomy":"category","embeddable":true,"href":"https:\/\/nativainfo.com\/index.php?rest_route=%2Fwp%2Fv2%2Fcategories&post=2846"},{"taxonomy":"post_tag","embeddable":true,"href":"https:\/\/nativainfo.com\/index.php?rest_route=%2Fwp%2Fv2%2Ftags&post=2846"}],"curies":[{"name":"wp","href":"https:\/\/api.w.org\/{rel}","templated":true}]}}