{"id":281,"date":"2020-07-05T23:15:50","date_gmt":"2020-07-06T02:15:50","guid":{"rendered":"http:\/\/nativainfo.com\/?p=281"},"modified":"2020-07-05T23:17:24","modified_gmt":"2020-07-06T02:17:24","slug":"jorge-drexler-es-el-momento-de-que-la-politica-escuche-a-la-ciencia-y-no-al-reves","status":"publish","type":"post","link":"https:\/\/nativainfo.com\/?p=281","title":{"rendered":"Jorge Drexler: &#8220;Es el momento de que la pol\u00edtica escuche a la ciencia y no al rev\u00e9s&#8221;"},"content":{"rendered":"\n<figure class=\"wp-block-embed-youtube wp-block-embed is-type-video is-provider-youtube wp-embed-aspect-16-9 wp-has-aspect-ratio\"><div class=\"wp-block-embed__wrapper\">\n<iframe title=\"Jorge Drexler en concierto por Live Stream\" width=\"750\" height=\"422\" src=\"https:\/\/www.youtube.com\/embed\/KnsFbj0Z-FI?feature=oembed\" frameborder=\"0\" allow=\"accelerometer; autoplay; encrypted-media; gyroscope; picture-in-picture\" allowfullscreen><\/iframe>\n<\/div><\/figure>\n\n\n\n<p>Plano general de los exteriores de un estudio de grabaci\u00f3n madrile\u00f1o. No hay nadie en el lugar salvo el cantautor uruguayo\u00a0<strong>Jorge Drexler.\u00a0<\/strong>Al ingresar, seguido siempre por unas c\u00e1maras, canta, dice, confiesa: &#8220;Desde ahora mismo y aqu\u00ed hacia donde quiera que est\u00e9s, parte de mi alma parte a tu encuentro&#8221; . La bella canci\u00f3n &#8220;Transporte&#8221; se transforma en el perfecto medio de transporte a la cual se le van sumando sus m\u00fasicos y los que est\u00e1n del otro lado de las pantallas.<\/p>\n\n\n\n<p>\u00a0&#8220;Hoy ustedes representan a la Humanidad&#8221;, ironiza \u00e9l y, tras cart\u00f3n, rinde su tributo a los cient\u00edficos. &#8220;Es el momento de que la pol\u00edtica escuche a la ciencia y no al rev\u00e9s&#8221;, apunta quien al rato recuerda y rinde un\u00a0homenaje a Pau Don\u00e9s<a href=\"https:\/\/www.lanacion.com.ar\/espectaculos\/murio-pau-dones-cantante-banda-jarabe-palo-nid2376242\">\u00a0<\/a>, el cantante de la banda Jarabe de Palo fallecido hace cosa de un mes. Canta &#8220;Eso que t\u00fa me das&#8221;. Y sigue en lo suyo apostando a que el coraz\u00f3n va a sanar y que &#8220;va a volver a quebrarse&#8221;.<\/p>\n\n\n\n<p>-Fuente: La Naci\u00f3n-<\/p>\n","protected":false},"excerpt":{"rendered":"<p>Plano general de los exteriores de un estudio de grabaci\u00f3n madrile\u00f1o. No hay nadie en el lugar salvo el cantautor&#8230; <a class=\"continue-reading-link\" href=\"https:\/\/nativainfo.com\/?p=281\">Continue reading<\/a><\/p>\n","protected":false},"author":1,"featured_media":0,"comment_status":"open","ping_status":"open","sticky":false,"template":"","format":"standard","meta":{"rop_custom_images_group":[],"rop_custom_messages_group":[],"rop_publish_now":"initial","rop_publish_now_accounts":[],"rop_publish_now_history":[],"rop_publish_now_status":"pending","footnotes":"","jetpack_publicize_message":"","jetpack_publicize_feature_enabled":true,"jetpack_social_post_already_shared":false,"jetpack_social_options":{"image_generator_settings":{"template":"highway","default_image_id":0,"font":"","enabled":false},"version":2}},"categories":[11,7],"tags":[],"class_list":["post-281","post","type-post","status-publish","format-standard","hentry","category-mundo","category-musica"],"yoast_head":"<!-- This site is optimized with the Yoast SEO plugin v25.6 - https:\/\/yoast.com\/wordpress\/plugins\/seo\/ -->\n<title>Jorge Drexler: &quot;Es el momento de que la pol\u00edtica escuche a la ciencia y no al rev\u00e9s&quot; - Nativa Info<\/title>\n<meta name=\"robots\" content=\"index, follow, max-snippet:-1, max-image-preview:large, max-video-preview:-1\" \/>\n<link rel=\"canonical\" href=\"https:\/\/nativainfo.com\/?p=281\" \/>\n<meta property=\"og:locale\" content=\"es_ES\" \/>\n<meta property=\"og:type\" content=\"article\" \/>\n<meta property=\"og:title\" content=\"Jorge Drexler: &quot;Es el momento de que la pol\u00edtica escuche a la ciencia y no al rev\u00e9s&quot; - Nativa Info\" \/>\n<meta property=\"og:description\" content=\"Plano general de los exteriores de un estudio de grabaci\u00f3n madrile\u00f1o. No hay nadie en el lugar salvo el cantautor... Continue reading\" \/>\n<meta property=\"og:url\" content=\"https:\/\/nativainfo.com\/?p=281\" \/>\n<meta property=\"og:site_name\" content=\"Nativa Info\" \/>\n<meta property=\"article:publisher\" content=\"https:\/\/www.facebook.com\/profile.php?id=61578881597564\" \/>\n<meta property=\"article:published_time\" content=\"2020-07-06T02:15:50+00:00\" \/>\n<meta property=\"article:modified_time\" content=\"2020-07-06T02:17:24+00:00\" \/>\n<meta name=\"author\" content=\"Nativa Info\" \/>\n<meta name=\"twitter:card\" content=\"summary_large_image\" \/>\n<meta name=\"twitter:label1\" content=\"Escrito por\" \/>\n\t<meta name=\"twitter:data1\" content=\"Nativa Info\" \/>\n\t<meta name=\"twitter:label2\" content=\"Tiempo de lectura\" \/>\n\t<meta name=\"twitter:data2\" content=\"1 minuto\" \/>\n<script type=\"application\/ld+json\" class=\"yoast-schema-graph\">{\"@context\":\"https:\/\/schema.org\",\"@graph\":[{\"@type\":\"Article\",\"@id\":\"https:\/\/nativainfo.com\/?p=281#article\",\"isPartOf\":{\"@id\":\"https:\/\/nativainfo.com\/?p=281\"},\"author\":{\"name\":\"Nativa Info\",\"@id\":\"https:\/\/nativainfo.com\/#\/schema\/person\/24893b64a9cd564ddb5d102d36eb4b5c\"},\"headline\":\"Jorge Drexler: &#8220;Es el momento de que la pol\u00edtica escuche a la ciencia y no al rev\u00e9s&#8221;\",\"datePublished\":\"2020-07-06T02:15:50+00:00\",\"dateModified\":\"2020-07-06T02:17:24+00:00\",\"mainEntityOfPage\":{\"@id\":\"https:\/\/nativainfo.com\/?p=281\"},\"wordCount\":207,\"commentCount\":0,\"publisher\":{\"@id\":\"https:\/\/nativainfo.com\/#organization\"},\"articleSection\":[\"Mundo\",\"M\u00fasica\"],\"inLanguage\":\"es-AR\",\"potentialAction\":[{\"@type\":\"CommentAction\",\"name\":\"Comment\",\"target\":[\"https:\/\/nativainfo.com\/?p=281#respond\"]}]},{\"@type\":\"WebPage\",\"@id\":\"https:\/\/nativainfo.com\/?p=281\",\"url\":\"https:\/\/nativainfo.com\/?p=281\",\"name\":\"Jorge Drexler: \\\"Es el momento de que la pol\u00edtica escuche a la ciencia y no al rev\u00e9s\\\" - Nativa Info\",\"isPartOf\":{\"@id\":\"https:\/\/nativainfo.com\/#website\"},\"datePublished\":\"2020-07-06T02:15:50+00:00\",\"dateModified\":\"2020-07-06T02:17:24+00:00\",\"breadcrumb\":{\"@id\":\"https:\/\/nativainfo.com\/?p=281#breadcrumb\"},\"inLanguage\":\"es-AR\",\"potentialAction\":[{\"@type\":\"ReadAction\",\"target\":[\"https:\/\/nativainfo.com\/?p=281\"]}]},{\"@type\":\"BreadcrumbList\",\"@id\":\"https:\/\/nativainfo.com\/?p=281#breadcrumb\",\"itemListElement\":[{\"@type\":\"ListItem\",\"position\":1,\"name\":\"Inicio\",\"item\":\"https:\/\/nativainfo.com\/\"},{\"@type\":\"ListItem\",\"position\":2,\"name\":\"Jorge Drexler: &#8220;Es el momento de que la pol\u00edtica escuche a la ciencia y no al rev\u00e9s&#8221;\"}]},{\"@type\":\"WebSite\",\"@id\":\"https:\/\/nativainfo.com\/#website\",\"url\":\"https:\/\/nativainfo.com\/\",\"name\":\"Nativa Info\",\"description\":\"Diario Digital\",\"publisher\":{\"@id\":\"https:\/\/nativainfo.com\/#organization\"},\"potentialAction\":[{\"@type\":\"SearchAction\",\"target\":{\"@type\":\"EntryPoint\",\"urlTemplate\":\"https:\/\/nativainfo.com\/?s={search_term_string}\"},\"query-input\":{\"@type\":\"PropertyValueSpecification\",\"valueRequired\":true,\"valueName\":\"search_term_string\"}}],\"inLanguage\":\"es-AR\"},{\"@type\":\"Organization\",\"@id\":\"https:\/\/nativainfo.com\/#organization\",\"name\":\"Nativa Info\",\"url\":\"https:\/\/nativainfo.com\/\",\"logo\":{\"@type\":\"ImageObject\",\"inLanguage\":\"es-AR\",\"@id\":\"https:\/\/nativainfo.com\/#\/schema\/logo\/image\/\",\"url\":\"https:\/\/nativainfo.com\/wp-content\/uploads\/2025\/08\/LOGO-NATIVA-FACE.jpg\",\"contentUrl\":\"https:\/\/nativainfo.com\/wp-content\/uploads\/2025\/08\/LOGO-NATIVA-FACE.jpg\",\"width\":400,\"height\":400,\"caption\":\"Nativa Info\"},\"image\":{\"@id\":\"https:\/\/nativainfo.com\/#\/schema\/logo\/image\/\"},\"sameAs\":[\"https:\/\/www.facebook.com\/profile.php?id=61578881597564\"]},{\"@type\":\"Person\",\"@id\":\"https:\/\/nativainfo.com\/#\/schema\/person\/24893b64a9cd564ddb5d102d36eb4b5c\",\"name\":\"Nativa Info\",\"image\":{\"@type\":\"ImageObject\",\"inLanguage\":\"es-AR\",\"@id\":\"https:\/\/nativainfo.com\/#\/schema\/person\/image\/\",\"url\":\"https:\/\/secure.gravatar.com\/avatar\/016fa1cf068d85136d938e1507b9b619cb766e2565cbb1faa1e571762460c785?s=96&d=mm&r=g\",\"contentUrl\":\"https:\/\/secure.gravatar.com\/avatar\/016fa1cf068d85136d938e1507b9b619cb766e2565cbb1faa1e571762460c785?s=96&d=mm&r=g\",\"caption\":\"Nativa Info\"},\"sameAs\":[\"http:\/\/nativainfo.com\"],\"url\":\"https:\/\/nativainfo.com\/?author=1\"}]}<\/script>\n<!-- \/ Yoast SEO plugin. -->","yoast_head_json":{"title":"Jorge Drexler: \"Es el momento de que la pol\u00edtica escuche a la ciencia y no al rev\u00e9s\" - Nativa Info","robots":{"index":"index","follow":"follow","max-snippet":"max-snippet:-1","max-image-preview":"max-image-preview:large","max-video-preview":"max-video-preview:-1"},"canonical":"https:\/\/nativainfo.com\/?p=281","og_locale":"es_ES","og_type":"article","og_title":"Jorge Drexler: \"Es el momento de que la pol\u00edtica escuche a la ciencia y no al rev\u00e9s\" - Nativa Info","og_description":"Plano general de los exteriores de un estudio de grabaci\u00f3n madrile\u00f1o. No hay nadie en el lugar salvo el cantautor... Continue reading","og_url":"https:\/\/nativainfo.com\/?p=281","og_site_name":"Nativa Info","article_publisher":"https:\/\/www.facebook.com\/profile.php?id=61578881597564","article_published_time":"2020-07-06T02:15:50+00:00","article_modified_time":"2020-07-06T02:17:24+00:00","author":"Nativa Info","twitter_card":"summary_large_image","twitter_misc":{"Escrito por":"Nativa Info","Tiempo de lectura":"1 minuto"},"schema":{"@context":"https:\/\/schema.org","@graph":[{"@type":"Article","@id":"https:\/\/nativainfo.com\/?p=281#article","isPartOf":{"@id":"https:\/\/nativainfo.com\/?p=281"},"author":{"name":"Nativa Info","@id":"https:\/\/nativainfo.com\/#\/schema\/person\/24893b64a9cd564ddb5d102d36eb4b5c"},"headline":"Jorge Drexler: &#8220;Es el momento de que la pol\u00edtica escuche a la ciencia y no al rev\u00e9s&#8221;","datePublished":"2020-07-06T02:15:50+00:00","dateModified":"2020-07-06T02:17:24+00:00","mainEntityOfPage":{"@id":"https:\/\/nativainfo.com\/?p=281"},"wordCount":207,"commentCount":0,"publisher":{"@id":"https:\/\/nativainfo.com\/#organization"},"articleSection":["Mundo","M\u00fasica"],"inLanguage":"es-AR","potentialAction":[{"@type":"CommentAction","name":"Comment","target":["https:\/\/nativainfo.com\/?p=281#respond"]}]},{"@type":"WebPage","@id":"https:\/\/nativainfo.com\/?p=281","url":"https:\/\/nativainfo.com\/?p=281","name":"Jorge Drexler: \"Es el momento de que la pol\u00edtica escuche a la ciencia y no al rev\u00e9s\" - Nativa Info","isPartOf":{"@id":"https:\/\/nativainfo.com\/#website"},"datePublished":"2020-07-06T02:15:50+00:00","dateModified":"2020-07-06T02:17:24+00:00","breadcrumb":{"@id":"https:\/\/nativainfo.com\/?p=281#breadcrumb"},"inLanguage":"es-AR","potentialAction":[{"@type":"ReadAction","target":["https:\/\/nativainfo.com\/?p=281"]}]},{"@type":"BreadcrumbList","@id":"https:\/\/nativainfo.com\/?p=281#breadcrumb","itemListElement":[{"@type":"ListItem","position":1,"name":"Inicio","item":"https:\/\/nativainfo.com\/"},{"@type":"ListItem","position":2,"name":"Jorge Drexler: &#8220;Es el momento de que la pol\u00edtica escuche a la ciencia y no al rev\u00e9s&#8221;"}]},{"@type":"WebSite","@id":"https:\/\/nativainfo.com\/#website","url":"https:\/\/nativainfo.com\/","name":"Nativa Info","description":"Diario Digital","publisher":{"@id":"https:\/\/nativainfo.com\/#organization"},"potentialAction":[{"@type":"SearchAction","target":{"@type":"EntryPoint","urlTemplate":"https:\/\/nativainfo.com\/?s={search_term_string}"},"query-input":{"@type":"PropertyValueSpecification","valueRequired":true,"valueName":"search_term_string"}}],"inLanguage":"es-AR"},{"@type":"Organization","@id":"https:\/\/nativainfo.com\/#organization","name":"Nativa Info","url":"https:\/\/nativainfo.com\/","logo":{"@type":"ImageObject","inLanguage":"es-AR","@id":"https:\/\/nativainfo.com\/#\/schema\/logo\/image\/","url":"https:\/\/nativainfo.com\/wp-content\/uploads\/2025\/08\/LOGO-NATIVA-FACE.jpg","contentUrl":"https:\/\/nativainfo.com\/wp-content\/uploads\/2025\/08\/LOGO-NATIVA-FACE.jpg","width":400,"height":400,"caption":"Nativa Info"},"image":{"@id":"https:\/\/nativainfo.com\/#\/schema\/logo\/image\/"},"sameAs":["https:\/\/www.facebook.com\/profile.php?id=61578881597564"]},{"@type":"Person","@id":"https:\/\/nativainfo.com\/#\/schema\/person\/24893b64a9cd564ddb5d102d36eb4b5c","name":"Nativa Info","image":{"@type":"ImageObject","inLanguage":"es-AR","@id":"https:\/\/nativainfo.com\/#\/schema\/person\/image\/","url":"https:\/\/secure.gravatar.com\/avatar\/016fa1cf068d85136d938e1507b9b619cb766e2565cbb1faa1e571762460c785?s=96&d=mm&r=g","contentUrl":"https:\/\/secure.gravatar.com\/avatar\/016fa1cf068d85136d938e1507b9b619cb766e2565cbb1faa1e571762460c785?s=96&d=mm&r=g","caption":"Nativa Info"},"sameAs":["http:\/\/nativainfo.com"],"url":"https:\/\/nativainfo.com\/?author=1"}]}},"jetpack_publicize_connections":[],"_links":{"self":[{"href":"https:\/\/nativainfo.com\/index.php?rest_route=\/wp\/v2\/posts\/281","targetHints":{"allow":["GET"]}}],"collection":[{"href":"https:\/\/nativainfo.com\/index.php?rest_route=\/wp\/v2\/posts"}],"about":[{"href":"https:\/\/nativainfo.com\/index.php?rest_route=\/wp\/v2\/types\/post"}],"author":[{"embeddable":true,"href":"https:\/\/nativainfo.com\/index.php?rest_route=\/wp\/v2\/users\/1"}],"replies":[{"embeddable":true,"href":"https:\/\/nativainfo.com\/index.php?rest_route=%2Fwp%2Fv2%2Fcomments&post=281"}],"version-history":[{"count":2,"href":"https:\/\/nativainfo.com\/index.php?rest_route=\/wp\/v2\/posts\/281\/revisions"}],"predecessor-version":[{"id":283,"href":"https:\/\/nativainfo.com\/index.php?rest_route=\/wp\/v2\/posts\/281\/revisions\/283"}],"wp:attachment":[{"href":"https:\/\/nativainfo.com\/index.php?rest_route=%2Fwp%2Fv2%2Fmedia&parent=281"}],"wp:term":[{"taxonomy":"category","embeddable":true,"href":"https:\/\/nativainfo.com\/index.php?rest_route=%2Fwp%2Fv2%2Fcategories&post=281"},{"taxonomy":"post_tag","embeddable":true,"href":"https:\/\/nativainfo.com\/index.php?rest_route=%2Fwp%2Fv2%2Ftags&post=281"}],"curies":[{"name":"wp","href":"https:\/\/api.w.org\/{rel}","templated":true}]}}