{"id":2793,"date":"2022-02-18T21:17:32","date_gmt":"2022-02-19T00:17:32","guid":{"rendered":"http:\/\/nativainfo.com\/?p=2793"},"modified":"2022-02-18T21:17:34","modified_gmt":"2022-02-19T00:17:34","slug":"mirolo-se-reunio-con-el-secretario-de-transporte-de-la-nacion","status":"publish","type":"post","link":"https:\/\/nativainfo.com\/?p=2793","title":{"rendered":"Mirolo se reuni\u00f3 con el secretario de Transporte de la Naci\u00f3n"},"content":{"rendered":"\n<p><strong>Dialogaron sobre las asimetr\u00edas en los subsidios para el transporte p\u00fablico de pasajeros.<\/strong><\/p>\n\n\n\n<figure class=\"wp-block-image size-large\"><img fetchpriority=\"high\" decoding=\"async\" width=\"1010\" height=\"567\" src=\"http:\/\/nativainfo.com\/wp-content\/uploads\/2022\/02\/imagen_2022-02-18_211719.png\" alt=\"\" class=\"wp-image-2799\" srcset=\"https:\/\/nativainfo.com\/wp-content\/uploads\/2022\/02\/imagen_2022-02-18_211719.png 1010w, https:\/\/nativainfo.com\/wp-content\/uploads\/2022\/02\/imagen_2022-02-18_211719-300x168.png 300w, https:\/\/nativainfo.com\/wp-content\/uploads\/2022\/02\/imagen_2022-02-18_211719-768x431.png 768w, https:\/\/nativainfo.com\/wp-content\/uploads\/2022\/02\/imagen_2022-02-18_211719-623x350.png 623w, https:\/\/nativainfo.com\/wp-content\/uploads\/2022\/02\/imagen_2022-02-18_211719-150x84.png 150w\" sizes=\"(max-width: 1010px) 100vw, 1010px\" \/><\/figure>\n\n\n\n<p>El intendente&nbsp;<strong>Pablo Mirolo<\/strong>&nbsp;se reuni\u00f3 con el secretario de gesti\u00f3n de transporte,&nbsp;<strong>Diego Giuliano<\/strong>&nbsp;con quien realiz\u00f3 un an\u00e1lisis del proyecto que contempla la firma de un convenio entre el Ministerio de Transporte de la Naci\u00f3n y cada provincia o municipio que recibir\u00e1 la asistencia econ\u00f3mica, en el que se comprometen a continuar transfiriendo los montos a cada una de las empresas de su jurisdicci\u00f3n.<\/p>\n\n\n\n<p>Al respecto, el jefe comunal, se\u00f1al\u00f3 que la intenci\u00f3n del gobierno nacional es transferir ese dinero que hoy se aplica exclusivamente a&nbsp;<strong>CABA&nbsp;<\/strong>al&nbsp;<strong>Fondo de Compensaci\u00f3n&nbsp;<\/strong>al transporte p\u00fablico de pasajeros automotor urbano y suburbano, para que sea distribuido de manera federal y equitativa.<\/p>\n\n\n\n<p>\u201cTuvimos la oportunidad de hablar sobre las asimetr\u00edas que existen en el subsidio del transporte p\u00fablico de pasajeros entre la<strong>&nbsp;Ciudad Aut\u00f3noma de Buenos Aires<\/strong>&nbsp;y el interior de la pa\u00eds, donde en CABA el boleto esta 18 pesos y en el interior entre 35 y 60 pesos\u201d, indic\u00f3 &nbsp;<strong>Mirolo<\/strong>.<\/p>\n\n\n\n<p><strong><u>Boleto Estudiantil y SUBE<\/u><\/strong><\/p>\n\n\n\n<p>Asimismo,&nbsp;<strong>Mirolo&nbsp;<\/strong>ratific\u00f3 el compromiso asumido desde los inicios de su gesti\u00f3n de garantizar la gratuidad del boleto de transporte p\u00fablico de pasajeros de las l\u00edneas urbanas para los estudiantes de los diferentes niveles educativos.<\/p>\n","protected":false},"excerpt":{"rendered":"<p>Dialogaron sobre las asimetr\u00edas en los subsidios para el transporte p\u00fablico de pasajeros. El intendente&nbsp;Pablo Mirolo&nbsp;se reuni\u00f3 con el secretario&#8230; <a class=\"continue-reading-link\" href=\"https:\/\/nativainfo.com\/?p=2793\">Continue reading<\/a><\/p>\n","protected":false},"author":1,"featured_media":0,"comment_status":"open","ping_status":"open","sticky":false,"template":"","format":"standard","meta":{"rop_custom_images_group":[],"rop_custom_messages_group":[],"rop_publish_now":"initial","rop_publish_now_accounts":[],"rop_publish_now_history":[],"rop_publish_now_status":"pending","footnotes":"","jetpack_publicize_message":"","jetpack_publicize_feature_enabled":true,"jetpack_social_post_already_shared":false,"jetpack_social_options":{"image_generator_settings":{"template":"highway","default_image_id":0,"font":"","enabled":false},"version":2}},"categories":[67],"tags":[],"class_list":["post-2793","post","type-post","status-publish","format-standard","hentry","category-la-banda"],"yoast_head":"<!-- This site is optimized with the Yoast SEO plugin v25.6 - https:\/\/yoast.com\/wordpress\/plugins\/seo\/ -->\n<title>Mirolo se reuni\u00f3 con el secretario de Transporte de la Naci\u00f3n - Nativa Info<\/title>\n<meta name=\"robots\" content=\"index, follow, max-snippet:-1, max-image-preview:large, max-video-preview:-1\" \/>\n<link rel=\"canonical\" href=\"https:\/\/nativainfo.com\/?p=2793\" \/>\n<meta property=\"og:locale\" content=\"es_ES\" \/>\n<meta property=\"og:type\" content=\"article\" \/>\n<meta property=\"og:title\" content=\"Mirolo se reuni\u00f3 con el secretario de Transporte de la Naci\u00f3n - Nativa Info\" \/>\n<meta property=\"og:description\" content=\"Dialogaron sobre las asimetr\u00edas en los subsidios para el transporte p\u00fablico de pasajeros. El intendente&nbsp;Pablo Mirolo&nbsp;se reuni\u00f3 con el secretario... Continue reading\" \/>\n<meta property=\"og:url\" content=\"https:\/\/nativainfo.com\/?p=2793\" \/>\n<meta property=\"og:site_name\" content=\"Nativa Info\" \/>\n<meta property=\"article:publisher\" content=\"https:\/\/www.facebook.com\/profile.php?id=61578881597564\" \/>\n<meta property=\"article:published_time\" content=\"2022-02-19T00:17:32+00:00\" \/>\n<meta property=\"article:modified_time\" content=\"2022-02-19T00:17:34+00:00\" \/>\n<meta property=\"og:image\" content=\"http:\/\/nativainfo.com\/wp-content\/uploads\/2022\/02\/imagen_2022-02-18_211719.png\" \/>\n<meta name=\"author\" content=\"Nativa Info\" \/>\n<meta name=\"twitter:card\" content=\"summary_large_image\" \/>\n<meta name=\"twitter:label1\" content=\"Escrito por\" \/>\n\t<meta name=\"twitter:data1\" content=\"Nativa Info\" \/>\n\t<meta name=\"twitter:label2\" content=\"Tiempo de lectura\" \/>\n\t<meta name=\"twitter:data2\" content=\"1 minuto\" \/>\n<script type=\"application\/ld+json\" class=\"yoast-schema-graph\">{\"@context\":\"https:\/\/schema.org\",\"@graph\":[{\"@type\":\"Article\",\"@id\":\"https:\/\/nativainfo.com\/?p=2793#article\",\"isPartOf\":{\"@id\":\"https:\/\/nativainfo.com\/?p=2793\"},\"author\":{\"name\":\"Nativa Info\",\"@id\":\"https:\/\/nativainfo.com\/#\/schema\/person\/24893b64a9cd564ddb5d102d36eb4b5c\"},\"headline\":\"Mirolo se reuni\u00f3 con el secretario de Transporte de la Naci\u00f3n\",\"datePublished\":\"2022-02-19T00:17:32+00:00\",\"dateModified\":\"2022-02-19T00:17:34+00:00\",\"mainEntityOfPage\":{\"@id\":\"https:\/\/nativainfo.com\/?p=2793\"},\"wordCount\":253,\"commentCount\":0,\"publisher\":{\"@id\":\"https:\/\/nativainfo.com\/#organization\"},\"image\":{\"@id\":\"https:\/\/nativainfo.com\/?p=2793#primaryimage\"},\"thumbnailUrl\":\"http:\/\/nativainfo.com\/wp-content\/uploads\/2022\/02\/imagen_2022-02-18_211719.png\",\"articleSection\":[\"La Banda\"],\"inLanguage\":\"es-AR\",\"potentialAction\":[{\"@type\":\"CommentAction\",\"name\":\"Comment\",\"target\":[\"https:\/\/nativainfo.com\/?p=2793#respond\"]}]},{\"@type\":\"WebPage\",\"@id\":\"https:\/\/nativainfo.com\/?p=2793\",\"url\":\"https:\/\/nativainfo.com\/?p=2793\",\"name\":\"Mirolo se reuni\u00f3 con el secretario de Transporte de la Naci\u00f3n - Nativa Info\",\"isPartOf\":{\"@id\":\"https:\/\/nativainfo.com\/#website\"},\"primaryImageOfPage\":{\"@id\":\"https:\/\/nativainfo.com\/?p=2793#primaryimage\"},\"image\":{\"@id\":\"https:\/\/nativainfo.com\/?p=2793#primaryimage\"},\"thumbnailUrl\":\"http:\/\/nativainfo.com\/wp-content\/uploads\/2022\/02\/imagen_2022-02-18_211719.png\",\"datePublished\":\"2022-02-19T00:17:32+00:00\",\"dateModified\":\"2022-02-19T00:17:34+00:00\",\"breadcrumb\":{\"@id\":\"https:\/\/nativainfo.com\/?p=2793#breadcrumb\"},\"inLanguage\":\"es-AR\",\"potentialAction\":[{\"@type\":\"ReadAction\",\"target\":[\"https:\/\/nativainfo.com\/?p=2793\"]}]},{\"@type\":\"ImageObject\",\"inLanguage\":\"es-AR\",\"@id\":\"https:\/\/nativainfo.com\/?p=2793#primaryimage\",\"url\":\"https:\/\/nativainfo.com\/wp-content\/uploads\/2022\/02\/imagen_2022-02-18_211719.png\",\"contentUrl\":\"https:\/\/nativainfo.com\/wp-content\/uploads\/2022\/02\/imagen_2022-02-18_211719.png\",\"width\":1010,\"height\":567},{\"@type\":\"BreadcrumbList\",\"@id\":\"https:\/\/nativainfo.com\/?p=2793#breadcrumb\",\"itemListElement\":[{\"@type\":\"ListItem\",\"position\":1,\"name\":\"Inicio\",\"item\":\"https:\/\/nativainfo.com\/\"},{\"@type\":\"ListItem\",\"position\":2,\"name\":\"Mirolo se reuni\u00f3 con el secretario de Transporte de la Naci\u00f3n\"}]},{\"@type\":\"WebSite\",\"@id\":\"https:\/\/nativainfo.com\/#website\",\"url\":\"https:\/\/nativainfo.com\/\",\"name\":\"Nativa Info\",\"description\":\"Diario Digital\",\"publisher\":{\"@id\":\"https:\/\/nativainfo.com\/#organization\"},\"potentialAction\":[{\"@type\":\"SearchAction\",\"target\":{\"@type\":\"EntryPoint\",\"urlTemplate\":\"https:\/\/nativainfo.com\/?s={search_term_string}\"},\"query-input\":{\"@type\":\"PropertyValueSpecification\",\"valueRequired\":true,\"valueName\":\"search_term_string\"}}],\"inLanguage\":\"es-AR\"},{\"@type\":\"Organization\",\"@id\":\"https:\/\/nativainfo.com\/#organization\",\"name\":\"Nativa Info\",\"url\":\"https:\/\/nativainfo.com\/\",\"logo\":{\"@type\":\"ImageObject\",\"inLanguage\":\"es-AR\",\"@id\":\"https:\/\/nativainfo.com\/#\/schema\/logo\/image\/\",\"url\":\"https:\/\/nativainfo.com\/wp-content\/uploads\/2025\/08\/LOGO-NATIVA-FACE.jpg\",\"contentUrl\":\"https:\/\/nativainfo.com\/wp-content\/uploads\/2025\/08\/LOGO-NATIVA-FACE.jpg\",\"width\":400,\"height\":400,\"caption\":\"Nativa Info\"},\"image\":{\"@id\":\"https:\/\/nativainfo.com\/#\/schema\/logo\/image\/\"},\"sameAs\":[\"https:\/\/www.facebook.com\/profile.php?id=61578881597564\"]},{\"@type\":\"Person\",\"@id\":\"https:\/\/nativainfo.com\/#\/schema\/person\/24893b64a9cd564ddb5d102d36eb4b5c\",\"name\":\"Nativa Info\",\"image\":{\"@type\":\"ImageObject\",\"inLanguage\":\"es-AR\",\"@id\":\"https:\/\/nativainfo.com\/#\/schema\/person\/image\/\",\"url\":\"https:\/\/secure.gravatar.com\/avatar\/016fa1cf068d85136d938e1507b9b619cb766e2565cbb1faa1e571762460c785?s=96&d=mm&r=g\",\"contentUrl\":\"https:\/\/secure.gravatar.com\/avatar\/016fa1cf068d85136d938e1507b9b619cb766e2565cbb1faa1e571762460c785?s=96&d=mm&r=g\",\"caption\":\"Nativa Info\"},\"sameAs\":[\"http:\/\/nativainfo.com\"],\"url\":\"https:\/\/nativainfo.com\/?author=1\"}]}<\/script>\n<!-- \/ Yoast SEO plugin. -->","yoast_head_json":{"title":"Mirolo se reuni\u00f3 con el secretario de Transporte de la Naci\u00f3n - Nativa Info","robots":{"index":"index","follow":"follow","max-snippet":"max-snippet:-1","max-image-preview":"max-image-preview:large","max-video-preview":"max-video-preview:-1"},"canonical":"https:\/\/nativainfo.com\/?p=2793","og_locale":"es_ES","og_type":"article","og_title":"Mirolo se reuni\u00f3 con el secretario de Transporte de la Naci\u00f3n - Nativa Info","og_description":"Dialogaron sobre las asimetr\u00edas en los subsidios para el transporte p\u00fablico de pasajeros. El intendente&nbsp;Pablo Mirolo&nbsp;se reuni\u00f3 con el secretario... Continue reading","og_url":"https:\/\/nativainfo.com\/?p=2793","og_site_name":"Nativa Info","article_publisher":"https:\/\/www.facebook.com\/profile.php?id=61578881597564","article_published_time":"2022-02-19T00:17:32+00:00","article_modified_time":"2022-02-19T00:17:34+00:00","og_image":[{"url":"http:\/\/nativainfo.com\/wp-content\/uploads\/2022\/02\/imagen_2022-02-18_211719.png","type":"","width":"","height":""}],"author":"Nativa Info","twitter_card":"summary_large_image","twitter_misc":{"Escrito por":"Nativa Info","Tiempo de lectura":"1 minuto"},"schema":{"@context":"https:\/\/schema.org","@graph":[{"@type":"Article","@id":"https:\/\/nativainfo.com\/?p=2793#article","isPartOf":{"@id":"https:\/\/nativainfo.com\/?p=2793"},"author":{"name":"Nativa Info","@id":"https:\/\/nativainfo.com\/#\/schema\/person\/24893b64a9cd564ddb5d102d36eb4b5c"},"headline":"Mirolo se reuni\u00f3 con el secretario de Transporte de la Naci\u00f3n","datePublished":"2022-02-19T00:17:32+00:00","dateModified":"2022-02-19T00:17:34+00:00","mainEntityOfPage":{"@id":"https:\/\/nativainfo.com\/?p=2793"},"wordCount":253,"commentCount":0,"publisher":{"@id":"https:\/\/nativainfo.com\/#organization"},"image":{"@id":"https:\/\/nativainfo.com\/?p=2793#primaryimage"},"thumbnailUrl":"http:\/\/nativainfo.com\/wp-content\/uploads\/2022\/02\/imagen_2022-02-18_211719.png","articleSection":["La Banda"],"inLanguage":"es-AR","potentialAction":[{"@type":"CommentAction","name":"Comment","target":["https:\/\/nativainfo.com\/?p=2793#respond"]}]},{"@type":"WebPage","@id":"https:\/\/nativainfo.com\/?p=2793","url":"https:\/\/nativainfo.com\/?p=2793","name":"Mirolo se reuni\u00f3 con el secretario de Transporte de la Naci\u00f3n - Nativa Info","isPartOf":{"@id":"https:\/\/nativainfo.com\/#website"},"primaryImageOfPage":{"@id":"https:\/\/nativainfo.com\/?p=2793#primaryimage"},"image":{"@id":"https:\/\/nativainfo.com\/?p=2793#primaryimage"},"thumbnailUrl":"http:\/\/nativainfo.com\/wp-content\/uploads\/2022\/02\/imagen_2022-02-18_211719.png","datePublished":"2022-02-19T00:17:32+00:00","dateModified":"2022-02-19T00:17:34+00:00","breadcrumb":{"@id":"https:\/\/nativainfo.com\/?p=2793#breadcrumb"},"inLanguage":"es-AR","potentialAction":[{"@type":"ReadAction","target":["https:\/\/nativainfo.com\/?p=2793"]}]},{"@type":"ImageObject","inLanguage":"es-AR","@id":"https:\/\/nativainfo.com\/?p=2793#primaryimage","url":"https:\/\/nativainfo.com\/wp-content\/uploads\/2022\/02\/imagen_2022-02-18_211719.png","contentUrl":"https:\/\/nativainfo.com\/wp-content\/uploads\/2022\/02\/imagen_2022-02-18_211719.png","width":1010,"height":567},{"@type":"BreadcrumbList","@id":"https:\/\/nativainfo.com\/?p=2793#breadcrumb","itemListElement":[{"@type":"ListItem","position":1,"name":"Inicio","item":"https:\/\/nativainfo.com\/"},{"@type":"ListItem","position":2,"name":"Mirolo se reuni\u00f3 con el secretario de Transporte de la Naci\u00f3n"}]},{"@type":"WebSite","@id":"https:\/\/nativainfo.com\/#website","url":"https:\/\/nativainfo.com\/","name":"Nativa Info","description":"Diario Digital","publisher":{"@id":"https:\/\/nativainfo.com\/#organization"},"potentialAction":[{"@type":"SearchAction","target":{"@type":"EntryPoint","urlTemplate":"https:\/\/nativainfo.com\/?s={search_term_string}"},"query-input":{"@type":"PropertyValueSpecification","valueRequired":true,"valueName":"search_term_string"}}],"inLanguage":"es-AR"},{"@type":"Organization","@id":"https:\/\/nativainfo.com\/#organization","name":"Nativa Info","url":"https:\/\/nativainfo.com\/","logo":{"@type":"ImageObject","inLanguage":"es-AR","@id":"https:\/\/nativainfo.com\/#\/schema\/logo\/image\/","url":"https:\/\/nativainfo.com\/wp-content\/uploads\/2025\/08\/LOGO-NATIVA-FACE.jpg","contentUrl":"https:\/\/nativainfo.com\/wp-content\/uploads\/2025\/08\/LOGO-NATIVA-FACE.jpg","width":400,"height":400,"caption":"Nativa Info"},"image":{"@id":"https:\/\/nativainfo.com\/#\/schema\/logo\/image\/"},"sameAs":["https:\/\/www.facebook.com\/profile.php?id=61578881597564"]},{"@type":"Person","@id":"https:\/\/nativainfo.com\/#\/schema\/person\/24893b64a9cd564ddb5d102d36eb4b5c","name":"Nativa Info","image":{"@type":"ImageObject","inLanguage":"es-AR","@id":"https:\/\/nativainfo.com\/#\/schema\/person\/image\/","url":"https:\/\/secure.gravatar.com\/avatar\/016fa1cf068d85136d938e1507b9b619cb766e2565cbb1faa1e571762460c785?s=96&d=mm&r=g","contentUrl":"https:\/\/secure.gravatar.com\/avatar\/016fa1cf068d85136d938e1507b9b619cb766e2565cbb1faa1e571762460c785?s=96&d=mm&r=g","caption":"Nativa Info"},"sameAs":["http:\/\/nativainfo.com"],"url":"https:\/\/nativainfo.com\/?author=1"}]}},"jetpack_publicize_connections":[],"_links":{"self":[{"href":"https:\/\/nativainfo.com\/index.php?rest_route=\/wp\/v2\/posts\/2793","targetHints":{"allow":["GET"]}}],"collection":[{"href":"https:\/\/nativainfo.com\/index.php?rest_route=\/wp\/v2\/posts"}],"about":[{"href":"https:\/\/nativainfo.com\/index.php?rest_route=\/wp\/v2\/types\/post"}],"author":[{"embeddable":true,"href":"https:\/\/nativainfo.com\/index.php?rest_route=\/wp\/v2\/users\/1"}],"replies":[{"embeddable":true,"href":"https:\/\/nativainfo.com\/index.php?rest_route=%2Fwp%2Fv2%2Fcomments&post=2793"}],"version-history":[{"count":1,"href":"https:\/\/nativainfo.com\/index.php?rest_route=\/wp\/v2\/posts\/2793\/revisions"}],"predecessor-version":[{"id":2800,"href":"https:\/\/nativainfo.com\/index.php?rest_route=\/wp\/v2\/posts\/2793\/revisions\/2800"}],"wp:attachment":[{"href":"https:\/\/nativainfo.com\/index.php?rest_route=%2Fwp%2Fv2%2Fmedia&parent=2793"}],"wp:term":[{"taxonomy":"category","embeddable":true,"href":"https:\/\/nativainfo.com\/index.php?rest_route=%2Fwp%2Fv2%2Fcategories&post=2793"},{"taxonomy":"post_tag","embeddable":true,"href":"https:\/\/nativainfo.com\/index.php?rest_route=%2Fwp%2Fv2%2Ftags&post=2793"}],"curies":[{"name":"wp","href":"https:\/\/api.w.org\/{rel}","templated":true}]}}