{"id":2763,"date":"2022-02-09T04:49:47","date_gmt":"2022-02-09T07:49:47","guid":{"rendered":"http:\/\/nativainfo.com\/?p=2763"},"modified":"2022-02-09T04:49:50","modified_gmt":"2022-02-09T07:49:50","slug":"arguello-a-la-embajada-le-interesa-mucho-el-potencial-de-santiago-del-estero","status":"publish","type":"post","link":"https:\/\/nativainfo.com\/?p=2763","title":{"rendered":"Arg\u00fcello: &#8220;A la Embajada le interesa mucho el potencial de Santiago del Estero&#8221;"},"content":{"rendered":"\n<p><strong>En su visita a Casa de Gobierno, el embajador argentino en Estados Unidos destac\u00f3 las virtudes que tiene la provincia para ofrecer al mundo.<\/strong><\/p>\n\n\n\n<figure class=\"wp-block-image size-large\"><img fetchpriority=\"high\" decoding=\"async\" width=\"1024\" height=\"576\" src=\"http:\/\/nativainfo.com\/wp-content\/uploads\/2022\/02\/imagen_2022-02-09_044733-1024x576.png\" alt=\"\" class=\"wp-image-2765\" srcset=\"https:\/\/nativainfo.com\/wp-content\/uploads\/2022\/02\/imagen_2022-02-09_044733-1024x576.png 1024w, https:\/\/nativainfo.com\/wp-content\/uploads\/2022\/02\/imagen_2022-02-09_044733-300x169.png 300w, https:\/\/nativainfo.com\/wp-content\/uploads\/2022\/02\/imagen_2022-02-09_044733-768x432.png 768w, https:\/\/nativainfo.com\/wp-content\/uploads\/2022\/02\/imagen_2022-02-09_044733-622x350.png 622w, https:\/\/nativainfo.com\/wp-content\/uploads\/2022\/02\/imagen_2022-02-09_044733-150x84.png 150w, https:\/\/nativainfo.com\/wp-content\/uploads\/2022\/02\/imagen_2022-02-09_044733.png 1200w\" sizes=\"(max-width: 1024px) 100vw, 1024px\" \/><\/figure>\n\n\n\n<p>El embajador\u00a0<strong>Jorge Arg\u00fcello<\/strong>\u00a0durante su visita a\u00a0<strong>Casa de Gobierno<\/strong>\u00a0se mostr\u00f3 sorprendido por los cambios que ha experimentado la provincia desde la \u00faltima vez que estuvo aqu\u00ed. &#8220;<strong>Me da una profunda alegr\u00eda \u00a0estar de vuelta en Santiago del Estero<\/strong>\u00a0hemos venido a la reuni\u00f3n de trabajo que es lo que acaba de decir el gobernador y vamos a trabajar&#8221;, afirm\u00f3 mientras coment\u00f3 el programa Agenda Federal para la inserci\u00f3n de las econom\u00edas regionales en los Estados Unidos, &#8220;Nosotros en Washington\u00a0<strong>estamos desarrollando un programa que se llama Agenda Federal\u00a0<\/strong>(&#8230;) Es una hora de trabajo muy pautado, con un reconocimiento previo, donde tratamos \u00a0de\u00a0<strong>individualizar \u00a0opciones concretas en materia de inversi\u00f3n orientada \u00a0a la promoci\u00f3n de la provincia\u00a0<\/strong>y las econom\u00edas regionales en los Estados Unidos y la verdad que es un programa que nos est\u00e1 dando mucho resultado que una vez que\u00a0 termina esa hora, mis funcionarios con los miembros del gabinete quedan como responsables de, no muchos, pocos importantes\u00a0<strong>temas concretos a los cuales se le empieza a dar seguimiento de modo permanente<\/strong>&#8220;, se\u00f1al\u00f3 y agreg\u00f3 la importancia de este tipo de programas.<\/p>\n","protected":false},"excerpt":{"rendered":"<p>En su visita a Casa de Gobierno, el embajador argentino en Estados Unidos destac\u00f3 las virtudes que tiene la provincia&#8230; <a class=\"continue-reading-link\" href=\"https:\/\/nativainfo.com\/?p=2763\">Continue reading<\/a><\/p>\n","protected":false},"author":1,"featured_media":0,"comment_status":"open","ping_status":"open","sticky":false,"template":"","format":"standard","meta":{"rop_custom_images_group":[],"rop_custom_messages_group":[],"rop_publish_now":"initial","rop_publish_now_accounts":[],"rop_publish_now_history":[],"rop_publish_now_status":"pending","footnotes":"","jetpack_publicize_message":"","jetpack_publicize_feature_enabled":true,"jetpack_social_post_already_shared":false,"jetpack_social_options":{"image_generator_settings":{"template":"highway","default_image_id":0,"font":"","enabled":false},"version":2}},"categories":[36,40],"tags":[],"class_list":["post-2763","post","type-post","status-publish","format-standard","hentry","category-politica","category-santiago-del-estero"],"yoast_head":"<!-- This site is optimized with the Yoast SEO plugin v25.6 - https:\/\/yoast.com\/wordpress\/plugins\/seo\/ -->\n<title>Arg\u00fcello: &quot;A la Embajada le interesa mucho el potencial de Santiago del Estero&quot; - Nativa Info<\/title>\n<meta name=\"robots\" content=\"index, follow, max-snippet:-1, max-image-preview:large, max-video-preview:-1\" \/>\n<link rel=\"canonical\" href=\"https:\/\/nativainfo.com\/?p=2763\" \/>\n<meta property=\"og:locale\" content=\"es_ES\" \/>\n<meta property=\"og:type\" content=\"article\" \/>\n<meta property=\"og:title\" content=\"Arg\u00fcello: &quot;A la Embajada le interesa mucho el potencial de Santiago del Estero&quot; - Nativa Info\" \/>\n<meta property=\"og:description\" content=\"En su visita a Casa de Gobierno, el embajador argentino en Estados Unidos destac\u00f3 las virtudes que tiene la provincia... Continue reading\" \/>\n<meta property=\"og:url\" content=\"https:\/\/nativainfo.com\/?p=2763\" \/>\n<meta property=\"og:site_name\" content=\"Nativa Info\" \/>\n<meta property=\"article:publisher\" content=\"https:\/\/www.facebook.com\/profile.php?id=61578881597564\" \/>\n<meta property=\"article:published_time\" content=\"2022-02-09T07:49:47+00:00\" \/>\n<meta property=\"article:modified_time\" content=\"2022-02-09T07:49:50+00:00\" \/>\n<meta property=\"og:image\" content=\"http:\/\/nativainfo.com\/wp-content\/uploads\/2022\/02\/imagen_2022-02-09_044733-1024x576.png\" \/>\n<meta name=\"author\" content=\"Nativa Info\" \/>\n<meta name=\"twitter:card\" content=\"summary_large_image\" \/>\n<meta name=\"twitter:label1\" content=\"Escrito por\" \/>\n\t<meta name=\"twitter:data1\" content=\"Nativa Info\" \/>\n\t<meta name=\"twitter:label2\" content=\"Tiempo de lectura\" \/>\n\t<meta name=\"twitter:data2\" content=\"1 minuto\" \/>\n<script type=\"application\/ld+json\" class=\"yoast-schema-graph\">{\"@context\":\"https:\/\/schema.org\",\"@graph\":[{\"@type\":\"Article\",\"@id\":\"https:\/\/nativainfo.com\/?p=2763#article\",\"isPartOf\":{\"@id\":\"https:\/\/nativainfo.com\/?p=2763\"},\"author\":{\"name\":\"Nativa Info\",\"@id\":\"https:\/\/nativainfo.com\/#\/schema\/person\/24893b64a9cd564ddb5d102d36eb4b5c\"},\"headline\":\"Arg\u00fcello: &#8220;A la Embajada le interesa mucho el potencial de Santiago del Estero&#8221;\",\"datePublished\":\"2022-02-09T07:49:47+00:00\",\"dateModified\":\"2022-02-09T07:49:50+00:00\",\"mainEntityOfPage\":{\"@id\":\"https:\/\/nativainfo.com\/?p=2763\"},\"wordCount\":233,\"commentCount\":0,\"publisher\":{\"@id\":\"https:\/\/nativainfo.com\/#organization\"},\"image\":{\"@id\":\"https:\/\/nativainfo.com\/?p=2763#primaryimage\"},\"thumbnailUrl\":\"http:\/\/nativainfo.com\/wp-content\/uploads\/2022\/02\/imagen_2022-02-09_044733-1024x576.png\",\"articleSection\":[\"Pol\u00edtica\",\"Santiago del Estero\"],\"inLanguage\":\"es-AR\",\"potentialAction\":[{\"@type\":\"CommentAction\",\"name\":\"Comment\",\"target\":[\"https:\/\/nativainfo.com\/?p=2763#respond\"]}]},{\"@type\":\"WebPage\",\"@id\":\"https:\/\/nativainfo.com\/?p=2763\",\"url\":\"https:\/\/nativainfo.com\/?p=2763\",\"name\":\"Arg\u00fcello: \\\"A la Embajada le interesa mucho el potencial de Santiago del Estero\\\" - Nativa Info\",\"isPartOf\":{\"@id\":\"https:\/\/nativainfo.com\/#website\"},\"primaryImageOfPage\":{\"@id\":\"https:\/\/nativainfo.com\/?p=2763#primaryimage\"},\"image\":{\"@id\":\"https:\/\/nativainfo.com\/?p=2763#primaryimage\"},\"thumbnailUrl\":\"http:\/\/nativainfo.com\/wp-content\/uploads\/2022\/02\/imagen_2022-02-09_044733-1024x576.png\",\"datePublished\":\"2022-02-09T07:49:47+00:00\",\"dateModified\":\"2022-02-09T07:49:50+00:00\",\"breadcrumb\":{\"@id\":\"https:\/\/nativainfo.com\/?p=2763#breadcrumb\"},\"inLanguage\":\"es-AR\",\"potentialAction\":[{\"@type\":\"ReadAction\",\"target\":[\"https:\/\/nativainfo.com\/?p=2763\"]}]},{\"@type\":\"ImageObject\",\"inLanguage\":\"es-AR\",\"@id\":\"https:\/\/nativainfo.com\/?p=2763#primaryimage\",\"url\":\"https:\/\/nativainfo.com\/wp-content\/uploads\/2022\/02\/imagen_2022-02-09_044733.png\",\"contentUrl\":\"https:\/\/nativainfo.com\/wp-content\/uploads\/2022\/02\/imagen_2022-02-09_044733.png\",\"width\":1200,\"height\":675},{\"@type\":\"BreadcrumbList\",\"@id\":\"https:\/\/nativainfo.com\/?p=2763#breadcrumb\",\"itemListElement\":[{\"@type\":\"ListItem\",\"position\":1,\"name\":\"Inicio\",\"item\":\"https:\/\/nativainfo.com\/\"},{\"@type\":\"ListItem\",\"position\":2,\"name\":\"Arg\u00fcello: &#8220;A la Embajada le interesa mucho el potencial de Santiago del Estero&#8221;\"}]},{\"@type\":\"WebSite\",\"@id\":\"https:\/\/nativainfo.com\/#website\",\"url\":\"https:\/\/nativainfo.com\/\",\"name\":\"Nativa Info\",\"description\":\"Diario Digital\",\"publisher\":{\"@id\":\"https:\/\/nativainfo.com\/#organization\"},\"potentialAction\":[{\"@type\":\"SearchAction\",\"target\":{\"@type\":\"EntryPoint\",\"urlTemplate\":\"https:\/\/nativainfo.com\/?s={search_term_string}\"},\"query-input\":{\"@type\":\"PropertyValueSpecification\",\"valueRequired\":true,\"valueName\":\"search_term_string\"}}],\"inLanguage\":\"es-AR\"},{\"@type\":\"Organization\",\"@id\":\"https:\/\/nativainfo.com\/#organization\",\"name\":\"Nativa Info\",\"url\":\"https:\/\/nativainfo.com\/\",\"logo\":{\"@type\":\"ImageObject\",\"inLanguage\":\"es-AR\",\"@id\":\"https:\/\/nativainfo.com\/#\/schema\/logo\/image\/\",\"url\":\"https:\/\/nativainfo.com\/wp-content\/uploads\/2025\/08\/LOGO-NATIVA-FACE.jpg\",\"contentUrl\":\"https:\/\/nativainfo.com\/wp-content\/uploads\/2025\/08\/LOGO-NATIVA-FACE.jpg\",\"width\":400,\"height\":400,\"caption\":\"Nativa Info\"},\"image\":{\"@id\":\"https:\/\/nativainfo.com\/#\/schema\/logo\/image\/\"},\"sameAs\":[\"https:\/\/www.facebook.com\/profile.php?id=61578881597564\"]},{\"@type\":\"Person\",\"@id\":\"https:\/\/nativainfo.com\/#\/schema\/person\/24893b64a9cd564ddb5d102d36eb4b5c\",\"name\":\"Nativa Info\",\"image\":{\"@type\":\"ImageObject\",\"inLanguage\":\"es-AR\",\"@id\":\"https:\/\/nativainfo.com\/#\/schema\/person\/image\/\",\"url\":\"https:\/\/secure.gravatar.com\/avatar\/016fa1cf068d85136d938e1507b9b619cb766e2565cbb1faa1e571762460c785?s=96&d=mm&r=g\",\"contentUrl\":\"https:\/\/secure.gravatar.com\/avatar\/016fa1cf068d85136d938e1507b9b619cb766e2565cbb1faa1e571762460c785?s=96&d=mm&r=g\",\"caption\":\"Nativa Info\"},\"sameAs\":[\"http:\/\/nativainfo.com\"],\"url\":\"https:\/\/nativainfo.com\/?author=1\"}]}<\/script>\n<!-- \/ Yoast SEO plugin. -->","yoast_head_json":{"title":"Arg\u00fcello: \"A la Embajada le interesa mucho el potencial de Santiago del Estero\" - Nativa Info","robots":{"index":"index","follow":"follow","max-snippet":"max-snippet:-1","max-image-preview":"max-image-preview:large","max-video-preview":"max-video-preview:-1"},"canonical":"https:\/\/nativainfo.com\/?p=2763","og_locale":"es_ES","og_type":"article","og_title":"Arg\u00fcello: \"A la Embajada le interesa mucho el potencial de Santiago del Estero\" - Nativa Info","og_description":"En su visita a Casa de Gobierno, el embajador argentino en Estados Unidos destac\u00f3 las virtudes que tiene la provincia... Continue reading","og_url":"https:\/\/nativainfo.com\/?p=2763","og_site_name":"Nativa Info","article_publisher":"https:\/\/www.facebook.com\/profile.php?id=61578881597564","article_published_time":"2022-02-09T07:49:47+00:00","article_modified_time":"2022-02-09T07:49:50+00:00","og_image":[{"url":"http:\/\/nativainfo.com\/wp-content\/uploads\/2022\/02\/imagen_2022-02-09_044733-1024x576.png","type":"","width":"","height":""}],"author":"Nativa Info","twitter_card":"summary_large_image","twitter_misc":{"Escrito por":"Nativa Info","Tiempo de lectura":"1 minuto"},"schema":{"@context":"https:\/\/schema.org","@graph":[{"@type":"Article","@id":"https:\/\/nativainfo.com\/?p=2763#article","isPartOf":{"@id":"https:\/\/nativainfo.com\/?p=2763"},"author":{"name":"Nativa Info","@id":"https:\/\/nativainfo.com\/#\/schema\/person\/24893b64a9cd564ddb5d102d36eb4b5c"},"headline":"Arg\u00fcello: &#8220;A la Embajada le interesa mucho el potencial de Santiago del Estero&#8221;","datePublished":"2022-02-09T07:49:47+00:00","dateModified":"2022-02-09T07:49:50+00:00","mainEntityOfPage":{"@id":"https:\/\/nativainfo.com\/?p=2763"},"wordCount":233,"commentCount":0,"publisher":{"@id":"https:\/\/nativainfo.com\/#organization"},"image":{"@id":"https:\/\/nativainfo.com\/?p=2763#primaryimage"},"thumbnailUrl":"http:\/\/nativainfo.com\/wp-content\/uploads\/2022\/02\/imagen_2022-02-09_044733-1024x576.png","articleSection":["Pol\u00edtica","Santiago del Estero"],"inLanguage":"es-AR","potentialAction":[{"@type":"CommentAction","name":"Comment","target":["https:\/\/nativainfo.com\/?p=2763#respond"]}]},{"@type":"WebPage","@id":"https:\/\/nativainfo.com\/?p=2763","url":"https:\/\/nativainfo.com\/?p=2763","name":"Arg\u00fcello: \"A la Embajada le interesa mucho el potencial de Santiago del Estero\" - Nativa Info","isPartOf":{"@id":"https:\/\/nativainfo.com\/#website"},"primaryImageOfPage":{"@id":"https:\/\/nativainfo.com\/?p=2763#primaryimage"},"image":{"@id":"https:\/\/nativainfo.com\/?p=2763#primaryimage"},"thumbnailUrl":"http:\/\/nativainfo.com\/wp-content\/uploads\/2022\/02\/imagen_2022-02-09_044733-1024x576.png","datePublished":"2022-02-09T07:49:47+00:00","dateModified":"2022-02-09T07:49:50+00:00","breadcrumb":{"@id":"https:\/\/nativainfo.com\/?p=2763#breadcrumb"},"inLanguage":"es-AR","potentialAction":[{"@type":"ReadAction","target":["https:\/\/nativainfo.com\/?p=2763"]}]},{"@type":"ImageObject","inLanguage":"es-AR","@id":"https:\/\/nativainfo.com\/?p=2763#primaryimage","url":"https:\/\/nativainfo.com\/wp-content\/uploads\/2022\/02\/imagen_2022-02-09_044733.png","contentUrl":"https:\/\/nativainfo.com\/wp-content\/uploads\/2022\/02\/imagen_2022-02-09_044733.png","width":1200,"height":675},{"@type":"BreadcrumbList","@id":"https:\/\/nativainfo.com\/?p=2763#breadcrumb","itemListElement":[{"@type":"ListItem","position":1,"name":"Inicio","item":"https:\/\/nativainfo.com\/"},{"@type":"ListItem","position":2,"name":"Arg\u00fcello: &#8220;A la Embajada le interesa mucho el potencial de Santiago del Estero&#8221;"}]},{"@type":"WebSite","@id":"https:\/\/nativainfo.com\/#website","url":"https:\/\/nativainfo.com\/","name":"Nativa Info","description":"Diario Digital","publisher":{"@id":"https:\/\/nativainfo.com\/#organization"},"potentialAction":[{"@type":"SearchAction","target":{"@type":"EntryPoint","urlTemplate":"https:\/\/nativainfo.com\/?s={search_term_string}"},"query-input":{"@type":"PropertyValueSpecification","valueRequired":true,"valueName":"search_term_string"}}],"inLanguage":"es-AR"},{"@type":"Organization","@id":"https:\/\/nativainfo.com\/#organization","name":"Nativa Info","url":"https:\/\/nativainfo.com\/","logo":{"@type":"ImageObject","inLanguage":"es-AR","@id":"https:\/\/nativainfo.com\/#\/schema\/logo\/image\/","url":"https:\/\/nativainfo.com\/wp-content\/uploads\/2025\/08\/LOGO-NATIVA-FACE.jpg","contentUrl":"https:\/\/nativainfo.com\/wp-content\/uploads\/2025\/08\/LOGO-NATIVA-FACE.jpg","width":400,"height":400,"caption":"Nativa Info"},"image":{"@id":"https:\/\/nativainfo.com\/#\/schema\/logo\/image\/"},"sameAs":["https:\/\/www.facebook.com\/profile.php?id=61578881597564"]},{"@type":"Person","@id":"https:\/\/nativainfo.com\/#\/schema\/person\/24893b64a9cd564ddb5d102d36eb4b5c","name":"Nativa Info","image":{"@type":"ImageObject","inLanguage":"es-AR","@id":"https:\/\/nativainfo.com\/#\/schema\/person\/image\/","url":"https:\/\/secure.gravatar.com\/avatar\/016fa1cf068d85136d938e1507b9b619cb766e2565cbb1faa1e571762460c785?s=96&d=mm&r=g","contentUrl":"https:\/\/secure.gravatar.com\/avatar\/016fa1cf068d85136d938e1507b9b619cb766e2565cbb1faa1e571762460c785?s=96&d=mm&r=g","caption":"Nativa Info"},"sameAs":["http:\/\/nativainfo.com"],"url":"https:\/\/nativainfo.com\/?author=1"}]}},"jetpack_publicize_connections":[],"_links":{"self":[{"href":"https:\/\/nativainfo.com\/index.php?rest_route=\/wp\/v2\/posts\/2763","targetHints":{"allow":["GET"]}}],"collection":[{"href":"https:\/\/nativainfo.com\/index.php?rest_route=\/wp\/v2\/posts"}],"about":[{"href":"https:\/\/nativainfo.com\/index.php?rest_route=\/wp\/v2\/types\/post"}],"author":[{"embeddable":true,"href":"https:\/\/nativainfo.com\/index.php?rest_route=\/wp\/v2\/users\/1"}],"replies":[{"embeddable":true,"href":"https:\/\/nativainfo.com\/index.php?rest_route=%2Fwp%2Fv2%2Fcomments&post=2763"}],"version-history":[{"count":1,"href":"https:\/\/nativainfo.com\/index.php?rest_route=\/wp\/v2\/posts\/2763\/revisions"}],"predecessor-version":[{"id":2766,"href":"https:\/\/nativainfo.com\/index.php?rest_route=\/wp\/v2\/posts\/2763\/revisions\/2766"}],"wp:attachment":[{"href":"https:\/\/nativainfo.com\/index.php?rest_route=%2Fwp%2Fv2%2Fmedia&parent=2763"}],"wp:term":[{"taxonomy":"category","embeddable":true,"href":"https:\/\/nativainfo.com\/index.php?rest_route=%2Fwp%2Fv2%2Fcategories&post=2763"},{"taxonomy":"post_tag","embeddable":true,"href":"https:\/\/nativainfo.com\/index.php?rest_route=%2Fwp%2Fv2%2Ftags&post=2763"}],"curies":[{"name":"wp","href":"https:\/\/api.w.org\/{rel}","templated":true}]}}