{"id":2753,"date":"2022-02-06T00:21:40","date_gmt":"2022-02-06T03:21:40","guid":{"rendered":"http:\/\/nativainfo.com\/?p=2753"},"modified":"2022-02-06T00:21:43","modified_gmt":"2022-02-06T03:21:43","slug":"con-quintero-y-barco-en-cancha-river-plate-empato-0-0-ante-velez-por-la-copa-juan-gilberto-funes","status":"publish","type":"post","link":"https:\/\/nativainfo.com\/?p=2753","title":{"rendered":"Con Quintero y Barco en cancha, River Plate empat\u00f3 0-0 ante V\u00e9lez por la Copa Juan Gilberto Funes"},"content":{"rendered":"\n<figure class=\"wp-block-image size-large\"><img fetchpriority=\"high\" decoding=\"async\" width=\"992\" height=\"661\" src=\"http:\/\/nativainfo.com\/wp-content\/uploads\/2022\/02\/imagen_2022-02-06_002128.png\" alt=\"\" class=\"wp-image-2756\" srcset=\"https:\/\/nativainfo.com\/wp-content\/uploads\/2022\/02\/imagen_2022-02-06_002128.png 992w, https:\/\/nativainfo.com\/wp-content\/uploads\/2022\/02\/imagen_2022-02-06_002128-300x200.png 300w, https:\/\/nativainfo.com\/wp-content\/uploads\/2022\/02\/imagen_2022-02-06_002128-768x512.png 768w, https:\/\/nativainfo.com\/wp-content\/uploads\/2022\/02\/imagen_2022-02-06_002128-525x350.png 525w, https:\/\/nativainfo.com\/wp-content\/uploads\/2022\/02\/imagen_2022-02-06_002128-150x100.png 150w\" sizes=\"(max-width: 992px) 100vw, 992px\" \/><\/figure>\n\n\n\n<p>En el partido que cerr\u00f3 su serie de amistosos preparatorios,&nbsp;<strong>River Plate&nbsp;<\/strong>empat\u00f3&nbsp;<strong>0-0<\/strong>&nbsp;con<strong>&nbsp;V\u00e9lez<\/strong>&nbsp;en el estadio Monumental. En un encuentro que cont\u00f3 con el regreso del colombiano<strong>&nbsp;Juan Fernando Quintero<\/strong>&nbsp;y con las presentaciones de&nbsp;<strong>Esequiel Barco&nbsp;<\/strong>y<strong>&nbsp;El\u00edas G\u00f3mez<\/strong>&nbsp;en el Millonario, el&nbsp;<em>Fort\u00edn&nbsp;<\/em>se alz\u00f3 con la&nbsp;<strong>Copa Juan Gilberto Funes&nbsp;<\/strong>por camarader\u00eda. El premio fue para la visita porque no se sacaron diferencias en los 90 minutos.<\/p>\n\n\n\n<p>Aunque tuvo al mencionado<strong>&nbsp;G\u00f3mez&nbsp;<\/strong>y&nbsp;<strong>Tomas Pochettino&nbsp;<\/strong>-dos de los refuerzos- de arranque, a River le cost\u00f3 hacer buen pie dentro del campo de juego en los primeros minutos y hasta sufri\u00f3 en alg\u00fan intento de&nbsp;<strong>Lucas Pratto<\/strong>, que siempre obliga a las defensas rivales con su potencia f\u00edsica.<\/p>\n","protected":false},"excerpt":{"rendered":"<p>En el partido que cerr\u00f3 su serie de amistosos preparatorios,&nbsp;River Plate&nbsp;empat\u00f3&nbsp;0-0&nbsp;con&nbsp;V\u00e9lez&nbsp;en el estadio Monumental. En un encuentro que cont\u00f3 con&#8230; <a class=\"continue-reading-link\" href=\"https:\/\/nativainfo.com\/?p=2753\">Continue reading<\/a><\/p>\n","protected":false},"author":1,"featured_media":0,"comment_status":"open","ping_status":"open","sticky":false,"template":"","format":"standard","meta":{"rop_custom_images_group":[],"rop_custom_messages_group":[],"rop_publish_now":"initial","rop_publish_now_accounts":[],"rop_publish_now_history":[],"rop_publish_now_status":"pending","footnotes":"","jetpack_publicize_message":"","jetpack_publicize_feature_enabled":true,"jetpack_social_post_already_shared":false,"jetpack_social_options":{"image_generator_settings":{"template":"highway","default_image_id":0,"font":"","enabled":false},"version":2}},"categories":[41],"tags":[],"class_list":["post-2753","post","type-post","status-publish","format-standard","hentry","category-futbol"],"yoast_head":"<!-- This site is optimized with the Yoast SEO plugin v25.6 - https:\/\/yoast.com\/wordpress\/plugins\/seo\/ -->\n<title>Con Quintero y Barco en cancha, River Plate empat\u00f3 0-0 ante V\u00e9lez por la Copa Juan Gilberto Funes - Nativa Info<\/title>\n<meta name=\"robots\" content=\"index, follow, max-snippet:-1, max-image-preview:large, max-video-preview:-1\" \/>\n<link rel=\"canonical\" href=\"https:\/\/nativainfo.com\/?p=2753\" \/>\n<meta property=\"og:locale\" content=\"es_ES\" \/>\n<meta property=\"og:type\" content=\"article\" \/>\n<meta property=\"og:title\" content=\"Con Quintero y Barco en cancha, River Plate empat\u00f3 0-0 ante V\u00e9lez por la Copa Juan Gilberto Funes - Nativa Info\" \/>\n<meta property=\"og:description\" content=\"En el partido que cerr\u00f3 su serie de amistosos preparatorios,&nbsp;River Plate&nbsp;empat\u00f3&nbsp;0-0&nbsp;con&nbsp;V\u00e9lez&nbsp;en el estadio Monumental. En un encuentro que cont\u00f3 con... Continue reading\" \/>\n<meta property=\"og:url\" content=\"https:\/\/nativainfo.com\/?p=2753\" \/>\n<meta property=\"og:site_name\" content=\"Nativa Info\" \/>\n<meta property=\"article:publisher\" content=\"https:\/\/www.facebook.com\/profile.php?id=61578881597564\" \/>\n<meta property=\"article:published_time\" content=\"2022-02-06T03:21:40+00:00\" \/>\n<meta property=\"article:modified_time\" content=\"2022-02-06T03:21:43+00:00\" \/>\n<meta property=\"og:image\" content=\"http:\/\/nativainfo.com\/wp-content\/uploads\/2022\/02\/imagen_2022-02-06_002128.png\" \/>\n<meta name=\"author\" content=\"Nativa Info\" \/>\n<meta name=\"twitter:card\" content=\"summary_large_image\" \/>\n<meta name=\"twitter:label1\" content=\"Escrito por\" \/>\n\t<meta name=\"twitter:data1\" content=\"Nativa Info\" \/>\n\t<meta name=\"twitter:label2\" content=\"Tiempo de lectura\" \/>\n\t<meta name=\"twitter:data2\" content=\"1 minuto\" \/>\n<script type=\"application\/ld+json\" class=\"yoast-schema-graph\">{\"@context\":\"https:\/\/schema.org\",\"@graph\":[{\"@type\":\"Article\",\"@id\":\"https:\/\/nativainfo.com\/?p=2753#article\",\"isPartOf\":{\"@id\":\"https:\/\/nativainfo.com\/?p=2753\"},\"author\":{\"name\":\"Nativa Info\",\"@id\":\"https:\/\/nativainfo.com\/#\/schema\/person\/24893b64a9cd564ddb5d102d36eb4b5c\"},\"headline\":\"Con Quintero y Barco en cancha, River Plate empat\u00f3 0-0 ante V\u00e9lez por la Copa Juan Gilberto Funes\",\"datePublished\":\"2022-02-06T03:21:40+00:00\",\"dateModified\":\"2022-02-06T03:21:43+00:00\",\"mainEntityOfPage\":{\"@id\":\"https:\/\/nativainfo.com\/?p=2753\"},\"wordCount\":170,\"commentCount\":0,\"publisher\":{\"@id\":\"https:\/\/nativainfo.com\/#organization\"},\"image\":{\"@id\":\"https:\/\/nativainfo.com\/?p=2753#primaryimage\"},\"thumbnailUrl\":\"http:\/\/nativainfo.com\/wp-content\/uploads\/2022\/02\/imagen_2022-02-06_002128.png\",\"articleSection\":[\"F\u00fatbol\"],\"inLanguage\":\"es-AR\",\"potentialAction\":[{\"@type\":\"CommentAction\",\"name\":\"Comment\",\"target\":[\"https:\/\/nativainfo.com\/?p=2753#respond\"]}]},{\"@type\":\"WebPage\",\"@id\":\"https:\/\/nativainfo.com\/?p=2753\",\"url\":\"https:\/\/nativainfo.com\/?p=2753\",\"name\":\"Con Quintero y Barco en cancha, River Plate empat\u00f3 0-0 ante V\u00e9lez por la Copa Juan Gilberto Funes - Nativa Info\",\"isPartOf\":{\"@id\":\"https:\/\/nativainfo.com\/#website\"},\"primaryImageOfPage\":{\"@id\":\"https:\/\/nativainfo.com\/?p=2753#primaryimage\"},\"image\":{\"@id\":\"https:\/\/nativainfo.com\/?p=2753#primaryimage\"},\"thumbnailUrl\":\"http:\/\/nativainfo.com\/wp-content\/uploads\/2022\/02\/imagen_2022-02-06_002128.png\",\"datePublished\":\"2022-02-06T03:21:40+00:00\",\"dateModified\":\"2022-02-06T03:21:43+00:00\",\"breadcrumb\":{\"@id\":\"https:\/\/nativainfo.com\/?p=2753#breadcrumb\"},\"inLanguage\":\"es-AR\",\"potentialAction\":[{\"@type\":\"ReadAction\",\"target\":[\"https:\/\/nativainfo.com\/?p=2753\"]}]},{\"@type\":\"ImageObject\",\"inLanguage\":\"es-AR\",\"@id\":\"https:\/\/nativainfo.com\/?p=2753#primaryimage\",\"url\":\"https:\/\/nativainfo.com\/wp-content\/uploads\/2022\/02\/imagen_2022-02-06_002128.png\",\"contentUrl\":\"https:\/\/nativainfo.com\/wp-content\/uploads\/2022\/02\/imagen_2022-02-06_002128.png\",\"width\":992,\"height\":661},{\"@type\":\"BreadcrumbList\",\"@id\":\"https:\/\/nativainfo.com\/?p=2753#breadcrumb\",\"itemListElement\":[{\"@type\":\"ListItem\",\"position\":1,\"name\":\"Inicio\",\"item\":\"https:\/\/nativainfo.com\/\"},{\"@type\":\"ListItem\",\"position\":2,\"name\":\"Con Quintero y Barco en cancha, River Plate empat\u00f3 0-0 ante V\u00e9lez por la Copa Juan Gilberto Funes\"}]},{\"@type\":\"WebSite\",\"@id\":\"https:\/\/nativainfo.com\/#website\",\"url\":\"https:\/\/nativainfo.com\/\",\"name\":\"Nativa Info\",\"description\":\"Diario Digital\",\"publisher\":{\"@id\":\"https:\/\/nativainfo.com\/#organization\"},\"potentialAction\":[{\"@type\":\"SearchAction\",\"target\":{\"@type\":\"EntryPoint\",\"urlTemplate\":\"https:\/\/nativainfo.com\/?s={search_term_string}\"},\"query-input\":{\"@type\":\"PropertyValueSpecification\",\"valueRequired\":true,\"valueName\":\"search_term_string\"}}],\"inLanguage\":\"es-AR\"},{\"@type\":\"Organization\",\"@id\":\"https:\/\/nativainfo.com\/#organization\",\"name\":\"Nativa Info\",\"url\":\"https:\/\/nativainfo.com\/\",\"logo\":{\"@type\":\"ImageObject\",\"inLanguage\":\"es-AR\",\"@id\":\"https:\/\/nativainfo.com\/#\/schema\/logo\/image\/\",\"url\":\"https:\/\/nativainfo.com\/wp-content\/uploads\/2025\/08\/LOGO-NATIVA-FACE.jpg\",\"contentUrl\":\"https:\/\/nativainfo.com\/wp-content\/uploads\/2025\/08\/LOGO-NATIVA-FACE.jpg\",\"width\":400,\"height\":400,\"caption\":\"Nativa Info\"},\"image\":{\"@id\":\"https:\/\/nativainfo.com\/#\/schema\/logo\/image\/\"},\"sameAs\":[\"https:\/\/www.facebook.com\/profile.php?id=61578881597564\"]},{\"@type\":\"Person\",\"@id\":\"https:\/\/nativainfo.com\/#\/schema\/person\/24893b64a9cd564ddb5d102d36eb4b5c\",\"name\":\"Nativa Info\",\"image\":{\"@type\":\"ImageObject\",\"inLanguage\":\"es-AR\",\"@id\":\"https:\/\/nativainfo.com\/#\/schema\/person\/image\/\",\"url\":\"https:\/\/secure.gravatar.com\/avatar\/016fa1cf068d85136d938e1507b9b619cb766e2565cbb1faa1e571762460c785?s=96&d=mm&r=g\",\"contentUrl\":\"https:\/\/secure.gravatar.com\/avatar\/016fa1cf068d85136d938e1507b9b619cb766e2565cbb1faa1e571762460c785?s=96&d=mm&r=g\",\"caption\":\"Nativa Info\"},\"sameAs\":[\"http:\/\/nativainfo.com\"],\"url\":\"https:\/\/nativainfo.com\/?author=1\"}]}<\/script>\n<!-- \/ Yoast SEO plugin. -->","yoast_head_json":{"title":"Con Quintero y Barco en cancha, River Plate empat\u00f3 0-0 ante V\u00e9lez por la Copa Juan Gilberto Funes - Nativa Info","robots":{"index":"index","follow":"follow","max-snippet":"max-snippet:-1","max-image-preview":"max-image-preview:large","max-video-preview":"max-video-preview:-1"},"canonical":"https:\/\/nativainfo.com\/?p=2753","og_locale":"es_ES","og_type":"article","og_title":"Con Quintero y Barco en cancha, River Plate empat\u00f3 0-0 ante V\u00e9lez por la Copa Juan Gilberto Funes - Nativa Info","og_description":"En el partido que cerr\u00f3 su serie de amistosos preparatorios,&nbsp;River Plate&nbsp;empat\u00f3&nbsp;0-0&nbsp;con&nbsp;V\u00e9lez&nbsp;en el estadio Monumental. En un encuentro que cont\u00f3 con... Continue reading","og_url":"https:\/\/nativainfo.com\/?p=2753","og_site_name":"Nativa Info","article_publisher":"https:\/\/www.facebook.com\/profile.php?id=61578881597564","article_published_time":"2022-02-06T03:21:40+00:00","article_modified_time":"2022-02-06T03:21:43+00:00","og_image":[{"url":"http:\/\/nativainfo.com\/wp-content\/uploads\/2022\/02\/imagen_2022-02-06_002128.png","type":"","width":"","height":""}],"author":"Nativa Info","twitter_card":"summary_large_image","twitter_misc":{"Escrito por":"Nativa Info","Tiempo de lectura":"1 minuto"},"schema":{"@context":"https:\/\/schema.org","@graph":[{"@type":"Article","@id":"https:\/\/nativainfo.com\/?p=2753#article","isPartOf":{"@id":"https:\/\/nativainfo.com\/?p=2753"},"author":{"name":"Nativa Info","@id":"https:\/\/nativainfo.com\/#\/schema\/person\/24893b64a9cd564ddb5d102d36eb4b5c"},"headline":"Con Quintero y Barco en cancha, River Plate empat\u00f3 0-0 ante V\u00e9lez por la Copa Juan Gilberto Funes","datePublished":"2022-02-06T03:21:40+00:00","dateModified":"2022-02-06T03:21:43+00:00","mainEntityOfPage":{"@id":"https:\/\/nativainfo.com\/?p=2753"},"wordCount":170,"commentCount":0,"publisher":{"@id":"https:\/\/nativainfo.com\/#organization"},"image":{"@id":"https:\/\/nativainfo.com\/?p=2753#primaryimage"},"thumbnailUrl":"http:\/\/nativainfo.com\/wp-content\/uploads\/2022\/02\/imagen_2022-02-06_002128.png","articleSection":["F\u00fatbol"],"inLanguage":"es-AR","potentialAction":[{"@type":"CommentAction","name":"Comment","target":["https:\/\/nativainfo.com\/?p=2753#respond"]}]},{"@type":"WebPage","@id":"https:\/\/nativainfo.com\/?p=2753","url":"https:\/\/nativainfo.com\/?p=2753","name":"Con Quintero y Barco en cancha, River Plate empat\u00f3 0-0 ante V\u00e9lez por la Copa Juan Gilberto Funes - Nativa Info","isPartOf":{"@id":"https:\/\/nativainfo.com\/#website"},"primaryImageOfPage":{"@id":"https:\/\/nativainfo.com\/?p=2753#primaryimage"},"image":{"@id":"https:\/\/nativainfo.com\/?p=2753#primaryimage"},"thumbnailUrl":"http:\/\/nativainfo.com\/wp-content\/uploads\/2022\/02\/imagen_2022-02-06_002128.png","datePublished":"2022-02-06T03:21:40+00:00","dateModified":"2022-02-06T03:21:43+00:00","breadcrumb":{"@id":"https:\/\/nativainfo.com\/?p=2753#breadcrumb"},"inLanguage":"es-AR","potentialAction":[{"@type":"ReadAction","target":["https:\/\/nativainfo.com\/?p=2753"]}]},{"@type":"ImageObject","inLanguage":"es-AR","@id":"https:\/\/nativainfo.com\/?p=2753#primaryimage","url":"https:\/\/nativainfo.com\/wp-content\/uploads\/2022\/02\/imagen_2022-02-06_002128.png","contentUrl":"https:\/\/nativainfo.com\/wp-content\/uploads\/2022\/02\/imagen_2022-02-06_002128.png","width":992,"height":661},{"@type":"BreadcrumbList","@id":"https:\/\/nativainfo.com\/?p=2753#breadcrumb","itemListElement":[{"@type":"ListItem","position":1,"name":"Inicio","item":"https:\/\/nativainfo.com\/"},{"@type":"ListItem","position":2,"name":"Con Quintero y Barco en cancha, River Plate empat\u00f3 0-0 ante V\u00e9lez por la Copa Juan Gilberto Funes"}]},{"@type":"WebSite","@id":"https:\/\/nativainfo.com\/#website","url":"https:\/\/nativainfo.com\/","name":"Nativa Info","description":"Diario Digital","publisher":{"@id":"https:\/\/nativainfo.com\/#organization"},"potentialAction":[{"@type":"SearchAction","target":{"@type":"EntryPoint","urlTemplate":"https:\/\/nativainfo.com\/?s={search_term_string}"},"query-input":{"@type":"PropertyValueSpecification","valueRequired":true,"valueName":"search_term_string"}}],"inLanguage":"es-AR"},{"@type":"Organization","@id":"https:\/\/nativainfo.com\/#organization","name":"Nativa Info","url":"https:\/\/nativainfo.com\/","logo":{"@type":"ImageObject","inLanguage":"es-AR","@id":"https:\/\/nativainfo.com\/#\/schema\/logo\/image\/","url":"https:\/\/nativainfo.com\/wp-content\/uploads\/2025\/08\/LOGO-NATIVA-FACE.jpg","contentUrl":"https:\/\/nativainfo.com\/wp-content\/uploads\/2025\/08\/LOGO-NATIVA-FACE.jpg","width":400,"height":400,"caption":"Nativa Info"},"image":{"@id":"https:\/\/nativainfo.com\/#\/schema\/logo\/image\/"},"sameAs":["https:\/\/www.facebook.com\/profile.php?id=61578881597564"]},{"@type":"Person","@id":"https:\/\/nativainfo.com\/#\/schema\/person\/24893b64a9cd564ddb5d102d36eb4b5c","name":"Nativa Info","image":{"@type":"ImageObject","inLanguage":"es-AR","@id":"https:\/\/nativainfo.com\/#\/schema\/person\/image\/","url":"https:\/\/secure.gravatar.com\/avatar\/016fa1cf068d85136d938e1507b9b619cb766e2565cbb1faa1e571762460c785?s=96&d=mm&r=g","contentUrl":"https:\/\/secure.gravatar.com\/avatar\/016fa1cf068d85136d938e1507b9b619cb766e2565cbb1faa1e571762460c785?s=96&d=mm&r=g","caption":"Nativa Info"},"sameAs":["http:\/\/nativainfo.com"],"url":"https:\/\/nativainfo.com\/?author=1"}]}},"jetpack_publicize_connections":[],"_links":{"self":[{"href":"https:\/\/nativainfo.com\/index.php?rest_route=\/wp\/v2\/posts\/2753","targetHints":{"allow":["GET"]}}],"collection":[{"href":"https:\/\/nativainfo.com\/index.php?rest_route=\/wp\/v2\/posts"}],"about":[{"href":"https:\/\/nativainfo.com\/index.php?rest_route=\/wp\/v2\/types\/post"}],"author":[{"embeddable":true,"href":"https:\/\/nativainfo.com\/index.php?rest_route=\/wp\/v2\/users\/1"}],"replies":[{"embeddable":true,"href":"https:\/\/nativainfo.com\/index.php?rest_route=%2Fwp%2Fv2%2Fcomments&post=2753"}],"version-history":[{"count":1,"href":"https:\/\/nativainfo.com\/index.php?rest_route=\/wp\/v2\/posts\/2753\/revisions"}],"predecessor-version":[{"id":2757,"href":"https:\/\/nativainfo.com\/index.php?rest_route=\/wp\/v2\/posts\/2753\/revisions\/2757"}],"wp:attachment":[{"href":"https:\/\/nativainfo.com\/index.php?rest_route=%2Fwp%2Fv2%2Fmedia&parent=2753"}],"wp:term":[{"taxonomy":"category","embeddable":true,"href":"https:\/\/nativainfo.com\/index.php?rest_route=%2Fwp%2Fv2%2Fcategories&post=2753"},{"taxonomy":"post_tag","embeddable":true,"href":"https:\/\/nativainfo.com\/index.php?rest_route=%2Fwp%2Fv2%2Ftags&post=2753"}],"curies":[{"name":"wp","href":"https:\/\/api.w.org\/{rel}","templated":true}]}}