{"id":274,"date":"2020-07-04T14:48:12","date_gmt":"2020-07-04T17:48:12","guid":{"rendered":"http:\/\/nativainfo.com\/?p=274"},"modified":"2020-07-04T14:48:33","modified_gmt":"2020-07-04T17:48:33","slug":"formula-1-ferrari-sufre-y-sebastian-vettel-registra-una-de-sus-peores-clasificaciones-en-el-gran-premio-de-austria","status":"publish","type":"post","link":"https:\/\/nativainfo.com\/?p=274","title":{"rendered":"F\u00f3rmula 1. Ferrari sufre y Sebastian Vettel registra una de sus peores clasificaciones en el Gran Premio de Austria"},"content":{"rendered":"\n<figure class=\"wp-block-image size-large is-resized\"><img fetchpriority=\"high\" decoding=\"async\" src=\"http:\/\/nativainfo.com\/wp-content\/uploads\/2020\/07\/ferrarr-1024x682.jpg\" alt=\"\" class=\"wp-image-276\" width=\"604\" height=\"402\" srcset=\"https:\/\/nativainfo.com\/wp-content\/uploads\/2020\/07\/ferrarr-1024x682.jpg 1024w, https:\/\/nativainfo.com\/wp-content\/uploads\/2020\/07\/ferrarr-300x200.jpg 300w, https:\/\/nativainfo.com\/wp-content\/uploads\/2020\/07\/ferrarr-768x512.jpg 768w, https:\/\/nativainfo.com\/wp-content\/uploads\/2020\/07\/ferrarr-526x350.jpg 526w, https:\/\/nativainfo.com\/wp-content\/uploads\/2020\/07\/ferrarr-150x100.jpg 150w, https:\/\/nativainfo.com\/wp-content\/uploads\/2020\/07\/ferrarr.jpg 1033w\" sizes=\"(max-width: 604px) 100vw, 604px\" \/><\/figure>\n\n\n\n<p>De un extremo a otro. Desde hace a\u00f1os\u00a0<strong>Mercedes y Ferrari\u00a0<\/strong>transitan situaciones totalmente opuestas en la\u00a0<strong>F\u00f3rmula 1.\u00a0<\/strong>Mientras los primeros refuerzan su estructura y sue\u00f1an con el s\u00e9ptimo t\u00edtulo al hilo para la escuder\u00eda, los de\u00a0<strong>Maranello\u00a0<\/strong>van de problema en problema. Maniobran, buscan nuevas alternativas. A tal punto que hace algunas semanas le confirmaron a\u00a0<strong>Sebastian Vettel\u00a0<\/strong>que no le renovar\u00e1n el v\u00ednculo para 2021. Y el envi\u00f3n negativo no se detiene: en el regreso del\u00a0<em><strong>Gran Circo\u00a0<\/strong><\/em>a las pistas\u00a0<strong>el piloto alem\u00e1n entreg\u00f3 una de las im\u00e1genes del s\u00e1bado y qued\u00f3 eliminado en la Q2 al finalizar und\u00e9cimo.<\/strong><\/p>\n\n\n\n<p>-Fuente: La Naci\u00f3n-<\/p>\n","protected":false},"excerpt":{"rendered":"<p>De un extremo a otro. Desde hace a\u00f1os\u00a0Mercedes y Ferrari\u00a0transitan situaciones totalmente opuestas en la\u00a0F\u00f3rmula 1.\u00a0Mientras los primeros refuerzan su&#8230; <a class=\"continue-reading-link\" href=\"https:\/\/nativainfo.com\/?p=274\">Continue reading<\/a><\/p>\n","protected":false},"author":3,"featured_media":0,"comment_status":"open","ping_status":"open","sticky":false,"template":"","format":"standard","meta":{"rop_custom_images_group":[],"rop_custom_messages_group":[],"rop_publish_now":"initial","rop_publish_now_accounts":[],"rop_publish_now_history":[],"rop_publish_now_status":"pending","footnotes":"","jetpack_publicize_message":"","jetpack_publicize_feature_enabled":true,"jetpack_social_post_already_shared":false,"jetpack_social_options":{"image_generator_settings":{"template":"highway","default_image_id":0,"font":"","enabled":false},"version":2}},"categories":[10,11,8],"tags":[],"class_list":["post-274","post","type-post","status-publish","format-standard","hentry","category-deportes","category-mundo","category-noticias"],"yoast_head":"<!-- This site is optimized with the Yoast SEO plugin v25.6 - https:\/\/yoast.com\/wordpress\/plugins\/seo\/ -->\n<title>F\u00f3rmula 1. Ferrari sufre y Sebastian Vettel registra una de sus peores clasificaciones en el Gran Premio de Austria - Nativa Info<\/title>\n<meta name=\"robots\" content=\"index, follow, max-snippet:-1, max-image-preview:large, max-video-preview:-1\" \/>\n<link rel=\"canonical\" href=\"https:\/\/nativainfo.com\/?p=274\" \/>\n<meta property=\"og:locale\" content=\"es_ES\" \/>\n<meta property=\"og:type\" content=\"article\" \/>\n<meta property=\"og:title\" content=\"F\u00f3rmula 1. Ferrari sufre y Sebastian Vettel registra una de sus peores clasificaciones en el Gran Premio de Austria - Nativa Info\" \/>\n<meta property=\"og:description\" content=\"De un extremo a otro. Desde hace a\u00f1os\u00a0Mercedes y Ferrari\u00a0transitan situaciones totalmente opuestas en la\u00a0F\u00f3rmula 1.\u00a0Mientras los primeros refuerzan su... Continue reading\" \/>\n<meta property=\"og:url\" content=\"https:\/\/nativainfo.com\/?p=274\" \/>\n<meta property=\"og:site_name\" content=\"Nativa Info\" \/>\n<meta property=\"article:publisher\" content=\"https:\/\/www.facebook.com\/profile.php?id=61578881597564\" \/>\n<meta property=\"article:published_time\" content=\"2020-07-04T17:48:12+00:00\" \/>\n<meta property=\"article:modified_time\" content=\"2020-07-04T17:48:33+00:00\" \/>\n<meta property=\"og:image\" content=\"http:\/\/nativainfo.com\/wp-content\/uploads\/2020\/07\/ferrarr-1024x682.jpg\" \/>\n<meta name=\"author\" content=\"Santiago Yocca\" \/>\n<meta name=\"twitter:card\" content=\"summary_large_image\" \/>\n<meta name=\"twitter:label1\" content=\"Escrito por\" \/>\n\t<meta name=\"twitter:data1\" content=\"Santiago Yocca\" \/>\n\t<meta name=\"twitter:label2\" content=\"Tiempo de lectura\" \/>\n\t<meta name=\"twitter:data2\" content=\"1 minuto\" \/>\n<script type=\"application\/ld+json\" class=\"yoast-schema-graph\">{\"@context\":\"https:\/\/schema.org\",\"@graph\":[{\"@type\":\"Article\",\"@id\":\"https:\/\/nativainfo.com\/?p=274#article\",\"isPartOf\":{\"@id\":\"https:\/\/nativainfo.com\/?p=274\"},\"author\":{\"name\":\"Santiago Yocca\",\"@id\":\"https:\/\/nativainfo.com\/#\/schema\/person\/290e0ad5981c54e50e456539865cc684\"},\"headline\":\"F\u00f3rmula 1. Ferrari sufre y Sebastian Vettel registra una de sus peores clasificaciones en el Gran Premio de Austria\",\"datePublished\":\"2020-07-04T17:48:12+00:00\",\"dateModified\":\"2020-07-04T17:48:33+00:00\",\"mainEntityOfPage\":{\"@id\":\"https:\/\/nativainfo.com\/?p=274\"},\"wordCount\":137,\"commentCount\":0,\"publisher\":{\"@id\":\"https:\/\/nativainfo.com\/#organization\"},\"image\":{\"@id\":\"https:\/\/nativainfo.com\/?p=274#primaryimage\"},\"thumbnailUrl\":\"http:\/\/nativainfo.com\/wp-content\/uploads\/2020\/07\/ferrarr-1024x682.jpg\",\"articleSection\":[\"Deportes\",\"Mundo\",\"Noticias\"],\"inLanguage\":\"es-AR\",\"potentialAction\":[{\"@type\":\"CommentAction\",\"name\":\"Comment\",\"target\":[\"https:\/\/nativainfo.com\/?p=274#respond\"]}]},{\"@type\":\"WebPage\",\"@id\":\"https:\/\/nativainfo.com\/?p=274\",\"url\":\"https:\/\/nativainfo.com\/?p=274\",\"name\":\"F\u00f3rmula 1. Ferrari sufre y Sebastian Vettel registra una de sus peores clasificaciones en el Gran Premio de Austria - Nativa Info\",\"isPartOf\":{\"@id\":\"https:\/\/nativainfo.com\/#website\"},\"primaryImageOfPage\":{\"@id\":\"https:\/\/nativainfo.com\/?p=274#primaryimage\"},\"image\":{\"@id\":\"https:\/\/nativainfo.com\/?p=274#primaryimage\"},\"thumbnailUrl\":\"http:\/\/nativainfo.com\/wp-content\/uploads\/2020\/07\/ferrarr-1024x682.jpg\",\"datePublished\":\"2020-07-04T17:48:12+00:00\",\"dateModified\":\"2020-07-04T17:48:33+00:00\",\"breadcrumb\":{\"@id\":\"https:\/\/nativainfo.com\/?p=274#breadcrumb\"},\"inLanguage\":\"es-AR\",\"potentialAction\":[{\"@type\":\"ReadAction\",\"target\":[\"https:\/\/nativainfo.com\/?p=274\"]}]},{\"@type\":\"ImageObject\",\"inLanguage\":\"es-AR\",\"@id\":\"https:\/\/nativainfo.com\/?p=274#primaryimage\",\"url\":\"https:\/\/nativainfo.com\/wp-content\/uploads\/2020\/07\/ferrarr.jpg\",\"contentUrl\":\"https:\/\/nativainfo.com\/wp-content\/uploads\/2020\/07\/ferrarr.jpg\",\"width\":1033,\"height\":688},{\"@type\":\"BreadcrumbList\",\"@id\":\"https:\/\/nativainfo.com\/?p=274#breadcrumb\",\"itemListElement\":[{\"@type\":\"ListItem\",\"position\":1,\"name\":\"Inicio\",\"item\":\"https:\/\/nativainfo.com\/\"},{\"@type\":\"ListItem\",\"position\":2,\"name\":\"F\u00f3rmula 1. Ferrari sufre y Sebastian Vettel registra una de sus peores clasificaciones en el Gran Premio de Austria\"}]},{\"@type\":\"WebSite\",\"@id\":\"https:\/\/nativainfo.com\/#website\",\"url\":\"https:\/\/nativainfo.com\/\",\"name\":\"Nativa Info\",\"description\":\"Diario Digital\",\"publisher\":{\"@id\":\"https:\/\/nativainfo.com\/#organization\"},\"potentialAction\":[{\"@type\":\"SearchAction\",\"target\":{\"@type\":\"EntryPoint\",\"urlTemplate\":\"https:\/\/nativainfo.com\/?s={search_term_string}\"},\"query-input\":{\"@type\":\"PropertyValueSpecification\",\"valueRequired\":true,\"valueName\":\"search_term_string\"}}],\"inLanguage\":\"es-AR\"},{\"@type\":\"Organization\",\"@id\":\"https:\/\/nativainfo.com\/#organization\",\"name\":\"Nativa Info\",\"url\":\"https:\/\/nativainfo.com\/\",\"logo\":{\"@type\":\"ImageObject\",\"inLanguage\":\"es-AR\",\"@id\":\"https:\/\/nativainfo.com\/#\/schema\/logo\/image\/\",\"url\":\"https:\/\/nativainfo.com\/wp-content\/uploads\/2025\/08\/LOGO-NATIVA-FACE.jpg\",\"contentUrl\":\"https:\/\/nativainfo.com\/wp-content\/uploads\/2025\/08\/LOGO-NATIVA-FACE.jpg\",\"width\":400,\"height\":400,\"caption\":\"Nativa Info\"},\"image\":{\"@id\":\"https:\/\/nativainfo.com\/#\/schema\/logo\/image\/\"},\"sameAs\":[\"https:\/\/www.facebook.com\/profile.php?id=61578881597564\"]},{\"@type\":\"Person\",\"@id\":\"https:\/\/nativainfo.com\/#\/schema\/person\/290e0ad5981c54e50e456539865cc684\",\"name\":\"Santiago Yocca\",\"image\":{\"@type\":\"ImageObject\",\"inLanguage\":\"es-AR\",\"@id\":\"https:\/\/nativainfo.com\/#\/schema\/person\/image\/\",\"url\":\"https:\/\/secure.gravatar.com\/avatar\/1094c9085fc74f328d93973860ca15199d7aa8dc3413fab05072a0d192bc70ec?s=96&d=mm&r=g\",\"contentUrl\":\"https:\/\/secure.gravatar.com\/avatar\/1094c9085fc74f328d93973860ca15199d7aa8dc3413fab05072a0d192bc70ec?s=96&d=mm&r=g\",\"caption\":\"Santiago Yocca\"},\"url\":\"https:\/\/nativainfo.com\/?author=3\"}]}<\/script>\n<!-- \/ Yoast SEO plugin. -->","yoast_head_json":{"title":"F\u00f3rmula 1. Ferrari sufre y Sebastian Vettel registra una de sus peores clasificaciones en el Gran Premio de Austria - Nativa Info","robots":{"index":"index","follow":"follow","max-snippet":"max-snippet:-1","max-image-preview":"max-image-preview:large","max-video-preview":"max-video-preview:-1"},"canonical":"https:\/\/nativainfo.com\/?p=274","og_locale":"es_ES","og_type":"article","og_title":"F\u00f3rmula 1. Ferrari sufre y Sebastian Vettel registra una de sus peores clasificaciones en el Gran Premio de Austria - Nativa Info","og_description":"De un extremo a otro. Desde hace a\u00f1os\u00a0Mercedes y Ferrari\u00a0transitan situaciones totalmente opuestas en la\u00a0F\u00f3rmula 1.\u00a0Mientras los primeros refuerzan su... Continue reading","og_url":"https:\/\/nativainfo.com\/?p=274","og_site_name":"Nativa Info","article_publisher":"https:\/\/www.facebook.com\/profile.php?id=61578881597564","article_published_time":"2020-07-04T17:48:12+00:00","article_modified_time":"2020-07-04T17:48:33+00:00","og_image":[{"url":"http:\/\/nativainfo.com\/wp-content\/uploads\/2020\/07\/ferrarr-1024x682.jpg","type":"","width":"","height":""}],"author":"Santiago Yocca","twitter_card":"summary_large_image","twitter_misc":{"Escrito por":"Santiago Yocca","Tiempo de lectura":"1 minuto"},"schema":{"@context":"https:\/\/schema.org","@graph":[{"@type":"Article","@id":"https:\/\/nativainfo.com\/?p=274#article","isPartOf":{"@id":"https:\/\/nativainfo.com\/?p=274"},"author":{"name":"Santiago Yocca","@id":"https:\/\/nativainfo.com\/#\/schema\/person\/290e0ad5981c54e50e456539865cc684"},"headline":"F\u00f3rmula 1. Ferrari sufre y Sebastian Vettel registra una de sus peores clasificaciones en el Gran Premio de Austria","datePublished":"2020-07-04T17:48:12+00:00","dateModified":"2020-07-04T17:48:33+00:00","mainEntityOfPage":{"@id":"https:\/\/nativainfo.com\/?p=274"},"wordCount":137,"commentCount":0,"publisher":{"@id":"https:\/\/nativainfo.com\/#organization"},"image":{"@id":"https:\/\/nativainfo.com\/?p=274#primaryimage"},"thumbnailUrl":"http:\/\/nativainfo.com\/wp-content\/uploads\/2020\/07\/ferrarr-1024x682.jpg","articleSection":["Deportes","Mundo","Noticias"],"inLanguage":"es-AR","potentialAction":[{"@type":"CommentAction","name":"Comment","target":["https:\/\/nativainfo.com\/?p=274#respond"]}]},{"@type":"WebPage","@id":"https:\/\/nativainfo.com\/?p=274","url":"https:\/\/nativainfo.com\/?p=274","name":"F\u00f3rmula 1. Ferrari sufre y Sebastian Vettel registra una de sus peores clasificaciones en el Gran Premio de Austria - Nativa Info","isPartOf":{"@id":"https:\/\/nativainfo.com\/#website"},"primaryImageOfPage":{"@id":"https:\/\/nativainfo.com\/?p=274#primaryimage"},"image":{"@id":"https:\/\/nativainfo.com\/?p=274#primaryimage"},"thumbnailUrl":"http:\/\/nativainfo.com\/wp-content\/uploads\/2020\/07\/ferrarr-1024x682.jpg","datePublished":"2020-07-04T17:48:12+00:00","dateModified":"2020-07-04T17:48:33+00:00","breadcrumb":{"@id":"https:\/\/nativainfo.com\/?p=274#breadcrumb"},"inLanguage":"es-AR","potentialAction":[{"@type":"ReadAction","target":["https:\/\/nativainfo.com\/?p=274"]}]},{"@type":"ImageObject","inLanguage":"es-AR","@id":"https:\/\/nativainfo.com\/?p=274#primaryimage","url":"https:\/\/nativainfo.com\/wp-content\/uploads\/2020\/07\/ferrarr.jpg","contentUrl":"https:\/\/nativainfo.com\/wp-content\/uploads\/2020\/07\/ferrarr.jpg","width":1033,"height":688},{"@type":"BreadcrumbList","@id":"https:\/\/nativainfo.com\/?p=274#breadcrumb","itemListElement":[{"@type":"ListItem","position":1,"name":"Inicio","item":"https:\/\/nativainfo.com\/"},{"@type":"ListItem","position":2,"name":"F\u00f3rmula 1. Ferrari sufre y Sebastian Vettel registra una de sus peores clasificaciones en el Gran Premio de Austria"}]},{"@type":"WebSite","@id":"https:\/\/nativainfo.com\/#website","url":"https:\/\/nativainfo.com\/","name":"Nativa Info","description":"Diario Digital","publisher":{"@id":"https:\/\/nativainfo.com\/#organization"},"potentialAction":[{"@type":"SearchAction","target":{"@type":"EntryPoint","urlTemplate":"https:\/\/nativainfo.com\/?s={search_term_string}"},"query-input":{"@type":"PropertyValueSpecification","valueRequired":true,"valueName":"search_term_string"}}],"inLanguage":"es-AR"},{"@type":"Organization","@id":"https:\/\/nativainfo.com\/#organization","name":"Nativa Info","url":"https:\/\/nativainfo.com\/","logo":{"@type":"ImageObject","inLanguage":"es-AR","@id":"https:\/\/nativainfo.com\/#\/schema\/logo\/image\/","url":"https:\/\/nativainfo.com\/wp-content\/uploads\/2025\/08\/LOGO-NATIVA-FACE.jpg","contentUrl":"https:\/\/nativainfo.com\/wp-content\/uploads\/2025\/08\/LOGO-NATIVA-FACE.jpg","width":400,"height":400,"caption":"Nativa Info"},"image":{"@id":"https:\/\/nativainfo.com\/#\/schema\/logo\/image\/"},"sameAs":["https:\/\/www.facebook.com\/profile.php?id=61578881597564"]},{"@type":"Person","@id":"https:\/\/nativainfo.com\/#\/schema\/person\/290e0ad5981c54e50e456539865cc684","name":"Santiago Yocca","image":{"@type":"ImageObject","inLanguage":"es-AR","@id":"https:\/\/nativainfo.com\/#\/schema\/person\/image\/","url":"https:\/\/secure.gravatar.com\/avatar\/1094c9085fc74f328d93973860ca15199d7aa8dc3413fab05072a0d192bc70ec?s=96&d=mm&r=g","contentUrl":"https:\/\/secure.gravatar.com\/avatar\/1094c9085fc74f328d93973860ca15199d7aa8dc3413fab05072a0d192bc70ec?s=96&d=mm&r=g","caption":"Santiago Yocca"},"url":"https:\/\/nativainfo.com\/?author=3"}]}},"jetpack_publicize_connections":[],"_links":{"self":[{"href":"https:\/\/nativainfo.com\/index.php?rest_route=\/wp\/v2\/posts\/274","targetHints":{"allow":["GET"]}}],"collection":[{"href":"https:\/\/nativainfo.com\/index.php?rest_route=\/wp\/v2\/posts"}],"about":[{"href":"https:\/\/nativainfo.com\/index.php?rest_route=\/wp\/v2\/types\/post"}],"author":[{"embeddable":true,"href":"https:\/\/nativainfo.com\/index.php?rest_route=\/wp\/v2\/users\/3"}],"replies":[{"embeddable":true,"href":"https:\/\/nativainfo.com\/index.php?rest_route=%2Fwp%2Fv2%2Fcomments&post=274"}],"version-history":[{"count":2,"href":"https:\/\/nativainfo.com\/index.php?rest_route=\/wp\/v2\/posts\/274\/revisions"}],"predecessor-version":[{"id":278,"href":"https:\/\/nativainfo.com\/index.php?rest_route=\/wp\/v2\/posts\/274\/revisions\/278"}],"wp:attachment":[{"href":"https:\/\/nativainfo.com\/index.php?rest_route=%2Fwp%2Fv2%2Fmedia&parent=274"}],"wp:term":[{"taxonomy":"category","embeddable":true,"href":"https:\/\/nativainfo.com\/index.php?rest_route=%2Fwp%2Fv2%2Fcategories&post=274"},{"taxonomy":"post_tag","embeddable":true,"href":"https:\/\/nativainfo.com\/index.php?rest_route=%2Fwp%2Fv2%2Ftags&post=274"}],"curies":[{"name":"wp","href":"https:\/\/api.w.org\/{rel}","templated":true}]}}