{"id":2736,"date":"2022-01-30T03:30:22","date_gmt":"2022-01-30T06:30:22","guid":{"rendered":"http:\/\/nativainfo.com\/?p=2736"},"modified":"2022-01-30T03:30:23","modified_gmt":"2022-01-30T06:30:23","slug":"tom-brady-se-retiraria-tras-22-temporadas-en-la-nfl-el-adios-a-una-leyenda-del-deporte-mundial","status":"publish","type":"post","link":"https:\/\/nativainfo.com\/?p=2736","title":{"rendered":"Tom Brady se retirar\u00eda tras 22 temporadas en la NFL: el adi\u00f3s a una leyenda del deporte mundial"},"content":{"rendered":"\n<p>Sin una confirmaci\u00f3n oficial de parte del jugador, los medios especializados de Estados Unidos dan por hecha la noticia<\/p>\n\n\n\n<figure class=\"wp-block-image size-large\"><img fetchpriority=\"high\" decoding=\"async\" width=\"879\" height=\"586\" src=\"http:\/\/nativainfo.com\/wp-content\/uploads\/2022\/01\/imagen_2022-01-30_032948.png\" alt=\"\" class=\"wp-image-2738\" srcset=\"https:\/\/nativainfo.com\/wp-content\/uploads\/2022\/01\/imagen_2022-01-30_032948.png 879w, https:\/\/nativainfo.com\/wp-content\/uploads\/2022\/01\/imagen_2022-01-30_032948-300x200.png 300w, https:\/\/nativainfo.com\/wp-content\/uploads\/2022\/01\/imagen_2022-01-30_032948-768x512.png 768w, https:\/\/nativainfo.com\/wp-content\/uploads\/2022\/01\/imagen_2022-01-30_032948-525x350.png 525w, https:\/\/nativainfo.com\/wp-content\/uploads\/2022\/01\/imagen_2022-01-30_032948-150x100.png 150w\" sizes=\"(max-width: 879px) 100vw, 879px\" \/><\/figure>\n\n\n\n<p><strong>Tom Brady<\/strong>, considerado\u00a0el mejor jugador de la historia\u00a0de la\u00a0<strong>NFL<\/strong>, se retirar\u00e1 despu\u00e9s de 22 exitosas temporadas en las que conquist\u00f3 un r\u00e9cord de siete t\u00edtulos de Super Bowl, reportaron este s\u00e1bado medios estadounidenses. El actual mariscal de campo de los Tampa Bay Buccanneers, de 44 a\u00f1os, dej\u00f3 en el aire su futuro despu\u00e9s de la eliminaci\u00f3n el domingo de sus\u00a0<strong>Tampa Bay Buccaneer<\/strong>s ante Los Angeles Rams en la ronda divisional de la liga de football americano (NFL).<\/p>\n\n\n\n<p>Seg\u00fan avanzaron ESPN y NFL Network,&nbsp;<strong>el californiano ha decidido dar por terminada su carrera.<\/strong>&nbsp;Poco despu\u00e9s de este reporte, ESPN difundi\u00f3 un comunicado de Don Yee, agente de Brady, en el que se\u00f1ala que el jugador \u201cser\u00e1 la \u00fanica persona en expresar sus planes con completa exactitud\u201d. \u201d\u00c9l conoce las realidades del negocio del f\u00fatbol americano y el calendario de planificaci\u00f3n como cualquiera, as\u00ed que esto ser\u00e1 pronto\u201d, avanzo el texto.<\/p>\n","protected":false},"excerpt":{"rendered":"<p>Sin una confirmaci\u00f3n oficial de parte del jugador, los medios especializados de Estados Unidos dan por hecha la noticia Tom&#8230; <a class=\"continue-reading-link\" href=\"https:\/\/nativainfo.com\/?p=2736\">Continue reading<\/a><\/p>\n","protected":false},"author":1,"featured_media":0,"comment_status":"open","ping_status":"open","sticky":false,"template":"","format":"standard","meta":{"rop_custom_images_group":[],"rop_custom_messages_group":[],"rop_publish_now":"initial","rop_publish_now_accounts":[],"rop_publish_now_history":[],"rop_publish_now_status":"pending","footnotes":"","jetpack_publicize_message":"","jetpack_publicize_feature_enabled":true,"jetpack_social_post_already_shared":false,"jetpack_social_options":{"image_generator_settings":{"template":"highway","default_image_id":0,"font":"","enabled":false},"version":2}},"categories":[59],"tags":[],"class_list":["post-2736","post","type-post","status-publish","format-standard","hentry","category-nfl"],"yoast_head":"<!-- This site is optimized with the Yoast SEO plugin v25.6 - https:\/\/yoast.com\/wordpress\/plugins\/seo\/ -->\n<title>Tom Brady se retirar\u00eda tras 22 temporadas en la NFL: el adi\u00f3s a una leyenda del deporte mundial - Nativa Info<\/title>\n<meta name=\"robots\" content=\"index, follow, max-snippet:-1, max-image-preview:large, max-video-preview:-1\" \/>\n<link rel=\"canonical\" href=\"https:\/\/nativainfo.com\/?p=2736\" \/>\n<meta property=\"og:locale\" content=\"es_ES\" \/>\n<meta property=\"og:type\" content=\"article\" \/>\n<meta property=\"og:title\" content=\"Tom Brady se retirar\u00eda tras 22 temporadas en la NFL: el adi\u00f3s a una leyenda del deporte mundial - Nativa Info\" \/>\n<meta property=\"og:description\" content=\"Sin una confirmaci\u00f3n oficial de parte del jugador, los medios especializados de Estados Unidos dan por hecha la noticia Tom... Continue reading\" \/>\n<meta property=\"og:url\" content=\"https:\/\/nativainfo.com\/?p=2736\" \/>\n<meta property=\"og:site_name\" content=\"Nativa Info\" \/>\n<meta property=\"article:publisher\" content=\"https:\/\/www.facebook.com\/profile.php?id=61578881597564\" \/>\n<meta property=\"article:published_time\" content=\"2022-01-30T06:30:22+00:00\" \/>\n<meta property=\"article:modified_time\" content=\"2022-01-30T06:30:23+00:00\" \/>\n<meta property=\"og:image\" content=\"http:\/\/nativainfo.com\/wp-content\/uploads\/2022\/01\/imagen_2022-01-30_032948.png\" \/>\n<meta name=\"author\" content=\"Nativa Info\" \/>\n<meta name=\"twitter:card\" content=\"summary_large_image\" \/>\n<meta name=\"twitter:label1\" content=\"Escrito por\" \/>\n\t<meta name=\"twitter:data1\" content=\"Nativa Info\" \/>\n\t<meta name=\"twitter:label2\" content=\"Tiempo de lectura\" \/>\n\t<meta name=\"twitter:data2\" content=\"1 minuto\" \/>\n<script type=\"application\/ld+json\" class=\"yoast-schema-graph\">{\"@context\":\"https:\/\/schema.org\",\"@graph\":[{\"@type\":\"Article\",\"@id\":\"https:\/\/nativainfo.com\/?p=2736#article\",\"isPartOf\":{\"@id\":\"https:\/\/nativainfo.com\/?p=2736\"},\"author\":{\"name\":\"Nativa Info\",\"@id\":\"https:\/\/nativainfo.com\/#\/schema\/person\/24893b64a9cd564ddb5d102d36eb4b5c\"},\"headline\":\"Tom Brady se retirar\u00eda tras 22 temporadas en la NFL: el adi\u00f3s a una leyenda del deporte mundial\",\"datePublished\":\"2022-01-30T06:30:22+00:00\",\"dateModified\":\"2022-01-30T06:30:23+00:00\",\"mainEntityOfPage\":{\"@id\":\"https:\/\/nativainfo.com\/?p=2736\"},\"wordCount\":204,\"commentCount\":0,\"publisher\":{\"@id\":\"https:\/\/nativainfo.com\/#organization\"},\"image\":{\"@id\":\"https:\/\/nativainfo.com\/?p=2736#primaryimage\"},\"thumbnailUrl\":\"http:\/\/nativainfo.com\/wp-content\/uploads\/2022\/01\/imagen_2022-01-30_032948.png\",\"articleSection\":[\"NFL\"],\"inLanguage\":\"es-AR\",\"potentialAction\":[{\"@type\":\"CommentAction\",\"name\":\"Comment\",\"target\":[\"https:\/\/nativainfo.com\/?p=2736#respond\"]}]},{\"@type\":\"WebPage\",\"@id\":\"https:\/\/nativainfo.com\/?p=2736\",\"url\":\"https:\/\/nativainfo.com\/?p=2736\",\"name\":\"Tom Brady se retirar\u00eda tras 22 temporadas en la NFL: el adi\u00f3s a una leyenda del deporte mundial - Nativa Info\",\"isPartOf\":{\"@id\":\"https:\/\/nativainfo.com\/#website\"},\"primaryImageOfPage\":{\"@id\":\"https:\/\/nativainfo.com\/?p=2736#primaryimage\"},\"image\":{\"@id\":\"https:\/\/nativainfo.com\/?p=2736#primaryimage\"},\"thumbnailUrl\":\"http:\/\/nativainfo.com\/wp-content\/uploads\/2022\/01\/imagen_2022-01-30_032948.png\",\"datePublished\":\"2022-01-30T06:30:22+00:00\",\"dateModified\":\"2022-01-30T06:30:23+00:00\",\"breadcrumb\":{\"@id\":\"https:\/\/nativainfo.com\/?p=2736#breadcrumb\"},\"inLanguage\":\"es-AR\",\"potentialAction\":[{\"@type\":\"ReadAction\",\"target\":[\"https:\/\/nativainfo.com\/?p=2736\"]}]},{\"@type\":\"ImageObject\",\"inLanguage\":\"es-AR\",\"@id\":\"https:\/\/nativainfo.com\/?p=2736#primaryimage\",\"url\":\"https:\/\/nativainfo.com\/wp-content\/uploads\/2022\/01\/imagen_2022-01-30_032948.png\",\"contentUrl\":\"https:\/\/nativainfo.com\/wp-content\/uploads\/2022\/01\/imagen_2022-01-30_032948.png\",\"width\":879,\"height\":586},{\"@type\":\"BreadcrumbList\",\"@id\":\"https:\/\/nativainfo.com\/?p=2736#breadcrumb\",\"itemListElement\":[{\"@type\":\"ListItem\",\"position\":1,\"name\":\"Inicio\",\"item\":\"https:\/\/nativainfo.com\/\"},{\"@type\":\"ListItem\",\"position\":2,\"name\":\"Tom Brady se retirar\u00eda tras 22 temporadas en la NFL: el adi\u00f3s a una leyenda del deporte mundial\"}]},{\"@type\":\"WebSite\",\"@id\":\"https:\/\/nativainfo.com\/#website\",\"url\":\"https:\/\/nativainfo.com\/\",\"name\":\"Nativa Info\",\"description\":\"Diario Digital\",\"publisher\":{\"@id\":\"https:\/\/nativainfo.com\/#organization\"},\"potentialAction\":[{\"@type\":\"SearchAction\",\"target\":{\"@type\":\"EntryPoint\",\"urlTemplate\":\"https:\/\/nativainfo.com\/?s={search_term_string}\"},\"query-input\":{\"@type\":\"PropertyValueSpecification\",\"valueRequired\":true,\"valueName\":\"search_term_string\"}}],\"inLanguage\":\"es-AR\"},{\"@type\":\"Organization\",\"@id\":\"https:\/\/nativainfo.com\/#organization\",\"name\":\"Nativa Info\",\"url\":\"https:\/\/nativainfo.com\/\",\"logo\":{\"@type\":\"ImageObject\",\"inLanguage\":\"es-AR\",\"@id\":\"https:\/\/nativainfo.com\/#\/schema\/logo\/image\/\",\"url\":\"https:\/\/nativainfo.com\/wp-content\/uploads\/2025\/08\/LOGO-NATIVA-FACE.jpg\",\"contentUrl\":\"https:\/\/nativainfo.com\/wp-content\/uploads\/2025\/08\/LOGO-NATIVA-FACE.jpg\",\"width\":400,\"height\":400,\"caption\":\"Nativa Info\"},\"image\":{\"@id\":\"https:\/\/nativainfo.com\/#\/schema\/logo\/image\/\"},\"sameAs\":[\"https:\/\/www.facebook.com\/profile.php?id=61578881597564\"]},{\"@type\":\"Person\",\"@id\":\"https:\/\/nativainfo.com\/#\/schema\/person\/24893b64a9cd564ddb5d102d36eb4b5c\",\"name\":\"Nativa Info\",\"image\":{\"@type\":\"ImageObject\",\"inLanguage\":\"es-AR\",\"@id\":\"https:\/\/nativainfo.com\/#\/schema\/person\/image\/\",\"url\":\"https:\/\/secure.gravatar.com\/avatar\/016fa1cf068d85136d938e1507b9b619cb766e2565cbb1faa1e571762460c785?s=96&d=mm&r=g\",\"contentUrl\":\"https:\/\/secure.gravatar.com\/avatar\/016fa1cf068d85136d938e1507b9b619cb766e2565cbb1faa1e571762460c785?s=96&d=mm&r=g\",\"caption\":\"Nativa Info\"},\"sameAs\":[\"http:\/\/nativainfo.com\"],\"url\":\"https:\/\/nativainfo.com\/?author=1\"}]}<\/script>\n<!-- \/ Yoast SEO plugin. -->","yoast_head_json":{"title":"Tom Brady se retirar\u00eda tras 22 temporadas en la NFL: el adi\u00f3s a una leyenda del deporte mundial - Nativa Info","robots":{"index":"index","follow":"follow","max-snippet":"max-snippet:-1","max-image-preview":"max-image-preview:large","max-video-preview":"max-video-preview:-1"},"canonical":"https:\/\/nativainfo.com\/?p=2736","og_locale":"es_ES","og_type":"article","og_title":"Tom Brady se retirar\u00eda tras 22 temporadas en la NFL: el adi\u00f3s a una leyenda del deporte mundial - Nativa Info","og_description":"Sin una confirmaci\u00f3n oficial de parte del jugador, los medios especializados de Estados Unidos dan por hecha la noticia Tom... Continue reading","og_url":"https:\/\/nativainfo.com\/?p=2736","og_site_name":"Nativa Info","article_publisher":"https:\/\/www.facebook.com\/profile.php?id=61578881597564","article_published_time":"2022-01-30T06:30:22+00:00","article_modified_time":"2022-01-30T06:30:23+00:00","og_image":[{"url":"http:\/\/nativainfo.com\/wp-content\/uploads\/2022\/01\/imagen_2022-01-30_032948.png","type":"","width":"","height":""}],"author":"Nativa Info","twitter_card":"summary_large_image","twitter_misc":{"Escrito por":"Nativa Info","Tiempo de lectura":"1 minuto"},"schema":{"@context":"https:\/\/schema.org","@graph":[{"@type":"Article","@id":"https:\/\/nativainfo.com\/?p=2736#article","isPartOf":{"@id":"https:\/\/nativainfo.com\/?p=2736"},"author":{"name":"Nativa Info","@id":"https:\/\/nativainfo.com\/#\/schema\/person\/24893b64a9cd564ddb5d102d36eb4b5c"},"headline":"Tom Brady se retirar\u00eda tras 22 temporadas en la NFL: el adi\u00f3s a una leyenda del deporte mundial","datePublished":"2022-01-30T06:30:22+00:00","dateModified":"2022-01-30T06:30:23+00:00","mainEntityOfPage":{"@id":"https:\/\/nativainfo.com\/?p=2736"},"wordCount":204,"commentCount":0,"publisher":{"@id":"https:\/\/nativainfo.com\/#organization"},"image":{"@id":"https:\/\/nativainfo.com\/?p=2736#primaryimage"},"thumbnailUrl":"http:\/\/nativainfo.com\/wp-content\/uploads\/2022\/01\/imagen_2022-01-30_032948.png","articleSection":["NFL"],"inLanguage":"es-AR","potentialAction":[{"@type":"CommentAction","name":"Comment","target":["https:\/\/nativainfo.com\/?p=2736#respond"]}]},{"@type":"WebPage","@id":"https:\/\/nativainfo.com\/?p=2736","url":"https:\/\/nativainfo.com\/?p=2736","name":"Tom Brady se retirar\u00eda tras 22 temporadas en la NFL: el adi\u00f3s a una leyenda del deporte mundial - Nativa Info","isPartOf":{"@id":"https:\/\/nativainfo.com\/#website"},"primaryImageOfPage":{"@id":"https:\/\/nativainfo.com\/?p=2736#primaryimage"},"image":{"@id":"https:\/\/nativainfo.com\/?p=2736#primaryimage"},"thumbnailUrl":"http:\/\/nativainfo.com\/wp-content\/uploads\/2022\/01\/imagen_2022-01-30_032948.png","datePublished":"2022-01-30T06:30:22+00:00","dateModified":"2022-01-30T06:30:23+00:00","breadcrumb":{"@id":"https:\/\/nativainfo.com\/?p=2736#breadcrumb"},"inLanguage":"es-AR","potentialAction":[{"@type":"ReadAction","target":["https:\/\/nativainfo.com\/?p=2736"]}]},{"@type":"ImageObject","inLanguage":"es-AR","@id":"https:\/\/nativainfo.com\/?p=2736#primaryimage","url":"https:\/\/nativainfo.com\/wp-content\/uploads\/2022\/01\/imagen_2022-01-30_032948.png","contentUrl":"https:\/\/nativainfo.com\/wp-content\/uploads\/2022\/01\/imagen_2022-01-30_032948.png","width":879,"height":586},{"@type":"BreadcrumbList","@id":"https:\/\/nativainfo.com\/?p=2736#breadcrumb","itemListElement":[{"@type":"ListItem","position":1,"name":"Inicio","item":"https:\/\/nativainfo.com\/"},{"@type":"ListItem","position":2,"name":"Tom Brady se retirar\u00eda tras 22 temporadas en la NFL: el adi\u00f3s a una leyenda del deporte mundial"}]},{"@type":"WebSite","@id":"https:\/\/nativainfo.com\/#website","url":"https:\/\/nativainfo.com\/","name":"Nativa Info","description":"Diario Digital","publisher":{"@id":"https:\/\/nativainfo.com\/#organization"},"potentialAction":[{"@type":"SearchAction","target":{"@type":"EntryPoint","urlTemplate":"https:\/\/nativainfo.com\/?s={search_term_string}"},"query-input":{"@type":"PropertyValueSpecification","valueRequired":true,"valueName":"search_term_string"}}],"inLanguage":"es-AR"},{"@type":"Organization","@id":"https:\/\/nativainfo.com\/#organization","name":"Nativa Info","url":"https:\/\/nativainfo.com\/","logo":{"@type":"ImageObject","inLanguage":"es-AR","@id":"https:\/\/nativainfo.com\/#\/schema\/logo\/image\/","url":"https:\/\/nativainfo.com\/wp-content\/uploads\/2025\/08\/LOGO-NATIVA-FACE.jpg","contentUrl":"https:\/\/nativainfo.com\/wp-content\/uploads\/2025\/08\/LOGO-NATIVA-FACE.jpg","width":400,"height":400,"caption":"Nativa Info"},"image":{"@id":"https:\/\/nativainfo.com\/#\/schema\/logo\/image\/"},"sameAs":["https:\/\/www.facebook.com\/profile.php?id=61578881597564"]},{"@type":"Person","@id":"https:\/\/nativainfo.com\/#\/schema\/person\/24893b64a9cd564ddb5d102d36eb4b5c","name":"Nativa Info","image":{"@type":"ImageObject","inLanguage":"es-AR","@id":"https:\/\/nativainfo.com\/#\/schema\/person\/image\/","url":"https:\/\/secure.gravatar.com\/avatar\/016fa1cf068d85136d938e1507b9b619cb766e2565cbb1faa1e571762460c785?s=96&d=mm&r=g","contentUrl":"https:\/\/secure.gravatar.com\/avatar\/016fa1cf068d85136d938e1507b9b619cb766e2565cbb1faa1e571762460c785?s=96&d=mm&r=g","caption":"Nativa Info"},"sameAs":["http:\/\/nativainfo.com"],"url":"https:\/\/nativainfo.com\/?author=1"}]}},"jetpack_publicize_connections":[],"_links":{"self":[{"href":"https:\/\/nativainfo.com\/index.php?rest_route=\/wp\/v2\/posts\/2736","targetHints":{"allow":["GET"]}}],"collection":[{"href":"https:\/\/nativainfo.com\/index.php?rest_route=\/wp\/v2\/posts"}],"about":[{"href":"https:\/\/nativainfo.com\/index.php?rest_route=\/wp\/v2\/types\/post"}],"author":[{"embeddable":true,"href":"https:\/\/nativainfo.com\/index.php?rest_route=\/wp\/v2\/users\/1"}],"replies":[{"embeddable":true,"href":"https:\/\/nativainfo.com\/index.php?rest_route=%2Fwp%2Fv2%2Fcomments&post=2736"}],"version-history":[{"count":1,"href":"https:\/\/nativainfo.com\/index.php?rest_route=\/wp\/v2\/posts\/2736\/revisions"}],"predecessor-version":[{"id":2740,"href":"https:\/\/nativainfo.com\/index.php?rest_route=\/wp\/v2\/posts\/2736\/revisions\/2740"}],"wp:attachment":[{"href":"https:\/\/nativainfo.com\/index.php?rest_route=%2Fwp%2Fv2%2Fmedia&parent=2736"}],"wp:term":[{"taxonomy":"category","embeddable":true,"href":"https:\/\/nativainfo.com\/index.php?rest_route=%2Fwp%2Fv2%2Fcategories&post=2736"},{"taxonomy":"post_tag","embeddable":true,"href":"https:\/\/nativainfo.com\/index.php?rest_route=%2Fwp%2Fv2%2Ftags&post=2736"}],"curies":[{"name":"wp","href":"https:\/\/api.w.org\/{rel}","templated":true}]}}