{"id":2724,"date":"2022-01-26T01:16:12","date_gmt":"2022-01-26T04:16:12","guid":{"rendered":"http:\/\/nativainfo.com\/?p=2724"},"modified":"2022-01-26T01:16:16","modified_gmt":"2022-01-26T04:16:16","slug":"netflix-estrena-munich-en-visperas-de-una-guerra","status":"publish","type":"post","link":"https:\/\/nativainfo.com\/?p=2724","title":{"rendered":"Netflix estrena &#8220;M\u00fanich en v\u00edsperas de una guerra&#8221;"},"content":{"rendered":"\n<figure class=\"wp-block-image size-large is-resized\"><img fetchpriority=\"high\" decoding=\"async\" src=\"http:\/\/nativainfo.com\/wp-content\/uploads\/2022\/01\/imagen_2022-01-26_011553.png\" alt=\"\" class=\"wp-image-2727\" width=\"717\" height=\"403\" srcset=\"https:\/\/nativainfo.com\/wp-content\/uploads\/2022\/01\/imagen_2022-01-26_011553.png 700w, https:\/\/nativainfo.com\/wp-content\/uploads\/2022\/01\/imagen_2022-01-26_011553-300x169.png 300w, https:\/\/nativainfo.com\/wp-content\/uploads\/2022\/01\/imagen_2022-01-26_011553-622x350.png 622w, https:\/\/nativainfo.com\/wp-content\/uploads\/2022\/01\/imagen_2022-01-26_011553-150x84.png 150w\" sizes=\"(max-width: 717px) 100vw, 717px\" \/><figcaption>Esperando la paz gracias al Acuerdo de M\u00fanich: Jeremy Irons como el primer ministro brit\u00e1nico Neville Chamberlain.<\/figcaption><\/figure>\n\n\n\n<p>\u00bfSe podr\u00eda haber detenido a Hitler en 1938? Una producci\u00f3n de Netflix protagonizada por Jeremy Irons, como el ex primer ministro brit\u00e1nico Neville Chamberlain, explora esa inc\u00f3gnita.<\/p>\n\n\n\n<p>Como la historia demostr\u00f3 m\u00e1s tarde, fue uno de los peores actos de apaciguamiento: el Acuerdo de M\u00fanich de 1938, firmado por los respectivos jefes de gobierno del Reino Unido, Alemania, Francia e Italia&nbsp;(Neville Chamberlain, Adolf Hitler, Edouard Daladier y Benito Mussolini).<\/p>\n\n\n\n<p>Ese primer intento de detener la devastadora pol\u00edtica expansionista de Hitler es el tema central de la nueva pel\u00edcula de Netflix &#8220;M\u00fanich en v\u00edsperas de una guerra&#8221;.&nbsp;<\/p>\n\n\n\n<p>Aunque los espectadores del thriller ya saben que los intentos de Chamberlain por evitar una guerra con la Alemania nazi ser\u00e1n infructuosos, la pel\u00edcula sigue siendo cautivadora gracias a unos di\u00e1logos inteligentes, una escenograf\u00eda detallada y una actuaci\u00f3n sobresaliente. Sobre todo, reflexiona sobre el poder de cualquier individuo en medio de un contexto pol\u00edtico visiblemente demencial; las acciones de los protagonistas hacen que nos preguntemos hasta d\u00f3nde llegar\u00edamos cada uno de nosotros en tales circunstancias.<\/p>\n","protected":false},"excerpt":{"rendered":"<p>\u00bfSe podr\u00eda haber detenido a Hitler en 1938? Una producci\u00f3n de Netflix protagonizada por Jeremy Irons, como el ex primer&#8230; <a class=\"continue-reading-link\" href=\"https:\/\/nativainfo.com\/?p=2724\">Continue reading<\/a><\/p>\n","protected":false},"author":1,"featured_media":0,"comment_status":"open","ping_status":"open","sticky":false,"template":"","format":"standard","meta":{"rop_custom_images_group":[],"rop_custom_messages_group":[],"rop_publish_now":"initial","rop_publish_now_accounts":[],"rop_publish_now_history":[],"rop_publish_now_status":"pending","footnotes":"","jetpack_publicize_message":"","jetpack_publicize_feature_enabled":true,"jetpack_social_post_already_shared":false,"jetpack_social_options":{"image_generator_settings":{"template":"highway","default_image_id":0,"font":"","enabled":false},"version":2}},"categories":[18,49],"tags":[],"class_list":["post-2724","post","type-post","status-publish","format-standard","hentry","category-cine","category-netflix"],"yoast_head":"<!-- This site is optimized with the Yoast SEO plugin v25.6 - https:\/\/yoast.com\/wordpress\/plugins\/seo\/ -->\n<title>Netflix estrena &quot;M\u00fanich en v\u00edsperas de una guerra&quot; - Nativa Info<\/title>\n<meta name=\"robots\" content=\"index, follow, max-snippet:-1, max-image-preview:large, max-video-preview:-1\" \/>\n<link rel=\"canonical\" href=\"https:\/\/nativainfo.com\/?p=2724\" \/>\n<meta property=\"og:locale\" content=\"es_ES\" \/>\n<meta property=\"og:type\" content=\"article\" \/>\n<meta property=\"og:title\" content=\"Netflix estrena &quot;M\u00fanich en v\u00edsperas de una guerra&quot; - Nativa Info\" \/>\n<meta property=\"og:description\" content=\"\u00bfSe podr\u00eda haber detenido a Hitler en 1938? Una producci\u00f3n de Netflix protagonizada por Jeremy Irons, como el ex primer... Continue reading\" \/>\n<meta property=\"og:url\" content=\"https:\/\/nativainfo.com\/?p=2724\" \/>\n<meta property=\"og:site_name\" content=\"Nativa Info\" \/>\n<meta property=\"article:publisher\" content=\"https:\/\/www.facebook.com\/profile.php?id=61578881597564\" \/>\n<meta property=\"article:published_time\" content=\"2022-01-26T04:16:12+00:00\" \/>\n<meta property=\"article:modified_time\" content=\"2022-01-26T04:16:16+00:00\" \/>\n<meta property=\"og:image\" content=\"http:\/\/nativainfo.com\/wp-content\/uploads\/2022\/01\/imagen_2022-01-26_011553.png\" \/>\n<meta name=\"author\" content=\"Nativa Info\" \/>\n<meta name=\"twitter:card\" content=\"summary_large_image\" \/>\n<meta name=\"twitter:label1\" content=\"Escrito por\" \/>\n\t<meta name=\"twitter:data1\" content=\"Nativa Info\" \/>\n\t<meta name=\"twitter:label2\" content=\"Tiempo de lectura\" \/>\n\t<meta name=\"twitter:data2\" content=\"1 minuto\" \/>\n<script type=\"application\/ld+json\" class=\"yoast-schema-graph\">{\"@context\":\"https:\/\/schema.org\",\"@graph\":[{\"@type\":\"Article\",\"@id\":\"https:\/\/nativainfo.com\/?p=2724#article\",\"isPartOf\":{\"@id\":\"https:\/\/nativainfo.com\/?p=2724\"},\"author\":{\"name\":\"Nativa Info\",\"@id\":\"https:\/\/nativainfo.com\/#\/schema\/person\/24893b64a9cd564ddb5d102d36eb4b5c\"},\"headline\":\"Netflix estrena &#8220;M\u00fanich en v\u00edsperas de una guerra&#8221;\",\"datePublished\":\"2022-01-26T04:16:12+00:00\",\"dateModified\":\"2022-01-26T04:16:16+00:00\",\"mainEntityOfPage\":{\"@id\":\"https:\/\/nativainfo.com\/?p=2724\"},\"wordCount\":219,\"commentCount\":0,\"publisher\":{\"@id\":\"https:\/\/nativainfo.com\/#organization\"},\"image\":{\"@id\":\"https:\/\/nativainfo.com\/?p=2724#primaryimage\"},\"thumbnailUrl\":\"http:\/\/nativainfo.com\/wp-content\/uploads\/2022\/01\/imagen_2022-01-26_011553.png\",\"articleSection\":[\"Cine\",\"Netflix\"],\"inLanguage\":\"es-AR\",\"potentialAction\":[{\"@type\":\"CommentAction\",\"name\":\"Comment\",\"target\":[\"https:\/\/nativainfo.com\/?p=2724#respond\"]}]},{\"@type\":\"WebPage\",\"@id\":\"https:\/\/nativainfo.com\/?p=2724\",\"url\":\"https:\/\/nativainfo.com\/?p=2724\",\"name\":\"Netflix estrena \\\"M\u00fanich en v\u00edsperas de una guerra\\\" - Nativa Info\",\"isPartOf\":{\"@id\":\"https:\/\/nativainfo.com\/#website\"},\"primaryImageOfPage\":{\"@id\":\"https:\/\/nativainfo.com\/?p=2724#primaryimage\"},\"image\":{\"@id\":\"https:\/\/nativainfo.com\/?p=2724#primaryimage\"},\"thumbnailUrl\":\"http:\/\/nativainfo.com\/wp-content\/uploads\/2022\/01\/imagen_2022-01-26_011553.png\",\"datePublished\":\"2022-01-26T04:16:12+00:00\",\"dateModified\":\"2022-01-26T04:16:16+00:00\",\"breadcrumb\":{\"@id\":\"https:\/\/nativainfo.com\/?p=2724#breadcrumb\"},\"inLanguage\":\"es-AR\",\"potentialAction\":[{\"@type\":\"ReadAction\",\"target\":[\"https:\/\/nativainfo.com\/?p=2724\"]}]},{\"@type\":\"ImageObject\",\"inLanguage\":\"es-AR\",\"@id\":\"https:\/\/nativainfo.com\/?p=2724#primaryimage\",\"url\":\"https:\/\/nativainfo.com\/wp-content\/uploads\/2022\/01\/imagen_2022-01-26_011553.png\",\"contentUrl\":\"https:\/\/nativainfo.com\/wp-content\/uploads\/2022\/01\/imagen_2022-01-26_011553.png\",\"width\":700,\"height\":394},{\"@type\":\"BreadcrumbList\",\"@id\":\"https:\/\/nativainfo.com\/?p=2724#breadcrumb\",\"itemListElement\":[{\"@type\":\"ListItem\",\"position\":1,\"name\":\"Inicio\",\"item\":\"https:\/\/nativainfo.com\/\"},{\"@type\":\"ListItem\",\"position\":2,\"name\":\"Netflix estrena &#8220;M\u00fanich en v\u00edsperas de una guerra&#8221;\"}]},{\"@type\":\"WebSite\",\"@id\":\"https:\/\/nativainfo.com\/#website\",\"url\":\"https:\/\/nativainfo.com\/\",\"name\":\"Nativa Info\",\"description\":\"Diario Digital\",\"publisher\":{\"@id\":\"https:\/\/nativainfo.com\/#organization\"},\"potentialAction\":[{\"@type\":\"SearchAction\",\"target\":{\"@type\":\"EntryPoint\",\"urlTemplate\":\"https:\/\/nativainfo.com\/?s={search_term_string}\"},\"query-input\":{\"@type\":\"PropertyValueSpecification\",\"valueRequired\":true,\"valueName\":\"search_term_string\"}}],\"inLanguage\":\"es-AR\"},{\"@type\":\"Organization\",\"@id\":\"https:\/\/nativainfo.com\/#organization\",\"name\":\"Nativa Info\",\"url\":\"https:\/\/nativainfo.com\/\",\"logo\":{\"@type\":\"ImageObject\",\"inLanguage\":\"es-AR\",\"@id\":\"https:\/\/nativainfo.com\/#\/schema\/logo\/image\/\",\"url\":\"https:\/\/nativainfo.com\/wp-content\/uploads\/2025\/08\/LOGO-NATIVA-FACE.jpg\",\"contentUrl\":\"https:\/\/nativainfo.com\/wp-content\/uploads\/2025\/08\/LOGO-NATIVA-FACE.jpg\",\"width\":400,\"height\":400,\"caption\":\"Nativa Info\"},\"image\":{\"@id\":\"https:\/\/nativainfo.com\/#\/schema\/logo\/image\/\"},\"sameAs\":[\"https:\/\/www.facebook.com\/profile.php?id=61578881597564\"]},{\"@type\":\"Person\",\"@id\":\"https:\/\/nativainfo.com\/#\/schema\/person\/24893b64a9cd564ddb5d102d36eb4b5c\",\"name\":\"Nativa Info\",\"image\":{\"@type\":\"ImageObject\",\"inLanguage\":\"es-AR\",\"@id\":\"https:\/\/nativainfo.com\/#\/schema\/person\/image\/\",\"url\":\"https:\/\/secure.gravatar.com\/avatar\/016fa1cf068d85136d938e1507b9b619cb766e2565cbb1faa1e571762460c785?s=96&d=mm&r=g\",\"contentUrl\":\"https:\/\/secure.gravatar.com\/avatar\/016fa1cf068d85136d938e1507b9b619cb766e2565cbb1faa1e571762460c785?s=96&d=mm&r=g\",\"caption\":\"Nativa Info\"},\"sameAs\":[\"http:\/\/nativainfo.com\"],\"url\":\"https:\/\/nativainfo.com\/?author=1\"}]}<\/script>\n<!-- \/ Yoast SEO plugin. -->","yoast_head_json":{"title":"Netflix estrena \"M\u00fanich en v\u00edsperas de una guerra\" - Nativa Info","robots":{"index":"index","follow":"follow","max-snippet":"max-snippet:-1","max-image-preview":"max-image-preview:large","max-video-preview":"max-video-preview:-1"},"canonical":"https:\/\/nativainfo.com\/?p=2724","og_locale":"es_ES","og_type":"article","og_title":"Netflix estrena \"M\u00fanich en v\u00edsperas de una guerra\" - Nativa Info","og_description":"\u00bfSe podr\u00eda haber detenido a Hitler en 1938? Una producci\u00f3n de Netflix protagonizada por Jeremy Irons, como el ex primer... Continue reading","og_url":"https:\/\/nativainfo.com\/?p=2724","og_site_name":"Nativa Info","article_publisher":"https:\/\/www.facebook.com\/profile.php?id=61578881597564","article_published_time":"2022-01-26T04:16:12+00:00","article_modified_time":"2022-01-26T04:16:16+00:00","og_image":[{"url":"http:\/\/nativainfo.com\/wp-content\/uploads\/2022\/01\/imagen_2022-01-26_011553.png","type":"","width":"","height":""}],"author":"Nativa Info","twitter_card":"summary_large_image","twitter_misc":{"Escrito por":"Nativa Info","Tiempo de lectura":"1 minuto"},"schema":{"@context":"https:\/\/schema.org","@graph":[{"@type":"Article","@id":"https:\/\/nativainfo.com\/?p=2724#article","isPartOf":{"@id":"https:\/\/nativainfo.com\/?p=2724"},"author":{"name":"Nativa Info","@id":"https:\/\/nativainfo.com\/#\/schema\/person\/24893b64a9cd564ddb5d102d36eb4b5c"},"headline":"Netflix estrena &#8220;M\u00fanich en v\u00edsperas de una guerra&#8221;","datePublished":"2022-01-26T04:16:12+00:00","dateModified":"2022-01-26T04:16:16+00:00","mainEntityOfPage":{"@id":"https:\/\/nativainfo.com\/?p=2724"},"wordCount":219,"commentCount":0,"publisher":{"@id":"https:\/\/nativainfo.com\/#organization"},"image":{"@id":"https:\/\/nativainfo.com\/?p=2724#primaryimage"},"thumbnailUrl":"http:\/\/nativainfo.com\/wp-content\/uploads\/2022\/01\/imagen_2022-01-26_011553.png","articleSection":["Cine","Netflix"],"inLanguage":"es-AR","potentialAction":[{"@type":"CommentAction","name":"Comment","target":["https:\/\/nativainfo.com\/?p=2724#respond"]}]},{"@type":"WebPage","@id":"https:\/\/nativainfo.com\/?p=2724","url":"https:\/\/nativainfo.com\/?p=2724","name":"Netflix estrena \"M\u00fanich en v\u00edsperas de una guerra\" - Nativa Info","isPartOf":{"@id":"https:\/\/nativainfo.com\/#website"},"primaryImageOfPage":{"@id":"https:\/\/nativainfo.com\/?p=2724#primaryimage"},"image":{"@id":"https:\/\/nativainfo.com\/?p=2724#primaryimage"},"thumbnailUrl":"http:\/\/nativainfo.com\/wp-content\/uploads\/2022\/01\/imagen_2022-01-26_011553.png","datePublished":"2022-01-26T04:16:12+00:00","dateModified":"2022-01-26T04:16:16+00:00","breadcrumb":{"@id":"https:\/\/nativainfo.com\/?p=2724#breadcrumb"},"inLanguage":"es-AR","potentialAction":[{"@type":"ReadAction","target":["https:\/\/nativainfo.com\/?p=2724"]}]},{"@type":"ImageObject","inLanguage":"es-AR","@id":"https:\/\/nativainfo.com\/?p=2724#primaryimage","url":"https:\/\/nativainfo.com\/wp-content\/uploads\/2022\/01\/imagen_2022-01-26_011553.png","contentUrl":"https:\/\/nativainfo.com\/wp-content\/uploads\/2022\/01\/imagen_2022-01-26_011553.png","width":700,"height":394},{"@type":"BreadcrumbList","@id":"https:\/\/nativainfo.com\/?p=2724#breadcrumb","itemListElement":[{"@type":"ListItem","position":1,"name":"Inicio","item":"https:\/\/nativainfo.com\/"},{"@type":"ListItem","position":2,"name":"Netflix estrena &#8220;M\u00fanich en v\u00edsperas de una guerra&#8221;"}]},{"@type":"WebSite","@id":"https:\/\/nativainfo.com\/#website","url":"https:\/\/nativainfo.com\/","name":"Nativa Info","description":"Diario Digital","publisher":{"@id":"https:\/\/nativainfo.com\/#organization"},"potentialAction":[{"@type":"SearchAction","target":{"@type":"EntryPoint","urlTemplate":"https:\/\/nativainfo.com\/?s={search_term_string}"},"query-input":{"@type":"PropertyValueSpecification","valueRequired":true,"valueName":"search_term_string"}}],"inLanguage":"es-AR"},{"@type":"Organization","@id":"https:\/\/nativainfo.com\/#organization","name":"Nativa Info","url":"https:\/\/nativainfo.com\/","logo":{"@type":"ImageObject","inLanguage":"es-AR","@id":"https:\/\/nativainfo.com\/#\/schema\/logo\/image\/","url":"https:\/\/nativainfo.com\/wp-content\/uploads\/2025\/08\/LOGO-NATIVA-FACE.jpg","contentUrl":"https:\/\/nativainfo.com\/wp-content\/uploads\/2025\/08\/LOGO-NATIVA-FACE.jpg","width":400,"height":400,"caption":"Nativa Info"},"image":{"@id":"https:\/\/nativainfo.com\/#\/schema\/logo\/image\/"},"sameAs":["https:\/\/www.facebook.com\/profile.php?id=61578881597564"]},{"@type":"Person","@id":"https:\/\/nativainfo.com\/#\/schema\/person\/24893b64a9cd564ddb5d102d36eb4b5c","name":"Nativa Info","image":{"@type":"ImageObject","inLanguage":"es-AR","@id":"https:\/\/nativainfo.com\/#\/schema\/person\/image\/","url":"https:\/\/secure.gravatar.com\/avatar\/016fa1cf068d85136d938e1507b9b619cb766e2565cbb1faa1e571762460c785?s=96&d=mm&r=g","contentUrl":"https:\/\/secure.gravatar.com\/avatar\/016fa1cf068d85136d938e1507b9b619cb766e2565cbb1faa1e571762460c785?s=96&d=mm&r=g","caption":"Nativa Info"},"sameAs":["http:\/\/nativainfo.com"],"url":"https:\/\/nativainfo.com\/?author=1"}]}},"jetpack_publicize_connections":[],"_links":{"self":[{"href":"https:\/\/nativainfo.com\/index.php?rest_route=\/wp\/v2\/posts\/2724","targetHints":{"allow":["GET"]}}],"collection":[{"href":"https:\/\/nativainfo.com\/index.php?rest_route=\/wp\/v2\/posts"}],"about":[{"href":"https:\/\/nativainfo.com\/index.php?rest_route=\/wp\/v2\/types\/post"}],"author":[{"embeddable":true,"href":"https:\/\/nativainfo.com\/index.php?rest_route=\/wp\/v2\/users\/1"}],"replies":[{"embeddable":true,"href":"https:\/\/nativainfo.com\/index.php?rest_route=%2Fwp%2Fv2%2Fcomments&post=2724"}],"version-history":[{"count":1,"href":"https:\/\/nativainfo.com\/index.php?rest_route=\/wp\/v2\/posts\/2724\/revisions"}],"predecessor-version":[{"id":2728,"href":"https:\/\/nativainfo.com\/index.php?rest_route=\/wp\/v2\/posts\/2724\/revisions\/2728"}],"wp:attachment":[{"href":"https:\/\/nativainfo.com\/index.php?rest_route=%2Fwp%2Fv2%2Fmedia&parent=2724"}],"wp:term":[{"taxonomy":"category","embeddable":true,"href":"https:\/\/nativainfo.com\/index.php?rest_route=%2Fwp%2Fv2%2Fcategories&post=2724"},{"taxonomy":"post_tag","embeddable":true,"href":"https:\/\/nativainfo.com\/index.php?rest_route=%2Fwp%2Fv2%2Ftags&post=2724"}],"curies":[{"name":"wp","href":"https:\/\/api.w.org\/{rel}","templated":true}]}}