{"id":2695,"date":"2022-01-19T01:27:37","date_gmt":"2022-01-19T04:27:37","guid":{"rendered":"http:\/\/nativainfo.com\/?p=2695"},"modified":"2022-01-19T01:27:40","modified_gmt":"2022-01-19T04:27:40","slug":"central-cordoba-guemes-y-mitre-ya-tienen-amistosos-confirmados","status":"publish","type":"post","link":"https:\/\/nativainfo.com\/?p=2695","title":{"rendered":"Central C\u00f3rdoba, G\u00fcemes y Mitre ya tienen amistosos confirmados"},"content":{"rendered":"\n<figure class=\"wp-block-image size-large\"><img fetchpriority=\"high\" decoding=\"async\" width=\"1024\" height=\"663\" src=\"http:\/\/nativainfo.com\/wp-content\/uploads\/2022\/01\/imagen_2022-01-19_012616-1024x663.png\" alt=\"\" class=\"wp-image-2697\" srcset=\"https:\/\/nativainfo.com\/wp-content\/uploads\/2022\/01\/imagen_2022-01-19_012616-1024x663.png 1024w, https:\/\/nativainfo.com\/wp-content\/uploads\/2022\/01\/imagen_2022-01-19_012616-300x194.png 300w, https:\/\/nativainfo.com\/wp-content\/uploads\/2022\/01\/imagen_2022-01-19_012616-768x497.png 768w, https:\/\/nativainfo.com\/wp-content\/uploads\/2022\/01\/imagen_2022-01-19_012616-540x350.png 540w, https:\/\/nativainfo.com\/wp-content\/uploads\/2022\/01\/imagen_2022-01-19_012616-150x97.png 150w, https:\/\/nativainfo.com\/wp-content\/uploads\/2022\/01\/imagen_2022-01-19_012616.png 1280w\" sizes=\"(max-width: 1024px) 100vw, 1024px\" \/><\/figure>\n\n\n\n<p>En medio del trabajo de pretemporada, los tres representantes de Santiago del Estero en las dos categor\u00edas m\u00e1s importantes del f\u00fatbol argentino, comienzan a diagramar los partidos amistosos.<\/p>\n\n\n\n<p>Es as\u00ed que entre esta semana y la pr\u00f3xima,&nbsp;<strong>Central C\u00f3rdoba<\/strong>, G\u00fcemes y Mitre saldr\u00e1n a la cancha para sumar minutos de rodaje de cara a los arranques de la&nbsp;<strong>Liga Profesional<\/strong>&nbsp;y la&nbsp;<strong>Primera Nacional<\/strong>.<\/p>\n\n\n\n<p><strong>Central C\u00f3rdoba<\/strong>&nbsp;y&nbsp;<strong>G\u00fcemes&nbsp;<\/strong>se ver\u00e1n las caras el pr\u00f3ximo mi\u00e9rcoles 26 de enero en el&nbsp;<strong>estadio Alfredo Terrera<\/strong>; el primero de los encuentros para ambos conjuntos.<\/p>\n\n\n\n<p>En tanto, el Gaucho tambi\u00e9n ya tiene confirmado el duelo ante&nbsp;<strong>San Mart\u00edn de Tucum\u00e1n<\/strong>&nbsp;el pr\u00f3ximo s\u00e1bado 29 en el estadio Arturo &#8220;Jiya&#8221; Miranda.<\/p>\n\n\n\n<p>Por su parte, el plantel de&nbsp;<strong>Mitre&nbsp;<\/strong>viajar\u00e1 a&nbsp;<strong>C\u00f3rdoba&nbsp;<\/strong>en donde sumar\u00e1 minutos contra los equipos de aquella ciudad. Este viernes 21 se enfrentar\u00e1 con&nbsp;<strong>Instituto<\/strong>, luego el martes 25 con&nbsp;<strong>Racing<\/strong>, mientras que el viernes 28 ante&nbsp;<strong>Belgrano<\/strong>.<\/p>\n","protected":false},"excerpt":{"rendered":"<p>En medio del trabajo de pretemporada, los tres representantes de Santiago del Estero en las dos categor\u00edas m\u00e1s importantes del&#8230; <a class=\"continue-reading-link\" href=\"https:\/\/nativainfo.com\/?p=2695\">Continue reading<\/a><\/p>\n","protected":false},"author":1,"featured_media":0,"comment_status":"open","ping_status":"open","sticky":false,"template":"","format":"standard","meta":{"rop_custom_images_group":[],"rop_custom_messages_group":[],"rop_publish_now":"initial","rop_publish_now_accounts":[],"rop_publish_now_history":[],"rop_publish_now_status":"pending","footnotes":"","jetpack_publicize_message":"","jetpack_publicize_feature_enabled":true,"jetpack_social_post_already_shared":false,"jetpack_social_options":{"image_generator_settings":{"template":"highway","default_image_id":0,"font":"","enabled":false},"version":2}},"categories":[41],"tags":[],"class_list":["post-2695","post","type-post","status-publish","format-standard","hentry","category-futbol"],"yoast_head":"<!-- This site is optimized with the Yoast SEO plugin v25.6 - https:\/\/yoast.com\/wordpress\/plugins\/seo\/ -->\n<title>Central C\u00f3rdoba, G\u00fcemes y Mitre ya tienen amistosos confirmados - Nativa Info<\/title>\n<meta name=\"robots\" content=\"index, follow, max-snippet:-1, max-image-preview:large, max-video-preview:-1\" \/>\n<link rel=\"canonical\" href=\"https:\/\/nativainfo.com\/?p=2695\" \/>\n<meta property=\"og:locale\" content=\"es_ES\" \/>\n<meta property=\"og:type\" content=\"article\" \/>\n<meta property=\"og:title\" content=\"Central C\u00f3rdoba, G\u00fcemes y Mitre ya tienen amistosos confirmados - Nativa Info\" \/>\n<meta property=\"og:description\" content=\"En medio del trabajo de pretemporada, los tres representantes de Santiago del Estero en las dos categor\u00edas m\u00e1s importantes del... Continue reading\" \/>\n<meta property=\"og:url\" content=\"https:\/\/nativainfo.com\/?p=2695\" \/>\n<meta property=\"og:site_name\" content=\"Nativa Info\" \/>\n<meta property=\"article:publisher\" content=\"https:\/\/www.facebook.com\/profile.php?id=61578881597564\" \/>\n<meta property=\"article:published_time\" content=\"2022-01-19T04:27:37+00:00\" \/>\n<meta property=\"article:modified_time\" content=\"2022-01-19T04:27:40+00:00\" \/>\n<meta property=\"og:image\" content=\"http:\/\/nativainfo.com\/wp-content\/uploads\/2022\/01\/imagen_2022-01-19_012616-1024x663.png\" \/>\n<meta name=\"author\" content=\"Nativa Info\" \/>\n<meta name=\"twitter:card\" content=\"summary_large_image\" \/>\n<meta name=\"twitter:label1\" content=\"Escrito por\" \/>\n\t<meta name=\"twitter:data1\" content=\"Nativa Info\" \/>\n\t<meta name=\"twitter:label2\" content=\"Tiempo de lectura\" \/>\n\t<meta name=\"twitter:data2\" content=\"1 minuto\" \/>\n<script type=\"application\/ld+json\" class=\"yoast-schema-graph\">{\"@context\":\"https:\/\/schema.org\",\"@graph\":[{\"@type\":\"Article\",\"@id\":\"https:\/\/nativainfo.com\/?p=2695#article\",\"isPartOf\":{\"@id\":\"https:\/\/nativainfo.com\/?p=2695\"},\"author\":{\"name\":\"Nativa Info\",\"@id\":\"https:\/\/nativainfo.com\/#\/schema\/person\/24893b64a9cd564ddb5d102d36eb4b5c\"},\"headline\":\"Central C\u00f3rdoba, G\u00fcemes y Mitre ya tienen amistosos confirmados\",\"datePublished\":\"2022-01-19T04:27:37+00:00\",\"dateModified\":\"2022-01-19T04:27:40+00:00\",\"mainEntityOfPage\":{\"@id\":\"https:\/\/nativainfo.com\/?p=2695\"},\"wordCount\":197,\"commentCount\":0,\"publisher\":{\"@id\":\"https:\/\/nativainfo.com\/#organization\"},\"image\":{\"@id\":\"https:\/\/nativainfo.com\/?p=2695#primaryimage\"},\"thumbnailUrl\":\"http:\/\/nativainfo.com\/wp-content\/uploads\/2022\/01\/imagen_2022-01-19_012616-1024x663.png\",\"articleSection\":[\"F\u00fatbol\"],\"inLanguage\":\"es-AR\",\"potentialAction\":[{\"@type\":\"CommentAction\",\"name\":\"Comment\",\"target\":[\"https:\/\/nativainfo.com\/?p=2695#respond\"]}]},{\"@type\":\"WebPage\",\"@id\":\"https:\/\/nativainfo.com\/?p=2695\",\"url\":\"https:\/\/nativainfo.com\/?p=2695\",\"name\":\"Central C\u00f3rdoba, G\u00fcemes y Mitre ya tienen amistosos confirmados - Nativa Info\",\"isPartOf\":{\"@id\":\"https:\/\/nativainfo.com\/#website\"},\"primaryImageOfPage\":{\"@id\":\"https:\/\/nativainfo.com\/?p=2695#primaryimage\"},\"image\":{\"@id\":\"https:\/\/nativainfo.com\/?p=2695#primaryimage\"},\"thumbnailUrl\":\"http:\/\/nativainfo.com\/wp-content\/uploads\/2022\/01\/imagen_2022-01-19_012616-1024x663.png\",\"datePublished\":\"2022-01-19T04:27:37+00:00\",\"dateModified\":\"2022-01-19T04:27:40+00:00\",\"breadcrumb\":{\"@id\":\"https:\/\/nativainfo.com\/?p=2695#breadcrumb\"},\"inLanguage\":\"es-AR\",\"potentialAction\":[{\"@type\":\"ReadAction\",\"target\":[\"https:\/\/nativainfo.com\/?p=2695\"]}]},{\"@type\":\"ImageObject\",\"inLanguage\":\"es-AR\",\"@id\":\"https:\/\/nativainfo.com\/?p=2695#primaryimage\",\"url\":\"https:\/\/nativainfo.com\/wp-content\/uploads\/2022\/01\/imagen_2022-01-19_012616.png\",\"contentUrl\":\"https:\/\/nativainfo.com\/wp-content\/uploads\/2022\/01\/imagen_2022-01-19_012616.png\",\"width\":1280,\"height\":829},{\"@type\":\"BreadcrumbList\",\"@id\":\"https:\/\/nativainfo.com\/?p=2695#breadcrumb\",\"itemListElement\":[{\"@type\":\"ListItem\",\"position\":1,\"name\":\"Inicio\",\"item\":\"https:\/\/nativainfo.com\/\"},{\"@type\":\"ListItem\",\"position\":2,\"name\":\"Central C\u00f3rdoba, G\u00fcemes y Mitre ya tienen amistosos confirmados\"}]},{\"@type\":\"WebSite\",\"@id\":\"https:\/\/nativainfo.com\/#website\",\"url\":\"https:\/\/nativainfo.com\/\",\"name\":\"Nativa Info\",\"description\":\"Diario Digital\",\"publisher\":{\"@id\":\"https:\/\/nativainfo.com\/#organization\"},\"potentialAction\":[{\"@type\":\"SearchAction\",\"target\":{\"@type\":\"EntryPoint\",\"urlTemplate\":\"https:\/\/nativainfo.com\/?s={search_term_string}\"},\"query-input\":{\"@type\":\"PropertyValueSpecification\",\"valueRequired\":true,\"valueName\":\"search_term_string\"}}],\"inLanguage\":\"es-AR\"},{\"@type\":\"Organization\",\"@id\":\"https:\/\/nativainfo.com\/#organization\",\"name\":\"Nativa Info\",\"url\":\"https:\/\/nativainfo.com\/\",\"logo\":{\"@type\":\"ImageObject\",\"inLanguage\":\"es-AR\",\"@id\":\"https:\/\/nativainfo.com\/#\/schema\/logo\/image\/\",\"url\":\"https:\/\/nativainfo.com\/wp-content\/uploads\/2025\/08\/LOGO-NATIVA-FACE.jpg\",\"contentUrl\":\"https:\/\/nativainfo.com\/wp-content\/uploads\/2025\/08\/LOGO-NATIVA-FACE.jpg\",\"width\":400,\"height\":400,\"caption\":\"Nativa Info\"},\"image\":{\"@id\":\"https:\/\/nativainfo.com\/#\/schema\/logo\/image\/\"},\"sameAs\":[\"https:\/\/www.facebook.com\/profile.php?id=61578881597564\"]},{\"@type\":\"Person\",\"@id\":\"https:\/\/nativainfo.com\/#\/schema\/person\/24893b64a9cd564ddb5d102d36eb4b5c\",\"name\":\"Nativa Info\",\"image\":{\"@type\":\"ImageObject\",\"inLanguage\":\"es-AR\",\"@id\":\"https:\/\/nativainfo.com\/#\/schema\/person\/image\/\",\"url\":\"https:\/\/secure.gravatar.com\/avatar\/016fa1cf068d85136d938e1507b9b619cb766e2565cbb1faa1e571762460c785?s=96&d=mm&r=g\",\"contentUrl\":\"https:\/\/secure.gravatar.com\/avatar\/016fa1cf068d85136d938e1507b9b619cb766e2565cbb1faa1e571762460c785?s=96&d=mm&r=g\",\"caption\":\"Nativa Info\"},\"sameAs\":[\"http:\/\/nativainfo.com\"],\"url\":\"https:\/\/nativainfo.com\/?author=1\"}]}<\/script>\n<!-- \/ Yoast SEO plugin. -->","yoast_head_json":{"title":"Central C\u00f3rdoba, G\u00fcemes y Mitre ya tienen amistosos confirmados - Nativa Info","robots":{"index":"index","follow":"follow","max-snippet":"max-snippet:-1","max-image-preview":"max-image-preview:large","max-video-preview":"max-video-preview:-1"},"canonical":"https:\/\/nativainfo.com\/?p=2695","og_locale":"es_ES","og_type":"article","og_title":"Central C\u00f3rdoba, G\u00fcemes y Mitre ya tienen amistosos confirmados - Nativa Info","og_description":"En medio del trabajo de pretemporada, los tres representantes de Santiago del Estero en las dos categor\u00edas m\u00e1s importantes del... Continue reading","og_url":"https:\/\/nativainfo.com\/?p=2695","og_site_name":"Nativa Info","article_publisher":"https:\/\/www.facebook.com\/profile.php?id=61578881597564","article_published_time":"2022-01-19T04:27:37+00:00","article_modified_time":"2022-01-19T04:27:40+00:00","og_image":[{"url":"http:\/\/nativainfo.com\/wp-content\/uploads\/2022\/01\/imagen_2022-01-19_012616-1024x663.png","type":"","width":"","height":""}],"author":"Nativa Info","twitter_card":"summary_large_image","twitter_misc":{"Escrito por":"Nativa Info","Tiempo de lectura":"1 minuto"},"schema":{"@context":"https:\/\/schema.org","@graph":[{"@type":"Article","@id":"https:\/\/nativainfo.com\/?p=2695#article","isPartOf":{"@id":"https:\/\/nativainfo.com\/?p=2695"},"author":{"name":"Nativa Info","@id":"https:\/\/nativainfo.com\/#\/schema\/person\/24893b64a9cd564ddb5d102d36eb4b5c"},"headline":"Central C\u00f3rdoba, G\u00fcemes y Mitre ya tienen amistosos confirmados","datePublished":"2022-01-19T04:27:37+00:00","dateModified":"2022-01-19T04:27:40+00:00","mainEntityOfPage":{"@id":"https:\/\/nativainfo.com\/?p=2695"},"wordCount":197,"commentCount":0,"publisher":{"@id":"https:\/\/nativainfo.com\/#organization"},"image":{"@id":"https:\/\/nativainfo.com\/?p=2695#primaryimage"},"thumbnailUrl":"http:\/\/nativainfo.com\/wp-content\/uploads\/2022\/01\/imagen_2022-01-19_012616-1024x663.png","articleSection":["F\u00fatbol"],"inLanguage":"es-AR","potentialAction":[{"@type":"CommentAction","name":"Comment","target":["https:\/\/nativainfo.com\/?p=2695#respond"]}]},{"@type":"WebPage","@id":"https:\/\/nativainfo.com\/?p=2695","url":"https:\/\/nativainfo.com\/?p=2695","name":"Central C\u00f3rdoba, G\u00fcemes y Mitre ya tienen amistosos confirmados - Nativa Info","isPartOf":{"@id":"https:\/\/nativainfo.com\/#website"},"primaryImageOfPage":{"@id":"https:\/\/nativainfo.com\/?p=2695#primaryimage"},"image":{"@id":"https:\/\/nativainfo.com\/?p=2695#primaryimage"},"thumbnailUrl":"http:\/\/nativainfo.com\/wp-content\/uploads\/2022\/01\/imagen_2022-01-19_012616-1024x663.png","datePublished":"2022-01-19T04:27:37+00:00","dateModified":"2022-01-19T04:27:40+00:00","breadcrumb":{"@id":"https:\/\/nativainfo.com\/?p=2695#breadcrumb"},"inLanguage":"es-AR","potentialAction":[{"@type":"ReadAction","target":["https:\/\/nativainfo.com\/?p=2695"]}]},{"@type":"ImageObject","inLanguage":"es-AR","@id":"https:\/\/nativainfo.com\/?p=2695#primaryimage","url":"https:\/\/nativainfo.com\/wp-content\/uploads\/2022\/01\/imagen_2022-01-19_012616.png","contentUrl":"https:\/\/nativainfo.com\/wp-content\/uploads\/2022\/01\/imagen_2022-01-19_012616.png","width":1280,"height":829},{"@type":"BreadcrumbList","@id":"https:\/\/nativainfo.com\/?p=2695#breadcrumb","itemListElement":[{"@type":"ListItem","position":1,"name":"Inicio","item":"https:\/\/nativainfo.com\/"},{"@type":"ListItem","position":2,"name":"Central C\u00f3rdoba, G\u00fcemes y Mitre ya tienen amistosos confirmados"}]},{"@type":"WebSite","@id":"https:\/\/nativainfo.com\/#website","url":"https:\/\/nativainfo.com\/","name":"Nativa Info","description":"Diario Digital","publisher":{"@id":"https:\/\/nativainfo.com\/#organization"},"potentialAction":[{"@type":"SearchAction","target":{"@type":"EntryPoint","urlTemplate":"https:\/\/nativainfo.com\/?s={search_term_string}"},"query-input":{"@type":"PropertyValueSpecification","valueRequired":true,"valueName":"search_term_string"}}],"inLanguage":"es-AR"},{"@type":"Organization","@id":"https:\/\/nativainfo.com\/#organization","name":"Nativa Info","url":"https:\/\/nativainfo.com\/","logo":{"@type":"ImageObject","inLanguage":"es-AR","@id":"https:\/\/nativainfo.com\/#\/schema\/logo\/image\/","url":"https:\/\/nativainfo.com\/wp-content\/uploads\/2025\/08\/LOGO-NATIVA-FACE.jpg","contentUrl":"https:\/\/nativainfo.com\/wp-content\/uploads\/2025\/08\/LOGO-NATIVA-FACE.jpg","width":400,"height":400,"caption":"Nativa Info"},"image":{"@id":"https:\/\/nativainfo.com\/#\/schema\/logo\/image\/"},"sameAs":["https:\/\/www.facebook.com\/profile.php?id=61578881597564"]},{"@type":"Person","@id":"https:\/\/nativainfo.com\/#\/schema\/person\/24893b64a9cd564ddb5d102d36eb4b5c","name":"Nativa Info","image":{"@type":"ImageObject","inLanguage":"es-AR","@id":"https:\/\/nativainfo.com\/#\/schema\/person\/image\/","url":"https:\/\/secure.gravatar.com\/avatar\/016fa1cf068d85136d938e1507b9b619cb766e2565cbb1faa1e571762460c785?s=96&d=mm&r=g","contentUrl":"https:\/\/secure.gravatar.com\/avatar\/016fa1cf068d85136d938e1507b9b619cb766e2565cbb1faa1e571762460c785?s=96&d=mm&r=g","caption":"Nativa Info"},"sameAs":["http:\/\/nativainfo.com"],"url":"https:\/\/nativainfo.com\/?author=1"}]}},"jetpack_publicize_connections":[],"_links":{"self":[{"href":"https:\/\/nativainfo.com\/index.php?rest_route=\/wp\/v2\/posts\/2695","targetHints":{"allow":["GET"]}}],"collection":[{"href":"https:\/\/nativainfo.com\/index.php?rest_route=\/wp\/v2\/posts"}],"about":[{"href":"https:\/\/nativainfo.com\/index.php?rest_route=\/wp\/v2\/types\/post"}],"author":[{"embeddable":true,"href":"https:\/\/nativainfo.com\/index.php?rest_route=\/wp\/v2\/users\/1"}],"replies":[{"embeddable":true,"href":"https:\/\/nativainfo.com\/index.php?rest_route=%2Fwp%2Fv2%2Fcomments&post=2695"}],"version-history":[{"count":1,"href":"https:\/\/nativainfo.com\/index.php?rest_route=\/wp\/v2\/posts\/2695\/revisions"}],"predecessor-version":[{"id":2700,"href":"https:\/\/nativainfo.com\/index.php?rest_route=\/wp\/v2\/posts\/2695\/revisions\/2700"}],"wp:attachment":[{"href":"https:\/\/nativainfo.com\/index.php?rest_route=%2Fwp%2Fv2%2Fmedia&parent=2695"}],"wp:term":[{"taxonomy":"category","embeddable":true,"href":"https:\/\/nativainfo.com\/index.php?rest_route=%2Fwp%2Fv2%2Fcategories&post=2695"},{"taxonomy":"post_tag","embeddable":true,"href":"https:\/\/nativainfo.com\/index.php?rest_route=%2Fwp%2Fv2%2Ftags&post=2695"}],"curies":[{"name":"wp","href":"https:\/\/api.w.org\/{rel}","templated":true}]}}